{"id":997,"date":"2020-12-08T05:46:00","date_gmt":"2020-12-08T04:46:00","guid":{"rendered":"https:\/\/www.cabinet-magar.fr\/coronavirus-covid-19-les-assureurs-sengagent-de-nouveau-en-faveur-des-entreprises-les-plus-touchees-par-la-crise\/"},"modified":"2021-04-28T03:00:11","modified_gmt":"2021-04-28T01:00:11","slug":"coronavirus-covid-19-les-assureurs-sengagent-de-nouveau-en-faveur-des-entreprises-les-plus-touchees-par-la-crise","status":"publish","type":"post","link":"https:\/\/www.cabinet-magar.fr\/de\/actualites\/coronavirus-covid-19-les-assureurs-sengagent-de-nouveau-en-faveur-des-entreprises-les-plus-touchees-par-la-crise\/","title":{"rendered":"Coronavirus (COVID-19) : les assureurs s\u2019engagent (de nouveau) en faveur des entreprises les plus touch\u00e9es par la crise"},"content":{"rendered":"<p >Certains secteurs (tels que l\u2019h\u00f4tellerie, les caf\u00e9s, la restauration, le tourisme, etc.) sont particuli\u00e8rement touch\u00e9s par la crise. Pour les soutenir, les assureurs viennent de renforcer leurs engagements \u00e0 leur \u00e9gard : \u00e0 quel(s) niveau(x) ?<\/p>\n<div>\n<h2>Coronavirus (COVID-19) : accompagner la relance<\/h2>\n<p>Pour soutenir les secteurs de l\u2019h\u00f4tellerie, des caf\u00e9s, de la restauration, du tourisme, de la culture, du sport et de l\u2019\u00e9v\u00e8nementiel particuli\u00e8rement affect\u00e9s par la crise sanitaire, le Gouvernement vient d\u2019inviter les assureurs \u00e0 :<\/p>\n<ul>\n<li>ne pas augmenter les cotisations des contrats d\u2019assurance multirisque professionnelle en 2021 ;<\/li>\n<li>conserver, pendant le 1er trimestre 2021, ces contrats en garantie pour les entreprises qui conna\u00eetraient des retards de paiement des cotisations dans le contexte la crise sanitaire ;<\/li>\n<li>mettre en place gratuitement une couverture d\u2019assistance en cas d\u2019hospitalisation li\u00e9e au coronavirus pour les chefs d\u2019entreprise et leurs salari\u00e9s dans le cadre de ces contrats pour l\u2019ann\u00e9e 2021.<\/li>\n<\/ul>\n<p>Le Gouvernement indique qu\u2019il attend \u00e9galement des assureurs :<\/p>\n<ul>\n<li>qu\u2019ils mettent en place le recours \u00e0 la M\u00e9diation de l\u2019assurance pour tous les litiges portant sur un contrat d\u2019assurance professionnelle, notamment en cas de d\u00e9saccord sur l\u2019\u00e9volution des garanties contractuelles, de refus de renouvellement des couvertures ou de r\u00e9siliation de contrat, et ce quelle que soit la date \u00e0 laquelle le contrat a \u00e9t\u00e9 souscrit (hors assurances grands risques) ; \u00e0 noter toutefois que les assureurs pourront d\u00e9cliner l\u2019entr\u00e9e en m\u00e9diation sur les r\u00e9clamations pour lesquelles les tribunaux sont d\u00e9j\u00e0 saisis ;<\/li>\n<li>qu\u2019ils finalisent, d\u2019ici \u00e0 la fin de l\u2019ann\u00e9e 2021, leurs travaux entrepris en vue d\u2019assurer une couverture des risques sanitaires exceptionnels.<\/li>\n<\/ul>\n<p>Dans les prochains jours, les entreprises concern\u00e9es seront inform\u00e9es par courrier des mesures dont elles vont b\u00e9n\u00e9ficier.<\/p>\n<\/div>\n<p>Source : Communiqu\u00e9 de presse du Minist\u00e8re de l\u2019Economie et des Finances du 7 d\u00e9cembre 2020<\/p>\n<p><a href=\"https:\/\/www.weblex.fr\/weblex-actualite\/coronavirus-covid-19-les-assureurs-sengagent-de-nouveau-en-faveur-des-entreprises-les-plus-touchees-par-la-crise\" target=\"_blank\" rel=\"noopener\">Coronavirus (COVID-19) : les assureurs s\u2019engagent (de nouveau) en faveur des entreprises les plus touch\u00e9es par la crise<\/a> \u00a9 Copyright WebLex &#8211; 2020<\/p>\n<p><img src='https:\/\/www.weblex.fr\/images\/flux_actus\/assurance.jpg'><\/p>\n","protected":false},"excerpt":{"rendered":"<p>Certains secteurs (tels que l\u2019h\u00f4tellerie, les caf\u00e9s, la restauration, le tourisme, etc.) sont particuli\u00e8rement touch\u00e9s par la crise. Pour les soutenir, les assureurs viennent de renforcer leurs engagements \u00e0 leur \u00e9gard : \u00e0 quel(s) niveau(x) ?<\/p>\n","protected":false},"author":0,"featured_media":4404,"comment_status":"open","ping_status":"closed","sticky":false,"template":"","format":"standard","meta":{"_acf_changed":false,"footnotes":""},"categories":[9,7],"tags":[],"class_list":["post-997","post","type-post","status-publish","format-standard","has-post-thumbnail","hentry","category-actu-juridique","category-actualites"],"acf":[],"yoast_head":"<!-- This site is optimized with the Yoast SEO plugin v27.2 - https:\/\/yoast.com\/product\/yoast-seo-wordpress\/ -->\n<title>Coronavirus (COVID-19) : les assureurs s\u2019engagent (de nouveau) en faveur des entreprises les plus touch\u00e9es par la crise - Cabinet Magar<\/title>\n<meta name=\"robots\" content=\"index, follow, max-snippet:-1, max-image-preview:large, max-video-preview:-1\" \/>\n<link rel=\"canonical\" href=\"https:\/\/www.cabinet-magar.fr\/actualites\/coronavirus-covid-19-les-assureurs-sengagent-de-nouveau-en-faveur-des-entreprises-les-plus-touchees-par-la-crise\/\" \/>\n<meta property=\"og:locale\" content=\"de_DE\" \/>\n<meta property=\"og:type\" content=\"article\" \/>\n<meta property=\"og:title\" content=\"Coronavirus (COVID-19) : les assureurs s\u2019engagent (de nouveau) en faveur des entreprises les plus touch\u00e9es par la crise - Cabinet Magar\" \/>\n<meta property=\"og:description\" content=\"Certains secteurs (tels que l\u2019h\u00f4tellerie, les caf\u00e9s, la restauration, le tourisme, etc.) sont particuli\u00e8rement touch\u00e9s par la crise. Pour les soutenir, les assureurs viennent de renforcer leurs engagements \u00e0 leur \u00e9gard : \u00e0 quel(s) niveau(x) ?\" \/>\n<meta property=\"og:url\" content=\"https:\/\/www.cabinet-magar.fr\/actualites\/coronavirus-covid-19-les-assureurs-sengagent-de-nouveau-en-faveur-des-entreprises-les-plus-touchees-par-la-crise\/\" \/>\n<meta property=\"og:site_name\" content=\"Cabinet Magar\" \/>\n<meta property=\"article:published_time\" content=\"2020-12-08T04:46:00+00:00\" \/>\n<meta property=\"article:modified_time\" content=\"2021-04-28T01:00:11+00:00\" \/>\n<meta property=\"og:image\" content=\"https:\/\/www.cabinet-magar.fr\/wp-content\/uploads\/2021\/04\/assurance.jpg\" \/>\n\t<meta property=\"og:image:width\" content=\"600\" \/>\n\t<meta property=\"og:image:height\" content=\"400\" \/>\n\t<meta property=\"og:image:type\" content=\"image\/jpeg\" \/>\n<meta name=\"twitter:card\" content=\"summary_large_image\" \/>\n<meta name=\"twitter:label1\" content=\"Gesch\u00e4tzte Lesezeit\" \/>\n\t<meta name=\"twitter:data1\" content=\"2\u00a0Minuten\" \/>\n<script type=\"application\/ld+json\" class=\"yoast-schema-graph\">{\"@context\":\"https:\/\/schema.org\",\"@graph\":[{\"@type\":\"Article\",\"@id\":\"https:\/\/www.cabinet-magar.fr\/actualites\/coronavirus-covid-19-les-assureurs-sengagent-de-nouveau-en-faveur-des-entreprises-les-plus-touchees-par-la-crise\/#article\",\"isPartOf\":{\"@id\":\"https:\/\/www.cabinet-magar.fr\/actualites\/coronavirus-covid-19-les-assureurs-sengagent-de-nouveau-en-faveur-des-entreprises-les-plus-touchees-par-la-crise\/\"},\"author\":{\"name\":\"\",\"@id\":\"\"},\"headline\":\"Coronavirus (COVID-19) : les assureurs s\u2019engagent (de nouveau) en faveur des entreprises les plus touch\u00e9es par la crise\",\"datePublished\":\"2020-12-08T04:46:00+00:00\",\"dateModified\":\"2021-04-28T01:00:11+00:00\",\"mainEntityOfPage\":{\"@id\":\"https:\/\/www.cabinet-magar.fr\/actualites\/coronavirus-covid-19-les-assureurs-sengagent-de-nouveau-en-faveur-des-entreprises-les-plus-touchees-par-la-crise\/\"},\"wordCount\":361,\"commentCount\":0,\"image\":{\"@id\":\"https:\/\/www.cabinet-magar.fr\/actualites\/coronavirus-covid-19-les-assureurs-sengagent-de-nouveau-en-faveur-des-entreprises-les-plus-touchees-par-la-crise\/#primaryimage\"},\"thumbnailUrl\":\"https:\/\/www.cabinet-magar.fr\/wp-content\/uploads\/2021\/04\/assurance.jpg\",\"articleSection\":[\"Actu Juridique\",\"Actualit\u00e9s\"],\"inLanguage\":\"de\",\"potentialAction\":[{\"@type\":\"CommentAction\",\"name\":\"Comment\",\"target\":[\"https:\/\/www.cabinet-magar.fr\/actualites\/coronavirus-covid-19-les-assureurs-sengagent-de-nouveau-en-faveur-des-entreprises-les-plus-touchees-par-la-crise\/#respond\"]}]},{\"@type\":\"WebPage\",\"@id\":\"https:\/\/www.cabinet-magar.fr\/actualites\/coronavirus-covid-19-les-assureurs-sengagent-de-nouveau-en-faveur-des-entreprises-les-plus-touchees-par-la-crise\/\",\"url\":\"https:\/\/www.cabinet-magar.fr\/actualites\/coronavirus-covid-19-les-assureurs-sengagent-de-nouveau-en-faveur-des-entreprises-les-plus-touchees-par-la-crise\/\",\"name\":\"Coronavirus (COVID-19) : les assureurs s\u2019engagent (de nouveau) en faveur des entreprises les plus touch\u00e9es par la crise - Cabinet Magar\",\"isPartOf\":{\"@id\":\"https:\/\/www.cabinet-magar.fr\/#website\"},\"primaryImageOfPage\":{\"@id\":\"https:\/\/www.cabinet-magar.fr\/actualites\/coronavirus-covid-19-les-assureurs-sengagent-de-nouveau-en-faveur-des-entreprises-les-plus-touchees-par-la-crise\/#primaryimage\"},\"image\":{\"@id\":\"https:\/\/www.cabinet-magar.fr\/actualites\/coronavirus-covid-19-les-assureurs-sengagent-de-nouveau-en-faveur-des-entreprises-les-plus-touchees-par-la-crise\/#primaryimage\"},\"thumbnailUrl\":\"https:\/\/www.cabinet-magar.fr\/wp-content\/uploads\/2021\/04\/assurance.jpg\",\"datePublished\":\"2020-12-08T04:46:00+00:00\",\"dateModified\":\"2021-04-28T01:00:11+00:00\",\"author\":{\"@id\":\"\"},\"breadcrumb\":{\"@id\":\"https:\/\/www.cabinet-magar.fr\/actualites\/coronavirus-covid-19-les-assureurs-sengagent-de-nouveau-en-faveur-des-entreprises-les-plus-touchees-par-la-crise\/#breadcrumb\"},\"inLanguage\":\"de\",\"potentialAction\":[{\"@type\":\"ReadAction\",\"target\":[\"https:\/\/www.cabinet-magar.fr\/actualites\/coronavirus-covid-19-les-assureurs-sengagent-de-nouveau-en-faveur-des-entreprises-les-plus-touchees-par-la-crise\/\"]}]},{\"@type\":\"ImageObject\",\"inLanguage\":\"de\",\"@id\":\"https:\/\/www.cabinet-magar.fr\/actualites\/coronavirus-covid-19-les-assureurs-sengagent-de-nouveau-en-faveur-des-entreprises-les-plus-touchees-par-la-crise\/#primaryimage\",\"url\":\"https:\/\/www.cabinet-magar.fr\/wp-content\/uploads\/2021\/04\/assurance.jpg\",\"contentUrl\":\"https:\/\/www.cabinet-magar.fr\/wp-content\/uploads\/2021\/04\/assurance.jpg\",\"width\":600,\"height\":400},{\"@type\":\"BreadcrumbList\",\"@id\":\"https:\/\/www.cabinet-magar.fr\/actualites\/coronavirus-covid-19-les-assureurs-sengagent-de-nouveau-en-faveur-des-entreprises-les-plus-touchees-par-la-crise\/#breadcrumb\",\"itemListElement\":[{\"@type\":\"ListItem\",\"position\":1,\"name\":\"Accueil\",\"item\":\"https:\/\/www.cabinet-magar.fr\/de\/\"},{\"@type\":\"ListItem\",\"position\":2,\"name\":\"Coronavirus (COVID-19) : les assureurs s\u2019engagent (de nouveau) en faveur des entreprises les plus touch\u00e9es par la crise\"}]},{\"@type\":\"WebSite\",\"@id\":\"https:\/\/www.cabinet-magar.fr\/#website\",\"url\":\"https:\/\/www.cabinet-magar.fr\/\",\"name\":\"Cabinet Magar\",\"description\":\"\",\"potentialAction\":[{\"@type\":\"SearchAction\",\"target\":{\"@type\":\"EntryPoint\",\"urlTemplate\":\"https:\/\/www.cabinet-magar.fr\/?s={search_term_string}\"},\"query-input\":{\"@type\":\"PropertyValueSpecification\",\"valueRequired\":true,\"valueName\":\"search_term_string\"}}],\"inLanguage\":\"de\"}]}<\/script>\n<!-- \/ Yoast SEO plugin. -->","yoast_head_json":{"title":"Coronavirus (COVID-19) : les assureurs s\u2019engagent (de nouveau) en faveur des entreprises les plus touch\u00e9es par la crise - Cabinet Magar","robots":{"index":"index","follow":"follow","max-snippet":"max-snippet:-1","max-image-preview":"max-image-preview:large","max-video-preview":"max-video-preview:-1"},"canonical":"https:\/\/www.cabinet-magar.fr\/actualites\/coronavirus-covid-19-les-assureurs-sengagent-de-nouveau-en-faveur-des-entreprises-les-plus-touchees-par-la-crise\/","og_locale":"de_DE","og_type":"article","og_title":"Coronavirus (COVID-19) : les assureurs s\u2019engagent (de nouveau) en faveur des entreprises les plus touch\u00e9es par la crise - Cabinet Magar","og_description":"Certains secteurs (tels que l\u2019h\u00f4tellerie, les caf\u00e9s, la restauration, le tourisme, etc.) sont particuli\u00e8rement touch\u00e9s par la crise. Pour les soutenir, les assureurs viennent de renforcer leurs engagements \u00e0 leur \u00e9gard : \u00e0 quel(s) niveau(x) ?","og_url":"https:\/\/www.cabinet-magar.fr\/actualites\/coronavirus-covid-19-les-assureurs-sengagent-de-nouveau-en-faveur-des-entreprises-les-plus-touchees-par-la-crise\/","og_site_name":"Cabinet Magar","article_published_time":"2020-12-08T04:46:00+00:00","article_modified_time":"2021-04-28T01:00:11+00:00","og_image":[{"width":600,"height":400,"url":"https:\/\/www.cabinet-magar.fr\/wp-content\/uploads\/2021\/04\/assurance.jpg","type":"image\/jpeg"}],"twitter_card":"summary_large_image","twitter_misc":{"Gesch\u00e4tzte Lesezeit":"2\u00a0Minuten"},"schema":{"@context":"https:\/\/schema.org","@graph":[{"@type":"Article","@id":"https:\/\/www.cabinet-magar.fr\/actualites\/coronavirus-covid-19-les-assureurs-sengagent-de-nouveau-en-faveur-des-entreprises-les-plus-touchees-par-la-crise\/#article","isPartOf":{"@id":"https:\/\/www.cabinet-magar.fr\/actualites\/coronavirus-covid-19-les-assureurs-sengagent-de-nouveau-en-faveur-des-entreprises-les-plus-touchees-par-la-crise\/"},"author":{"name":"","@id":""},"headline":"Coronavirus (COVID-19) : les assureurs s\u2019engagent (de nouveau) en faveur des entreprises les plus touch\u00e9es par la crise","datePublished":"2020-12-08T04:46:00+00:00","dateModified":"2021-04-28T01:00:11+00:00","mainEntityOfPage":{"@id":"https:\/\/www.cabinet-magar.fr\/actualites\/coronavirus-covid-19-les-assureurs-sengagent-de-nouveau-en-faveur-des-entreprises-les-plus-touchees-par-la-crise\/"},"wordCount":361,"commentCount":0,"image":{"@id":"https:\/\/www.cabinet-magar.fr\/actualites\/coronavirus-covid-19-les-assureurs-sengagent-de-nouveau-en-faveur-des-entreprises-les-plus-touchees-par-la-crise\/#primaryimage"},"thumbnailUrl":"https:\/\/www.cabinet-magar.fr\/wp-content\/uploads\/2021\/04\/assurance.jpg","articleSection":["Actu Juridique","Actualit\u00e9s"],"inLanguage":"de","potentialAction":[{"@type":"CommentAction","name":"Comment","target":["https:\/\/www.cabinet-magar.fr\/actualites\/coronavirus-covid-19-les-assureurs-sengagent-de-nouveau-en-faveur-des-entreprises-les-plus-touchees-par-la-crise\/#respond"]}]},{"@type":"WebPage","@id":"https:\/\/www.cabinet-magar.fr\/actualites\/coronavirus-covid-19-les-assureurs-sengagent-de-nouveau-en-faveur-des-entreprises-les-plus-touchees-par-la-crise\/","url":"https:\/\/www.cabinet-magar.fr\/actualites\/coronavirus-covid-19-les-assureurs-sengagent-de-nouveau-en-faveur-des-entreprises-les-plus-touchees-par-la-crise\/","name":"Coronavirus (COVID-19) : les assureurs s\u2019engagent (de nouveau) en faveur des entreprises les plus touch\u00e9es par la crise - Cabinet Magar","isPartOf":{"@id":"https:\/\/www.cabinet-magar.fr\/#website"},"primaryImageOfPage":{"@id":"https:\/\/www.cabinet-magar.fr\/actualites\/coronavirus-covid-19-les-assureurs-sengagent-de-nouveau-en-faveur-des-entreprises-les-plus-touchees-par-la-crise\/#primaryimage"},"image":{"@id":"https:\/\/www.cabinet-magar.fr\/actualites\/coronavirus-covid-19-les-assureurs-sengagent-de-nouveau-en-faveur-des-entreprises-les-plus-touchees-par-la-crise\/#primaryimage"},"thumbnailUrl":"https:\/\/www.cabinet-magar.fr\/wp-content\/uploads\/2021\/04\/assurance.jpg","datePublished":"2020-12-08T04:46:00+00:00","dateModified":"2021-04-28T01:00:11+00:00","author":{"@id":""},"breadcrumb":{"@id":"https:\/\/www.cabinet-magar.fr\/actualites\/coronavirus-covid-19-les-assureurs-sengagent-de-nouveau-en-faveur-des-entreprises-les-plus-touchees-par-la-crise\/#breadcrumb"},"inLanguage":"de","potentialAction":[{"@type":"ReadAction","target":["https:\/\/www.cabinet-magar.fr\/actualites\/coronavirus-covid-19-les-assureurs-sengagent-de-nouveau-en-faveur-des-entreprises-les-plus-touchees-par-la-crise\/"]}]},{"@type":"ImageObject","inLanguage":"de","@id":"https:\/\/www.cabinet-magar.fr\/actualites\/coronavirus-covid-19-les-assureurs-sengagent-de-nouveau-en-faveur-des-entreprises-les-plus-touchees-par-la-crise\/#primaryimage","url":"https:\/\/www.cabinet-magar.fr\/wp-content\/uploads\/2021\/04\/assurance.jpg","contentUrl":"https:\/\/www.cabinet-magar.fr\/wp-content\/uploads\/2021\/04\/assurance.jpg","width":600,"height":400},{"@type":"BreadcrumbList","@id":"https:\/\/www.cabinet-magar.fr\/actualites\/coronavirus-covid-19-les-assureurs-sengagent-de-nouveau-en-faveur-des-entreprises-les-plus-touchees-par-la-crise\/#breadcrumb","itemListElement":[{"@type":"ListItem","position":1,"name":"Accueil","item":"https:\/\/www.cabinet-magar.fr\/de\/"},{"@type":"ListItem","position":2,"name":"Coronavirus (COVID-19) : les assureurs s\u2019engagent (de nouveau) en faveur des entreprises les plus touch\u00e9es par la crise"}]},{"@type":"WebSite","@id":"https:\/\/www.cabinet-magar.fr\/#website","url":"https:\/\/www.cabinet-magar.fr\/","name":"Cabinet Magar","description":"","potentialAction":[{"@type":"SearchAction","target":{"@type":"EntryPoint","urlTemplate":"https:\/\/www.cabinet-magar.fr\/?s={search_term_string}"},"query-input":{"@type":"PropertyValueSpecification","valueRequired":true,"valueName":"search_term_string"}}],"inLanguage":"de"}]}},"_links":{"self":[{"href":"https:\/\/www.cabinet-magar.fr\/de\/wp-json\/wp\/v2\/posts\/997","targetHints":{"allow":["GET"]}}],"collection":[{"href":"https:\/\/www.cabinet-magar.fr\/de\/wp-json\/wp\/v2\/posts"}],"about":[{"href":"https:\/\/www.cabinet-magar.fr\/de\/wp-json\/wp\/v2\/types\/post"}],"replies":[{"embeddable":true,"href":"https:\/\/www.cabinet-magar.fr\/de\/wp-json\/wp\/v2\/comments?post=997"}],"version-history":[{"count":1,"href":"https:\/\/www.cabinet-magar.fr\/de\/wp-json\/wp\/v2\/posts\/997\/revisions"}],"predecessor-version":[{"id":4450,"href":"https:\/\/www.cabinet-magar.fr\/de\/wp-json\/wp\/v2\/posts\/997\/revisions\/4450"}],"wp:featuredmedia":[{"embeddable":true,"href":"https:\/\/www.cabinet-magar.fr\/de\/wp-json\/wp\/v2\/media\/4404"}],"wp:attachment":[{"href":"https:\/\/www.cabinet-magar.fr\/de\/wp-json\/wp\/v2\/media?parent=997"}],"wp:term":[{"taxonomy":"category","embeddable":true,"href":"https:\/\/www.cabinet-magar.fr\/de\/wp-json\/wp\/v2\/categories?post=997"},{"taxonomy":"post_tag","embeddable":true,"href":"https:\/\/www.cabinet-magar.fr\/de\/wp-json\/wp\/v2\/tags?post=997"}],"curies":[{"name":"wp","href":"https:\/\/api.w.org\/{rel}","templated":true}]}}