{"id":986,"date":"2020-12-09T05:47:00","date_gmt":"2020-12-09T04:47:00","guid":{"rendered":"https:\/\/www.cabinet-magar.fr\/une-nouvelle-aide-en-faveur-du-recyclage-des-matieres-plastiques\/"},"modified":"2021-04-27T03:00:46","modified_gmt":"2021-04-27T01:00:46","slug":"une-nouvelle-aide-en-faveur-du-recyclage-des-matieres-plastiques","status":"publish","type":"post","link":"https:\/\/www.cabinet-magar.fr\/de\/actualites\/une-nouvelle-aide-en-faveur-du-recyclage-des-matieres-plastiques\/","title":{"rendered":"Une nouvelle aide en faveur du recyclage des mati\u00e8res plastiques"},"content":{"rendered":"<p >Une nouvelle aide financi\u00e8re, destin\u00e9e \u00e0 favoriser le recyclage des mati\u00e8res plastiques, vient d\u2019\u00eatre cr\u00e9\u00e9e. Que faut-il savoir \u00e0 son sujet ?<\/p>\n<div>\n<h2> Une nouvelle aide pour qui ? Pour quoi ? Comment ?<\/h2>\n<ul>\n<li><strong> Entreprises b\u00e9n\u00e9ficiaires <\/strong><\/li>\n<\/ul>\n<p>La nouvelle aide (vers\u00e9e sous forme de subvention) b\u00e9n\u00e9ficie aux entreprises qui ach\u00e8tent des d\u00e9chets plastiques pour les transformer en une mati\u00e8re plastique recycl\u00e9e destin\u00e9e \u00e0 la vente, pr\u00eate \u00e0 \u00eatre introduite dans un processus de production.<\/p>\n<ul>\n<li><strong> Montant de l\u2019aide <\/strong><\/li>\n<\/ul>\n<p>Le montant de l\u2019aide est forfaitaire, et varie en fonction du volume de ventes de mati\u00e8res plastiques recycl\u00e9es et du type de r\u00e9sine utilis\u00e9.<\/p>\n<ul>\n<li><strong> Conditions d\u2019octroi de l\u2019aide <\/strong><\/li>\n<\/ul>\n<p>Seules les entreprises exer\u00e7ant dans le secteur d&#8217;activit\u00e9 des industries manufacturi\u00e8res, qui couvre les activit\u00e9s de transformation physique ou chimique de mat\u00e9riaux, substances ou composants en nouveaux produits, peuvent b\u00e9n\u00e9ficier de l&#8217;aide.<\/p>\n<p>Point important, notez que seules les entreprises pouvant attester de la r\u00e9gularit\u00e9 de leur situation au regard de leurs obligations fiscales et sociales peuvent y pr\u00e9tendre.<\/p>\n<p>Enfin, les entreprises de n\u00e9goce ou courtage de mati\u00e8res plastiques issues du recyclage ne sont pas \u00e9ligibles au b\u00e9n\u00e9fice de cette aide.<\/p>\n<ul>\n<li><strong> Mati\u00e8re premi\u00e8res concern\u00e9es <\/strong><\/li>\n<\/ul>\n<p>Les mati\u00e8res premi\u00e8res plastiques issues du traitement de chutes de fabrication (chutes, pi\u00e8ces non conformes, etc.), ne peuvent pas faire l&#8217;objet de l\u2019aide, qu&#8217;elles soient trait\u00e9es en interne par l&#8217;entreprise ou en externe par un prestataire.<\/p>\n<p>Par cons\u00e9quent, ne sont \u00e9ligibles \u00e0 l\u2019aide que les seules mati\u00e8res recycl\u00e9es issues des d\u00e9chets post-consommation, qu&#8217;elles soient d&#8217;origine m\u00e9nag\u00e8re ou issues d&#8217;activit\u00e9s \u00e9conomiques et industrielles.<\/p>\n<ul>\n<li><strong> Montant de l\u2019aide <\/strong><\/li>\n<\/ul>\n<p>Le montant de l&#8217;aide ne doit pas exc\u00e9der les niveaux autoris\u00e9s par la r\u00e8glementation europ\u00e9enne.<\/p>\n<p>Le Ministre charg\u00e9 de l&#8217;industrie et le Ministre charg\u00e9 de l&#8217;environnement sont seuls d\u00e9cisionnaires de l&#8217;octroi et du montant de l\u2019aide allou\u00e9e \u00e0 chaque entreprise.<\/p>\n<p>L&#8217;Agence de l&#8217;environnement et de la ma\u00eetrise de l&#8217;\u00e9nergie est notamment charg\u00e9e :<\/p>\n<ul>\n<li>de r\u00e9ceptionner et d\u2018instruire techniquement les dossiers de demande de subvention ;<\/li>\n<li>de notifier au demandeur la d\u00e9cision d&#8217;attribution pr\u00e9cisant la forme et le montant maximum de la subvention qui lui sera attribu\u00e9e, et de signer une convention en ce sens avec le demandeur, si elle a re\u00e7u une d\u00e9l\u00e9gation pour cela ;<\/li>\n<li>de r\u00e9ceptionner et d&#8217;instruire les demandes de paiement transmises par le b\u00e9n\u00e9ficiaire ;<\/li>\n<li>de d\u00e9terminer et de verser le montant de la subvention au b\u00e9n\u00e9ficiaire dans les conditions pr\u00e9vues par la d\u00e9cision d&#8217;attribution.<\/li>\n<\/ul>\n<p>Le demandeur doit adresser \u00e0 l&#8217;Agence de l&#8217;environnement et de la ma\u00eetrise de l&#8217;\u00e9nergie une demande de versement \u00e9tablie selon un mod\u00e8le approuv\u00e9 par le Ministre charg\u00e9 de l&#8217;industrie et le Ministre charg\u00e9 de l&#8217;environnement, non encore paru \u00e0 ce jour.<\/p>\n<p>L&#8217;Agence de l&#8217;environnement et de la ma\u00eetrise de l&#8217;\u00e9nergie doit \u00e9galement contr\u00f4ler ou faire contr\u00f4ler l&#8217;exactitude des d\u00e9clarations du b\u00e9n\u00e9ficiaire lorsqu\u2019elle re\u00e7oit sa demande de subvention et sa demande de paiement.<\/p>\n<p>Elle doit \u00e9galement contr\u00f4ler la bonne ex\u00e9cution du projet pour lequel l\u2019aide a \u00e9t\u00e9 accord\u00e9e, et le respect des engagements en mati\u00e8re de volume de vente de mati\u00e8res plastiques recycl\u00e9es.<\/p>\n<p>Elle peut demander toute information compl\u00e9mentaire n\u00e9cessaire \u00e0 l&#8217;exercice de sa mission.<\/p>\n<p><span style=\"text-decoration: underline;\">Source :<\/span> D\u00e9cret n\u00b0 2020-1485 du 1er d\u00e9cembre 2020 instaurant une aide en faveur des investissements pour la d\u00e9carbonation de l&#8217;activit\u00e9 industrielle, une aide au fonctionnement pour la chaleur bas carbone industrielle et une aide au fonctionnement pour la vente de mati\u00e8res plastiques issues du recyclage<\/p>\n<p><a title=\"WebLex - Une nouvelle aide en faveur du recyclage des mati\u00e8res plastiques\" href=\"https:\/\/www.weblex.fr\/weblex-actualite\/une-nouvelle-aide-en-faveur-du-recyclage-des-matieres-plastiques\" target=\"_blank\" rel=\"noopener\">Une nouvelle aide en faveur du recyclage des mati\u00e8res plastiques<\/a> \u00a9 Copyright WebLex &#8211; 2020<\/p>\n<\/div>\n<p><img src='https:\/\/www.weblex.fr\/images\/flux_actus\/industriel.jpg'><\/p>\n","protected":false},"excerpt":{"rendered":"<p>Une nouvelle aide financi\u00e8re, destin\u00e9e \u00e0 favoriser le recyclage des mati\u00e8res plastiques, vient d\u2019\u00eatre cr\u00e9\u00e9e. Que faut-il savoir \u00e0 son sujet ?<\/p>\n","protected":false},"author":0,"featured_media":4206,"comment_status":"open","ping_status":"closed","sticky":false,"template":"","format":"standard","meta":{"_acf_changed":false,"footnotes":""},"categories":[9,7],"tags":[],"class_list":["post-986","post","type-post","status-publish","format-standard","has-post-thumbnail","hentry","category-actu-juridique","category-actualites"],"acf":[],"yoast_head":"<!-- This site is optimized with the Yoast SEO plugin v27.2 - https:\/\/yoast.com\/product\/yoast-seo-wordpress\/ -->\n<title>Une nouvelle aide en faveur du recyclage des mati\u00e8res plastiques - Cabinet Magar<\/title>\n<meta name=\"robots\" content=\"index, follow, max-snippet:-1, max-image-preview:large, max-video-preview:-1\" \/>\n<link rel=\"canonical\" href=\"https:\/\/www.cabinet-magar.fr\/de\/actualites\/une-nouvelle-aide-en-faveur-du-recyclage-des-matieres-plastiques\/\" \/>\n<meta property=\"og:locale\" content=\"de_DE\" \/>\n<meta property=\"og:type\" content=\"article\" \/>\n<meta property=\"og:title\" content=\"Une nouvelle aide en faveur du recyclage des mati\u00e8res plastiques - Cabinet Magar\" \/>\n<meta property=\"og:description\" content=\"Une nouvelle aide financi\u00e8re, destin\u00e9e \u00e0 favoriser le recyclage des mati\u00e8res plastiques, vient d\u2019\u00eatre cr\u00e9\u00e9e. Que faut-il savoir \u00e0 son sujet ?\" \/>\n<meta property=\"og:url\" content=\"https:\/\/www.cabinet-magar.fr\/de\/actualites\/une-nouvelle-aide-en-faveur-du-recyclage-des-matieres-plastiques\/\" \/>\n<meta property=\"og:site_name\" content=\"Cabinet Magar\" \/>\n<meta property=\"article:published_time\" content=\"2020-12-09T04:47:00+00:00\" \/>\n<meta property=\"article:modified_time\" content=\"2021-04-27T01:00:46+00:00\" \/>\n<meta property=\"og:image\" content=\"https:\/\/www.cabinet-magar.fr\/wp-content\/uploads\/2021\/04\/industriel.jpg\" \/>\n\t<meta property=\"og:image:width\" content=\"600\" \/>\n\t<meta property=\"og:image:height\" content=\"400\" \/>\n\t<meta property=\"og:image:type\" content=\"image\/jpeg\" \/>\n<meta name=\"twitter:card\" content=\"summary_large_image\" \/>\n<meta name=\"twitter:label1\" content=\"Gesch\u00e4tzte Lesezeit\" \/>\n\t<meta name=\"twitter:data1\" content=\"3\u00a0Minuten\" \/>\n<script type=\"application\/ld+json\" class=\"yoast-schema-graph\">{\"@context\":\"https:\/\/schema.org\",\"@graph\":[{\"@type\":\"Article\",\"@id\":\"https:\/\/www.cabinet-magar.fr\/de\/actualites\/une-nouvelle-aide-en-faveur-du-recyclage-des-matieres-plastiques\/#article\",\"isPartOf\":{\"@id\":\"https:\/\/www.cabinet-magar.fr\/de\/actualites\/une-nouvelle-aide-en-faveur-du-recyclage-des-matieres-plastiques\/\"},\"author\":{\"name\":\"\",\"@id\":\"\"},\"headline\":\"Une nouvelle aide en faveur du recyclage des mati\u00e8res plastiques\",\"datePublished\":\"2020-12-09T04:47:00+00:00\",\"dateModified\":\"2021-04-27T01:00:46+00:00\",\"mainEntityOfPage\":{\"@id\":\"https:\/\/www.cabinet-magar.fr\/de\/actualites\/une-nouvelle-aide-en-faveur-du-recyclage-des-matieres-plastiques\/\"},\"wordCount\":685,\"commentCount\":0,\"image\":{\"@id\":\"https:\/\/www.cabinet-magar.fr\/de\/actualites\/une-nouvelle-aide-en-faveur-du-recyclage-des-matieres-plastiques\/#primaryimage\"},\"thumbnailUrl\":\"https:\/\/www.cabinet-magar.fr\/wp-content\/uploads\/2021\/04\/industriel.jpg\",\"articleSection\":[\"Actu Juridique\",\"Actualit\u00e9s\"],\"inLanguage\":\"de\",\"potentialAction\":[{\"@type\":\"CommentAction\",\"name\":\"Comment\",\"target\":[\"https:\/\/www.cabinet-magar.fr\/de\/actualites\/une-nouvelle-aide-en-faveur-du-recyclage-des-matieres-plastiques\/#respond\"]}]},{\"@type\":\"WebPage\",\"@id\":\"https:\/\/www.cabinet-magar.fr\/de\/actualites\/une-nouvelle-aide-en-faveur-du-recyclage-des-matieres-plastiques\/\",\"url\":\"https:\/\/www.cabinet-magar.fr\/de\/actualites\/une-nouvelle-aide-en-faveur-du-recyclage-des-matieres-plastiques\/\",\"name\":\"Une nouvelle aide en faveur du recyclage des mati\u00e8res plastiques - Cabinet Magar\",\"isPartOf\":{\"@id\":\"https:\/\/www.cabinet-magar.fr\/#website\"},\"primaryImageOfPage\":{\"@id\":\"https:\/\/www.cabinet-magar.fr\/de\/actualites\/une-nouvelle-aide-en-faveur-du-recyclage-des-matieres-plastiques\/#primaryimage\"},\"image\":{\"@id\":\"https:\/\/www.cabinet-magar.fr\/de\/actualites\/une-nouvelle-aide-en-faveur-du-recyclage-des-matieres-plastiques\/#primaryimage\"},\"thumbnailUrl\":\"https:\/\/www.cabinet-magar.fr\/wp-content\/uploads\/2021\/04\/industriel.jpg\",\"datePublished\":\"2020-12-09T04:47:00+00:00\",\"dateModified\":\"2021-04-27T01:00:46+00:00\",\"author\":{\"@id\":\"\"},\"breadcrumb\":{\"@id\":\"https:\/\/www.cabinet-magar.fr\/de\/actualites\/une-nouvelle-aide-en-faveur-du-recyclage-des-matieres-plastiques\/#breadcrumb\"},\"inLanguage\":\"de\",\"potentialAction\":[{\"@type\":\"ReadAction\",\"target\":[\"https:\/\/www.cabinet-magar.fr\/de\/actualites\/une-nouvelle-aide-en-faveur-du-recyclage-des-matieres-plastiques\/\"]}]},{\"@type\":\"ImageObject\",\"inLanguage\":\"de\",\"@id\":\"https:\/\/www.cabinet-magar.fr\/de\/actualites\/une-nouvelle-aide-en-faveur-du-recyclage-des-matieres-plastiques\/#primaryimage\",\"url\":\"https:\/\/www.cabinet-magar.fr\/wp-content\/uploads\/2021\/04\/industriel.jpg\",\"contentUrl\":\"https:\/\/www.cabinet-magar.fr\/wp-content\/uploads\/2021\/04\/industriel.jpg\",\"width\":600,\"height\":400},{\"@type\":\"BreadcrumbList\",\"@id\":\"https:\/\/www.cabinet-magar.fr\/de\/actualites\/une-nouvelle-aide-en-faveur-du-recyclage-des-matieres-plastiques\/#breadcrumb\",\"itemListElement\":[{\"@type\":\"ListItem\",\"position\":1,\"name\":\"Accueil\",\"item\":\"https:\/\/www.cabinet-magar.fr\/de\/\"},{\"@type\":\"ListItem\",\"position\":2,\"name\":\"Une nouvelle aide en faveur du recyclage des mati\u00e8res plastiques\"}]},{\"@type\":\"WebSite\",\"@id\":\"https:\/\/www.cabinet-magar.fr\/#website\",\"url\":\"https:\/\/www.cabinet-magar.fr\/\",\"name\":\"Cabinet Magar\",\"description\":\"\",\"potentialAction\":[{\"@type\":\"SearchAction\",\"target\":{\"@type\":\"EntryPoint\",\"urlTemplate\":\"https:\/\/www.cabinet-magar.fr\/?s={search_term_string}\"},\"query-input\":{\"@type\":\"PropertyValueSpecification\",\"valueRequired\":true,\"valueName\":\"search_term_string\"}}],\"inLanguage\":\"de\"}]}<\/script>\n<!-- \/ Yoast SEO plugin. -->","yoast_head_json":{"title":"Une nouvelle aide en faveur du recyclage des mati\u00e8res plastiques - Cabinet Magar","robots":{"index":"index","follow":"follow","max-snippet":"max-snippet:-1","max-image-preview":"max-image-preview:large","max-video-preview":"max-video-preview:-1"},"canonical":"https:\/\/www.cabinet-magar.fr\/de\/actualites\/une-nouvelle-aide-en-faveur-du-recyclage-des-matieres-plastiques\/","og_locale":"de_DE","og_type":"article","og_title":"Une nouvelle aide en faveur du recyclage des mati\u00e8res plastiques - Cabinet Magar","og_description":"Une nouvelle aide financi\u00e8re, destin\u00e9e \u00e0 favoriser le recyclage des mati\u00e8res plastiques, vient d\u2019\u00eatre cr\u00e9\u00e9e. Que faut-il savoir \u00e0 son sujet ?","og_url":"https:\/\/www.cabinet-magar.fr\/de\/actualites\/une-nouvelle-aide-en-faveur-du-recyclage-des-matieres-plastiques\/","og_site_name":"Cabinet Magar","article_published_time":"2020-12-09T04:47:00+00:00","article_modified_time":"2021-04-27T01:00:46+00:00","og_image":[{"width":600,"height":400,"url":"https:\/\/www.cabinet-magar.fr\/wp-content\/uploads\/2021\/04\/industriel.jpg","type":"image\/jpeg"}],"twitter_card":"summary_large_image","twitter_misc":{"Gesch\u00e4tzte Lesezeit":"3\u00a0Minuten"},"schema":{"@context":"https:\/\/schema.org","@graph":[{"@type":"Article","@id":"https:\/\/www.cabinet-magar.fr\/de\/actualites\/une-nouvelle-aide-en-faveur-du-recyclage-des-matieres-plastiques\/#article","isPartOf":{"@id":"https:\/\/www.cabinet-magar.fr\/de\/actualites\/une-nouvelle-aide-en-faveur-du-recyclage-des-matieres-plastiques\/"},"author":{"name":"","@id":""},"headline":"Une nouvelle aide en faveur du recyclage des mati\u00e8res plastiques","datePublished":"2020-12-09T04:47:00+00:00","dateModified":"2021-04-27T01:00:46+00:00","mainEntityOfPage":{"@id":"https:\/\/www.cabinet-magar.fr\/de\/actualites\/une-nouvelle-aide-en-faveur-du-recyclage-des-matieres-plastiques\/"},"wordCount":685,"commentCount":0,"image":{"@id":"https:\/\/www.cabinet-magar.fr\/de\/actualites\/une-nouvelle-aide-en-faveur-du-recyclage-des-matieres-plastiques\/#primaryimage"},"thumbnailUrl":"https:\/\/www.cabinet-magar.fr\/wp-content\/uploads\/2021\/04\/industriel.jpg","articleSection":["Actu Juridique","Actualit\u00e9s"],"inLanguage":"de","potentialAction":[{"@type":"CommentAction","name":"Comment","target":["https:\/\/www.cabinet-magar.fr\/de\/actualites\/une-nouvelle-aide-en-faveur-du-recyclage-des-matieres-plastiques\/#respond"]}]},{"@type":"WebPage","@id":"https:\/\/www.cabinet-magar.fr\/de\/actualites\/une-nouvelle-aide-en-faveur-du-recyclage-des-matieres-plastiques\/","url":"https:\/\/www.cabinet-magar.fr\/de\/actualites\/une-nouvelle-aide-en-faveur-du-recyclage-des-matieres-plastiques\/","name":"Une nouvelle aide en faveur du recyclage des mati\u00e8res plastiques - Cabinet Magar","isPartOf":{"@id":"https:\/\/www.cabinet-magar.fr\/#website"},"primaryImageOfPage":{"@id":"https:\/\/www.cabinet-magar.fr\/de\/actualites\/une-nouvelle-aide-en-faveur-du-recyclage-des-matieres-plastiques\/#primaryimage"},"image":{"@id":"https:\/\/www.cabinet-magar.fr\/de\/actualites\/une-nouvelle-aide-en-faveur-du-recyclage-des-matieres-plastiques\/#primaryimage"},"thumbnailUrl":"https:\/\/www.cabinet-magar.fr\/wp-content\/uploads\/2021\/04\/industriel.jpg","datePublished":"2020-12-09T04:47:00+00:00","dateModified":"2021-04-27T01:00:46+00:00","author":{"@id":""},"breadcrumb":{"@id":"https:\/\/www.cabinet-magar.fr\/de\/actualites\/une-nouvelle-aide-en-faveur-du-recyclage-des-matieres-plastiques\/#breadcrumb"},"inLanguage":"de","potentialAction":[{"@type":"ReadAction","target":["https:\/\/www.cabinet-magar.fr\/de\/actualites\/une-nouvelle-aide-en-faveur-du-recyclage-des-matieres-plastiques\/"]}]},{"@type":"ImageObject","inLanguage":"de","@id":"https:\/\/www.cabinet-magar.fr\/de\/actualites\/une-nouvelle-aide-en-faveur-du-recyclage-des-matieres-plastiques\/#primaryimage","url":"https:\/\/www.cabinet-magar.fr\/wp-content\/uploads\/2021\/04\/industriel.jpg","contentUrl":"https:\/\/www.cabinet-magar.fr\/wp-content\/uploads\/2021\/04\/industriel.jpg","width":600,"height":400},{"@type":"BreadcrumbList","@id":"https:\/\/www.cabinet-magar.fr\/de\/actualites\/une-nouvelle-aide-en-faveur-du-recyclage-des-matieres-plastiques\/#breadcrumb","itemListElement":[{"@type":"ListItem","position":1,"name":"Accueil","item":"https:\/\/www.cabinet-magar.fr\/de\/"},{"@type":"ListItem","position":2,"name":"Une nouvelle aide en faveur du recyclage des mati\u00e8res plastiques"}]},{"@type":"WebSite","@id":"https:\/\/www.cabinet-magar.fr\/#website","url":"https:\/\/www.cabinet-magar.fr\/","name":"Cabinet Magar","description":"","potentialAction":[{"@type":"SearchAction","target":{"@type":"EntryPoint","urlTemplate":"https:\/\/www.cabinet-magar.fr\/?s={search_term_string}"},"query-input":{"@type":"PropertyValueSpecification","valueRequired":true,"valueName":"search_term_string"}}],"inLanguage":"de"}]}},"_links":{"self":[{"href":"https:\/\/www.cabinet-magar.fr\/de\/wp-json\/wp\/v2\/posts\/986","targetHints":{"allow":["GET"]}}],"collection":[{"href":"https:\/\/www.cabinet-magar.fr\/de\/wp-json\/wp\/v2\/posts"}],"about":[{"href":"https:\/\/www.cabinet-magar.fr\/de\/wp-json\/wp\/v2\/types\/post"}],"replies":[{"embeddable":true,"href":"https:\/\/www.cabinet-magar.fr\/de\/wp-json\/wp\/v2\/comments?post=986"}],"version-history":[{"count":1,"href":"https:\/\/www.cabinet-magar.fr\/de\/wp-json\/wp\/v2\/posts\/986\/revisions"}],"predecessor-version":[{"id":4437,"href":"https:\/\/www.cabinet-magar.fr\/de\/wp-json\/wp\/v2\/posts\/986\/revisions\/4437"}],"wp:featuredmedia":[{"embeddable":true,"href":"https:\/\/www.cabinet-magar.fr\/de\/wp-json\/wp\/v2\/media\/4206"}],"wp:attachment":[{"href":"https:\/\/www.cabinet-magar.fr\/de\/wp-json\/wp\/v2\/media?parent=986"}],"wp:term":[{"taxonomy":"category","embeddable":true,"href":"https:\/\/www.cabinet-magar.fr\/de\/wp-json\/wp\/v2\/categories?post=986"},{"taxonomy":"post_tag","embeddable":true,"href":"https:\/\/www.cabinet-magar.fr\/de\/wp-json\/wp\/v2\/tags?post=986"}],"curies":[{"name":"wp","href":"https:\/\/api.w.org\/{rel}","templated":true}]}}