{"id":780,"date":"2021-01-14T05:45:00","date_gmt":"2021-01-14T04:45:00","guid":{"rendered":"https:\/\/www.cabinet-magar.fr\/fourniture-de-services-de-medias-audiovisuels-le-point-sur-les-nouveautes\/"},"modified":"2021-04-17T03:00:36","modified_gmt":"2021-04-17T01:00:36","slug":"fourniture-de-services-de-medias-audiovisuels-le-point-sur-les-nouveautes","status":"publish","type":"post","link":"https:\/\/www.cabinet-magar.fr\/de\/actualites\/fourniture-de-services-de-medias-audiovisuels-le-point-sur-les-nouveautes\/","title":{"rendered":"Fourniture de services de m\u00e9dias audiovisuels : le point sur les nouveaut\u00e9s"},"content":{"rendered":"<p >Le secteur de la communication audiovisuelle vient de faire l\u2019objet de nombreux am\u00e9nagements afin de se mettre en conformit\u00e9 avec la r\u00e8glementation europ\u00e9enne applicable. Lesquels ?<\/p>\n<div>\n<h2> Nouveau cadre juridique, nouvelles r\u00e8gles<\/h2>\n<p>Pour rappel, la r\u00e8glementation europ\u00e9enne encadre la fourniture de services de m\u00e9dias audiovisuels, notamment par le biais d\u2019une directive dite \u00ab directive SMA \u00bb.<\/p>\n<p>Dans le but de se conformer \u00e0 celle-ci, la r\u00e8glementation fran\u00e7aise applicable au secteur de la communication audiovisuelle vient de faire l\u2019objet de divers am\u00e9nagements.<\/p>\n<p>Parmi ceux-ci figure le renforcement de la protection des mineurs et du public lors de la diffusion de certains contenus via des plateformes de partage de vid\u00e9os.<\/p>\n<p>Dans le cadre de ces nouvelles dispositions, est consid\u00e9r\u00e9 comme un service de plateforme de partage de vid\u00e9os tout service qui remplit les conditions suivantes :<\/p>\n<ul>\n<li>le service est fourni au moyen d&#8217;un r\u00e9seau de communications \u00e9lectroniques ;<\/li>\n<li>la fourniture de programmes ou de vid\u00e9os cr\u00e9\u00e9es par l&#8217;utilisateur pour informer, divertir ou \u00e9duquer est l&#8217;objet principal du service proprement dit ou d&#8217;une partie dissociable de ce service, ou repr\u00e9sente une fonctionnalit\u00e9 essentielle du service ;<\/li>\n<li>le fournisseur du service n&#8217;a pas de responsabilit\u00e9 \u00e9ditoriale sur ces contenus, mais en d\u00e9termine l&#8217;organisation ;<\/li>\n<li>le service rel\u00e8ve d&#8217;une activit\u00e9 \u00e9conomique.<\/li>\n<\/ul>\n<p>Ces plateformes sont d\u00e9sormais soumises \u00e0 la r\u00e9gulation audiovisuelle, et font partie des personnes auxquelles le Conseil sup\u00e9rieur de l\u2019audiovisuel (CSA) peut demander des informations.<\/p>\n<p>Il est par ailleurs interdit aux \u00e9diteurs de service de proc\u00e9der au traitement \u00e0 des fins commerciales des donn\u00e9es \u00e0 caract\u00e8re personnel des mineurs.<\/p>\n<p>Notez qu\u2019en outre, la provocation \u00e0 la commission d\u2019acte de terrorisme est d\u00e9sormais interdite dans les programmes.<\/p>\n<p>Enfin, les missions du CSA sont \u00e9galement r\u00e9am\u00e9nag\u00e9es, notamment dans le but de promouvoir la conclusion de codes de bonne conduite par les \u00e9diteurs en mati\u00e8re de publicit\u00e9 alimentaire.<\/p>\n<p>Source :<\/p>\n<ul>\n<li>Ordonnance n\u00b0 2020-1642 du 21 d\u00e9cembre 2020 portant transposition de la directive (UE) 2018\/1808 du Parlement europ\u00e9en et du Conseil du 14 novembre 2018 modifiant la directive 2010\/13\/UE visant \u00e0 la coordination de certaines dispositions l\u00e9gislatives, r\u00e9glementaires et administratives des Etats membres relatives \u00e0 la fourniture de services de m\u00e9dias audiovisuels, compte tenu de l&#8217;\u00e9volution des r\u00e9alit\u00e9s du march\u00e9, et modifiant la loi du 30 septembre 1986 relative \u00e0 la libert\u00e9 de communication, le code du cin\u00e9ma et de l&#8217;image anim\u00e9e, ainsi que les d\u00e9lais relatifs \u00e0 l&#8217;exploitation des \u0153uvres cin\u00e9matographiques<\/li>\n<li>Rapport au Pr\u00e9sident de la R\u00e9publique relatif \u00e0 l&#8217;ordonnance n\u00b0 2020-1642 du 21 d\u00e9cembre 2020 portant transposition de la directive (UE) 2018\/1808 du Parlement europ\u00e9en et du Conseil du 14 novembre 2018 modifiant la directive 2010\/13\/UE visant \u00e0 la coordination de certaines dispositions l\u00e9gislatives, r\u00e9glementaires et administratives des Etats membres relatives \u00e0 la fourniture de services de m\u00e9dias audiovisuels, compte tenu de l&#8217;\u00e9volution des r\u00e9alit\u00e9s du march\u00e9, et modifiant la loi du 30 septembre 1986 relative \u00e0 la libert\u00e9 de communication, le code du cin\u00e9ma et de l&#8217;image anim\u00e9e, ainsi que les d\u00e9lais relatifs \u00e0 l&#8217;exploitation des \u0153uvres cin\u00e9matographiques<\/li>\n<\/ul>\n<p><a href=\"https:\/\/www.weblex.fr\/weblex-actualite\/fourniture-de-services-de-medias-audiovisuels-le-point-sur-les-nouveautes\" rel=\"nofollow noopener\" target=\"_blank\">Fourniture de services de m\u00e9dias audiovisuels : le point sur les nouveaut\u00e9s<\/a> \u00a9 Copyright WebLex &#8211; 2021<\/p>\n<\/div>\n<p><img src='https:\/\/www.weblex.fr\/images\/flux_actus\/audiovisuel2.jpg'><\/p>\n","protected":false},"excerpt":{"rendered":"<p>Le secteur de la communication audiovisuelle vient de faire l\u2019objet de nombreux am\u00e9nagements afin de se mettre en conformit\u00e9 avec la r\u00e8glementation europ\u00e9enne applicable. Lesquels ?<\/p>\n","protected":false},"author":0,"featured_media":4097,"comment_status":"open","ping_status":"closed","sticky":false,"template":"","format":"standard","meta":{"_acf_changed":false,"footnotes":""},"categories":[9,7],"tags":[],"class_list":["post-780","post","type-post","status-publish","format-standard","has-post-thumbnail","hentry","category-actu-juridique","category-actualites"],"acf":[],"yoast_head":"<!-- This site is optimized with the Yoast SEO plugin v27.2 - https:\/\/yoast.com\/product\/yoast-seo-wordpress\/ -->\n<title>Fourniture de services de m\u00e9dias audiovisuels : le point sur les nouveaut\u00e9s - Cabinet Magar<\/title>\n<meta name=\"robots\" content=\"index, follow, max-snippet:-1, max-image-preview:large, max-video-preview:-1\" \/>\n<link rel=\"canonical\" href=\"https:\/\/www.cabinet-magar.fr\/actualites\/fourniture-de-services-de-medias-audiovisuels-le-point-sur-les-nouveautes\/\" \/>\n<meta property=\"og:locale\" content=\"de_DE\" \/>\n<meta property=\"og:type\" content=\"article\" \/>\n<meta property=\"og:title\" content=\"Fourniture de services de m\u00e9dias audiovisuels : le point sur les nouveaut\u00e9s - Cabinet Magar\" \/>\n<meta property=\"og:description\" content=\"Le secteur de la communication audiovisuelle vient de faire l\u2019objet de nombreux am\u00e9nagements afin de se mettre en conformit\u00e9 avec la r\u00e8glementation europ\u00e9enne applicable. Lesquels ?\" \/>\n<meta property=\"og:url\" content=\"https:\/\/www.cabinet-magar.fr\/actualites\/fourniture-de-services-de-medias-audiovisuels-le-point-sur-les-nouveautes\/\" \/>\n<meta property=\"og:site_name\" content=\"Cabinet Magar\" \/>\n<meta property=\"article:published_time\" content=\"2021-01-14T04:45:00+00:00\" \/>\n<meta property=\"article:modified_time\" content=\"2021-04-17T01:00:36+00:00\" \/>\n<meta property=\"og:image\" content=\"https:\/\/www.cabinet-magar.fr\/wp-content\/uploads\/2021\/04\/audiovisuel2.jpg\" \/>\n\t<meta property=\"og:image:width\" content=\"600\" \/>\n\t<meta property=\"og:image:height\" content=\"400\" \/>\n\t<meta property=\"og:image:type\" content=\"image\/jpeg\" \/>\n<meta name=\"twitter:card\" content=\"summary_large_image\" \/>\n<meta name=\"twitter:label1\" content=\"Gesch\u00e4tzte Lesezeit\" \/>\n\t<meta name=\"twitter:data1\" content=\"3\u00a0Minuten\" \/>\n<script type=\"application\/ld+json\" class=\"yoast-schema-graph\">{\"@context\":\"https:\/\/schema.org\",\"@graph\":[{\"@type\":\"Article\",\"@id\":\"https:\/\/www.cabinet-magar.fr\/actualites\/fourniture-de-services-de-medias-audiovisuels-le-point-sur-les-nouveautes\/#article\",\"isPartOf\":{\"@id\":\"https:\/\/www.cabinet-magar.fr\/actualites\/fourniture-de-services-de-medias-audiovisuels-le-point-sur-les-nouveautes\/\"},\"author\":{\"name\":\"\",\"@id\":\"\"},\"headline\":\"Fourniture de services de m\u00e9dias audiovisuels : le point sur les nouveaut\u00e9s\",\"datePublished\":\"2021-01-14T04:45:00+00:00\",\"dateModified\":\"2021-04-17T01:00:36+00:00\",\"mainEntityOfPage\":{\"@id\":\"https:\/\/www.cabinet-magar.fr\/actualites\/fourniture-de-services-de-medias-audiovisuels-le-point-sur-les-nouveautes\/\"},\"wordCount\":559,\"commentCount\":0,\"image\":{\"@id\":\"https:\/\/www.cabinet-magar.fr\/actualites\/fourniture-de-services-de-medias-audiovisuels-le-point-sur-les-nouveautes\/#primaryimage\"},\"thumbnailUrl\":\"https:\/\/www.cabinet-magar.fr\/wp-content\/uploads\/2021\/04\/audiovisuel2.jpg\",\"articleSection\":[\"Actu Juridique\",\"Actualit\u00e9s\"],\"inLanguage\":\"de\",\"potentialAction\":[{\"@type\":\"CommentAction\",\"name\":\"Comment\",\"target\":[\"https:\/\/www.cabinet-magar.fr\/actualites\/fourniture-de-services-de-medias-audiovisuels-le-point-sur-les-nouveautes\/#respond\"]}]},{\"@type\":\"WebPage\",\"@id\":\"https:\/\/www.cabinet-magar.fr\/actualites\/fourniture-de-services-de-medias-audiovisuels-le-point-sur-les-nouveautes\/\",\"url\":\"https:\/\/www.cabinet-magar.fr\/actualites\/fourniture-de-services-de-medias-audiovisuels-le-point-sur-les-nouveautes\/\",\"name\":\"Fourniture de services de m\u00e9dias audiovisuels : le point sur les nouveaut\u00e9s - Cabinet Magar\",\"isPartOf\":{\"@id\":\"https:\/\/www.cabinet-magar.fr\/#website\"},\"primaryImageOfPage\":{\"@id\":\"https:\/\/www.cabinet-magar.fr\/actualites\/fourniture-de-services-de-medias-audiovisuels-le-point-sur-les-nouveautes\/#primaryimage\"},\"image\":{\"@id\":\"https:\/\/www.cabinet-magar.fr\/actualites\/fourniture-de-services-de-medias-audiovisuels-le-point-sur-les-nouveautes\/#primaryimage\"},\"thumbnailUrl\":\"https:\/\/www.cabinet-magar.fr\/wp-content\/uploads\/2021\/04\/audiovisuel2.jpg\",\"datePublished\":\"2021-01-14T04:45:00+00:00\",\"dateModified\":\"2021-04-17T01:00:36+00:00\",\"author\":{\"@id\":\"\"},\"breadcrumb\":{\"@id\":\"https:\/\/www.cabinet-magar.fr\/actualites\/fourniture-de-services-de-medias-audiovisuels-le-point-sur-les-nouveautes\/#breadcrumb\"},\"inLanguage\":\"de\",\"potentialAction\":[{\"@type\":\"ReadAction\",\"target\":[\"https:\/\/www.cabinet-magar.fr\/actualites\/fourniture-de-services-de-medias-audiovisuels-le-point-sur-les-nouveautes\/\"]}]},{\"@type\":\"ImageObject\",\"inLanguage\":\"de\",\"@id\":\"https:\/\/www.cabinet-magar.fr\/actualites\/fourniture-de-services-de-medias-audiovisuels-le-point-sur-les-nouveautes\/#primaryimage\",\"url\":\"https:\/\/www.cabinet-magar.fr\/wp-content\/uploads\/2021\/04\/audiovisuel2.jpg\",\"contentUrl\":\"https:\/\/www.cabinet-magar.fr\/wp-content\/uploads\/2021\/04\/audiovisuel2.jpg\",\"width\":600,\"height\":400},{\"@type\":\"BreadcrumbList\",\"@id\":\"https:\/\/www.cabinet-magar.fr\/actualites\/fourniture-de-services-de-medias-audiovisuels-le-point-sur-les-nouveautes\/#breadcrumb\",\"itemListElement\":[{\"@type\":\"ListItem\",\"position\":1,\"name\":\"Accueil\",\"item\":\"https:\/\/www.cabinet-magar.fr\/de\/\"},{\"@type\":\"ListItem\",\"position\":2,\"name\":\"Fourniture de services de m\u00e9dias audiovisuels : le point sur les nouveaut\u00e9s\"}]},{\"@type\":\"WebSite\",\"@id\":\"https:\/\/www.cabinet-magar.fr\/#website\",\"url\":\"https:\/\/www.cabinet-magar.fr\/\",\"name\":\"Cabinet Magar\",\"description\":\"\",\"potentialAction\":[{\"@type\":\"SearchAction\",\"target\":{\"@type\":\"EntryPoint\",\"urlTemplate\":\"https:\/\/www.cabinet-magar.fr\/?s={search_term_string}\"},\"query-input\":{\"@type\":\"PropertyValueSpecification\",\"valueRequired\":true,\"valueName\":\"search_term_string\"}}],\"inLanguage\":\"de\"}]}<\/script>\n<!-- \/ Yoast SEO plugin. -->","yoast_head_json":{"title":"Fourniture de services de m\u00e9dias audiovisuels : le point sur les nouveaut\u00e9s - Cabinet Magar","robots":{"index":"index","follow":"follow","max-snippet":"max-snippet:-1","max-image-preview":"max-image-preview:large","max-video-preview":"max-video-preview:-1"},"canonical":"https:\/\/www.cabinet-magar.fr\/actualites\/fourniture-de-services-de-medias-audiovisuels-le-point-sur-les-nouveautes\/","og_locale":"de_DE","og_type":"article","og_title":"Fourniture de services de m\u00e9dias audiovisuels : le point sur les nouveaut\u00e9s - Cabinet Magar","og_description":"Le secteur de la communication audiovisuelle vient de faire l\u2019objet de nombreux am\u00e9nagements afin de se mettre en conformit\u00e9 avec la r\u00e8glementation europ\u00e9enne applicable. Lesquels ?","og_url":"https:\/\/www.cabinet-magar.fr\/actualites\/fourniture-de-services-de-medias-audiovisuels-le-point-sur-les-nouveautes\/","og_site_name":"Cabinet Magar","article_published_time":"2021-01-14T04:45:00+00:00","article_modified_time":"2021-04-17T01:00:36+00:00","og_image":[{"width":600,"height":400,"url":"https:\/\/www.cabinet-magar.fr\/wp-content\/uploads\/2021\/04\/audiovisuel2.jpg","type":"image\/jpeg"}],"twitter_card":"summary_large_image","twitter_misc":{"Gesch\u00e4tzte Lesezeit":"3\u00a0Minuten"},"schema":{"@context":"https:\/\/schema.org","@graph":[{"@type":"Article","@id":"https:\/\/www.cabinet-magar.fr\/actualites\/fourniture-de-services-de-medias-audiovisuels-le-point-sur-les-nouveautes\/#article","isPartOf":{"@id":"https:\/\/www.cabinet-magar.fr\/actualites\/fourniture-de-services-de-medias-audiovisuels-le-point-sur-les-nouveautes\/"},"author":{"name":"","@id":""},"headline":"Fourniture de services de m\u00e9dias audiovisuels : le point sur les nouveaut\u00e9s","datePublished":"2021-01-14T04:45:00+00:00","dateModified":"2021-04-17T01:00:36+00:00","mainEntityOfPage":{"@id":"https:\/\/www.cabinet-magar.fr\/actualites\/fourniture-de-services-de-medias-audiovisuels-le-point-sur-les-nouveautes\/"},"wordCount":559,"commentCount":0,"image":{"@id":"https:\/\/www.cabinet-magar.fr\/actualites\/fourniture-de-services-de-medias-audiovisuels-le-point-sur-les-nouveautes\/#primaryimage"},"thumbnailUrl":"https:\/\/www.cabinet-magar.fr\/wp-content\/uploads\/2021\/04\/audiovisuel2.jpg","articleSection":["Actu Juridique","Actualit\u00e9s"],"inLanguage":"de","potentialAction":[{"@type":"CommentAction","name":"Comment","target":["https:\/\/www.cabinet-magar.fr\/actualites\/fourniture-de-services-de-medias-audiovisuels-le-point-sur-les-nouveautes\/#respond"]}]},{"@type":"WebPage","@id":"https:\/\/www.cabinet-magar.fr\/actualites\/fourniture-de-services-de-medias-audiovisuels-le-point-sur-les-nouveautes\/","url":"https:\/\/www.cabinet-magar.fr\/actualites\/fourniture-de-services-de-medias-audiovisuels-le-point-sur-les-nouveautes\/","name":"Fourniture de services de m\u00e9dias audiovisuels : le point sur les nouveaut\u00e9s - Cabinet Magar","isPartOf":{"@id":"https:\/\/www.cabinet-magar.fr\/#website"},"primaryImageOfPage":{"@id":"https:\/\/www.cabinet-magar.fr\/actualites\/fourniture-de-services-de-medias-audiovisuels-le-point-sur-les-nouveautes\/#primaryimage"},"image":{"@id":"https:\/\/www.cabinet-magar.fr\/actualites\/fourniture-de-services-de-medias-audiovisuels-le-point-sur-les-nouveautes\/#primaryimage"},"thumbnailUrl":"https:\/\/www.cabinet-magar.fr\/wp-content\/uploads\/2021\/04\/audiovisuel2.jpg","datePublished":"2021-01-14T04:45:00+00:00","dateModified":"2021-04-17T01:00:36+00:00","author":{"@id":""},"breadcrumb":{"@id":"https:\/\/www.cabinet-magar.fr\/actualites\/fourniture-de-services-de-medias-audiovisuels-le-point-sur-les-nouveautes\/#breadcrumb"},"inLanguage":"de","potentialAction":[{"@type":"ReadAction","target":["https:\/\/www.cabinet-magar.fr\/actualites\/fourniture-de-services-de-medias-audiovisuels-le-point-sur-les-nouveautes\/"]}]},{"@type":"ImageObject","inLanguage":"de","@id":"https:\/\/www.cabinet-magar.fr\/actualites\/fourniture-de-services-de-medias-audiovisuels-le-point-sur-les-nouveautes\/#primaryimage","url":"https:\/\/www.cabinet-magar.fr\/wp-content\/uploads\/2021\/04\/audiovisuel2.jpg","contentUrl":"https:\/\/www.cabinet-magar.fr\/wp-content\/uploads\/2021\/04\/audiovisuel2.jpg","width":600,"height":400},{"@type":"BreadcrumbList","@id":"https:\/\/www.cabinet-magar.fr\/actualites\/fourniture-de-services-de-medias-audiovisuels-le-point-sur-les-nouveautes\/#breadcrumb","itemListElement":[{"@type":"ListItem","position":1,"name":"Accueil","item":"https:\/\/www.cabinet-magar.fr\/de\/"},{"@type":"ListItem","position":2,"name":"Fourniture de services de m\u00e9dias audiovisuels : le point sur les nouveaut\u00e9s"}]},{"@type":"WebSite","@id":"https:\/\/www.cabinet-magar.fr\/#website","url":"https:\/\/www.cabinet-magar.fr\/","name":"Cabinet Magar","description":"","potentialAction":[{"@type":"SearchAction","target":{"@type":"EntryPoint","urlTemplate":"https:\/\/www.cabinet-magar.fr\/?s={search_term_string}"},"query-input":{"@type":"PropertyValueSpecification","valueRequired":true,"valueName":"search_term_string"}}],"inLanguage":"de"}]}},"_links":{"self":[{"href":"https:\/\/www.cabinet-magar.fr\/de\/wp-json\/wp\/v2\/posts\/780","targetHints":{"allow":["GET"]}}],"collection":[{"href":"https:\/\/www.cabinet-magar.fr\/de\/wp-json\/wp\/v2\/posts"}],"about":[{"href":"https:\/\/www.cabinet-magar.fr\/de\/wp-json\/wp\/v2\/types\/post"}],"replies":[{"embeddable":true,"href":"https:\/\/www.cabinet-magar.fr\/de\/wp-json\/wp\/v2\/comments?post=780"}],"version-history":[{"count":1,"href":"https:\/\/www.cabinet-magar.fr\/de\/wp-json\/wp\/v2\/posts\/780\/revisions"}],"predecessor-version":[{"id":4096,"href":"https:\/\/www.cabinet-magar.fr\/de\/wp-json\/wp\/v2\/posts\/780\/revisions\/4096"}],"wp:featuredmedia":[{"embeddable":true,"href":"https:\/\/www.cabinet-magar.fr\/de\/wp-json\/wp\/v2\/media\/4097"}],"wp:attachment":[{"href":"https:\/\/www.cabinet-magar.fr\/de\/wp-json\/wp\/v2\/media?parent=780"}],"wp:term":[{"taxonomy":"category","embeddable":true,"href":"https:\/\/www.cabinet-magar.fr\/de\/wp-json\/wp\/v2\/categories?post=780"},{"taxonomy":"post_tag","embeddable":true,"href":"https:\/\/www.cabinet-magar.fr\/de\/wp-json\/wp\/v2\/tags?post=780"}],"curies":[{"name":"wp","href":"https:\/\/api.w.org\/{rel}","templated":true}]}}