{"id":779,"date":"2021-01-14T05:45:00","date_gmt":"2021-01-14T04:45:00","guid":{"rendered":"https:\/\/www.cabinet-magar.fr\/qualite-de-lair-modification-de-lindice-atmo\/"},"modified":"2021-04-17T03:00:33","modified_gmt":"2021-04-17T01:00:33","slug":"qualite-de-lair-modification-de-lindice-atmo","status":"publish","type":"post","link":"https:\/\/www.cabinet-magar.fr\/de\/actualites\/qualite-de-lair-modification-de-lindice-atmo\/","title":{"rendered":"Qualit\u00e9 de l\u2019air : modification de l\u2019indice ATMO"},"content":{"rendered":"<p >L\u2019indice de la qualit\u00e9 de l\u2019air, appel\u00e9 indice ATMO, est modifi\u00e9 depuis le 1er janvier 2021. Quelles sont les nouveaut\u00e9s \u00e0 conna\u00eetre ?<\/p>\n<div>\n<h2>Indice de la qualit\u00e9 de l\u2019air : un indice ATMO modernis\u00e9<\/h2>\n<p>Le nouvel indice ATMO, qui indique la qualit\u00e9 de l\u2019air, int\u00e8gre d\u00e9sormais les \u00e9volutions suivantes :<\/p>\n<ul>\n<li>un nouveau polluant : les particules fines PM2,5, aux effets sanitaires av\u00e9r\u00e9s ;<\/li>\n<li>une pr\u00e9vision calcul\u00e9e \u00e0 l\u2019\u00e9chelle de chaque \u00e9tablissement public de coop\u00e9ration intercommunale (EPCI), sur l\u2019ensemble du territoire national, y compris en Outre-mer ;<\/li>\n<li>une nouvelle \u00e9chelle de pollution : le niveau Tr\u00e8s bon dispara\u00eet, et le niveau Extr\u00eamement mauvais fait son apparition ; le nouvel indice qualifie donc l\u2019\u00e9tat de l\u2019air selon les 6 classes suivantes : Bon \/ Moyen \/ D\u00e9grad\u00e9 \/ Mauvais \/ Tr\u00e8s mauvais \/ Extr\u00eamement mauvais ;<\/li>\n<li>le code couleur s\u2019\u00e9tend d\u00e9sormais du bleu (bon) au magenta (extr\u00eamement mauvais).<\/li>\n<\/ul>\n<p>Pour rappel, l\u2019indice ATMO est diffus\u00e9 par les associations agr\u00e9\u00e9es de surveillance de la qualit\u00e9 de l\u2019air (AASQA).<\/p>\n<p>Source : Communiqu\u00e9 de presse du Minist\u00e8re de la Transition Ecologique du 5 janvier 2021<\/p>\n<p><a title=\"Indice de la qualit\u00e9 de l\u2019air : \u00ab Il faut que tu respires, et \u00e7a c'est rien de le dire\u2026 \u00bb\" href=\"https:\/\/www.weblex.fr\/weblex-actualite\/qualite-de-lair-modification-de-lindice-atmo\" rel=\"nofollow noopener\" target=\"_blank\">Indice de la qualit\u00e9 de l\u2019air : \u00ab Il faut que tu respires, et \u00e7a c&#8217;est rien de le dire\u2026 \u00bb<\/a> \u00a9 Copyright WebLex &#8211; 2021<\/p>\n<\/div>\n<p><img src='https:\/\/www.weblex.fr\/images\/flux_actus\/qualiteair.jpg'><\/p>\n","protected":false},"excerpt":{"rendered":"<p>L\u2019indice de la qualit\u00e9 de l\u2019air, appel\u00e9 indice ATMO, est modifi\u00e9 depuis le 1er janvier 2021. Quelles sont les nouveaut\u00e9s \u00e0 conna\u00eetre ?<\/p>\n","protected":false},"author":0,"featured_media":4095,"comment_status":"open","ping_status":"closed","sticky":false,"template":"","format":"standard","meta":{"_acf_changed":false,"footnotes":""},"categories":[7,10],"tags":[],"class_list":["post-779","post","type-post","status-publish","format-standard","has-post-thumbnail","hentry","category-actualites","category-le-coin-du-dirigeant"],"acf":[],"yoast_head":"<!-- This site is optimized with the Yoast SEO plugin v27.2 - https:\/\/yoast.com\/product\/yoast-seo-wordpress\/ -->\n<title>Qualit\u00e9 de l\u2019air : modification de l\u2019indice ATMO - Cabinet Magar<\/title>\n<meta name=\"robots\" content=\"index, follow, max-snippet:-1, max-image-preview:large, max-video-preview:-1\" \/>\n<link rel=\"canonical\" href=\"https:\/\/www.cabinet-magar.fr\/de\/actualites\/qualite-de-lair-modification-de-lindice-atmo\/\" \/>\n<meta property=\"og:locale\" content=\"de_DE\" \/>\n<meta property=\"og:type\" content=\"article\" \/>\n<meta property=\"og:title\" content=\"Qualit\u00e9 de l\u2019air : modification de l\u2019indice ATMO - Cabinet Magar\" \/>\n<meta property=\"og:description\" content=\"L\u2019indice de la qualit\u00e9 de l\u2019air, appel\u00e9 indice ATMO, est modifi\u00e9 depuis le 1er janvier 2021. Quelles sont les nouveaut\u00e9s \u00e0 conna\u00eetre ?\" \/>\n<meta property=\"og:url\" content=\"https:\/\/www.cabinet-magar.fr\/de\/actualites\/qualite-de-lair-modification-de-lindice-atmo\/\" \/>\n<meta property=\"og:site_name\" content=\"Cabinet Magar\" \/>\n<meta property=\"article:published_time\" content=\"2021-01-14T04:45:00+00:00\" \/>\n<meta property=\"article:modified_time\" content=\"2021-04-17T01:00:33+00:00\" \/>\n<meta property=\"og:image\" content=\"https:\/\/www.cabinet-magar.fr\/wp-content\/uploads\/2021\/04\/qualiteair.jpg\" \/>\n\t<meta property=\"og:image:width\" content=\"600\" \/>\n\t<meta property=\"og:image:height\" content=\"400\" \/>\n\t<meta property=\"og:image:type\" content=\"image\/jpeg\" \/>\n<meta name=\"twitter:card\" content=\"summary_large_image\" \/>\n<meta name=\"twitter:label1\" content=\"Gesch\u00e4tzte Lesezeit\" \/>\n\t<meta name=\"twitter:data1\" content=\"1\u00a0Minute\" \/>\n<script type=\"application\/ld+json\" class=\"yoast-schema-graph\">{\"@context\":\"https:\/\/schema.org\",\"@graph\":[{\"@type\":\"Article\",\"@id\":\"https:\/\/www.cabinet-magar.fr\/de\/actualites\/qualite-de-lair-modification-de-lindice-atmo\/#article\",\"isPartOf\":{\"@id\":\"https:\/\/www.cabinet-magar.fr\/de\/actualites\/qualite-de-lair-modification-de-lindice-atmo\/\"},\"author\":{\"name\":\"\",\"@id\":\"\"},\"headline\":\"Qualit\u00e9 de l\u2019air : modification de l\u2019indice ATMO\",\"datePublished\":\"2021-01-14T04:45:00+00:00\",\"dateModified\":\"2021-04-17T01:00:33+00:00\",\"mainEntityOfPage\":{\"@id\":\"https:\/\/www.cabinet-magar.fr\/de\/actualites\/qualite-de-lair-modification-de-lindice-atmo\/\"},\"wordCount\":219,\"commentCount\":0,\"image\":{\"@id\":\"https:\/\/www.cabinet-magar.fr\/de\/actualites\/qualite-de-lair-modification-de-lindice-atmo\/#primaryimage\"},\"thumbnailUrl\":\"https:\/\/www.cabinet-magar.fr\/wp-content\/uploads\/2021\/04\/qualiteair.jpg\",\"articleSection\":[\"Actualit\u00e9s\",\"Le coin du dirigeant\"],\"inLanguage\":\"de\",\"potentialAction\":[{\"@type\":\"CommentAction\",\"name\":\"Comment\",\"target\":[\"https:\/\/www.cabinet-magar.fr\/de\/actualites\/qualite-de-lair-modification-de-lindice-atmo\/#respond\"]}]},{\"@type\":\"WebPage\",\"@id\":\"https:\/\/www.cabinet-magar.fr\/de\/actualites\/qualite-de-lair-modification-de-lindice-atmo\/\",\"url\":\"https:\/\/www.cabinet-magar.fr\/de\/actualites\/qualite-de-lair-modification-de-lindice-atmo\/\",\"name\":\"Qualit\u00e9 de l\u2019air : modification de l\u2019indice ATMO - Cabinet Magar\",\"isPartOf\":{\"@id\":\"https:\/\/www.cabinet-magar.fr\/#website\"},\"primaryImageOfPage\":{\"@id\":\"https:\/\/www.cabinet-magar.fr\/de\/actualites\/qualite-de-lair-modification-de-lindice-atmo\/#primaryimage\"},\"image\":{\"@id\":\"https:\/\/www.cabinet-magar.fr\/de\/actualites\/qualite-de-lair-modification-de-lindice-atmo\/#primaryimage\"},\"thumbnailUrl\":\"https:\/\/www.cabinet-magar.fr\/wp-content\/uploads\/2021\/04\/qualiteair.jpg\",\"datePublished\":\"2021-01-14T04:45:00+00:00\",\"dateModified\":\"2021-04-17T01:00:33+00:00\",\"author\":{\"@id\":\"\"},\"breadcrumb\":{\"@id\":\"https:\/\/www.cabinet-magar.fr\/de\/actualites\/qualite-de-lair-modification-de-lindice-atmo\/#breadcrumb\"},\"inLanguage\":\"de\",\"potentialAction\":[{\"@type\":\"ReadAction\",\"target\":[\"https:\/\/www.cabinet-magar.fr\/de\/actualites\/qualite-de-lair-modification-de-lindice-atmo\/\"]}]},{\"@type\":\"ImageObject\",\"inLanguage\":\"de\",\"@id\":\"https:\/\/www.cabinet-magar.fr\/de\/actualites\/qualite-de-lair-modification-de-lindice-atmo\/#primaryimage\",\"url\":\"https:\/\/www.cabinet-magar.fr\/wp-content\/uploads\/2021\/04\/qualiteair.jpg\",\"contentUrl\":\"https:\/\/www.cabinet-magar.fr\/wp-content\/uploads\/2021\/04\/qualiteair.jpg\",\"width\":600,\"height\":400},{\"@type\":\"BreadcrumbList\",\"@id\":\"https:\/\/www.cabinet-magar.fr\/de\/actualites\/qualite-de-lair-modification-de-lindice-atmo\/#breadcrumb\",\"itemListElement\":[{\"@type\":\"ListItem\",\"position\":1,\"name\":\"Accueil\",\"item\":\"https:\/\/www.cabinet-magar.fr\/de\/\"},{\"@type\":\"ListItem\",\"position\":2,\"name\":\"Qualit\u00e9 de l\u2019air : modification de l\u2019indice ATMO\"}]},{\"@type\":\"WebSite\",\"@id\":\"https:\/\/www.cabinet-magar.fr\/#website\",\"url\":\"https:\/\/www.cabinet-magar.fr\/\",\"name\":\"Cabinet Magar\",\"description\":\"\",\"potentialAction\":[{\"@type\":\"SearchAction\",\"target\":{\"@type\":\"EntryPoint\",\"urlTemplate\":\"https:\/\/www.cabinet-magar.fr\/?s={search_term_string}\"},\"query-input\":{\"@type\":\"PropertyValueSpecification\",\"valueRequired\":true,\"valueName\":\"search_term_string\"}}],\"inLanguage\":\"de\"}]}<\/script>\n<!-- \/ Yoast SEO plugin. -->","yoast_head_json":{"title":"Qualit\u00e9 de l\u2019air : modification de l\u2019indice ATMO - Cabinet Magar","robots":{"index":"index","follow":"follow","max-snippet":"max-snippet:-1","max-image-preview":"max-image-preview:large","max-video-preview":"max-video-preview:-1"},"canonical":"https:\/\/www.cabinet-magar.fr\/de\/actualites\/qualite-de-lair-modification-de-lindice-atmo\/","og_locale":"de_DE","og_type":"article","og_title":"Qualit\u00e9 de l\u2019air : modification de l\u2019indice ATMO - Cabinet Magar","og_description":"L\u2019indice de la qualit\u00e9 de l\u2019air, appel\u00e9 indice ATMO, est modifi\u00e9 depuis le 1er janvier 2021. Quelles sont les nouveaut\u00e9s \u00e0 conna\u00eetre ?","og_url":"https:\/\/www.cabinet-magar.fr\/de\/actualites\/qualite-de-lair-modification-de-lindice-atmo\/","og_site_name":"Cabinet Magar","article_published_time":"2021-01-14T04:45:00+00:00","article_modified_time":"2021-04-17T01:00:33+00:00","og_image":[{"width":600,"height":400,"url":"https:\/\/www.cabinet-magar.fr\/wp-content\/uploads\/2021\/04\/qualiteair.jpg","type":"image\/jpeg"}],"twitter_card":"summary_large_image","twitter_misc":{"Gesch\u00e4tzte Lesezeit":"1\u00a0Minute"},"schema":{"@context":"https:\/\/schema.org","@graph":[{"@type":"Article","@id":"https:\/\/www.cabinet-magar.fr\/de\/actualites\/qualite-de-lair-modification-de-lindice-atmo\/#article","isPartOf":{"@id":"https:\/\/www.cabinet-magar.fr\/de\/actualites\/qualite-de-lair-modification-de-lindice-atmo\/"},"author":{"name":"","@id":""},"headline":"Qualit\u00e9 de l\u2019air : modification de l\u2019indice ATMO","datePublished":"2021-01-14T04:45:00+00:00","dateModified":"2021-04-17T01:00:33+00:00","mainEntityOfPage":{"@id":"https:\/\/www.cabinet-magar.fr\/de\/actualites\/qualite-de-lair-modification-de-lindice-atmo\/"},"wordCount":219,"commentCount":0,"image":{"@id":"https:\/\/www.cabinet-magar.fr\/de\/actualites\/qualite-de-lair-modification-de-lindice-atmo\/#primaryimage"},"thumbnailUrl":"https:\/\/www.cabinet-magar.fr\/wp-content\/uploads\/2021\/04\/qualiteair.jpg","articleSection":["Actualit\u00e9s","Le coin du dirigeant"],"inLanguage":"de","potentialAction":[{"@type":"CommentAction","name":"Comment","target":["https:\/\/www.cabinet-magar.fr\/de\/actualites\/qualite-de-lair-modification-de-lindice-atmo\/#respond"]}]},{"@type":"WebPage","@id":"https:\/\/www.cabinet-magar.fr\/de\/actualites\/qualite-de-lair-modification-de-lindice-atmo\/","url":"https:\/\/www.cabinet-magar.fr\/de\/actualites\/qualite-de-lair-modification-de-lindice-atmo\/","name":"Qualit\u00e9 de l\u2019air : modification de l\u2019indice ATMO - Cabinet Magar","isPartOf":{"@id":"https:\/\/www.cabinet-magar.fr\/#website"},"primaryImageOfPage":{"@id":"https:\/\/www.cabinet-magar.fr\/de\/actualites\/qualite-de-lair-modification-de-lindice-atmo\/#primaryimage"},"image":{"@id":"https:\/\/www.cabinet-magar.fr\/de\/actualites\/qualite-de-lair-modification-de-lindice-atmo\/#primaryimage"},"thumbnailUrl":"https:\/\/www.cabinet-magar.fr\/wp-content\/uploads\/2021\/04\/qualiteair.jpg","datePublished":"2021-01-14T04:45:00+00:00","dateModified":"2021-04-17T01:00:33+00:00","author":{"@id":""},"breadcrumb":{"@id":"https:\/\/www.cabinet-magar.fr\/de\/actualites\/qualite-de-lair-modification-de-lindice-atmo\/#breadcrumb"},"inLanguage":"de","potentialAction":[{"@type":"ReadAction","target":["https:\/\/www.cabinet-magar.fr\/de\/actualites\/qualite-de-lair-modification-de-lindice-atmo\/"]}]},{"@type":"ImageObject","inLanguage":"de","@id":"https:\/\/www.cabinet-magar.fr\/de\/actualites\/qualite-de-lair-modification-de-lindice-atmo\/#primaryimage","url":"https:\/\/www.cabinet-magar.fr\/wp-content\/uploads\/2021\/04\/qualiteair.jpg","contentUrl":"https:\/\/www.cabinet-magar.fr\/wp-content\/uploads\/2021\/04\/qualiteair.jpg","width":600,"height":400},{"@type":"BreadcrumbList","@id":"https:\/\/www.cabinet-magar.fr\/de\/actualites\/qualite-de-lair-modification-de-lindice-atmo\/#breadcrumb","itemListElement":[{"@type":"ListItem","position":1,"name":"Accueil","item":"https:\/\/www.cabinet-magar.fr\/de\/"},{"@type":"ListItem","position":2,"name":"Qualit\u00e9 de l\u2019air : modification de l\u2019indice ATMO"}]},{"@type":"WebSite","@id":"https:\/\/www.cabinet-magar.fr\/#website","url":"https:\/\/www.cabinet-magar.fr\/","name":"Cabinet Magar","description":"","potentialAction":[{"@type":"SearchAction","target":{"@type":"EntryPoint","urlTemplate":"https:\/\/www.cabinet-magar.fr\/?s={search_term_string}"},"query-input":{"@type":"PropertyValueSpecification","valueRequired":true,"valueName":"search_term_string"}}],"inLanguage":"de"}]}},"_links":{"self":[{"href":"https:\/\/www.cabinet-magar.fr\/de\/wp-json\/wp\/v2\/posts\/779","targetHints":{"allow":["GET"]}}],"collection":[{"href":"https:\/\/www.cabinet-magar.fr\/de\/wp-json\/wp\/v2\/posts"}],"about":[{"href":"https:\/\/www.cabinet-magar.fr\/de\/wp-json\/wp\/v2\/types\/post"}],"replies":[{"embeddable":true,"href":"https:\/\/www.cabinet-magar.fr\/de\/wp-json\/wp\/v2\/comments?post=779"}],"version-history":[{"count":1,"href":"https:\/\/www.cabinet-magar.fr\/de\/wp-json\/wp\/v2\/posts\/779\/revisions"}],"predecessor-version":[{"id":4094,"href":"https:\/\/www.cabinet-magar.fr\/de\/wp-json\/wp\/v2\/posts\/779\/revisions\/4094"}],"wp:featuredmedia":[{"embeddable":true,"href":"https:\/\/www.cabinet-magar.fr\/de\/wp-json\/wp\/v2\/media\/4095"}],"wp:attachment":[{"href":"https:\/\/www.cabinet-magar.fr\/de\/wp-json\/wp\/v2\/media?parent=779"}],"wp:term":[{"taxonomy":"category","embeddable":true,"href":"https:\/\/www.cabinet-magar.fr\/de\/wp-json\/wp\/v2\/categories?post=779"},{"taxonomy":"post_tag","embeddable":true,"href":"https:\/\/www.cabinet-magar.fr\/de\/wp-json\/wp\/v2\/tags?post=779"}],"curies":[{"name":"wp","href":"https:\/\/api.w.org\/{rel}","templated":true}]}}