{"id":778,"date":"2021-01-14T05:45:00","date_gmt":"2021-01-14T04:45:00","guid":{"rendered":"https:\/\/www.cabinet-magar.fr\/carte-btp-combien-ca-coute\/"},"modified":"2021-04-17T03:00:30","modified_gmt":"2021-04-17T01:00:30","slug":"carte-btp-combien-ca-coute","status":"publish","type":"post","link":"https:\/\/www.cabinet-magar.fr\/de\/actualites\/carte-btp-combien-ca-coute\/","title":{"rendered":"Carte BTP : combien \u00e7a co\u00fbte ?"},"content":{"rendered":"<p >Pour lutter contre le travail dissimul\u00e9, certains professionnels du secteur du b\u00e2timent et des travaux publics (BTP) doivent obtenir une carte professionnelle, dont le co\u00fbt vient d\u2019\u00eatre modifi\u00e9 : \u00e0 la hausse ou \u00e0 la baisse ?<\/p>\n<div>\n<h2>Carte BTP : elle co\u00fbte (un peu) moins cher !<\/h2>\n<p>Pour rappel, certains professionnels du secteur du BTP doivent obtenir une carte professionnelle pour pouvoir travailler.<\/p>\n<p>Cette carte professionnelle a pour but de lutter contre le travail ill\u00e9gal et la concurrence sociale d\u00e9loyale, et permet aux entreprises de justifier de l\u2019emploi de leurs salari\u00e9s en cas de contr\u00f4le sur les chantiers.<\/p>\n<p>Les professions suivantes n\u2019ont pas besoin de demander la carte professionnelle BTP, m\u00eame lorsqu&#8217;elles travaillent sur un chantier : architectes, diagnostiqueurs immobiliers, m\u00e9treurs, coordinateurs en mati\u00e8re de s\u00e9curit\u00e9 et de protection de la sant\u00e9, chauffeurs, livreurs, g\u00e9om\u00e8tres-topographes et g\u00e9om\u00e8tres-experts.<\/p>\n<p>L\u2019attribution de cette carte est payante : jusqu\u2019\u00e0 pr\u00e9sent, l\u2019employeur \u00e9tait tenu de verser une redevance d\u2019un montant de 10,80 \u20ac. D\u00e9sormais, le co\u00fbt de cette carte est de 9,80 \u20ac.<\/p>\n<p>Source : https:\/\/www.cartebtp.fr\/<\/p>\n<p><a title=\"Carte BTP : combien \u00e7a co\u00fbte ?\" href=\"https:\/\/www.weblex.fr\/weblex-actualite\/carte-btp-combien-ca-coute\" rel=\"nofollow noopener\" target=\"_blank\">Carte BTP : combien \u00e7a co\u00fbte ?<\/a> \u00a9 Copyright WebLex &#8211; 2021<\/p>\n<\/div>\n<p><img src='https:\/\/www.weblex.fr\/images\/flux_actus\/carteprobtp.jpg'><\/p>\n","protected":false},"excerpt":{"rendered":"<p>Pour lutter contre le travail dissimul\u00e9, certains professionnels du secteur du b\u00e2timent et des travaux publics (BTP) doivent obtenir une carte professionnelle, dont le co\u00fbt vient d\u2019\u00eatre modifi\u00e9 : \u00e0 la hausse ou \u00e0 la baisse ?<\/p>\n","protected":false},"author":0,"featured_media":4093,"comment_status":"open","ping_status":"closed","sticky":false,"template":"","format":"standard","meta":{"_acf_changed":false,"footnotes":""},"categories":[9,7],"tags":[],"class_list":["post-778","post","type-post","status-publish","format-standard","has-post-thumbnail","hentry","category-actu-juridique","category-actualites"],"acf":[],"yoast_head":"<!-- This site is optimized with the Yoast SEO plugin v27.2 - https:\/\/yoast.com\/product\/yoast-seo-wordpress\/ -->\n<title>Carte BTP : combien \u00e7a co\u00fbte ? - Cabinet Magar<\/title>\n<meta name=\"robots\" content=\"index, follow, max-snippet:-1, max-image-preview:large, max-video-preview:-1\" \/>\n<link rel=\"canonical\" href=\"https:\/\/www.cabinet-magar.fr\/actualites\/carte-btp-combien-ca-coute\/\" \/>\n<meta property=\"og:locale\" content=\"de_DE\" \/>\n<meta property=\"og:type\" content=\"article\" \/>\n<meta property=\"og:title\" content=\"Carte BTP : combien \u00e7a co\u00fbte ? - Cabinet Magar\" \/>\n<meta property=\"og:description\" content=\"Pour lutter contre le travail dissimul\u00e9, certains professionnels du secteur du b\u00e2timent et des travaux publics (BTP) doivent obtenir une carte professionnelle, dont le co\u00fbt vient d\u2019\u00eatre modifi\u00e9 : \u00e0 la hausse ou \u00e0 la baisse ?\" \/>\n<meta property=\"og:url\" content=\"https:\/\/www.cabinet-magar.fr\/actualites\/carte-btp-combien-ca-coute\/\" \/>\n<meta property=\"og:site_name\" content=\"Cabinet Magar\" \/>\n<meta property=\"article:published_time\" content=\"2021-01-14T04:45:00+00:00\" \/>\n<meta property=\"article:modified_time\" content=\"2021-04-17T01:00:30+00:00\" \/>\n<meta property=\"og:image\" content=\"https:\/\/www.cabinet-magar.fr\/wp-content\/uploads\/2021\/04\/carteprobtp.jpg\" \/>\n\t<meta property=\"og:image:width\" content=\"600\" \/>\n\t<meta property=\"og:image:height\" content=\"400\" \/>\n\t<meta property=\"og:image:type\" content=\"image\/jpeg\" \/>\n<meta name=\"twitter:card\" content=\"summary_large_image\" \/>\n<meta name=\"twitter:label1\" content=\"Gesch\u00e4tzte Lesezeit\" \/>\n\t<meta name=\"twitter:data1\" content=\"1\u00a0Minute\" \/>\n<script type=\"application\/ld+json\" class=\"yoast-schema-graph\">{\"@context\":\"https:\/\/schema.org\",\"@graph\":[{\"@type\":\"Article\",\"@id\":\"https:\/\/www.cabinet-magar.fr\/actualites\/carte-btp-combien-ca-coute\/#article\",\"isPartOf\":{\"@id\":\"https:\/\/www.cabinet-magar.fr\/actualites\/carte-btp-combien-ca-coute\/\"},\"author\":{\"name\":\"\",\"@id\":\"\"},\"headline\":\"Carte BTP : combien \u00e7a co\u00fbte ?\",\"datePublished\":\"2021-01-14T04:45:00+00:00\",\"dateModified\":\"2021-04-17T01:00:30+00:00\",\"mainEntityOfPage\":{\"@id\":\"https:\/\/www.cabinet-magar.fr\/actualites\/carte-btp-combien-ca-coute\/\"},\"wordCount\":201,\"commentCount\":0,\"image\":{\"@id\":\"https:\/\/www.cabinet-magar.fr\/actualites\/carte-btp-combien-ca-coute\/#primaryimage\"},\"thumbnailUrl\":\"https:\/\/www.cabinet-magar.fr\/wp-content\/uploads\/2021\/04\/carteprobtp.jpg\",\"articleSection\":[\"Actu Juridique\",\"Actualit\u00e9s\"],\"inLanguage\":\"de\",\"potentialAction\":[{\"@type\":\"CommentAction\",\"name\":\"Comment\",\"target\":[\"https:\/\/www.cabinet-magar.fr\/actualites\/carte-btp-combien-ca-coute\/#respond\"]}]},{\"@type\":\"WebPage\",\"@id\":\"https:\/\/www.cabinet-magar.fr\/actualites\/carte-btp-combien-ca-coute\/\",\"url\":\"https:\/\/www.cabinet-magar.fr\/actualites\/carte-btp-combien-ca-coute\/\",\"name\":\"Carte BTP : combien \u00e7a co\u00fbte ? - Cabinet Magar\",\"isPartOf\":{\"@id\":\"https:\/\/www.cabinet-magar.fr\/#website\"},\"primaryImageOfPage\":{\"@id\":\"https:\/\/www.cabinet-magar.fr\/actualites\/carte-btp-combien-ca-coute\/#primaryimage\"},\"image\":{\"@id\":\"https:\/\/www.cabinet-magar.fr\/actualites\/carte-btp-combien-ca-coute\/#primaryimage\"},\"thumbnailUrl\":\"https:\/\/www.cabinet-magar.fr\/wp-content\/uploads\/2021\/04\/carteprobtp.jpg\",\"datePublished\":\"2021-01-14T04:45:00+00:00\",\"dateModified\":\"2021-04-17T01:00:30+00:00\",\"author\":{\"@id\":\"\"},\"breadcrumb\":{\"@id\":\"https:\/\/www.cabinet-magar.fr\/actualites\/carte-btp-combien-ca-coute\/#breadcrumb\"},\"inLanguage\":\"de\",\"potentialAction\":[{\"@type\":\"ReadAction\",\"target\":[\"https:\/\/www.cabinet-magar.fr\/actualites\/carte-btp-combien-ca-coute\/\"]}]},{\"@type\":\"ImageObject\",\"inLanguage\":\"de\",\"@id\":\"https:\/\/www.cabinet-magar.fr\/actualites\/carte-btp-combien-ca-coute\/#primaryimage\",\"url\":\"https:\/\/www.cabinet-magar.fr\/wp-content\/uploads\/2021\/04\/carteprobtp.jpg\",\"contentUrl\":\"https:\/\/www.cabinet-magar.fr\/wp-content\/uploads\/2021\/04\/carteprobtp.jpg\",\"width\":600,\"height\":400},{\"@type\":\"BreadcrumbList\",\"@id\":\"https:\/\/www.cabinet-magar.fr\/actualites\/carte-btp-combien-ca-coute\/#breadcrumb\",\"itemListElement\":[{\"@type\":\"ListItem\",\"position\":1,\"name\":\"Accueil\",\"item\":\"https:\/\/www.cabinet-magar.fr\/de\/\"},{\"@type\":\"ListItem\",\"position\":2,\"name\":\"Carte BTP : combien \u00e7a co\u00fbte ?\"}]},{\"@type\":\"WebSite\",\"@id\":\"https:\/\/www.cabinet-magar.fr\/#website\",\"url\":\"https:\/\/www.cabinet-magar.fr\/\",\"name\":\"Cabinet Magar\",\"description\":\"\",\"potentialAction\":[{\"@type\":\"SearchAction\",\"target\":{\"@type\":\"EntryPoint\",\"urlTemplate\":\"https:\/\/www.cabinet-magar.fr\/?s={search_term_string}\"},\"query-input\":{\"@type\":\"PropertyValueSpecification\",\"valueRequired\":true,\"valueName\":\"search_term_string\"}}],\"inLanguage\":\"de\"}]}<\/script>\n<!-- \/ Yoast SEO plugin. -->","yoast_head_json":{"title":"Carte BTP : combien \u00e7a co\u00fbte ? - Cabinet Magar","robots":{"index":"index","follow":"follow","max-snippet":"max-snippet:-1","max-image-preview":"max-image-preview:large","max-video-preview":"max-video-preview:-1"},"canonical":"https:\/\/www.cabinet-magar.fr\/actualites\/carte-btp-combien-ca-coute\/","og_locale":"de_DE","og_type":"article","og_title":"Carte BTP : combien \u00e7a co\u00fbte ? - Cabinet Magar","og_description":"Pour lutter contre le travail dissimul\u00e9, certains professionnels du secteur du b\u00e2timent et des travaux publics (BTP) doivent obtenir une carte professionnelle, dont le co\u00fbt vient d\u2019\u00eatre modifi\u00e9 : \u00e0 la hausse ou \u00e0 la baisse ?","og_url":"https:\/\/www.cabinet-magar.fr\/actualites\/carte-btp-combien-ca-coute\/","og_site_name":"Cabinet Magar","article_published_time":"2021-01-14T04:45:00+00:00","article_modified_time":"2021-04-17T01:00:30+00:00","og_image":[{"width":600,"height":400,"url":"https:\/\/www.cabinet-magar.fr\/wp-content\/uploads\/2021\/04\/carteprobtp.jpg","type":"image\/jpeg"}],"twitter_card":"summary_large_image","twitter_misc":{"Gesch\u00e4tzte Lesezeit":"1\u00a0Minute"},"schema":{"@context":"https:\/\/schema.org","@graph":[{"@type":"Article","@id":"https:\/\/www.cabinet-magar.fr\/actualites\/carte-btp-combien-ca-coute\/#article","isPartOf":{"@id":"https:\/\/www.cabinet-magar.fr\/actualites\/carte-btp-combien-ca-coute\/"},"author":{"name":"","@id":""},"headline":"Carte BTP : combien \u00e7a co\u00fbte ?","datePublished":"2021-01-14T04:45:00+00:00","dateModified":"2021-04-17T01:00:30+00:00","mainEntityOfPage":{"@id":"https:\/\/www.cabinet-magar.fr\/actualites\/carte-btp-combien-ca-coute\/"},"wordCount":201,"commentCount":0,"image":{"@id":"https:\/\/www.cabinet-magar.fr\/actualites\/carte-btp-combien-ca-coute\/#primaryimage"},"thumbnailUrl":"https:\/\/www.cabinet-magar.fr\/wp-content\/uploads\/2021\/04\/carteprobtp.jpg","articleSection":["Actu Juridique","Actualit\u00e9s"],"inLanguage":"de","potentialAction":[{"@type":"CommentAction","name":"Comment","target":["https:\/\/www.cabinet-magar.fr\/actualites\/carte-btp-combien-ca-coute\/#respond"]}]},{"@type":"WebPage","@id":"https:\/\/www.cabinet-magar.fr\/actualites\/carte-btp-combien-ca-coute\/","url":"https:\/\/www.cabinet-magar.fr\/actualites\/carte-btp-combien-ca-coute\/","name":"Carte BTP : combien \u00e7a co\u00fbte ? - Cabinet Magar","isPartOf":{"@id":"https:\/\/www.cabinet-magar.fr\/#website"},"primaryImageOfPage":{"@id":"https:\/\/www.cabinet-magar.fr\/actualites\/carte-btp-combien-ca-coute\/#primaryimage"},"image":{"@id":"https:\/\/www.cabinet-magar.fr\/actualites\/carte-btp-combien-ca-coute\/#primaryimage"},"thumbnailUrl":"https:\/\/www.cabinet-magar.fr\/wp-content\/uploads\/2021\/04\/carteprobtp.jpg","datePublished":"2021-01-14T04:45:00+00:00","dateModified":"2021-04-17T01:00:30+00:00","author":{"@id":""},"breadcrumb":{"@id":"https:\/\/www.cabinet-magar.fr\/actualites\/carte-btp-combien-ca-coute\/#breadcrumb"},"inLanguage":"de","potentialAction":[{"@type":"ReadAction","target":["https:\/\/www.cabinet-magar.fr\/actualites\/carte-btp-combien-ca-coute\/"]}]},{"@type":"ImageObject","inLanguage":"de","@id":"https:\/\/www.cabinet-magar.fr\/actualites\/carte-btp-combien-ca-coute\/#primaryimage","url":"https:\/\/www.cabinet-magar.fr\/wp-content\/uploads\/2021\/04\/carteprobtp.jpg","contentUrl":"https:\/\/www.cabinet-magar.fr\/wp-content\/uploads\/2021\/04\/carteprobtp.jpg","width":600,"height":400},{"@type":"BreadcrumbList","@id":"https:\/\/www.cabinet-magar.fr\/actualites\/carte-btp-combien-ca-coute\/#breadcrumb","itemListElement":[{"@type":"ListItem","position":1,"name":"Accueil","item":"https:\/\/www.cabinet-magar.fr\/de\/"},{"@type":"ListItem","position":2,"name":"Carte BTP : combien \u00e7a co\u00fbte ?"}]},{"@type":"WebSite","@id":"https:\/\/www.cabinet-magar.fr\/#website","url":"https:\/\/www.cabinet-magar.fr\/","name":"Cabinet Magar","description":"","potentialAction":[{"@type":"SearchAction","target":{"@type":"EntryPoint","urlTemplate":"https:\/\/www.cabinet-magar.fr\/?s={search_term_string}"},"query-input":{"@type":"PropertyValueSpecification","valueRequired":true,"valueName":"search_term_string"}}],"inLanguage":"de"}]}},"_links":{"self":[{"href":"https:\/\/www.cabinet-magar.fr\/de\/wp-json\/wp\/v2\/posts\/778","targetHints":{"allow":["GET"]}}],"collection":[{"href":"https:\/\/www.cabinet-magar.fr\/de\/wp-json\/wp\/v2\/posts"}],"about":[{"href":"https:\/\/www.cabinet-magar.fr\/de\/wp-json\/wp\/v2\/types\/post"}],"replies":[{"embeddable":true,"href":"https:\/\/www.cabinet-magar.fr\/de\/wp-json\/wp\/v2\/comments?post=778"}],"version-history":[{"count":1,"href":"https:\/\/www.cabinet-magar.fr\/de\/wp-json\/wp\/v2\/posts\/778\/revisions"}],"predecessor-version":[{"id":4092,"href":"https:\/\/www.cabinet-magar.fr\/de\/wp-json\/wp\/v2\/posts\/778\/revisions\/4092"}],"wp:featuredmedia":[{"embeddable":true,"href":"https:\/\/www.cabinet-magar.fr\/de\/wp-json\/wp\/v2\/media\/4093"}],"wp:attachment":[{"href":"https:\/\/www.cabinet-magar.fr\/de\/wp-json\/wp\/v2\/media?parent=778"}],"wp:term":[{"taxonomy":"category","embeddable":true,"href":"https:\/\/www.cabinet-magar.fr\/de\/wp-json\/wp\/v2\/categories?post=778"},{"taxonomy":"post_tag","embeddable":true,"href":"https:\/\/www.cabinet-magar.fr\/de\/wp-json\/wp\/v2\/tags?post=778"}],"curies":[{"name":"wp","href":"https:\/\/api.w.org\/{rel}","templated":true}]}}