{"id":756,"date":"2021-01-18T05:45:00","date_gmt":"2021-01-18T04:45:00","guid":{"rendered":"https:\/\/www.cabinet-magar.fr\/coronavirus-covid-19-menus-amenagements-du-fonds-de-solidarite\/"},"modified":"2021-04-16T03:00:26","modified_gmt":"2021-04-16T01:00:26","slug":"coronavirus-covid-19-menus-amenagements-du-fonds-de-solidarite","status":"publish","type":"post","link":"https:\/\/www.cabinet-magar.fr\/de\/actualites\/coronavirus-covid-19-menus-amenagements-du-fonds-de-solidarite\/","title":{"rendered":"Coronavirus (COVID-19) : (menus) am\u00e9nagements du Fonds de solidarit\u00e9"},"content":{"rendered":"<p >Le Fonds de solidarit\u00e9 qui apporte, sous r\u00e9serve du respect de certaines conditions, des aides financi\u00e8res aux entreprises touch\u00e9es par la crise sanitaire, vient, \u00e0 nouveau, de faire l\u2019objet de divers am\u00e9nagements. Lesquels ?<\/p>\n<div>\n<h2> Coronavirus (COVID-19) : concernant l\u2019aide vers\u00e9e au titre du mois de novembre 2020<\/h2>\n<p>Pour rappel, les entreprises \u00e9ligibles au Fonds de solidarit\u00e9 qui ont fait l\u2019objet d\u2019une interdiction d\u2019accueil du public entre le 1er et le 30 novembre 2020 ou qui ont enregistr\u00e9 une perte d\u2019au moins 50 % de chiffre d\u2019affaires (CA) durant cette m\u00eame p\u00e9riode b\u00e9n\u00e9ficient, toutes conditions remplies, d\u2019une aide vers\u00e9e par le Fonds de solidarit\u00e9.<\/p>\n<p>Le montant de l\u2019aide varie selon, notamment, que l\u2019entreprise b\u00e9n\u00e9ficiaire rel\u00e8ve des secteurs identifi\u00e9s comme prioritairement touch\u00e9s par la crise (S1 ou S1 bis), dont la liste fait l\u2019objet d\u2019am\u00e9nagements r\u00e9guliers.<\/p>\n<p>Il est d\u00e9sormais pr\u00e9vu que la liste des secteurs S1 et S1 bis prise en compte dans le cadre du versement de l\u2019aide du mois de novembre 2020 est celle en vigueur au 31 d\u00e9cembre 2020.<\/p>\n<p>Par ailleurs, il est pour l\u2019instant pr\u00e9vu que pour les entreprises ayant fait l&#8217;objet d&#8217;une interdiction d&#8217;accueil du public, le CA du mois de novembre 2020 n&#8217;int\u00e8gre pas le CA r\u00e9alis\u00e9 sur les activit\u00e9s de vente \u00e0 distance avec retrait en magasin ou livraison.<\/p>\n<p>Cette disposition est am\u00e9nag\u00e9e : il est d\u00e9sormais pr\u00e9vu que pour ces entreprise, le CA du mois de novembre n\u2019int\u00e8gre pas le CA r\u00e9alis\u00e9 sur les activit\u00e9s de vente \u00e0 distance, avec retrait en magasin ou livraison, mais aussi sur les activit\u00e9s de vente \u00e0 emporter.<\/p>\n<p>Pour m\u00e9moire, dans le cadre de la demande d\u2019aide, il est pr\u00e9vu que certaines entreprises exer\u00e7ant leur activit\u00e9 principale dans un secteur relevant du S1 bis doivent joindre une d\u00e9claration sur l&#8217;honneur indiquant que l&#8217;entreprise dispose du document \u00e9tabli par un expert-comptable, tiers de confiance, attestant que l&#8217;entreprise remplit les crit\u00e8res pr\u00e9vus.<\/p>\n<p>La liste des entreprises concern\u00e9es, qui correspond \u00e0 une partie des activit\u00e9s \u00e9num\u00e9r\u00e9es dans S1 bis, est celle en vigueur au 31 d\u00e9cembre 2020.<\/p>\n<h2> Coronavirus (COVID-19) : concernant l\u2019aide vers\u00e9e au titre du mois de d\u00e9cembre 2020<\/h2>\n<p>Pour m\u00e9moire, les entreprises \u00e9ligibles au Fonds de solidarit\u00e9 qui ont fait l\u2019objet d\u2019une interdiction d\u2019accueil du public intervenue entre le 1er d\u00e9cembre 2020 et le 31 d\u00e9cembre 2020 ou qui ont subi une perte de CA d\u2019au moins 50 % durant cette p\u00e9riode peuvent, toutes conditions remplies, obtenir une aide financi\u00e8re.<\/p>\n<p>Il est d\u00e9sormais pr\u00e9cis\u00e9 que le CA de r\u00e9f\u00e9rence pris en compte dans le cadre dans le calcul de la perte de CA du mois de d\u00e9cembre 2020 est le suivant :<\/p>\n<ul>\n<li>le CA durant la m\u00eame p\u00e9riode de l&#8217;ann\u00e9e pr\u00e9c\u00e9dente, ou le CA mensuel moyen de l&#8217;ann\u00e9e 2019, si cette option est plus favorable \u00e0 l&#8217;entreprise ;<\/li>\n<li>ou, pour les entreprises cr\u00e9\u00e9es entre le 1er juin 2019 et le 31 janvier 2020, le CA mensuel moyen sur la p\u00e9riode comprise entre la date de cr\u00e9ation de l&#8217;entreprise et le 29 f\u00e9vrier 2020 ;<\/li>\n<li>ou, pour les entreprises cr\u00e9\u00e9es entre le 1er f\u00e9vrier 2020 et le 29 f\u00e9vrier 2020, le CA r\u00e9alis\u00e9 en f\u00e9vrier 2020 et ramen\u00e9 sur un mois ;<\/li>\n<li>ou, pour les entreprises cr\u00e9\u00e9es apr\u00e8s le 1er mars 2020, le CA mensuel moyen r\u00e9alis\u00e9 entre le 1er juillet 2020, ou \u00e0 d\u00e9faut la date de cr\u00e9ation de l&#8217;entreprise, et le 31 octobre 2020.<\/li>\n<\/ul>\n<p>Jusqu\u2019\u00e0 pr\u00e9sent, il \u00e9tait pr\u00e9vu que pour les entreprises ayant fait l&#8217;objet d&#8217;une interdiction d&#8217;accueil du public, le CA du mois de d\u00e9cembre 2020 int\u00e9grait 50 % du CA r\u00e9alis\u00e9 sur les activit\u00e9s de vente \u00e0 distance avec retrait en magasin ou livraison.<\/p>\n<p>Cette disposition est l\u00e0 encore am\u00e9nag\u00e9e : il est d\u00e9sormais pr\u00e9vu que pour ces entreprises, le CA du mois de d\u00e9cembre 2020 n&#8217;int\u00e8gre pas le CA r\u00e9alis\u00e9 sur les activit\u00e9s de vente \u00e0 distance, avec retrait en magasin ou livraison, ou sur les activit\u00e9s de vente \u00e0 emporter.<\/p>\n<p>Source : D\u00e9cret n\u00b0 2021-32 du 16 janvier 2021 relatif au fonds de solidarit\u00e9 \u00e0 destination des entreprises particuli\u00e8rement touch\u00e9es par les cons\u00e9quences \u00e9conomiques, financi\u00e8res et sociales de la propagation de l&#8217;\u00e9pid\u00e9mie de covid-19 et des mesures prises pour limiter cette propagation<\/p>\n<p><a href=\"https:\/\/www.weblex.fr\/weblex-actualite\/coronavirus-covid-19-menus-amenagements-du-fonds-de-solidarite\" rel=\"nofollow noopener\" target=\"_blank\">Coronavirus (COVID-19) : (menus) am\u00e9nagements du Fonds de solidarit\u00e9<\/a> \u00a9 Copyright WebLex &#8211; 2021<\/p>\n<\/div>\n<\/div>\n<p><img src='https:\/\/www.weblex.fr\/images\/flux_actus\/aidefinanciere7.jpg'><\/p>\n","protected":false},"excerpt":{"rendered":"<p>Le Fonds de solidarit\u00e9 qui apporte, sous r\u00e9serve du respect de certaines conditions, des aides financi\u00e8res aux entreprises touch\u00e9es par la crise sanitaire, vient, \u00e0 nouveau, de faire l\u2019objet de divers am\u00e9nagements. Lesquels ?<\/p>\n","protected":false},"author":0,"featured_media":3695,"comment_status":"open","ping_status":"closed","sticky":false,"template":"","format":"standard","meta":{"_acf_changed":false,"footnotes":""},"categories":[9,7],"tags":[],"class_list":["post-756","post","type-post","status-publish","format-standard","has-post-thumbnail","hentry","category-actu-juridique","category-actualites"],"acf":[],"yoast_head":"<!-- This site is optimized with the Yoast SEO plugin v27.2 - https:\/\/yoast.com\/product\/yoast-seo-wordpress\/ -->\n<title>Coronavirus (COVID-19) : (menus) am\u00e9nagements du Fonds de solidarit\u00e9 - Cabinet Magar<\/title>\n<meta name=\"robots\" content=\"index, follow, max-snippet:-1, max-image-preview:large, max-video-preview:-1\" \/>\n<link rel=\"canonical\" href=\"https:\/\/www.cabinet-magar.fr\/de\/actualites\/coronavirus-covid-19-menus-amenagements-du-fonds-de-solidarite\/\" \/>\n<meta property=\"og:locale\" content=\"de_DE\" \/>\n<meta property=\"og:type\" content=\"article\" \/>\n<meta property=\"og:title\" content=\"Coronavirus (COVID-19) : (menus) am\u00e9nagements du Fonds de solidarit\u00e9 - Cabinet Magar\" \/>\n<meta property=\"og:description\" content=\"Le Fonds de solidarit\u00e9 qui apporte, sous r\u00e9serve du respect de certaines conditions, des aides financi\u00e8res aux entreprises touch\u00e9es par la crise sanitaire, vient, \u00e0 nouveau, de faire l\u2019objet de divers am\u00e9nagements. Lesquels ?\" \/>\n<meta property=\"og:url\" content=\"https:\/\/www.cabinet-magar.fr\/de\/actualites\/coronavirus-covid-19-menus-amenagements-du-fonds-de-solidarite\/\" \/>\n<meta property=\"og:site_name\" content=\"Cabinet Magar\" \/>\n<meta property=\"article:published_time\" content=\"2021-01-18T04:45:00+00:00\" \/>\n<meta property=\"article:modified_time\" content=\"2021-04-16T01:00:26+00:00\" \/>\n<meta property=\"og:image\" content=\"https:\/\/www.cabinet-magar.fr\/wp-content\/uploads\/2021\/04\/aidefinanciere7.jpg\" \/>\n\t<meta property=\"og:image:width\" content=\"600\" \/>\n\t<meta property=\"og:image:height\" content=\"400\" \/>\n\t<meta property=\"og:image:type\" content=\"image\/jpeg\" \/>\n<meta name=\"twitter:card\" content=\"summary_large_image\" \/>\n<meta name=\"twitter:label1\" content=\"Gesch\u00e4tzte Lesezeit\" \/>\n\t<meta name=\"twitter:data1\" content=\"4\u00a0Minuten\" \/>\n<script type=\"application\/ld+json\" class=\"yoast-schema-graph\">{\"@context\":\"https:\/\/schema.org\",\"@graph\":[{\"@type\":\"Article\",\"@id\":\"https:\/\/www.cabinet-magar.fr\/de\/actualites\/coronavirus-covid-19-menus-amenagements-du-fonds-de-solidarite\/#article\",\"isPartOf\":{\"@id\":\"https:\/\/www.cabinet-magar.fr\/de\/actualites\/coronavirus-covid-19-menus-amenagements-du-fonds-de-solidarite\/\"},\"author\":{\"name\":\"\",\"@id\":\"\"},\"headline\":\"Coronavirus (COVID-19) : (menus) am\u00e9nagements du Fonds de solidarit\u00e9\",\"datePublished\":\"2021-01-18T04:45:00+00:00\",\"dateModified\":\"2021-04-16T01:00:26+00:00\",\"mainEntityOfPage\":{\"@id\":\"https:\/\/www.cabinet-magar.fr\/de\/actualites\/coronavirus-covid-19-menus-amenagements-du-fonds-de-solidarite\/\"},\"wordCount\":785,\"commentCount\":0,\"image\":{\"@id\":\"https:\/\/www.cabinet-magar.fr\/de\/actualites\/coronavirus-covid-19-menus-amenagements-du-fonds-de-solidarite\/#primaryimage\"},\"thumbnailUrl\":\"https:\/\/www.cabinet-magar.fr\/wp-content\/uploads\/2021\/04\/aidefinanciere7.jpg\",\"articleSection\":[\"Actu Juridique\",\"Actualit\u00e9s\"],\"inLanguage\":\"de\",\"potentialAction\":[{\"@type\":\"CommentAction\",\"name\":\"Comment\",\"target\":[\"https:\/\/www.cabinet-magar.fr\/de\/actualites\/coronavirus-covid-19-menus-amenagements-du-fonds-de-solidarite\/#respond\"]}]},{\"@type\":\"WebPage\",\"@id\":\"https:\/\/www.cabinet-magar.fr\/de\/actualites\/coronavirus-covid-19-menus-amenagements-du-fonds-de-solidarite\/\",\"url\":\"https:\/\/www.cabinet-magar.fr\/de\/actualites\/coronavirus-covid-19-menus-amenagements-du-fonds-de-solidarite\/\",\"name\":\"Coronavirus (COVID-19) : (menus) am\u00e9nagements du Fonds de solidarit\u00e9 - Cabinet Magar\",\"isPartOf\":{\"@id\":\"https:\/\/www.cabinet-magar.fr\/#website\"},\"primaryImageOfPage\":{\"@id\":\"https:\/\/www.cabinet-magar.fr\/de\/actualites\/coronavirus-covid-19-menus-amenagements-du-fonds-de-solidarite\/#primaryimage\"},\"image\":{\"@id\":\"https:\/\/www.cabinet-magar.fr\/de\/actualites\/coronavirus-covid-19-menus-amenagements-du-fonds-de-solidarite\/#primaryimage\"},\"thumbnailUrl\":\"https:\/\/www.cabinet-magar.fr\/wp-content\/uploads\/2021\/04\/aidefinanciere7.jpg\",\"datePublished\":\"2021-01-18T04:45:00+00:00\",\"dateModified\":\"2021-04-16T01:00:26+00:00\",\"author\":{\"@id\":\"\"},\"breadcrumb\":{\"@id\":\"https:\/\/www.cabinet-magar.fr\/de\/actualites\/coronavirus-covid-19-menus-amenagements-du-fonds-de-solidarite\/#breadcrumb\"},\"inLanguage\":\"de\",\"potentialAction\":[{\"@type\":\"ReadAction\",\"target\":[\"https:\/\/www.cabinet-magar.fr\/de\/actualites\/coronavirus-covid-19-menus-amenagements-du-fonds-de-solidarite\/\"]}]},{\"@type\":\"ImageObject\",\"inLanguage\":\"de\",\"@id\":\"https:\/\/www.cabinet-magar.fr\/de\/actualites\/coronavirus-covid-19-menus-amenagements-du-fonds-de-solidarite\/#primaryimage\",\"url\":\"https:\/\/www.cabinet-magar.fr\/wp-content\/uploads\/2021\/04\/aidefinanciere7.jpg\",\"contentUrl\":\"https:\/\/www.cabinet-magar.fr\/wp-content\/uploads\/2021\/04\/aidefinanciere7.jpg\",\"width\":600,\"height\":400},{\"@type\":\"BreadcrumbList\",\"@id\":\"https:\/\/www.cabinet-magar.fr\/de\/actualites\/coronavirus-covid-19-menus-amenagements-du-fonds-de-solidarite\/#breadcrumb\",\"itemListElement\":[{\"@type\":\"ListItem\",\"position\":1,\"name\":\"Accueil\",\"item\":\"https:\/\/www.cabinet-magar.fr\/de\/\"},{\"@type\":\"ListItem\",\"position\":2,\"name\":\"Coronavirus (COVID-19) : (menus) am\u00e9nagements du Fonds de solidarit\u00e9\"}]},{\"@type\":\"WebSite\",\"@id\":\"https:\/\/www.cabinet-magar.fr\/#website\",\"url\":\"https:\/\/www.cabinet-magar.fr\/\",\"name\":\"Cabinet Magar\",\"description\":\"\",\"potentialAction\":[{\"@type\":\"SearchAction\",\"target\":{\"@type\":\"EntryPoint\",\"urlTemplate\":\"https:\/\/www.cabinet-magar.fr\/?s={search_term_string}\"},\"query-input\":{\"@type\":\"PropertyValueSpecification\",\"valueRequired\":true,\"valueName\":\"search_term_string\"}}],\"inLanguage\":\"de\"}]}<\/script>\n<!-- \/ Yoast SEO plugin. -->","yoast_head_json":{"title":"Coronavirus (COVID-19) : (menus) am\u00e9nagements du Fonds de solidarit\u00e9 - Cabinet Magar","robots":{"index":"index","follow":"follow","max-snippet":"max-snippet:-1","max-image-preview":"max-image-preview:large","max-video-preview":"max-video-preview:-1"},"canonical":"https:\/\/www.cabinet-magar.fr\/de\/actualites\/coronavirus-covid-19-menus-amenagements-du-fonds-de-solidarite\/","og_locale":"de_DE","og_type":"article","og_title":"Coronavirus (COVID-19) : (menus) am\u00e9nagements du Fonds de solidarit\u00e9 - Cabinet Magar","og_description":"Le Fonds de solidarit\u00e9 qui apporte, sous r\u00e9serve du respect de certaines conditions, des aides financi\u00e8res aux entreprises touch\u00e9es par la crise sanitaire, vient, \u00e0 nouveau, de faire l\u2019objet de divers am\u00e9nagements. Lesquels ?","og_url":"https:\/\/www.cabinet-magar.fr\/de\/actualites\/coronavirus-covid-19-menus-amenagements-du-fonds-de-solidarite\/","og_site_name":"Cabinet Magar","article_published_time":"2021-01-18T04:45:00+00:00","article_modified_time":"2021-04-16T01:00:26+00:00","og_image":[{"width":600,"height":400,"url":"https:\/\/www.cabinet-magar.fr\/wp-content\/uploads\/2021\/04\/aidefinanciere7.jpg","type":"image\/jpeg"}],"twitter_card":"summary_large_image","twitter_misc":{"Gesch\u00e4tzte Lesezeit":"4\u00a0Minuten"},"schema":{"@context":"https:\/\/schema.org","@graph":[{"@type":"Article","@id":"https:\/\/www.cabinet-magar.fr\/de\/actualites\/coronavirus-covid-19-menus-amenagements-du-fonds-de-solidarite\/#article","isPartOf":{"@id":"https:\/\/www.cabinet-magar.fr\/de\/actualites\/coronavirus-covid-19-menus-amenagements-du-fonds-de-solidarite\/"},"author":{"name":"","@id":""},"headline":"Coronavirus (COVID-19) : (menus) am\u00e9nagements du Fonds de solidarit\u00e9","datePublished":"2021-01-18T04:45:00+00:00","dateModified":"2021-04-16T01:00:26+00:00","mainEntityOfPage":{"@id":"https:\/\/www.cabinet-magar.fr\/de\/actualites\/coronavirus-covid-19-menus-amenagements-du-fonds-de-solidarite\/"},"wordCount":785,"commentCount":0,"image":{"@id":"https:\/\/www.cabinet-magar.fr\/de\/actualites\/coronavirus-covid-19-menus-amenagements-du-fonds-de-solidarite\/#primaryimage"},"thumbnailUrl":"https:\/\/www.cabinet-magar.fr\/wp-content\/uploads\/2021\/04\/aidefinanciere7.jpg","articleSection":["Actu Juridique","Actualit\u00e9s"],"inLanguage":"de","potentialAction":[{"@type":"CommentAction","name":"Comment","target":["https:\/\/www.cabinet-magar.fr\/de\/actualites\/coronavirus-covid-19-menus-amenagements-du-fonds-de-solidarite\/#respond"]}]},{"@type":"WebPage","@id":"https:\/\/www.cabinet-magar.fr\/de\/actualites\/coronavirus-covid-19-menus-amenagements-du-fonds-de-solidarite\/","url":"https:\/\/www.cabinet-magar.fr\/de\/actualites\/coronavirus-covid-19-menus-amenagements-du-fonds-de-solidarite\/","name":"Coronavirus (COVID-19) : (menus) am\u00e9nagements du Fonds de solidarit\u00e9 - Cabinet Magar","isPartOf":{"@id":"https:\/\/www.cabinet-magar.fr\/#website"},"primaryImageOfPage":{"@id":"https:\/\/www.cabinet-magar.fr\/de\/actualites\/coronavirus-covid-19-menus-amenagements-du-fonds-de-solidarite\/#primaryimage"},"image":{"@id":"https:\/\/www.cabinet-magar.fr\/de\/actualites\/coronavirus-covid-19-menus-amenagements-du-fonds-de-solidarite\/#primaryimage"},"thumbnailUrl":"https:\/\/www.cabinet-magar.fr\/wp-content\/uploads\/2021\/04\/aidefinanciere7.jpg","datePublished":"2021-01-18T04:45:00+00:00","dateModified":"2021-04-16T01:00:26+00:00","author":{"@id":""},"breadcrumb":{"@id":"https:\/\/www.cabinet-magar.fr\/de\/actualites\/coronavirus-covid-19-menus-amenagements-du-fonds-de-solidarite\/#breadcrumb"},"inLanguage":"de","potentialAction":[{"@type":"ReadAction","target":["https:\/\/www.cabinet-magar.fr\/de\/actualites\/coronavirus-covid-19-menus-amenagements-du-fonds-de-solidarite\/"]}]},{"@type":"ImageObject","inLanguage":"de","@id":"https:\/\/www.cabinet-magar.fr\/de\/actualites\/coronavirus-covid-19-menus-amenagements-du-fonds-de-solidarite\/#primaryimage","url":"https:\/\/www.cabinet-magar.fr\/wp-content\/uploads\/2021\/04\/aidefinanciere7.jpg","contentUrl":"https:\/\/www.cabinet-magar.fr\/wp-content\/uploads\/2021\/04\/aidefinanciere7.jpg","width":600,"height":400},{"@type":"BreadcrumbList","@id":"https:\/\/www.cabinet-magar.fr\/de\/actualites\/coronavirus-covid-19-menus-amenagements-du-fonds-de-solidarite\/#breadcrumb","itemListElement":[{"@type":"ListItem","position":1,"name":"Accueil","item":"https:\/\/www.cabinet-magar.fr\/de\/"},{"@type":"ListItem","position":2,"name":"Coronavirus (COVID-19) : (menus) am\u00e9nagements du Fonds de solidarit\u00e9"}]},{"@type":"WebSite","@id":"https:\/\/www.cabinet-magar.fr\/#website","url":"https:\/\/www.cabinet-magar.fr\/","name":"Cabinet Magar","description":"","potentialAction":[{"@type":"SearchAction","target":{"@type":"EntryPoint","urlTemplate":"https:\/\/www.cabinet-magar.fr\/?s={search_term_string}"},"query-input":{"@type":"PropertyValueSpecification","valueRequired":true,"valueName":"search_term_string"}}],"inLanguage":"de"}]}},"_links":{"self":[{"href":"https:\/\/www.cabinet-magar.fr\/de\/wp-json\/wp\/v2\/posts\/756","targetHints":{"allow":["GET"]}}],"collection":[{"href":"https:\/\/www.cabinet-magar.fr\/de\/wp-json\/wp\/v2\/posts"}],"about":[{"href":"https:\/\/www.cabinet-magar.fr\/de\/wp-json\/wp\/v2\/types\/post"}],"replies":[{"embeddable":true,"href":"https:\/\/www.cabinet-magar.fr\/de\/wp-json\/wp\/v2\/comments?post=756"}],"version-history":[{"count":1,"href":"https:\/\/www.cabinet-magar.fr\/de\/wp-json\/wp\/v2\/posts\/756\/revisions"}],"predecessor-version":[{"id":4052,"href":"https:\/\/www.cabinet-magar.fr\/de\/wp-json\/wp\/v2\/posts\/756\/revisions\/4052"}],"wp:featuredmedia":[{"embeddable":true,"href":"https:\/\/www.cabinet-magar.fr\/de\/wp-json\/wp\/v2\/media\/3695"}],"wp:attachment":[{"href":"https:\/\/www.cabinet-magar.fr\/de\/wp-json\/wp\/v2\/media?parent=756"}],"wp:term":[{"taxonomy":"category","embeddable":true,"href":"https:\/\/www.cabinet-magar.fr\/de\/wp-json\/wp\/v2\/categories?post=756"},{"taxonomy":"post_tag","embeddable":true,"href":"https:\/\/www.cabinet-magar.fr\/de\/wp-json\/wp\/v2\/tags?post=756"}],"curies":[{"name":"wp","href":"https:\/\/api.w.org\/{rel}","templated":true}]}}