{"id":755,"date":"2021-01-18T05:45:00","date_gmt":"2021-01-18T04:45:00","guid":{"rendered":"https:\/\/www.cabinet-magar.fr\/ticfe-un-tarif-reduit-pour-certains-transporteurs-et-professionnels-de-la-peche\/"},"modified":"2021-04-16T03:00:22","modified_gmt":"2021-04-16T01:00:22","slug":"ticfe-un-tarif-reduit-pour-certains-transporteurs-et-professionnels-de-la-peche","status":"publish","type":"post","link":"https:\/\/www.cabinet-magar.fr\/de\/actualites\/ticfe-un-tarif-reduit-pour-certains-transporteurs-et-professionnels-de-la-peche\/","title":{"rendered":"TICFE : un tarif r\u00e9duit pour certains transporteurs et professionnels de la p\u00eache"},"content":{"rendered":"<p >Pour inciter certains professionnels \u00e0 s\u2019approvisionner en \u00e9lectricit\u00e9 aupr\u00e8s de bornes \u00e9lectriques lors du stationnement \u00e0 quai de leurs navires, il a \u00e9t\u00e9 d\u00e9cid\u00e9 de leur faire b\u00e9n\u00e9ficier d\u2019un tarif r\u00e9duit de taxe int\u00e9rieure sur la consommation finale d\u2019\u00e9lectricit\u00e9 (TICFE). Qui peut en b\u00e9n\u00e9ficier ? Quel est le montant de ce tarif r\u00e9duit ? R\u00e9ponses\u2026<\/p>\n<div>\n<h2> TICFE : un tarif r\u00e9duit fix\u00e9 \u00e0 0,5 \u20ac par m\u00e9gawattheure<\/h2>\n<p>Depuis le 1er janvier 2021, certains transporteurs, de m\u00eame que certaines entreprises exer\u00e7ant une activit\u00e9 de p\u00eache professionnelle, peuvent b\u00e9n\u00e9ficier d\u2019un tarif r\u00e9duit de taxe int\u00e9rieure sur la consommation finale d&#8217;\u00e9lectricit\u00e9 (TICFE).<\/p>\n<p>Ce tarif, fix\u00e9 \u00e0 0,5 \u20ac par m\u00e9gawattheure, s\u2019applique \u00e0 l\u2019\u00e9lectricit\u00e9 fournie lors du stationnement \u00e0 quai dans les ports, aux navires de p\u00eache, aux navires utilis\u00e9s \u00e0 des fins commerciales ou pour les besoins des autorit\u00e9s publiques, ainsi qu\u2019aux engins utilis\u00e9s pour la navigation sur les eaux int\u00e9rieures, \u00e0 l\u2019exception de la navigation de plaisance priv\u00e9e.<\/p>\n<p>Peuvent principalement en b\u00e9n\u00e9ficier :<\/p>\n<ul>\n<li>les entreprises de transport de passagers et de marchandises par voie fluviale (armateurs, entreprises de batellerie artisanale, croisi\u00e9ristes, entreprises exploitant des bateaux promenade, entreprises exploitant des p\u00e9niches-h\u00f4tels, entreprises de location de bateaux, compagnies de croisi\u00e8res maritimes et entreprises de transport maritimes de marchandises) ;<\/li>\n<li>et les entreprises exer\u00e7ant une activit\u00e9 de p\u00eache professionnelle maritime ou fluviale.<\/li>\n<\/ul>\n<p>L\u2019objectif de cette r\u00e9duction de tarif est d\u2019inciter ces professionnels \u00e0 s\u2019approvisionner en \u00e9lectricit\u00e9 aupr\u00e8s de bornes \u00e9lectriques lors du stationnement \u00e0 quai de leurs navires, plut\u00f4t que de la produire \u00e0 bord \u00e0 base de fioul.<\/p>\n<p>Source : D\u00e9cret n\u00b0 2020-1730 du 28 d\u00e9cembre 2020 fixant l&#8217;entr\u00e9e en vigueur des dispositions du I de l&#8217;article 66 de la loi n\u00b0 2019-1479 du 28 d\u00e9cembre 2019 de finances pour 2020<\/p>\n<p><a href=\"https:\/\/www.weblex.fr\/weblex-actualite\/ticfe-un-tarif-reduit-pour-certains-transporteurs-et-professionnels-de-la-peche\" target=\"_blank\" rel=\"noopener\">TICFE : un tarif r\u00e9duit pour certains transporteurs et professionnels de la p\u00eache<\/a> \u00a9 Copyright WebLex &#8211; 2021<\/p>\n<\/div>\n<p><img src='https:\/\/www.weblex.fr\/images\/flux_actus\/bateauquai.jpg'><\/p>\n","protected":false},"excerpt":{"rendered":"<p>Pour inciter certains professionnels \u00e0 s\u2019approvisionner en \u00e9lectricit\u00e9 aupr\u00e8s de bornes \u00e9lectriques lors du stationnement \u00e0 quai de leurs navires, il a \u00e9t\u00e9 d\u00e9cid\u00e9 de leur faire b\u00e9n\u00e9ficier d\u2019un tarif r\u00e9duit de taxe int\u00e9rieure sur la consommation finale d\u2019\u00e9lectricit\u00e9 (TICFE). Qui peut en b\u00e9n\u00e9ficier ? Quel est le montant de ce tarif r\u00e9duit ? R\u00e9ponses\u2026<\/p>\n","protected":false},"author":0,"featured_media":4051,"comment_status":"open","ping_status":"closed","sticky":false,"template":"","format":"standard","meta":{"_acf_changed":false,"footnotes":""},"categories":[11,7],"tags":[],"class_list":["post-755","post","type-post","status-publish","format-standard","has-post-thumbnail","hentry","category-actu-fiscale","category-actualites"],"acf":[],"yoast_head":"<!-- This site is optimized with the Yoast SEO plugin v27.2 - https:\/\/yoast.com\/product\/yoast-seo-wordpress\/ -->\n<title>TICFE : un tarif r\u00e9duit pour certains transporteurs et professionnels de la p\u00eache - Cabinet Magar<\/title>\n<meta name=\"robots\" content=\"index, follow, max-snippet:-1, max-image-preview:large, max-video-preview:-1\" \/>\n<link rel=\"canonical\" href=\"https:\/\/www.cabinet-magar.fr\/actualites\/ticfe-un-tarif-reduit-pour-certains-transporteurs-et-professionnels-de-la-peche\/\" \/>\n<meta property=\"og:locale\" content=\"de_DE\" \/>\n<meta property=\"og:type\" content=\"article\" \/>\n<meta property=\"og:title\" content=\"TICFE : un tarif r\u00e9duit pour certains transporteurs et professionnels de la p\u00eache - Cabinet Magar\" \/>\n<meta property=\"og:description\" content=\"Pour inciter certains professionnels \u00e0 s\u2019approvisionner en \u00e9lectricit\u00e9 aupr\u00e8s de bornes \u00e9lectriques lors du stationnement \u00e0 quai de leurs navires, il a \u00e9t\u00e9 d\u00e9cid\u00e9 de leur faire b\u00e9n\u00e9ficier d\u2019un tarif r\u00e9duit de taxe int\u00e9rieure sur la consommation finale d\u2019\u00e9lectricit\u00e9 (TICFE). Qui peut en b\u00e9n\u00e9ficier ? Quel est le montant de ce tarif r\u00e9duit ? R\u00e9ponses\u2026\" \/>\n<meta property=\"og:url\" content=\"https:\/\/www.cabinet-magar.fr\/actualites\/ticfe-un-tarif-reduit-pour-certains-transporteurs-et-professionnels-de-la-peche\/\" \/>\n<meta property=\"og:site_name\" content=\"Cabinet Magar\" \/>\n<meta property=\"article:published_time\" content=\"2021-01-18T04:45:00+00:00\" \/>\n<meta property=\"article:modified_time\" content=\"2021-04-16T01:00:22+00:00\" \/>\n<meta property=\"og:image\" content=\"https:\/\/www.cabinet-magar.fr\/wp-content\/uploads\/2021\/04\/bateauquai.jpg\" \/>\n\t<meta property=\"og:image:width\" content=\"600\" \/>\n\t<meta property=\"og:image:height\" content=\"400\" \/>\n\t<meta property=\"og:image:type\" content=\"image\/jpeg\" \/>\n<meta name=\"twitter:card\" content=\"summary_large_image\" \/>\n<meta name=\"twitter:label1\" content=\"Gesch\u00e4tzte Lesezeit\" \/>\n\t<meta name=\"twitter:data1\" content=\"2\u00a0Minuten\" \/>\n<script type=\"application\/ld+json\" class=\"yoast-schema-graph\">{\"@context\":\"https:\/\/schema.org\",\"@graph\":[{\"@type\":\"Article\",\"@id\":\"https:\/\/www.cabinet-magar.fr\/actualites\/ticfe-un-tarif-reduit-pour-certains-transporteurs-et-professionnels-de-la-peche\/#article\",\"isPartOf\":{\"@id\":\"https:\/\/www.cabinet-magar.fr\/actualites\/ticfe-un-tarif-reduit-pour-certains-transporteurs-et-professionnels-de-la-peche\/\"},\"author\":{\"name\":\"\",\"@id\":\"\"},\"headline\":\"TICFE : un tarif r\u00e9duit pour certains transporteurs et professionnels de la p\u00eache\",\"datePublished\":\"2021-01-18T04:45:00+00:00\",\"dateModified\":\"2021-04-16T01:00:22+00:00\",\"mainEntityOfPage\":{\"@id\":\"https:\/\/www.cabinet-magar.fr\/actualites\/ticfe-un-tarif-reduit-pour-certains-transporteurs-et-professionnels-de-la-peche\/\"},\"wordCount\":343,\"commentCount\":0,\"image\":{\"@id\":\"https:\/\/www.cabinet-magar.fr\/actualites\/ticfe-un-tarif-reduit-pour-certains-transporteurs-et-professionnels-de-la-peche\/#primaryimage\"},\"thumbnailUrl\":\"https:\/\/www.cabinet-magar.fr\/wp-content\/uploads\/2021\/04\/bateauquai.jpg\",\"articleSection\":[\"Actu Fiscale\",\"Actualit\u00e9s\"],\"inLanguage\":\"de\",\"potentialAction\":[{\"@type\":\"CommentAction\",\"name\":\"Comment\",\"target\":[\"https:\/\/www.cabinet-magar.fr\/actualites\/ticfe-un-tarif-reduit-pour-certains-transporteurs-et-professionnels-de-la-peche\/#respond\"]}]},{\"@type\":\"WebPage\",\"@id\":\"https:\/\/www.cabinet-magar.fr\/actualites\/ticfe-un-tarif-reduit-pour-certains-transporteurs-et-professionnels-de-la-peche\/\",\"url\":\"https:\/\/www.cabinet-magar.fr\/actualites\/ticfe-un-tarif-reduit-pour-certains-transporteurs-et-professionnels-de-la-peche\/\",\"name\":\"TICFE : un tarif r\u00e9duit pour certains transporteurs et professionnels de la p\u00eache - Cabinet Magar\",\"isPartOf\":{\"@id\":\"https:\/\/www.cabinet-magar.fr\/#website\"},\"primaryImageOfPage\":{\"@id\":\"https:\/\/www.cabinet-magar.fr\/actualites\/ticfe-un-tarif-reduit-pour-certains-transporteurs-et-professionnels-de-la-peche\/#primaryimage\"},\"image\":{\"@id\":\"https:\/\/www.cabinet-magar.fr\/actualites\/ticfe-un-tarif-reduit-pour-certains-transporteurs-et-professionnels-de-la-peche\/#primaryimage\"},\"thumbnailUrl\":\"https:\/\/www.cabinet-magar.fr\/wp-content\/uploads\/2021\/04\/bateauquai.jpg\",\"datePublished\":\"2021-01-18T04:45:00+00:00\",\"dateModified\":\"2021-04-16T01:00:22+00:00\",\"author\":{\"@id\":\"\"},\"breadcrumb\":{\"@id\":\"https:\/\/www.cabinet-magar.fr\/actualites\/ticfe-un-tarif-reduit-pour-certains-transporteurs-et-professionnels-de-la-peche\/#breadcrumb\"},\"inLanguage\":\"de\",\"potentialAction\":[{\"@type\":\"ReadAction\",\"target\":[\"https:\/\/www.cabinet-magar.fr\/actualites\/ticfe-un-tarif-reduit-pour-certains-transporteurs-et-professionnels-de-la-peche\/\"]}]},{\"@type\":\"ImageObject\",\"inLanguage\":\"de\",\"@id\":\"https:\/\/www.cabinet-magar.fr\/actualites\/ticfe-un-tarif-reduit-pour-certains-transporteurs-et-professionnels-de-la-peche\/#primaryimage\",\"url\":\"https:\/\/www.cabinet-magar.fr\/wp-content\/uploads\/2021\/04\/bateauquai.jpg\",\"contentUrl\":\"https:\/\/www.cabinet-magar.fr\/wp-content\/uploads\/2021\/04\/bateauquai.jpg\",\"width\":600,\"height\":400},{\"@type\":\"BreadcrumbList\",\"@id\":\"https:\/\/www.cabinet-magar.fr\/actualites\/ticfe-un-tarif-reduit-pour-certains-transporteurs-et-professionnels-de-la-peche\/#breadcrumb\",\"itemListElement\":[{\"@type\":\"ListItem\",\"position\":1,\"name\":\"Accueil\",\"item\":\"https:\/\/www.cabinet-magar.fr\/de\/\"},{\"@type\":\"ListItem\",\"position\":2,\"name\":\"TICFE : un tarif r\u00e9duit pour certains transporteurs et professionnels de la p\u00eache\"}]},{\"@type\":\"WebSite\",\"@id\":\"https:\/\/www.cabinet-magar.fr\/#website\",\"url\":\"https:\/\/www.cabinet-magar.fr\/\",\"name\":\"Cabinet Magar\",\"description\":\"\",\"potentialAction\":[{\"@type\":\"SearchAction\",\"target\":{\"@type\":\"EntryPoint\",\"urlTemplate\":\"https:\/\/www.cabinet-magar.fr\/?s={search_term_string}\"},\"query-input\":{\"@type\":\"PropertyValueSpecification\",\"valueRequired\":true,\"valueName\":\"search_term_string\"}}],\"inLanguage\":\"de\"}]}<\/script>\n<!-- \/ Yoast SEO plugin. -->","yoast_head_json":{"title":"TICFE : un tarif r\u00e9duit pour certains transporteurs et professionnels de la p\u00eache - Cabinet Magar","robots":{"index":"index","follow":"follow","max-snippet":"max-snippet:-1","max-image-preview":"max-image-preview:large","max-video-preview":"max-video-preview:-1"},"canonical":"https:\/\/www.cabinet-magar.fr\/actualites\/ticfe-un-tarif-reduit-pour-certains-transporteurs-et-professionnels-de-la-peche\/","og_locale":"de_DE","og_type":"article","og_title":"TICFE : un tarif r\u00e9duit pour certains transporteurs et professionnels de la p\u00eache - Cabinet Magar","og_description":"Pour inciter certains professionnels \u00e0 s\u2019approvisionner en \u00e9lectricit\u00e9 aupr\u00e8s de bornes \u00e9lectriques lors du stationnement \u00e0 quai de leurs navires, il a \u00e9t\u00e9 d\u00e9cid\u00e9 de leur faire b\u00e9n\u00e9ficier d\u2019un tarif r\u00e9duit de taxe int\u00e9rieure sur la consommation finale d\u2019\u00e9lectricit\u00e9 (TICFE). Qui peut en b\u00e9n\u00e9ficier ? Quel est le montant de ce tarif r\u00e9duit ? R\u00e9ponses\u2026","og_url":"https:\/\/www.cabinet-magar.fr\/actualites\/ticfe-un-tarif-reduit-pour-certains-transporteurs-et-professionnels-de-la-peche\/","og_site_name":"Cabinet Magar","article_published_time":"2021-01-18T04:45:00+00:00","article_modified_time":"2021-04-16T01:00:22+00:00","og_image":[{"width":600,"height":400,"url":"https:\/\/www.cabinet-magar.fr\/wp-content\/uploads\/2021\/04\/bateauquai.jpg","type":"image\/jpeg"}],"twitter_card":"summary_large_image","twitter_misc":{"Gesch\u00e4tzte Lesezeit":"2\u00a0Minuten"},"schema":{"@context":"https:\/\/schema.org","@graph":[{"@type":"Article","@id":"https:\/\/www.cabinet-magar.fr\/actualites\/ticfe-un-tarif-reduit-pour-certains-transporteurs-et-professionnels-de-la-peche\/#article","isPartOf":{"@id":"https:\/\/www.cabinet-magar.fr\/actualites\/ticfe-un-tarif-reduit-pour-certains-transporteurs-et-professionnels-de-la-peche\/"},"author":{"name":"","@id":""},"headline":"TICFE : un tarif r\u00e9duit pour certains transporteurs et professionnels de la p\u00eache","datePublished":"2021-01-18T04:45:00+00:00","dateModified":"2021-04-16T01:00:22+00:00","mainEntityOfPage":{"@id":"https:\/\/www.cabinet-magar.fr\/actualites\/ticfe-un-tarif-reduit-pour-certains-transporteurs-et-professionnels-de-la-peche\/"},"wordCount":343,"commentCount":0,"image":{"@id":"https:\/\/www.cabinet-magar.fr\/actualites\/ticfe-un-tarif-reduit-pour-certains-transporteurs-et-professionnels-de-la-peche\/#primaryimage"},"thumbnailUrl":"https:\/\/www.cabinet-magar.fr\/wp-content\/uploads\/2021\/04\/bateauquai.jpg","articleSection":["Actu Fiscale","Actualit\u00e9s"],"inLanguage":"de","potentialAction":[{"@type":"CommentAction","name":"Comment","target":["https:\/\/www.cabinet-magar.fr\/actualites\/ticfe-un-tarif-reduit-pour-certains-transporteurs-et-professionnels-de-la-peche\/#respond"]}]},{"@type":"WebPage","@id":"https:\/\/www.cabinet-magar.fr\/actualites\/ticfe-un-tarif-reduit-pour-certains-transporteurs-et-professionnels-de-la-peche\/","url":"https:\/\/www.cabinet-magar.fr\/actualites\/ticfe-un-tarif-reduit-pour-certains-transporteurs-et-professionnels-de-la-peche\/","name":"TICFE : un tarif r\u00e9duit pour certains transporteurs et professionnels de la p\u00eache - Cabinet Magar","isPartOf":{"@id":"https:\/\/www.cabinet-magar.fr\/#website"},"primaryImageOfPage":{"@id":"https:\/\/www.cabinet-magar.fr\/actualites\/ticfe-un-tarif-reduit-pour-certains-transporteurs-et-professionnels-de-la-peche\/#primaryimage"},"image":{"@id":"https:\/\/www.cabinet-magar.fr\/actualites\/ticfe-un-tarif-reduit-pour-certains-transporteurs-et-professionnels-de-la-peche\/#primaryimage"},"thumbnailUrl":"https:\/\/www.cabinet-magar.fr\/wp-content\/uploads\/2021\/04\/bateauquai.jpg","datePublished":"2021-01-18T04:45:00+00:00","dateModified":"2021-04-16T01:00:22+00:00","author":{"@id":""},"breadcrumb":{"@id":"https:\/\/www.cabinet-magar.fr\/actualites\/ticfe-un-tarif-reduit-pour-certains-transporteurs-et-professionnels-de-la-peche\/#breadcrumb"},"inLanguage":"de","potentialAction":[{"@type":"ReadAction","target":["https:\/\/www.cabinet-magar.fr\/actualites\/ticfe-un-tarif-reduit-pour-certains-transporteurs-et-professionnels-de-la-peche\/"]}]},{"@type":"ImageObject","inLanguage":"de","@id":"https:\/\/www.cabinet-magar.fr\/actualites\/ticfe-un-tarif-reduit-pour-certains-transporteurs-et-professionnels-de-la-peche\/#primaryimage","url":"https:\/\/www.cabinet-magar.fr\/wp-content\/uploads\/2021\/04\/bateauquai.jpg","contentUrl":"https:\/\/www.cabinet-magar.fr\/wp-content\/uploads\/2021\/04\/bateauquai.jpg","width":600,"height":400},{"@type":"BreadcrumbList","@id":"https:\/\/www.cabinet-magar.fr\/actualites\/ticfe-un-tarif-reduit-pour-certains-transporteurs-et-professionnels-de-la-peche\/#breadcrumb","itemListElement":[{"@type":"ListItem","position":1,"name":"Accueil","item":"https:\/\/www.cabinet-magar.fr\/de\/"},{"@type":"ListItem","position":2,"name":"TICFE : un tarif r\u00e9duit pour certains transporteurs et professionnels de la p\u00eache"}]},{"@type":"WebSite","@id":"https:\/\/www.cabinet-magar.fr\/#website","url":"https:\/\/www.cabinet-magar.fr\/","name":"Cabinet Magar","description":"","potentialAction":[{"@type":"SearchAction","target":{"@type":"EntryPoint","urlTemplate":"https:\/\/www.cabinet-magar.fr\/?s={search_term_string}"},"query-input":{"@type":"PropertyValueSpecification","valueRequired":true,"valueName":"search_term_string"}}],"inLanguage":"de"}]}},"_links":{"self":[{"href":"https:\/\/www.cabinet-magar.fr\/de\/wp-json\/wp\/v2\/posts\/755","targetHints":{"allow":["GET"]}}],"collection":[{"href":"https:\/\/www.cabinet-magar.fr\/de\/wp-json\/wp\/v2\/posts"}],"about":[{"href":"https:\/\/www.cabinet-magar.fr\/de\/wp-json\/wp\/v2\/types\/post"}],"replies":[{"embeddable":true,"href":"https:\/\/www.cabinet-magar.fr\/de\/wp-json\/wp\/v2\/comments?post=755"}],"version-history":[{"count":1,"href":"https:\/\/www.cabinet-magar.fr\/de\/wp-json\/wp\/v2\/posts\/755\/revisions"}],"predecessor-version":[{"id":4050,"href":"https:\/\/www.cabinet-magar.fr\/de\/wp-json\/wp\/v2\/posts\/755\/revisions\/4050"}],"wp:featuredmedia":[{"embeddable":true,"href":"https:\/\/www.cabinet-magar.fr\/de\/wp-json\/wp\/v2\/media\/4051"}],"wp:attachment":[{"href":"https:\/\/www.cabinet-magar.fr\/de\/wp-json\/wp\/v2\/media?parent=755"}],"wp:term":[{"taxonomy":"category","embeddable":true,"href":"https:\/\/www.cabinet-magar.fr\/de\/wp-json\/wp\/v2\/categories?post=755"},{"taxonomy":"post_tag","embeddable":true,"href":"https:\/\/www.cabinet-magar.fr\/de\/wp-json\/wp\/v2\/tags?post=755"}],"curies":[{"name":"wp","href":"https:\/\/api.w.org\/{rel}","templated":true}]}}