{"id":734,"date":"2021-01-19T05:45:00","date_gmt":"2021-01-19T04:45:00","guid":{"rendered":"https:\/\/www.cabinet-magar.fr\/immeuble-collectif-du-nouveau-sur-linstallation-de-bornes-de-recharge-de-vehicules-electriques\/"},"modified":"2021-04-15T03:00:45","modified_gmt":"2021-04-15T01:00:45","slug":"immeuble-collectif-du-nouveau-sur-linstallation-de-bornes-de-recharge-de-vehicules-electriques","status":"publish","type":"post","link":"https:\/\/www.cabinet-magar.fr\/de\/actualites\/immeuble-collectif-du-nouveau-sur-linstallation-de-bornes-de-recharge-de-vehicules-electriques\/","title":{"rendered":"Immeuble collectif : du nouveau sur l\u2019installation de bornes de recharge de v\u00e9hicules \u00e9lectriques"},"content":{"rendered":"<p >Toute personne ayant une voiture \u00e9lectrique qui r\u00e9side dans un immeuble collectif peut invoquer un droit \u00e0 la prise pour installer, \u00e0 ses propres frais, une borne de recharge sur sa place de parking. Des pr\u00e9cisions viennent d\u2019\u00eatre apport\u00e9es sur ce droit \u00e0 la prise. Lesquelles ?<\/p>\n<div>\n<h2>Immeuble non soumis \u00e0 la copropri\u00e9t\u00e9 : des pr\u00e9cisions sur le droit \u00e0 la prise<\/h2>\n<ul>\n<li><strong>Notification de l\u2019intention de r\u00e9aliser des travaux<\/strong><\/li>\n<\/ul>\n<p>Lorsqu\u2019il occupe un logement d\u2019un immeuble qui n\u2019est pas en copropri\u00e9t\u00e9, le locataire qui souhaite installer une borne de recharge doit notifier son intention de r\u00e9aliser des travaux \u00e0 son propri\u00e9taire, par lettre recommand\u00e9e avec accus\u00e9 de r\u00e9ception (LRAR).<\/p>\n<p>Lorsque l\u2019immeuble appartient \u00e0 une personne morale (soci\u00e9t\u00e9, association), la notification par LRAR doit \u00eatre faite \u00e0 son repr\u00e9sentant l\u00e9gal ou statutaire.<\/p>\n<p>Lorsque l\u2019immeuble est indivis, la notification par LRAR est faite \u00e0 l&#8217;un des indivisaires, \u00e0 charge pour lui d&#8217;en informer sans d\u00e9lai ses co\u00efndivisaires.<\/p>\n<ul>\n<li><strong>Contenu de la notification<\/strong><\/li>\n<\/ul>\n<p>La notification doit \u00eatre accompagn\u00e9e d\u2019un descriptif d\u00e9taill\u00e9 des travaux \u00e0 entreprendre, assorti d&#8217;un plan technique d&#8217;intervention et d&#8217;un sch\u00e9ma de raccordement \u00e9lectrique.<\/p>\n<p>Si l&#8217;\u00e9tablissement du plan et du sch\u00e9ma a \u00e9t\u00e9 rendu impossible du fait du propri\u00e9taire ou de ses pr\u00e9pos\u00e9s, ces documents ne sont pas exig\u00e9s \u00e0 l&#8217;appui de la notification.<\/p>\n<ul>\n<li><strong>Refus de droit \u00e0 la prise<\/strong><\/li>\n<\/ul>\n<p>Lorsqu&#8217;il entend s&#8217;opposer aux travaux pour un motif s\u00e9rieux et l\u00e9gitime, le propri\u00e9taire doit saisir le juge dans un d\u00e9lai de 3 mois \u00e0 compter de la r\u00e9ception de la notification.<\/p>\n<p>Dans un d\u00e9lai de 15 jours \u00e0 compter de cette saisine, il en informe le locataire.<\/p>\n<p>Si ces d\u00e9lais ne sont pas respect\u00e9s, le locataire peut faire proc\u00e9der aux travaux conform\u00e9ment au descriptif d\u00e9taill\u00e9.<\/p>\n<h2>Immeuble en copropri\u00e9t\u00e9 : des pr\u00e9cisions sur le droit \u00e0 la prise<\/h2>\n<ul>\n<li><strong>Notification de l\u2019intention de r\u00e9aliser des travaux<\/strong><\/li>\n<\/ul>\n<p>Lorsqu\u2019il occupe un logement situ\u00e9 en copropri\u00e9t\u00e9, le locataire doit notifier par LRAR son intention de r\u00e9aliser les travaux pour installer une borne de recharge au copropri\u00e9taire bailleur, avec copie au syndic de la copropri\u00e9t\u00e9.<\/p>\n<p>Lorsque le copropri\u00e9taire bailleur est une personne morale (soci\u00e9t\u00e9, association), la notification est faite \u00e0 son repr\u00e9sentant l\u00e9gal ou statutaire.<\/p>\n<p>En cas d&#8217;indivision, la notification est faite \u00e0 l&#8217;un des indivisaires, \u00e0 charge pour lui d&#8217;en informer sans d\u00e9lai ses coindivisaires.<\/p>\n<ul>\n<li><strong>Contenu de la notification<\/strong><\/li>\n<\/ul>\n<p>La notification doit \u00eatre accompagn\u00e9e d\u2019un descriptif d\u00e9taill\u00e9 des travaux \u00e0 entreprendre, assorti d&#8217;un plan technique d&#8217;intervention et d&#8217;un sch\u00e9ma de raccordement \u00e9lectrique.<\/p>\n<p>Si l&#8217;\u00e9tablissement du plan et du sch\u00e9ma a \u00e9t\u00e9 rendu impossible du fait du syndic ou de ses pr\u00e9pos\u00e9s, ces documents ne sont pas exig\u00e9s \u00e0 l&#8217;appui de la notification.<\/p>\n<ul>\n<li><strong>Notification du copropri\u00e9taire au syndic<\/strong><\/li>\n<\/ul>\n<p>Dans le d\u00e9lai d\u20191 mois suivant la r\u00e9ception de cette notification, le copropri\u00e9taire bailleur notifie par LRAR au syndic les documents qui lui ont \u00e9t\u00e9 transmis par le locataire.<\/p>\n<p>Lorsqu&#8217;un copropri\u00e9taire souhaite proc\u00e9der aux travaux, il le notifie au syndic avec un descriptif d\u00e9taill\u00e9 des travaux \u00e0 entreprendre, assorti d&#8217;un plan technique d&#8217;intervention et d&#8217;un sch\u00e9ma de raccordement \u00e9lectrique.<\/p>\n<ul>\n<li><strong>Refus de droit \u00e0 la prise<\/strong><\/li>\n<\/ul>\n<p>Lorsqu&#8217;il entend s&#8217;opposer aux travaux pour un motif s\u00e9rieux et l\u00e9gitime, le syndic doit saisir le juge dans un d\u00e9lai de 3 mois \u00e0 compter de la notification faite par le copropri\u00e9taire.<\/p>\n<p>S\u2019il d\u00e9cide de refuser les travaux parce que le syndicat souhaite s\u2019occuper de ces travaux lui-m\u00eame, il doit pr\u00e9ciser la date \u00e0 laquelle la d\u00e9cision de r\u00e9aliser les travaux d&#8217;\u00e9quipement a \u00e9t\u00e9 prise en assembl\u00e9e g\u00e9n\u00e9rale.<\/p>\n<p>Dans un d\u00e9lai de 15 jours \u00e0 compter de cette saisine, le syndic la notifie par LRAR au copropri\u00e9taire et au locataire.<\/p>\n<p>Ces derniers peuvent d\u00e9cider de proc\u00e9der eux-m\u00eames aux travaux lorsque :<\/p>\n<ul>\n<li>aucune saisine du juge ne leur a \u00e9t\u00e9 notifi\u00e9e dans le d\u00e9lai imparti ;<\/li>\n<li>le syndic s&#8217;est oppos\u00e9 aux travaux au motif que le syndicat souhaite les r\u00e9aliser lui-m\u00eame et que ces travaux n&#8217;ont pas \u00e9t\u00e9 engag\u00e9s au plus tard 3 mois apr\u00e8s la saisine juge, ou ont \u00e9t\u00e9 engag\u00e9s dans ce d\u00e9lai mais n&#8217;ont pas \u00e9t\u00e9 r\u00e9alis\u00e9s dans un d\u00e9lai de 6 mois \u00e0 compter de la date de cette saisine.<\/li>\n<\/ul>\n<p>Dans tous les cas, le syndic doit inscrire \u00e0 l&#8217;ordre du jour de la prochaine assembl\u00e9e g\u00e9n\u00e9rale suivant la notification qui lui a \u00e9t\u00e9 faite une information des copropri\u00e9taires sur le projet de travaux.<\/p>\n<h2>L\u2019information sur le prestataire qui va r\u00e9aliser les travaux<\/h2>\n<p>Le locataire doit notifier par LRAR au propri\u00e9taire de l\u2019immeuble collectif les noms, adresse et coordonn\u00e9es t\u00e9l\u00e9phoniques du prestataire avec lequel il a conclu un contrat ayant pour objet les travaux d\u2019installation d\u2019une borne de recharge de v\u00e9hicule \u00e9lectrique.<\/p>\n<p>Dans une copropri\u00e9t\u00e9, cette notification est faite au copropri\u00e9taire bailleur, qui transmet ces informations au syndic, dans les m\u00eames formes et dans un d\u00e9lai de 15 jours \u00e0 compter de la date de la notification qui lui a \u00e9t\u00e9 faite.<\/p>\n<p>Lorsque les travaux sont r\u00e9alis\u00e9s par un copropri\u00e9taire, ce dernier doit \u00e9galement notifier au syndic les informations relatives au prestataire.<\/p>\n<p>Dans un d\u00e9lai de 2 mois \u00e0 compter de la date de la notification qui lui a \u00e9t\u00e9 faite, le propri\u00e9taire ou, en cas de copropri\u00e9t\u00e9, le syndic, doit conclure une convention avec le prestataire charg\u00e9 des travaux.<\/p>\n<p>Dans une copropri\u00e9t\u00e9, l&#8217;autorisation de l&#8217;assembl\u00e9e g\u00e9n\u00e9rale n&#8217;est pas requise pour la signature de la convention par le syndic.<\/p>\n<p>Si la convention n&#8217;est pas sign\u00e9e dans le d\u00e9lai imparti, le locataire ou le copropri\u00e9taire peut saisir le juge.<\/p>\n<p>Source : D\u00e9cret n\u00b0 2020-1720 du 24 d\u00e9cembre 2020 pris pour l&#8217;application des articles L. 111-3-8 et L. 111-3-9 du code de la construction et de l&#8217;habitation<\/p>\n<p><a title=\"Immeuble collectif : du nouveau sur l\u2019installation de bornes de recharge de v\u00e9hicules \u00e9lectriques\" href=\"https:\/\/www.weblex.fr\/weblex-actualite\/immeuble-collectif-du-nouveau-sur-linstallation-de-bornes-de-recharge-de-vehicules-electriques\" rel=\"nofollow noopener\" target=\"_blank\">Immeuble collectif : du nouveau sur l\u2019installation de bornes de recharge de v\u00e9hicules \u00e9lectriques<\/a> \u00a9 Copyright WebLex &#8211; 2021<\/p>\n<\/div>\n<p><img src='https:\/\/www.weblex.fr\/images\/flux_actus\/voitureelectrique2.jpg'><\/p>\n","protected":false},"excerpt":{"rendered":"<p>Toute personne ayant une voiture \u00e9lectrique qui r\u00e9side dans un immeuble collectif peut invoquer un droit \u00e0 la prise pour installer, \u00e0 ses propres frais, une borne de recharge sur sa place de parking. Des pr\u00e9cisions viennent d\u2019\u00eatre apport\u00e9es sur ce droit \u00e0 la prise. Lesquelles ?<\/p>\n","protected":false},"author":0,"featured_media":4014,"comment_status":"open","ping_status":"closed","sticky":false,"template":"","format":"standard","meta":{"_acf_changed":false,"footnotes":""},"categories":[9,7],"tags":[],"class_list":["post-734","post","type-post","status-publish","format-standard","has-post-thumbnail","hentry","category-actu-juridique","category-actualites"],"acf":[],"yoast_head":"<!-- This site is optimized with the Yoast SEO plugin v27.2 - https:\/\/yoast.com\/product\/yoast-seo-wordpress\/ -->\n<title>Immeuble collectif : du nouveau sur l\u2019installation de bornes de recharge de v\u00e9hicules \u00e9lectriques - Cabinet Magar<\/title>\n<meta name=\"robots\" content=\"index, follow, max-snippet:-1, max-image-preview:large, max-video-preview:-1\" \/>\n<link rel=\"canonical\" href=\"https:\/\/www.cabinet-magar.fr\/de\/actualites\/immeuble-collectif-du-nouveau-sur-linstallation-de-bornes-de-recharge-de-vehicules-electriques\/\" \/>\n<meta property=\"og:locale\" content=\"de_DE\" \/>\n<meta property=\"og:type\" content=\"article\" \/>\n<meta property=\"og:title\" content=\"Immeuble collectif : du nouveau sur l\u2019installation de bornes de recharge de v\u00e9hicules \u00e9lectriques - Cabinet Magar\" \/>\n<meta property=\"og:description\" content=\"Toute personne ayant une voiture \u00e9lectrique qui r\u00e9side dans un immeuble collectif peut invoquer un droit \u00e0 la prise pour installer, \u00e0 ses propres frais, une borne de recharge sur sa place de parking. Des pr\u00e9cisions viennent d\u2019\u00eatre apport\u00e9es sur ce droit \u00e0 la prise. Lesquelles ?\" \/>\n<meta property=\"og:url\" content=\"https:\/\/www.cabinet-magar.fr\/de\/actualites\/immeuble-collectif-du-nouveau-sur-linstallation-de-bornes-de-recharge-de-vehicules-electriques\/\" \/>\n<meta property=\"og:site_name\" content=\"Cabinet Magar\" \/>\n<meta property=\"article:published_time\" content=\"2021-01-19T04:45:00+00:00\" \/>\n<meta property=\"article:modified_time\" content=\"2021-04-15T01:00:45+00:00\" \/>\n<meta property=\"og:image\" content=\"https:\/\/www.cabinet-magar.fr\/wp-content\/uploads\/2021\/04\/voitureelectrique2.jpg\" \/>\n\t<meta property=\"og:image:width\" content=\"600\" \/>\n\t<meta property=\"og:image:height\" content=\"400\" \/>\n\t<meta property=\"og:image:type\" content=\"image\/jpeg\" \/>\n<meta name=\"twitter:card\" content=\"summary_large_image\" \/>\n<meta name=\"twitter:label1\" content=\"Gesch\u00e4tzte Lesezeit\" \/>\n\t<meta name=\"twitter:data1\" content=\"5\u00a0Minuten\" \/>\n<script type=\"application\/ld+json\" class=\"yoast-schema-graph\">{\"@context\":\"https:\/\/schema.org\",\"@graph\":[{\"@type\":\"Article\",\"@id\":\"https:\/\/www.cabinet-magar.fr\/de\/actualites\/immeuble-collectif-du-nouveau-sur-linstallation-de-bornes-de-recharge-de-vehicules-electriques\/#article\",\"isPartOf\":{\"@id\":\"https:\/\/www.cabinet-magar.fr\/de\/actualites\/immeuble-collectif-du-nouveau-sur-linstallation-de-bornes-de-recharge-de-vehicules-electriques\/\"},\"author\":{\"name\":\"\",\"@id\":\"\"},\"headline\":\"Immeuble collectif : du nouveau sur l\u2019installation de bornes de recharge de v\u00e9hicules \u00e9lectriques\",\"datePublished\":\"2021-01-19T04:45:00+00:00\",\"dateModified\":\"2021-04-15T01:00:45+00:00\",\"mainEntityOfPage\":{\"@id\":\"https:\/\/www.cabinet-magar.fr\/de\/actualites\/immeuble-collectif-du-nouveau-sur-linstallation-de-bornes-de-recharge-de-vehicules-electriques\/\"},\"wordCount\":1081,\"commentCount\":0,\"image\":{\"@id\":\"https:\/\/www.cabinet-magar.fr\/de\/actualites\/immeuble-collectif-du-nouveau-sur-linstallation-de-bornes-de-recharge-de-vehicules-electriques\/#primaryimage\"},\"thumbnailUrl\":\"https:\/\/www.cabinet-magar.fr\/wp-content\/uploads\/2021\/04\/voitureelectrique2.jpg\",\"articleSection\":[\"Actu Juridique\",\"Actualit\u00e9s\"],\"inLanguage\":\"de\",\"potentialAction\":[{\"@type\":\"CommentAction\",\"name\":\"Comment\",\"target\":[\"https:\/\/www.cabinet-magar.fr\/de\/actualites\/immeuble-collectif-du-nouveau-sur-linstallation-de-bornes-de-recharge-de-vehicules-electriques\/#respond\"]}]},{\"@type\":\"WebPage\",\"@id\":\"https:\/\/www.cabinet-magar.fr\/de\/actualites\/immeuble-collectif-du-nouveau-sur-linstallation-de-bornes-de-recharge-de-vehicules-electriques\/\",\"url\":\"https:\/\/www.cabinet-magar.fr\/de\/actualites\/immeuble-collectif-du-nouveau-sur-linstallation-de-bornes-de-recharge-de-vehicules-electriques\/\",\"name\":\"Immeuble collectif : du nouveau sur l\u2019installation de bornes de recharge de v\u00e9hicules \u00e9lectriques - Cabinet Magar\",\"isPartOf\":{\"@id\":\"https:\/\/www.cabinet-magar.fr\/#website\"},\"primaryImageOfPage\":{\"@id\":\"https:\/\/www.cabinet-magar.fr\/de\/actualites\/immeuble-collectif-du-nouveau-sur-linstallation-de-bornes-de-recharge-de-vehicules-electriques\/#primaryimage\"},\"image\":{\"@id\":\"https:\/\/www.cabinet-magar.fr\/de\/actualites\/immeuble-collectif-du-nouveau-sur-linstallation-de-bornes-de-recharge-de-vehicules-electriques\/#primaryimage\"},\"thumbnailUrl\":\"https:\/\/www.cabinet-magar.fr\/wp-content\/uploads\/2021\/04\/voitureelectrique2.jpg\",\"datePublished\":\"2021-01-19T04:45:00+00:00\",\"dateModified\":\"2021-04-15T01:00:45+00:00\",\"author\":{\"@id\":\"\"},\"breadcrumb\":{\"@id\":\"https:\/\/www.cabinet-magar.fr\/de\/actualites\/immeuble-collectif-du-nouveau-sur-linstallation-de-bornes-de-recharge-de-vehicules-electriques\/#breadcrumb\"},\"inLanguage\":\"de\",\"potentialAction\":[{\"@type\":\"ReadAction\",\"target\":[\"https:\/\/www.cabinet-magar.fr\/de\/actualites\/immeuble-collectif-du-nouveau-sur-linstallation-de-bornes-de-recharge-de-vehicules-electriques\/\"]}]},{\"@type\":\"ImageObject\",\"inLanguage\":\"de\",\"@id\":\"https:\/\/www.cabinet-magar.fr\/de\/actualites\/immeuble-collectif-du-nouveau-sur-linstallation-de-bornes-de-recharge-de-vehicules-electriques\/#primaryimage\",\"url\":\"https:\/\/www.cabinet-magar.fr\/wp-content\/uploads\/2021\/04\/voitureelectrique2.jpg\",\"contentUrl\":\"https:\/\/www.cabinet-magar.fr\/wp-content\/uploads\/2021\/04\/voitureelectrique2.jpg\",\"width\":600,\"height\":400},{\"@type\":\"BreadcrumbList\",\"@id\":\"https:\/\/www.cabinet-magar.fr\/de\/actualites\/immeuble-collectif-du-nouveau-sur-linstallation-de-bornes-de-recharge-de-vehicules-electriques\/#breadcrumb\",\"itemListElement\":[{\"@type\":\"ListItem\",\"position\":1,\"name\":\"Accueil\",\"item\":\"https:\/\/www.cabinet-magar.fr\/de\/\"},{\"@type\":\"ListItem\",\"position\":2,\"name\":\"Immeuble collectif : du nouveau sur l\u2019installation de bornes de recharge de v\u00e9hicules \u00e9lectriques\"}]},{\"@type\":\"WebSite\",\"@id\":\"https:\/\/www.cabinet-magar.fr\/#website\",\"url\":\"https:\/\/www.cabinet-magar.fr\/\",\"name\":\"Cabinet Magar\",\"description\":\"\",\"potentialAction\":[{\"@type\":\"SearchAction\",\"target\":{\"@type\":\"EntryPoint\",\"urlTemplate\":\"https:\/\/www.cabinet-magar.fr\/?s={search_term_string}\"},\"query-input\":{\"@type\":\"PropertyValueSpecification\",\"valueRequired\":true,\"valueName\":\"search_term_string\"}}],\"inLanguage\":\"de\"}]}<\/script>\n<!-- \/ Yoast SEO plugin. -->","yoast_head_json":{"title":"Immeuble collectif : du nouveau sur l\u2019installation de bornes de recharge de v\u00e9hicules \u00e9lectriques - Cabinet Magar","robots":{"index":"index","follow":"follow","max-snippet":"max-snippet:-1","max-image-preview":"max-image-preview:large","max-video-preview":"max-video-preview:-1"},"canonical":"https:\/\/www.cabinet-magar.fr\/de\/actualites\/immeuble-collectif-du-nouveau-sur-linstallation-de-bornes-de-recharge-de-vehicules-electriques\/","og_locale":"de_DE","og_type":"article","og_title":"Immeuble collectif : du nouveau sur l\u2019installation de bornes de recharge de v\u00e9hicules \u00e9lectriques - Cabinet Magar","og_description":"Toute personne ayant une voiture \u00e9lectrique qui r\u00e9side dans un immeuble collectif peut invoquer un droit \u00e0 la prise pour installer, \u00e0 ses propres frais, une borne de recharge sur sa place de parking. Des pr\u00e9cisions viennent d\u2019\u00eatre apport\u00e9es sur ce droit \u00e0 la prise. Lesquelles ?","og_url":"https:\/\/www.cabinet-magar.fr\/de\/actualites\/immeuble-collectif-du-nouveau-sur-linstallation-de-bornes-de-recharge-de-vehicules-electriques\/","og_site_name":"Cabinet Magar","article_published_time":"2021-01-19T04:45:00+00:00","article_modified_time":"2021-04-15T01:00:45+00:00","og_image":[{"width":600,"height":400,"url":"https:\/\/www.cabinet-magar.fr\/wp-content\/uploads\/2021\/04\/voitureelectrique2.jpg","type":"image\/jpeg"}],"twitter_card":"summary_large_image","twitter_misc":{"Gesch\u00e4tzte Lesezeit":"5\u00a0Minuten"},"schema":{"@context":"https:\/\/schema.org","@graph":[{"@type":"Article","@id":"https:\/\/www.cabinet-magar.fr\/de\/actualites\/immeuble-collectif-du-nouveau-sur-linstallation-de-bornes-de-recharge-de-vehicules-electriques\/#article","isPartOf":{"@id":"https:\/\/www.cabinet-magar.fr\/de\/actualites\/immeuble-collectif-du-nouveau-sur-linstallation-de-bornes-de-recharge-de-vehicules-electriques\/"},"author":{"name":"","@id":""},"headline":"Immeuble collectif : du nouveau sur l\u2019installation de bornes de recharge de v\u00e9hicules \u00e9lectriques","datePublished":"2021-01-19T04:45:00+00:00","dateModified":"2021-04-15T01:00:45+00:00","mainEntityOfPage":{"@id":"https:\/\/www.cabinet-magar.fr\/de\/actualites\/immeuble-collectif-du-nouveau-sur-linstallation-de-bornes-de-recharge-de-vehicules-electriques\/"},"wordCount":1081,"commentCount":0,"image":{"@id":"https:\/\/www.cabinet-magar.fr\/de\/actualites\/immeuble-collectif-du-nouveau-sur-linstallation-de-bornes-de-recharge-de-vehicules-electriques\/#primaryimage"},"thumbnailUrl":"https:\/\/www.cabinet-magar.fr\/wp-content\/uploads\/2021\/04\/voitureelectrique2.jpg","articleSection":["Actu Juridique","Actualit\u00e9s"],"inLanguage":"de","potentialAction":[{"@type":"CommentAction","name":"Comment","target":["https:\/\/www.cabinet-magar.fr\/de\/actualites\/immeuble-collectif-du-nouveau-sur-linstallation-de-bornes-de-recharge-de-vehicules-electriques\/#respond"]}]},{"@type":"WebPage","@id":"https:\/\/www.cabinet-magar.fr\/de\/actualites\/immeuble-collectif-du-nouveau-sur-linstallation-de-bornes-de-recharge-de-vehicules-electriques\/","url":"https:\/\/www.cabinet-magar.fr\/de\/actualites\/immeuble-collectif-du-nouveau-sur-linstallation-de-bornes-de-recharge-de-vehicules-electriques\/","name":"Immeuble collectif : du nouveau sur l\u2019installation de bornes de recharge de v\u00e9hicules \u00e9lectriques - Cabinet Magar","isPartOf":{"@id":"https:\/\/www.cabinet-magar.fr\/#website"},"primaryImageOfPage":{"@id":"https:\/\/www.cabinet-magar.fr\/de\/actualites\/immeuble-collectif-du-nouveau-sur-linstallation-de-bornes-de-recharge-de-vehicules-electriques\/#primaryimage"},"image":{"@id":"https:\/\/www.cabinet-magar.fr\/de\/actualites\/immeuble-collectif-du-nouveau-sur-linstallation-de-bornes-de-recharge-de-vehicules-electriques\/#primaryimage"},"thumbnailUrl":"https:\/\/www.cabinet-magar.fr\/wp-content\/uploads\/2021\/04\/voitureelectrique2.jpg","datePublished":"2021-01-19T04:45:00+00:00","dateModified":"2021-04-15T01:00:45+00:00","author":{"@id":""},"breadcrumb":{"@id":"https:\/\/www.cabinet-magar.fr\/de\/actualites\/immeuble-collectif-du-nouveau-sur-linstallation-de-bornes-de-recharge-de-vehicules-electriques\/#breadcrumb"},"inLanguage":"de","potentialAction":[{"@type":"ReadAction","target":["https:\/\/www.cabinet-magar.fr\/de\/actualites\/immeuble-collectif-du-nouveau-sur-linstallation-de-bornes-de-recharge-de-vehicules-electriques\/"]}]},{"@type":"ImageObject","inLanguage":"de","@id":"https:\/\/www.cabinet-magar.fr\/de\/actualites\/immeuble-collectif-du-nouveau-sur-linstallation-de-bornes-de-recharge-de-vehicules-electriques\/#primaryimage","url":"https:\/\/www.cabinet-magar.fr\/wp-content\/uploads\/2021\/04\/voitureelectrique2.jpg","contentUrl":"https:\/\/www.cabinet-magar.fr\/wp-content\/uploads\/2021\/04\/voitureelectrique2.jpg","width":600,"height":400},{"@type":"BreadcrumbList","@id":"https:\/\/www.cabinet-magar.fr\/de\/actualites\/immeuble-collectif-du-nouveau-sur-linstallation-de-bornes-de-recharge-de-vehicules-electriques\/#breadcrumb","itemListElement":[{"@type":"ListItem","position":1,"name":"Accueil","item":"https:\/\/www.cabinet-magar.fr\/de\/"},{"@type":"ListItem","position":2,"name":"Immeuble collectif : du nouveau sur l\u2019installation de bornes de recharge de v\u00e9hicules \u00e9lectriques"}]},{"@type":"WebSite","@id":"https:\/\/www.cabinet-magar.fr\/#website","url":"https:\/\/www.cabinet-magar.fr\/","name":"Cabinet Magar","description":"","potentialAction":[{"@type":"SearchAction","target":{"@type":"EntryPoint","urlTemplate":"https:\/\/www.cabinet-magar.fr\/?s={search_term_string}"},"query-input":{"@type":"PropertyValueSpecification","valueRequired":true,"valueName":"search_term_string"}}],"inLanguage":"de"}]}},"_links":{"self":[{"href":"https:\/\/www.cabinet-magar.fr\/de\/wp-json\/wp\/v2\/posts\/734","targetHints":{"allow":["GET"]}}],"collection":[{"href":"https:\/\/www.cabinet-magar.fr\/de\/wp-json\/wp\/v2\/posts"}],"about":[{"href":"https:\/\/www.cabinet-magar.fr\/de\/wp-json\/wp\/v2\/types\/post"}],"replies":[{"embeddable":true,"href":"https:\/\/www.cabinet-magar.fr\/de\/wp-json\/wp\/v2\/comments?post=734"}],"version-history":[{"count":1,"href":"https:\/\/www.cabinet-magar.fr\/de\/wp-json\/wp\/v2\/posts\/734\/revisions"}],"predecessor-version":[{"id":4013,"href":"https:\/\/www.cabinet-magar.fr\/de\/wp-json\/wp\/v2\/posts\/734\/revisions\/4013"}],"wp:featuredmedia":[{"embeddable":true,"href":"https:\/\/www.cabinet-magar.fr\/de\/wp-json\/wp\/v2\/media\/4014"}],"wp:attachment":[{"href":"https:\/\/www.cabinet-magar.fr\/de\/wp-json\/wp\/v2\/media?parent=734"}],"wp:term":[{"taxonomy":"category","embeddable":true,"href":"https:\/\/www.cabinet-magar.fr\/de\/wp-json\/wp\/v2\/categories?post=734"},{"taxonomy":"post_tag","embeddable":true,"href":"https:\/\/www.cabinet-magar.fr\/de\/wp-json\/wp\/v2\/tags?post=734"}],"curies":[{"name":"wp","href":"https:\/\/api.w.org\/{rel}","templated":true}]}}