{"id":733,"date":"2021-01-19T05:45:00","date_gmt":"2021-01-19T04:45:00","guid":{"rendered":"https:\/\/www.cabinet-magar.fr\/opticiens-et-audioprothesistes-de-nouveaux-devis-a-venir\/"},"modified":"2021-04-15T03:00:35","modified_gmt":"2021-04-15T01:00:35","slug":"opticiens-et-audioprothesistes-de-nouveaux-devis-a-venir","status":"publish","type":"post","link":"https:\/\/www.cabinet-magar.fr\/de\/actualites\/opticiens-et-audioprothesistes-de-nouveaux-devis-a-venir\/","title":{"rendered":"Opticiens et audioproth\u00e9sistes : de nouveaux devis \u00e0 venir ?"},"content":{"rendered":"<p >Le Gouvernement s\u2019\u00e9tait laiss\u00e9 la possibilit\u00e9 de modifier les mod\u00e8les-types des devis des opticiens et audioproth\u00e9sistes \u00e0 la fin de l\u2019ann\u00e9e 2020. Verdict ?<\/p>\n<div>\n<h2>Opticiens et audioproth\u00e9sistes : pas de nouveaux devis \u00e0 venir !<\/h2>\n<p>La loi oblige les opticiens et les audioproth\u00e9sistes \u00e0 fournir un devis \u00e0 leurs clients. Afin de renforcer leur obligation d\u2019information, le Gouvernement a mis en place en 2017 de nouveaux mod\u00e8les-types de devis, beaucoup plus d\u00e9taill\u00e9s. Ces nouveaux devis devaient \u00eatre fournis par les opticiens et les audioproth\u00e9sistes \u00e0 compter du 1er janvier 2018.<\/p>\n<p>Toutefois, cette obligation avait \u00e9t\u00e9 report\u00e9e d\u2019un an pour des raisons d\u2019ordre technique : les syst\u00e8mes informatiques permettant de g\u00e9n\u00e9rer automatiquement les devis n\u2019\u00e9taient pas compatibles avec les nouveaux mod\u00e8les \u00e9tablis, en raison de leur niveau de d\u00e9tails beaucoup plus important.<\/p>\n<p>L\u2019entr\u00e9e en vigueur des nouveaux devis avaient ensuite \u00e9t\u00e9 une nouvelle fois report\u00e9e d\u20191 an, au 1er janvier 2020, suite au lancement de la r\u00e9forme \u00ab 100 % sant\u00e9 \u00bb qui pr\u00e9voit la prise en charge int\u00e9grale des soins d\u2019optique et des soins auditifs.<\/p>\n<p>La dur\u00e9e de validit\u00e9 de ces nouveaux mod\u00e8les-types de devis avait \u00e9t\u00e9 fix\u00e9e \u00e0 1 an, afin de proc\u00e9der \u00e0 d&#8217;\u00e9ventuels ajustements \u00e0 l&#8217;issue de la 1\u00e8re ann\u00e9e d&#8217;application.<\/p>\n<p>Il n\u2019y aura finalement pas de modification des mod\u00e8les-types : la dur\u00e9e de validit\u00e9 d\u20191 an est donc supprim\u00e9e.<\/p>\n<p>Source : Arr\u00eat\u00e9 du 22 d\u00e9cembre 2020 modifiant l&#8217;arr\u00eat\u00e9 du 28 avril 2017 relatif \u00e0 l&#8217;information de l&#8217;assur\u00e9 social ou de son ayant droit sur les conditions de vente des produits et prestations d&#8217;appareillage des d\u00e9ficients de l&#8217;ou\u00efe et d&#8217;optique-lunetterie<\/p>\n<p><a title=\"Opticiens et audioproth\u00e9sistes : de nouveaux devis \u00e0 venir ?\" href=\"https:\/\/www.weblex.fr\/weblex-actualite\/opticiens-et-audioprothesistes-de-nouveaux-devis-a-venir\" rel=\"nofollow noopener\" target=\"_blank\">Opticiens et audioproth\u00e9sistes : de nouveaux devis \u00e0 venir ?<\/a> \u00a9 Copyright WebLex &#8211; 2021<\/p>\n<\/div>\n<p><img src='https:\/\/www.weblex.fr\/images\/flux_actus\/opticien.jpg'><\/p>\n","protected":false},"excerpt":{"rendered":"<p>Le Gouvernement s\u2019\u00e9tait laiss\u00e9 la possibilit\u00e9 de modifier les mod\u00e8les-types des devis des opticiens et audioproth\u00e9sistes \u00e0 la fin de l\u2019ann\u00e9e 2020. Verdict ?<\/p>\n","protected":false},"author":0,"featured_media":4012,"comment_status":"open","ping_status":"closed","sticky":false,"template":"","format":"standard","meta":{"_acf_changed":false,"footnotes":""},"categories":[9,7],"tags":[],"class_list":["post-733","post","type-post","status-publish","format-standard","has-post-thumbnail","hentry","category-actu-juridique","category-actualites"],"acf":[],"yoast_head":"<!-- This site is optimized with the Yoast SEO plugin v27.2 - https:\/\/yoast.com\/product\/yoast-seo-wordpress\/ -->\n<title>Opticiens et audioproth\u00e9sistes : de nouveaux devis \u00e0 venir ? - Cabinet Magar<\/title>\n<meta name=\"robots\" content=\"index, follow, max-snippet:-1, max-image-preview:large, max-video-preview:-1\" \/>\n<link rel=\"canonical\" href=\"https:\/\/www.cabinet-magar.fr\/de\/actualites\/opticiens-et-audioprothesistes-de-nouveaux-devis-a-venir\/\" \/>\n<meta property=\"og:locale\" content=\"de_DE\" \/>\n<meta property=\"og:type\" content=\"article\" \/>\n<meta property=\"og:title\" content=\"Opticiens et audioproth\u00e9sistes : de nouveaux devis \u00e0 venir ? - Cabinet Magar\" \/>\n<meta property=\"og:description\" content=\"Le Gouvernement s\u2019\u00e9tait laiss\u00e9 la possibilit\u00e9 de modifier les mod\u00e8les-types des devis des opticiens et audioproth\u00e9sistes \u00e0 la fin de l\u2019ann\u00e9e 2020. Verdict ?\" \/>\n<meta property=\"og:url\" content=\"https:\/\/www.cabinet-magar.fr\/de\/actualites\/opticiens-et-audioprothesistes-de-nouveaux-devis-a-venir\/\" \/>\n<meta property=\"og:site_name\" content=\"Cabinet Magar\" \/>\n<meta property=\"article:published_time\" content=\"2021-01-19T04:45:00+00:00\" \/>\n<meta property=\"article:modified_time\" content=\"2021-04-15T01:00:35+00:00\" \/>\n<meta property=\"og:image\" content=\"https:\/\/www.cabinet-magar.fr\/wp-content\/uploads\/2021\/04\/opticien.jpg\" \/>\n\t<meta property=\"og:image:width\" content=\"600\" \/>\n\t<meta property=\"og:image:height\" content=\"400\" \/>\n\t<meta property=\"og:image:type\" content=\"image\/jpeg\" \/>\n<meta name=\"twitter:card\" content=\"summary_large_image\" \/>\n<meta name=\"twitter:label1\" content=\"Gesch\u00e4tzte Lesezeit\" \/>\n\t<meta name=\"twitter:data1\" content=\"1\u00a0Minute\" \/>\n<script type=\"application\/ld+json\" class=\"yoast-schema-graph\">{\"@context\":\"https:\/\/schema.org\",\"@graph\":[{\"@type\":\"Article\",\"@id\":\"https:\/\/www.cabinet-magar.fr\/de\/actualites\/opticiens-et-audioprothesistes-de-nouveaux-devis-a-venir\/#article\",\"isPartOf\":{\"@id\":\"https:\/\/www.cabinet-magar.fr\/de\/actualites\/opticiens-et-audioprothesistes-de-nouveaux-devis-a-venir\/\"},\"author\":{\"name\":\"\",\"@id\":\"\"},\"headline\":\"Opticiens et audioproth\u00e9sistes : de nouveaux devis \u00e0 venir ?\",\"datePublished\":\"2021-01-19T04:45:00+00:00\",\"dateModified\":\"2021-04-15T01:00:35+00:00\",\"mainEntityOfPage\":{\"@id\":\"https:\/\/www.cabinet-magar.fr\/de\/actualites\/opticiens-et-audioprothesistes-de-nouveaux-devis-a-venir\/\"},\"wordCount\":305,\"commentCount\":0,\"image\":{\"@id\":\"https:\/\/www.cabinet-magar.fr\/de\/actualites\/opticiens-et-audioprothesistes-de-nouveaux-devis-a-venir\/#primaryimage\"},\"thumbnailUrl\":\"https:\/\/www.cabinet-magar.fr\/wp-content\/uploads\/2021\/04\/opticien.jpg\",\"articleSection\":[\"Actu Juridique\",\"Actualit\u00e9s\"],\"inLanguage\":\"de\",\"potentialAction\":[{\"@type\":\"CommentAction\",\"name\":\"Comment\",\"target\":[\"https:\/\/www.cabinet-magar.fr\/de\/actualites\/opticiens-et-audioprothesistes-de-nouveaux-devis-a-venir\/#respond\"]}]},{\"@type\":\"WebPage\",\"@id\":\"https:\/\/www.cabinet-magar.fr\/de\/actualites\/opticiens-et-audioprothesistes-de-nouveaux-devis-a-venir\/\",\"url\":\"https:\/\/www.cabinet-magar.fr\/de\/actualites\/opticiens-et-audioprothesistes-de-nouveaux-devis-a-venir\/\",\"name\":\"Opticiens et audioproth\u00e9sistes : de nouveaux devis \u00e0 venir ? - Cabinet Magar\",\"isPartOf\":{\"@id\":\"https:\/\/www.cabinet-magar.fr\/#website\"},\"primaryImageOfPage\":{\"@id\":\"https:\/\/www.cabinet-magar.fr\/de\/actualites\/opticiens-et-audioprothesistes-de-nouveaux-devis-a-venir\/#primaryimage\"},\"image\":{\"@id\":\"https:\/\/www.cabinet-magar.fr\/de\/actualites\/opticiens-et-audioprothesistes-de-nouveaux-devis-a-venir\/#primaryimage\"},\"thumbnailUrl\":\"https:\/\/www.cabinet-magar.fr\/wp-content\/uploads\/2021\/04\/opticien.jpg\",\"datePublished\":\"2021-01-19T04:45:00+00:00\",\"dateModified\":\"2021-04-15T01:00:35+00:00\",\"author\":{\"@id\":\"\"},\"breadcrumb\":{\"@id\":\"https:\/\/www.cabinet-magar.fr\/de\/actualites\/opticiens-et-audioprothesistes-de-nouveaux-devis-a-venir\/#breadcrumb\"},\"inLanguage\":\"de\",\"potentialAction\":[{\"@type\":\"ReadAction\",\"target\":[\"https:\/\/www.cabinet-magar.fr\/de\/actualites\/opticiens-et-audioprothesistes-de-nouveaux-devis-a-venir\/\"]}]},{\"@type\":\"ImageObject\",\"inLanguage\":\"de\",\"@id\":\"https:\/\/www.cabinet-magar.fr\/de\/actualites\/opticiens-et-audioprothesistes-de-nouveaux-devis-a-venir\/#primaryimage\",\"url\":\"https:\/\/www.cabinet-magar.fr\/wp-content\/uploads\/2021\/04\/opticien.jpg\",\"contentUrl\":\"https:\/\/www.cabinet-magar.fr\/wp-content\/uploads\/2021\/04\/opticien.jpg\",\"width\":600,\"height\":400},{\"@type\":\"BreadcrumbList\",\"@id\":\"https:\/\/www.cabinet-magar.fr\/de\/actualites\/opticiens-et-audioprothesistes-de-nouveaux-devis-a-venir\/#breadcrumb\",\"itemListElement\":[{\"@type\":\"ListItem\",\"position\":1,\"name\":\"Accueil\",\"item\":\"https:\/\/www.cabinet-magar.fr\/de\/\"},{\"@type\":\"ListItem\",\"position\":2,\"name\":\"Opticiens et audioproth\u00e9sistes : de nouveaux devis \u00e0 venir ?\"}]},{\"@type\":\"WebSite\",\"@id\":\"https:\/\/www.cabinet-magar.fr\/#website\",\"url\":\"https:\/\/www.cabinet-magar.fr\/\",\"name\":\"Cabinet Magar\",\"description\":\"\",\"potentialAction\":[{\"@type\":\"SearchAction\",\"target\":{\"@type\":\"EntryPoint\",\"urlTemplate\":\"https:\/\/www.cabinet-magar.fr\/?s={search_term_string}\"},\"query-input\":{\"@type\":\"PropertyValueSpecification\",\"valueRequired\":true,\"valueName\":\"search_term_string\"}}],\"inLanguage\":\"de\"}]}<\/script>\n<!-- \/ Yoast SEO plugin. -->","yoast_head_json":{"title":"Opticiens et audioproth\u00e9sistes : de nouveaux devis \u00e0 venir ? - Cabinet Magar","robots":{"index":"index","follow":"follow","max-snippet":"max-snippet:-1","max-image-preview":"max-image-preview:large","max-video-preview":"max-video-preview:-1"},"canonical":"https:\/\/www.cabinet-magar.fr\/de\/actualites\/opticiens-et-audioprothesistes-de-nouveaux-devis-a-venir\/","og_locale":"de_DE","og_type":"article","og_title":"Opticiens et audioproth\u00e9sistes : de nouveaux devis \u00e0 venir ? - Cabinet Magar","og_description":"Le Gouvernement s\u2019\u00e9tait laiss\u00e9 la possibilit\u00e9 de modifier les mod\u00e8les-types des devis des opticiens et audioproth\u00e9sistes \u00e0 la fin de l\u2019ann\u00e9e 2020. Verdict ?","og_url":"https:\/\/www.cabinet-magar.fr\/de\/actualites\/opticiens-et-audioprothesistes-de-nouveaux-devis-a-venir\/","og_site_name":"Cabinet Magar","article_published_time":"2021-01-19T04:45:00+00:00","article_modified_time":"2021-04-15T01:00:35+00:00","og_image":[{"width":600,"height":400,"url":"https:\/\/www.cabinet-magar.fr\/wp-content\/uploads\/2021\/04\/opticien.jpg","type":"image\/jpeg"}],"twitter_card":"summary_large_image","twitter_misc":{"Gesch\u00e4tzte Lesezeit":"1\u00a0Minute"},"schema":{"@context":"https:\/\/schema.org","@graph":[{"@type":"Article","@id":"https:\/\/www.cabinet-magar.fr\/de\/actualites\/opticiens-et-audioprothesistes-de-nouveaux-devis-a-venir\/#article","isPartOf":{"@id":"https:\/\/www.cabinet-magar.fr\/de\/actualites\/opticiens-et-audioprothesistes-de-nouveaux-devis-a-venir\/"},"author":{"name":"","@id":""},"headline":"Opticiens et audioproth\u00e9sistes : de nouveaux devis \u00e0 venir ?","datePublished":"2021-01-19T04:45:00+00:00","dateModified":"2021-04-15T01:00:35+00:00","mainEntityOfPage":{"@id":"https:\/\/www.cabinet-magar.fr\/de\/actualites\/opticiens-et-audioprothesistes-de-nouveaux-devis-a-venir\/"},"wordCount":305,"commentCount":0,"image":{"@id":"https:\/\/www.cabinet-magar.fr\/de\/actualites\/opticiens-et-audioprothesistes-de-nouveaux-devis-a-venir\/#primaryimage"},"thumbnailUrl":"https:\/\/www.cabinet-magar.fr\/wp-content\/uploads\/2021\/04\/opticien.jpg","articleSection":["Actu Juridique","Actualit\u00e9s"],"inLanguage":"de","potentialAction":[{"@type":"CommentAction","name":"Comment","target":["https:\/\/www.cabinet-magar.fr\/de\/actualites\/opticiens-et-audioprothesistes-de-nouveaux-devis-a-venir\/#respond"]}]},{"@type":"WebPage","@id":"https:\/\/www.cabinet-magar.fr\/de\/actualites\/opticiens-et-audioprothesistes-de-nouveaux-devis-a-venir\/","url":"https:\/\/www.cabinet-magar.fr\/de\/actualites\/opticiens-et-audioprothesistes-de-nouveaux-devis-a-venir\/","name":"Opticiens et audioproth\u00e9sistes : de nouveaux devis \u00e0 venir ? - Cabinet Magar","isPartOf":{"@id":"https:\/\/www.cabinet-magar.fr\/#website"},"primaryImageOfPage":{"@id":"https:\/\/www.cabinet-magar.fr\/de\/actualites\/opticiens-et-audioprothesistes-de-nouveaux-devis-a-venir\/#primaryimage"},"image":{"@id":"https:\/\/www.cabinet-magar.fr\/de\/actualites\/opticiens-et-audioprothesistes-de-nouveaux-devis-a-venir\/#primaryimage"},"thumbnailUrl":"https:\/\/www.cabinet-magar.fr\/wp-content\/uploads\/2021\/04\/opticien.jpg","datePublished":"2021-01-19T04:45:00+00:00","dateModified":"2021-04-15T01:00:35+00:00","author":{"@id":""},"breadcrumb":{"@id":"https:\/\/www.cabinet-magar.fr\/de\/actualites\/opticiens-et-audioprothesistes-de-nouveaux-devis-a-venir\/#breadcrumb"},"inLanguage":"de","potentialAction":[{"@type":"ReadAction","target":["https:\/\/www.cabinet-magar.fr\/de\/actualites\/opticiens-et-audioprothesistes-de-nouveaux-devis-a-venir\/"]}]},{"@type":"ImageObject","inLanguage":"de","@id":"https:\/\/www.cabinet-magar.fr\/de\/actualites\/opticiens-et-audioprothesistes-de-nouveaux-devis-a-venir\/#primaryimage","url":"https:\/\/www.cabinet-magar.fr\/wp-content\/uploads\/2021\/04\/opticien.jpg","contentUrl":"https:\/\/www.cabinet-magar.fr\/wp-content\/uploads\/2021\/04\/opticien.jpg","width":600,"height":400},{"@type":"BreadcrumbList","@id":"https:\/\/www.cabinet-magar.fr\/de\/actualites\/opticiens-et-audioprothesistes-de-nouveaux-devis-a-venir\/#breadcrumb","itemListElement":[{"@type":"ListItem","position":1,"name":"Accueil","item":"https:\/\/www.cabinet-magar.fr\/de\/"},{"@type":"ListItem","position":2,"name":"Opticiens et audioproth\u00e9sistes : de nouveaux devis \u00e0 venir ?"}]},{"@type":"WebSite","@id":"https:\/\/www.cabinet-magar.fr\/#website","url":"https:\/\/www.cabinet-magar.fr\/","name":"Cabinet Magar","description":"","potentialAction":[{"@type":"SearchAction","target":{"@type":"EntryPoint","urlTemplate":"https:\/\/www.cabinet-magar.fr\/?s={search_term_string}"},"query-input":{"@type":"PropertyValueSpecification","valueRequired":true,"valueName":"search_term_string"}}],"inLanguage":"de"}]}},"_links":{"self":[{"href":"https:\/\/www.cabinet-magar.fr\/de\/wp-json\/wp\/v2\/posts\/733","targetHints":{"allow":["GET"]}}],"collection":[{"href":"https:\/\/www.cabinet-magar.fr\/de\/wp-json\/wp\/v2\/posts"}],"about":[{"href":"https:\/\/www.cabinet-magar.fr\/de\/wp-json\/wp\/v2\/types\/post"}],"replies":[{"embeddable":true,"href":"https:\/\/www.cabinet-magar.fr\/de\/wp-json\/wp\/v2\/comments?post=733"}],"version-history":[{"count":1,"href":"https:\/\/www.cabinet-magar.fr\/de\/wp-json\/wp\/v2\/posts\/733\/revisions"}],"predecessor-version":[{"id":4011,"href":"https:\/\/www.cabinet-magar.fr\/de\/wp-json\/wp\/v2\/posts\/733\/revisions\/4011"}],"wp:featuredmedia":[{"embeddable":true,"href":"https:\/\/www.cabinet-magar.fr\/de\/wp-json\/wp\/v2\/media\/4012"}],"wp:attachment":[{"href":"https:\/\/www.cabinet-magar.fr\/de\/wp-json\/wp\/v2\/media?parent=733"}],"wp:term":[{"taxonomy":"category","embeddable":true,"href":"https:\/\/www.cabinet-magar.fr\/de\/wp-json\/wp\/v2\/categories?post=733"},{"taxonomy":"post_tag","embeddable":true,"href":"https:\/\/www.cabinet-magar.fr\/de\/wp-json\/wp\/v2\/tags?post=733"}],"curies":[{"name":"wp","href":"https:\/\/api.w.org\/{rel}","templated":true}]}}