{"id":714,"date":"2021-01-21T05:50:00","date_gmt":"2021-01-21T04:50:00","guid":{"rendered":"https:\/\/www.cabinet-magar.fr\/contrat-intermittent-des-conditions-ou-des-sanctions\/"},"modified":"2021-04-14T03:00:15","modified_gmt":"2021-04-14T01:00:15","slug":"contrat-intermittent-des-conditions-ou-des-sanctions","status":"publish","type":"post","link":"https:\/\/www.cabinet-magar.fr\/de\/actualites\/contrat-intermittent-des-conditions-ou-des-sanctions\/","title":{"rendered":"Contrat intermittent : des conditions ou des sanctions"},"content":{"rendered":"<p >Une entreprise signe un contrat intermittent avec une salari\u00e9e. Sauf qu\u2019elle ne remplissait pas les conditions requises pour recourir \u00e0 ce type de contrat. Son contrat est donc \u00e0 temps complet, d\u2019apr\u00e8s la salari\u00e9e. Non, \u00e0 temps partiel, r\u00e9torque l\u2019employeur. Verdict ?<\/p>\n<div>\n<h2> CDI intermittent : alternance de p\u00e9riodes travaill\u00e9es et de p\u00e9riodes non-travaill\u00e9es<\/h2>\n<p>Une entreprise embauche une salari\u00e9e en contrat intermittent.<\/p>\n<p>Mais parce qu\u2019aucun accord collectif ne pr\u00e9voit cette possibilit\u00e9, son contrat est illicite, juge la salari\u00e9e qui consid\u00e8re qu\u2019elle est donc en CDI \u00e0 temps complet.<\/p>\n<p>\u00ab Non \u00bb, r\u00e9pond l\u2019employeur qui estime que la salari\u00e9e est \u00e0 temps partiel, puisqu\u2019elle n\u2019avait pas \u00e0 se tenir continuellement \u00e0 sa disposition.<\/p>\n<p>Sauf qu\u2019un contrat intermittent illicite doit \u00eatre requalifi\u00e9 en CDI \u00e0 temps complet, r\u00e9pond le juge qui donne raison \u00e0 la salari\u00e9e.<\/p>\n<p><span style=\"text-decoration: underline;\">Source :<\/span> Arr\u00eat de la Cour de Cassation, chambre sociale, du 6 janvier 2021, n\u00b0 19-14159<\/p>\n<p><a title=\"WebLex - Contrat intermittent : des conditions ou des sanctions\" href=\"https:\/\/www.weblex.fr\/weblex-actualite\/contrat-intermittent-des-conditions-ou-des-sanctions\" rel=\"nofollow noopener\" target=\"_blank\">Contrat intermittent : des conditions ou des sanctions<\/a> \u00a9 Copyright WebLex &#8211; 2021<\/p>\n<\/div>\n<p><img src='https:\/\/www.weblex.fr\/images\/flux_actus\/tempsdetravail.jpg'><\/p>\n","protected":false},"excerpt":{"rendered":"<p>Une entreprise signe un contrat intermittent avec une salari\u00e9e. Sauf qu\u2019elle ne remplissait pas les conditions requises pour recourir \u00e0 ce type de contrat. Son contrat est donc \u00e0 temps complet, d\u2019apr\u00e8s la salari\u00e9e. Non, \u00e0 temps partiel, r\u00e9torque l\u2019employeur. Verdict ?<\/p>\n","protected":false},"author":0,"featured_media":271,"comment_status":"open","ping_status":"closed","sticky":false,"template":"","format":"standard","meta":{"_acf_changed":false,"footnotes":""},"categories":[8,7],"tags":[],"class_list":["post-714","post","type-post","status-publish","format-standard","has-post-thumbnail","hentry","category-actu-sociale","category-actualites"],"acf":[],"yoast_head":"<!-- This site is optimized with the Yoast SEO plugin v27.2 - https:\/\/yoast.com\/product\/yoast-seo-wordpress\/ -->\n<title>Contrat intermittent : des conditions ou des sanctions - Cabinet Magar<\/title>\n<meta name=\"robots\" content=\"index, follow, max-snippet:-1, max-image-preview:large, max-video-preview:-1\" \/>\n<link rel=\"canonical\" href=\"https:\/\/www.cabinet-magar.fr\/actualites\/contrat-intermittent-des-conditions-ou-des-sanctions\/\" \/>\n<meta property=\"og:locale\" content=\"de_DE\" \/>\n<meta property=\"og:type\" content=\"article\" \/>\n<meta property=\"og:title\" content=\"Contrat intermittent : des conditions ou des sanctions - Cabinet Magar\" \/>\n<meta property=\"og:description\" content=\"Une entreprise signe un contrat intermittent avec une salari\u00e9e. Sauf qu\u2019elle ne remplissait pas les conditions requises pour recourir \u00e0 ce type de contrat. Son contrat est donc \u00e0 temps complet, d\u2019apr\u00e8s la salari\u00e9e. Non, \u00e0 temps partiel, r\u00e9torque l\u2019employeur. Verdict ?\" \/>\n<meta property=\"og:url\" content=\"https:\/\/www.cabinet-magar.fr\/actualites\/contrat-intermittent-des-conditions-ou-des-sanctions\/\" \/>\n<meta property=\"og:site_name\" content=\"Cabinet Magar\" \/>\n<meta property=\"article:published_time\" content=\"2021-01-21T04:50:00+00:00\" \/>\n<meta property=\"article:modified_time\" content=\"2021-04-14T01:00:15+00:00\" \/>\n<meta property=\"og:image\" content=\"https:\/\/www.cabinet-magar.fr\/wp-content\/uploads\/2021\/03\/tempsdetravail.jpg\" \/>\n\t<meta property=\"og:image:width\" content=\"600\" \/>\n\t<meta property=\"og:image:height\" content=\"400\" \/>\n\t<meta property=\"og:image:type\" content=\"image\/jpeg\" \/>\n<meta name=\"twitter:card\" content=\"summary_large_image\" \/>\n<meta name=\"twitter:label1\" content=\"Gesch\u00e4tzte Lesezeit\" \/>\n\t<meta name=\"twitter:data1\" content=\"1\u00a0Minute\" \/>\n<script type=\"application\/ld+json\" class=\"yoast-schema-graph\">{\"@context\":\"https:\/\/schema.org\",\"@graph\":[{\"@type\":\"Article\",\"@id\":\"https:\/\/www.cabinet-magar.fr\/actualites\/contrat-intermittent-des-conditions-ou-des-sanctions\/#article\",\"isPartOf\":{\"@id\":\"https:\/\/www.cabinet-magar.fr\/actualites\/contrat-intermittent-des-conditions-ou-des-sanctions\/\"},\"author\":{\"name\":\"\",\"@id\":\"\"},\"headline\":\"Contrat intermittent : des conditions ou des sanctions\",\"datePublished\":\"2021-01-21T04:50:00+00:00\",\"dateModified\":\"2021-04-14T01:00:15+00:00\",\"mainEntityOfPage\":{\"@id\":\"https:\/\/www.cabinet-magar.fr\/actualites\/contrat-intermittent-des-conditions-ou-des-sanctions\/\"},\"wordCount\":176,\"commentCount\":0,\"image\":{\"@id\":\"https:\/\/www.cabinet-magar.fr\/actualites\/contrat-intermittent-des-conditions-ou-des-sanctions\/#primaryimage\"},\"thumbnailUrl\":\"https:\/\/www.cabinet-magar.fr\/wp-content\/uploads\/2021\/03\/tempsdetravail.jpg\",\"articleSection\":[\"Actu Sociale\",\"Actualit\u00e9s\"],\"inLanguage\":\"de\",\"potentialAction\":[{\"@type\":\"CommentAction\",\"name\":\"Comment\",\"target\":[\"https:\/\/www.cabinet-magar.fr\/actualites\/contrat-intermittent-des-conditions-ou-des-sanctions\/#respond\"]}]},{\"@type\":\"WebPage\",\"@id\":\"https:\/\/www.cabinet-magar.fr\/actualites\/contrat-intermittent-des-conditions-ou-des-sanctions\/\",\"url\":\"https:\/\/www.cabinet-magar.fr\/actualites\/contrat-intermittent-des-conditions-ou-des-sanctions\/\",\"name\":\"Contrat intermittent : des conditions ou des sanctions - Cabinet Magar\",\"isPartOf\":{\"@id\":\"https:\/\/www.cabinet-magar.fr\/#website\"},\"primaryImageOfPage\":{\"@id\":\"https:\/\/www.cabinet-magar.fr\/actualites\/contrat-intermittent-des-conditions-ou-des-sanctions\/#primaryimage\"},\"image\":{\"@id\":\"https:\/\/www.cabinet-magar.fr\/actualites\/contrat-intermittent-des-conditions-ou-des-sanctions\/#primaryimage\"},\"thumbnailUrl\":\"https:\/\/www.cabinet-magar.fr\/wp-content\/uploads\/2021\/03\/tempsdetravail.jpg\",\"datePublished\":\"2021-01-21T04:50:00+00:00\",\"dateModified\":\"2021-04-14T01:00:15+00:00\",\"author\":{\"@id\":\"\"},\"breadcrumb\":{\"@id\":\"https:\/\/www.cabinet-magar.fr\/actualites\/contrat-intermittent-des-conditions-ou-des-sanctions\/#breadcrumb\"},\"inLanguage\":\"de\",\"potentialAction\":[{\"@type\":\"ReadAction\",\"target\":[\"https:\/\/www.cabinet-magar.fr\/actualites\/contrat-intermittent-des-conditions-ou-des-sanctions\/\"]}]},{\"@type\":\"ImageObject\",\"inLanguage\":\"de\",\"@id\":\"https:\/\/www.cabinet-magar.fr\/actualites\/contrat-intermittent-des-conditions-ou-des-sanctions\/#primaryimage\",\"url\":\"https:\/\/www.cabinet-magar.fr\/wp-content\/uploads\/2021\/03\/tempsdetravail.jpg\",\"contentUrl\":\"https:\/\/www.cabinet-magar.fr\/wp-content\/uploads\/2021\/03\/tempsdetravail.jpg\",\"width\":600,\"height\":400},{\"@type\":\"BreadcrumbList\",\"@id\":\"https:\/\/www.cabinet-magar.fr\/actualites\/contrat-intermittent-des-conditions-ou-des-sanctions\/#breadcrumb\",\"itemListElement\":[{\"@type\":\"ListItem\",\"position\":1,\"name\":\"Accueil\",\"item\":\"https:\/\/www.cabinet-magar.fr\/de\/\"},{\"@type\":\"ListItem\",\"position\":2,\"name\":\"Contrat intermittent : des conditions ou des sanctions\"}]},{\"@type\":\"WebSite\",\"@id\":\"https:\/\/www.cabinet-magar.fr\/#website\",\"url\":\"https:\/\/www.cabinet-magar.fr\/\",\"name\":\"Cabinet Magar\",\"description\":\"\",\"potentialAction\":[{\"@type\":\"SearchAction\",\"target\":{\"@type\":\"EntryPoint\",\"urlTemplate\":\"https:\/\/www.cabinet-magar.fr\/?s={search_term_string}\"},\"query-input\":{\"@type\":\"PropertyValueSpecification\",\"valueRequired\":true,\"valueName\":\"search_term_string\"}}],\"inLanguage\":\"de\"}]}<\/script>\n<!-- \/ Yoast SEO plugin. -->","yoast_head_json":{"title":"Contrat intermittent : des conditions ou des sanctions - Cabinet Magar","robots":{"index":"index","follow":"follow","max-snippet":"max-snippet:-1","max-image-preview":"max-image-preview:large","max-video-preview":"max-video-preview:-1"},"canonical":"https:\/\/www.cabinet-magar.fr\/actualites\/contrat-intermittent-des-conditions-ou-des-sanctions\/","og_locale":"de_DE","og_type":"article","og_title":"Contrat intermittent : des conditions ou des sanctions - Cabinet Magar","og_description":"Une entreprise signe un contrat intermittent avec une salari\u00e9e. Sauf qu\u2019elle ne remplissait pas les conditions requises pour recourir \u00e0 ce type de contrat. Son contrat est donc \u00e0 temps complet, d\u2019apr\u00e8s la salari\u00e9e. Non, \u00e0 temps partiel, r\u00e9torque l\u2019employeur. Verdict ?","og_url":"https:\/\/www.cabinet-magar.fr\/actualites\/contrat-intermittent-des-conditions-ou-des-sanctions\/","og_site_name":"Cabinet Magar","article_published_time":"2021-01-21T04:50:00+00:00","article_modified_time":"2021-04-14T01:00:15+00:00","og_image":[{"width":600,"height":400,"url":"https:\/\/www.cabinet-magar.fr\/wp-content\/uploads\/2021\/03\/tempsdetravail.jpg","type":"image\/jpeg"}],"twitter_card":"summary_large_image","twitter_misc":{"Gesch\u00e4tzte Lesezeit":"1\u00a0Minute"},"schema":{"@context":"https:\/\/schema.org","@graph":[{"@type":"Article","@id":"https:\/\/www.cabinet-magar.fr\/actualites\/contrat-intermittent-des-conditions-ou-des-sanctions\/#article","isPartOf":{"@id":"https:\/\/www.cabinet-magar.fr\/actualites\/contrat-intermittent-des-conditions-ou-des-sanctions\/"},"author":{"name":"","@id":""},"headline":"Contrat intermittent : des conditions ou des sanctions","datePublished":"2021-01-21T04:50:00+00:00","dateModified":"2021-04-14T01:00:15+00:00","mainEntityOfPage":{"@id":"https:\/\/www.cabinet-magar.fr\/actualites\/contrat-intermittent-des-conditions-ou-des-sanctions\/"},"wordCount":176,"commentCount":0,"image":{"@id":"https:\/\/www.cabinet-magar.fr\/actualites\/contrat-intermittent-des-conditions-ou-des-sanctions\/#primaryimage"},"thumbnailUrl":"https:\/\/www.cabinet-magar.fr\/wp-content\/uploads\/2021\/03\/tempsdetravail.jpg","articleSection":["Actu Sociale","Actualit\u00e9s"],"inLanguage":"de","potentialAction":[{"@type":"CommentAction","name":"Comment","target":["https:\/\/www.cabinet-magar.fr\/actualites\/contrat-intermittent-des-conditions-ou-des-sanctions\/#respond"]}]},{"@type":"WebPage","@id":"https:\/\/www.cabinet-magar.fr\/actualites\/contrat-intermittent-des-conditions-ou-des-sanctions\/","url":"https:\/\/www.cabinet-magar.fr\/actualites\/contrat-intermittent-des-conditions-ou-des-sanctions\/","name":"Contrat intermittent : des conditions ou des sanctions - Cabinet Magar","isPartOf":{"@id":"https:\/\/www.cabinet-magar.fr\/#website"},"primaryImageOfPage":{"@id":"https:\/\/www.cabinet-magar.fr\/actualites\/contrat-intermittent-des-conditions-ou-des-sanctions\/#primaryimage"},"image":{"@id":"https:\/\/www.cabinet-magar.fr\/actualites\/contrat-intermittent-des-conditions-ou-des-sanctions\/#primaryimage"},"thumbnailUrl":"https:\/\/www.cabinet-magar.fr\/wp-content\/uploads\/2021\/03\/tempsdetravail.jpg","datePublished":"2021-01-21T04:50:00+00:00","dateModified":"2021-04-14T01:00:15+00:00","author":{"@id":""},"breadcrumb":{"@id":"https:\/\/www.cabinet-magar.fr\/actualites\/contrat-intermittent-des-conditions-ou-des-sanctions\/#breadcrumb"},"inLanguage":"de","potentialAction":[{"@type":"ReadAction","target":["https:\/\/www.cabinet-magar.fr\/actualites\/contrat-intermittent-des-conditions-ou-des-sanctions\/"]}]},{"@type":"ImageObject","inLanguage":"de","@id":"https:\/\/www.cabinet-magar.fr\/actualites\/contrat-intermittent-des-conditions-ou-des-sanctions\/#primaryimage","url":"https:\/\/www.cabinet-magar.fr\/wp-content\/uploads\/2021\/03\/tempsdetravail.jpg","contentUrl":"https:\/\/www.cabinet-magar.fr\/wp-content\/uploads\/2021\/03\/tempsdetravail.jpg","width":600,"height":400},{"@type":"BreadcrumbList","@id":"https:\/\/www.cabinet-magar.fr\/actualites\/contrat-intermittent-des-conditions-ou-des-sanctions\/#breadcrumb","itemListElement":[{"@type":"ListItem","position":1,"name":"Accueil","item":"https:\/\/www.cabinet-magar.fr\/de\/"},{"@type":"ListItem","position":2,"name":"Contrat intermittent : des conditions ou des sanctions"}]},{"@type":"WebSite","@id":"https:\/\/www.cabinet-magar.fr\/#website","url":"https:\/\/www.cabinet-magar.fr\/","name":"Cabinet Magar","description":"","potentialAction":[{"@type":"SearchAction","target":{"@type":"EntryPoint","urlTemplate":"https:\/\/www.cabinet-magar.fr\/?s={search_term_string}"},"query-input":{"@type":"PropertyValueSpecification","valueRequired":true,"valueName":"search_term_string"}}],"inLanguage":"de"}]}},"_links":{"self":[{"href":"https:\/\/www.cabinet-magar.fr\/de\/wp-json\/wp\/v2\/posts\/714","targetHints":{"allow":["GET"]}}],"collection":[{"href":"https:\/\/www.cabinet-magar.fr\/de\/wp-json\/wp\/v2\/posts"}],"about":[{"href":"https:\/\/www.cabinet-magar.fr\/de\/wp-json\/wp\/v2\/types\/post"}],"replies":[{"embeddable":true,"href":"https:\/\/www.cabinet-magar.fr\/de\/wp-json\/wp\/v2\/comments?post=714"}],"version-history":[{"count":1,"href":"https:\/\/www.cabinet-magar.fr\/de\/wp-json\/wp\/v2\/posts\/714\/revisions"}],"predecessor-version":[{"id":3975,"href":"https:\/\/www.cabinet-magar.fr\/de\/wp-json\/wp\/v2\/posts\/714\/revisions\/3975"}],"wp:featuredmedia":[{"embeddable":true,"href":"https:\/\/www.cabinet-magar.fr\/de\/wp-json\/wp\/v2\/media\/271"}],"wp:attachment":[{"href":"https:\/\/www.cabinet-magar.fr\/de\/wp-json\/wp\/v2\/media?parent=714"}],"wp:term":[{"taxonomy":"category","embeddable":true,"href":"https:\/\/www.cabinet-magar.fr\/de\/wp-json\/wp\/v2\/categories?post=714"},{"taxonomy":"post_tag","embeddable":true,"href":"https:\/\/www.cabinet-magar.fr\/de\/wp-json\/wp\/v2\/tags?post=714"}],"curies":[{"name":"wp","href":"https:\/\/api.w.org\/{rel}","templated":true}]}}