{"id":713,"date":"2021-01-21T05:51:00","date_gmt":"2021-01-21T04:51:00","guid":{"rendered":"https:\/\/www.cabinet-magar.fr\/coronavirus-covid-19-et-activite-partielle-prolongation-de-la-prise-en-charge-des-conges-payes-par-letat\/"},"modified":"2021-04-14T03:00:11","modified_gmt":"2021-04-14T01:00:11","slug":"coronavirus-covid-19-et-activite-partielle-prolongation-de-la-prise-en-charge-des-conges-payes-par-letat","status":"publish","type":"post","link":"https:\/\/www.cabinet-magar.fr\/de\/actualites\/coronavirus-covid-19-et-activite-partielle-prolongation-de-la-prise-en-charge-des-conges-payes-par-letat\/","title":{"rendered":"Coronavirus (COVID-19) et activit\u00e9 partielle : prolongation de la prise en charge des cong\u00e9s pay\u00e9s par l\u2019Etat"},"content":{"rendered":"<p >D\u00e9but janvier, le gouvernement a annonc\u00e9 la prise en charge, de mani\u00e8re exceptionnelle, des cong\u00e9s pay\u00e9s des salari\u00e9s des secteurs les plus durement touch\u00e9s par la crise. Cette prise en charge vient d\u2019\u00eatre prolong\u00e9e\u2026 Jusqu\u2019\u00e0 quand\u202f?<\/p>\n<div>\n<h2> Coronavirus (COVID-19)\u202fet activit\u00e9 partielle : prise en charge des cong\u00e9s pay\u00e9s jusqu\u2019au 7 mars 2021\u202f!<\/h2>\n<p>Pour rappel, le gouvernement, afin de soutenir les entreprises des secteurs les plus touch\u00e9s par la crise sanitaire, a mis en place une aide exceptionnelle accord\u00e9e aux entreprises accueillant du public, au titre des cong\u00e9s pay\u00e9s pris par leurs salari\u00e9s entre le 1er et le 20 janvier 2021 durant une p\u00e9riode d\u2019activit\u00e9 partielle.<\/p>\n<p>Cette aide est prolong\u00e9e. Elle pourra donc \u00eatre vers\u00e9e aux employeurs au titre des cong\u00e9s pay\u00e9s pris jusqu\u2019au 31 janvier 2021 et sera reconduite pour les cong\u00e9s pris entre le 1er f\u00e9vrier et le 7 mars 2021, \u00e0 condition que ces derniers aient plac\u00e9 un ou plusieurs salari\u00e9s en position d&#8217;activit\u00e9 partielle pendant cette m\u00eame p\u00e9riode.<\/p>\n<p>Les conditions li\u00e9es aux b\u00e9n\u00e9ficiaires, \u00e0 la dur\u00e9e, au montant, \u00e0 la demande et au versement de l\u2019aide restent identiques.<\/p>\n<p>Source : D\u00e9cret n\u00b0 2021-44 du 20 janvier 2021 relatif \u00e0 l&#8217;aide exceptionnelle accord\u00e9e aux entreprises accueillant du public au titre des cong\u00e9s pay\u00e9s pris par leurs salari\u00e9s<\/p>\n<p><a title=\"WebLex - Coronavirus (COVID-19)\u202fet activit\u00e9 partielle : prolongation de la prise en charge des cong\u00e9s pay\u00e9s par l\u2019Etat\u202f?\" href=\"https:\/\/www.weblex.fr\/weblex-actualite\/coronavirus-covid-19-et-activite-partielle-prolongation-de-la-prise-en-charge-des-conges-payes-par-letat\" target=\"_blank\" rel=\"noopener\">Coronavirus (COVID-19)\u202fet activit\u00e9 partielle : prolongation de la prise en charge des cong\u00e9s pay\u00e9s par l\u2019Etat\u202f?<\/a> \u00a9 Copyright WebLex &#8211; 2021<\/p>\n<\/div>\n<p><img src='https:\/\/www.weblex.fr\/images\/flux_actus\/calendrier2.jpg'><\/p>\n","protected":false},"excerpt":{"rendered":"<p>D\u00e9but janvier, le gouvernement a annonc\u00e9 la prise en charge, de mani\u00e8re exceptionnelle, des cong\u00e9s pay\u00e9s des salari\u00e9s des secteurs les plus durement touch\u00e9s par la crise. Cette prise en charge vient d\u2019\u00eatre prolong\u00e9e\u2026 Jusqu\u2019\u00e0 quand\u202f?<\/p>\n","protected":false},"author":0,"featured_media":3974,"comment_status":"open","ping_status":"closed","sticky":false,"template":"","format":"standard","meta":{"_acf_changed":false,"footnotes":""},"categories":[8,7],"tags":[],"class_list":["post-713","post","type-post","status-publish","format-standard","has-post-thumbnail","hentry","category-actu-sociale","category-actualites"],"acf":[],"yoast_head":"<!-- This site is optimized with the Yoast SEO plugin v27.2 - https:\/\/yoast.com\/product\/yoast-seo-wordpress\/ -->\n<title>Coronavirus (COVID-19) et activit\u00e9 partielle : prolongation de la prise en charge des cong\u00e9s pay\u00e9s par l\u2019Etat - Cabinet Magar<\/title>\n<meta name=\"robots\" content=\"index, follow, max-snippet:-1, max-image-preview:large, max-video-preview:-1\" \/>\n<link rel=\"canonical\" href=\"https:\/\/www.cabinet-magar.fr\/de\/actualites\/coronavirus-covid-19-et-activite-partielle-prolongation-de-la-prise-en-charge-des-conges-payes-par-letat\/\" \/>\n<meta property=\"og:locale\" content=\"de_DE\" \/>\n<meta property=\"og:type\" content=\"article\" \/>\n<meta property=\"og:title\" content=\"Coronavirus (COVID-19) et activit\u00e9 partielle : prolongation de la prise en charge des cong\u00e9s pay\u00e9s par l\u2019Etat - Cabinet Magar\" \/>\n<meta property=\"og:description\" content=\"D\u00e9but janvier, le gouvernement a annonc\u00e9 la prise en charge, de mani\u00e8re exceptionnelle, des cong\u00e9s pay\u00e9s des salari\u00e9s des secteurs les plus durement touch\u00e9s par la crise. Cette prise en charge vient d\u2019\u00eatre prolong\u00e9e\u2026 Jusqu\u2019\u00e0 quand\u202f?\" \/>\n<meta property=\"og:url\" content=\"https:\/\/www.cabinet-magar.fr\/de\/actualites\/coronavirus-covid-19-et-activite-partielle-prolongation-de-la-prise-en-charge-des-conges-payes-par-letat\/\" \/>\n<meta property=\"og:site_name\" content=\"Cabinet Magar\" \/>\n<meta property=\"article:published_time\" content=\"2021-01-21T04:51:00+00:00\" \/>\n<meta property=\"article:modified_time\" content=\"2021-04-14T01:00:11+00:00\" \/>\n<meta property=\"og:image\" content=\"https:\/\/www.cabinet-magar.fr\/wp-content\/uploads\/2021\/04\/calendrier2.jpg\" \/>\n\t<meta property=\"og:image:width\" content=\"600\" \/>\n\t<meta property=\"og:image:height\" content=\"400\" \/>\n\t<meta property=\"og:image:type\" content=\"image\/jpeg\" \/>\n<meta name=\"twitter:card\" content=\"summary_large_image\" \/>\n<meta name=\"twitter:label1\" content=\"Gesch\u00e4tzte Lesezeit\" \/>\n\t<meta name=\"twitter:data1\" content=\"1\u00a0Minute\" \/>\n<script type=\"application\/ld+json\" class=\"yoast-schema-graph\">{\"@context\":\"https:\/\/schema.org\",\"@graph\":[{\"@type\":\"Article\",\"@id\":\"https:\/\/www.cabinet-magar.fr\/de\/actualites\/coronavirus-covid-19-et-activite-partielle-prolongation-de-la-prise-en-charge-des-conges-payes-par-letat\/#article\",\"isPartOf\":{\"@id\":\"https:\/\/www.cabinet-magar.fr\/de\/actualites\/coronavirus-covid-19-et-activite-partielle-prolongation-de-la-prise-en-charge-des-conges-payes-par-letat\/\"},\"author\":{\"name\":\"\",\"@id\":\"\"},\"headline\":\"Coronavirus (COVID-19) et activit\u00e9 partielle : prolongation de la prise en charge des cong\u00e9s pay\u00e9s par l\u2019Etat\",\"datePublished\":\"2021-01-21T04:51:00+00:00\",\"dateModified\":\"2021-04-14T01:00:11+00:00\",\"mainEntityOfPage\":{\"@id\":\"https:\/\/www.cabinet-magar.fr\/de\/actualites\/coronavirus-covid-19-et-activite-partielle-prolongation-de-la-prise-en-charge-des-conges-payes-par-letat\/\"},\"wordCount\":274,\"commentCount\":0,\"image\":{\"@id\":\"https:\/\/www.cabinet-magar.fr\/de\/actualites\/coronavirus-covid-19-et-activite-partielle-prolongation-de-la-prise-en-charge-des-conges-payes-par-letat\/#primaryimage\"},\"thumbnailUrl\":\"https:\/\/www.cabinet-magar.fr\/wp-content\/uploads\/2021\/04\/calendrier2.jpg\",\"articleSection\":[\"Actu Sociale\",\"Actualit\u00e9s\"],\"inLanguage\":\"de\",\"potentialAction\":[{\"@type\":\"CommentAction\",\"name\":\"Comment\",\"target\":[\"https:\/\/www.cabinet-magar.fr\/de\/actualites\/coronavirus-covid-19-et-activite-partielle-prolongation-de-la-prise-en-charge-des-conges-payes-par-letat\/#respond\"]}]},{\"@type\":\"WebPage\",\"@id\":\"https:\/\/www.cabinet-magar.fr\/de\/actualites\/coronavirus-covid-19-et-activite-partielle-prolongation-de-la-prise-en-charge-des-conges-payes-par-letat\/\",\"url\":\"https:\/\/www.cabinet-magar.fr\/de\/actualites\/coronavirus-covid-19-et-activite-partielle-prolongation-de-la-prise-en-charge-des-conges-payes-par-letat\/\",\"name\":\"Coronavirus (COVID-19) et activit\u00e9 partielle : prolongation de la prise en charge des cong\u00e9s pay\u00e9s par l\u2019Etat - Cabinet Magar\",\"isPartOf\":{\"@id\":\"https:\/\/www.cabinet-magar.fr\/#website\"},\"primaryImageOfPage\":{\"@id\":\"https:\/\/www.cabinet-magar.fr\/de\/actualites\/coronavirus-covid-19-et-activite-partielle-prolongation-de-la-prise-en-charge-des-conges-payes-par-letat\/#primaryimage\"},\"image\":{\"@id\":\"https:\/\/www.cabinet-magar.fr\/de\/actualites\/coronavirus-covid-19-et-activite-partielle-prolongation-de-la-prise-en-charge-des-conges-payes-par-letat\/#primaryimage\"},\"thumbnailUrl\":\"https:\/\/www.cabinet-magar.fr\/wp-content\/uploads\/2021\/04\/calendrier2.jpg\",\"datePublished\":\"2021-01-21T04:51:00+00:00\",\"dateModified\":\"2021-04-14T01:00:11+00:00\",\"author\":{\"@id\":\"\"},\"breadcrumb\":{\"@id\":\"https:\/\/www.cabinet-magar.fr\/de\/actualites\/coronavirus-covid-19-et-activite-partielle-prolongation-de-la-prise-en-charge-des-conges-payes-par-letat\/#breadcrumb\"},\"inLanguage\":\"de\",\"potentialAction\":[{\"@type\":\"ReadAction\",\"target\":[\"https:\/\/www.cabinet-magar.fr\/de\/actualites\/coronavirus-covid-19-et-activite-partielle-prolongation-de-la-prise-en-charge-des-conges-payes-par-letat\/\"]}]},{\"@type\":\"ImageObject\",\"inLanguage\":\"de\",\"@id\":\"https:\/\/www.cabinet-magar.fr\/de\/actualites\/coronavirus-covid-19-et-activite-partielle-prolongation-de-la-prise-en-charge-des-conges-payes-par-letat\/#primaryimage\",\"url\":\"https:\/\/www.cabinet-magar.fr\/wp-content\/uploads\/2021\/04\/calendrier2.jpg\",\"contentUrl\":\"https:\/\/www.cabinet-magar.fr\/wp-content\/uploads\/2021\/04\/calendrier2.jpg\",\"width\":600,\"height\":400},{\"@type\":\"BreadcrumbList\",\"@id\":\"https:\/\/www.cabinet-magar.fr\/de\/actualites\/coronavirus-covid-19-et-activite-partielle-prolongation-de-la-prise-en-charge-des-conges-payes-par-letat\/#breadcrumb\",\"itemListElement\":[{\"@type\":\"ListItem\",\"position\":1,\"name\":\"Accueil\",\"item\":\"https:\/\/www.cabinet-magar.fr\/de\/\"},{\"@type\":\"ListItem\",\"position\":2,\"name\":\"Coronavirus (COVID-19) et activit\u00e9 partielle : prolongation de la prise en charge des cong\u00e9s pay\u00e9s par l\u2019Etat\"}]},{\"@type\":\"WebSite\",\"@id\":\"https:\/\/www.cabinet-magar.fr\/#website\",\"url\":\"https:\/\/www.cabinet-magar.fr\/\",\"name\":\"Cabinet Magar\",\"description\":\"\",\"potentialAction\":[{\"@type\":\"SearchAction\",\"target\":{\"@type\":\"EntryPoint\",\"urlTemplate\":\"https:\/\/www.cabinet-magar.fr\/?s={search_term_string}\"},\"query-input\":{\"@type\":\"PropertyValueSpecification\",\"valueRequired\":true,\"valueName\":\"search_term_string\"}}],\"inLanguage\":\"de\"}]}<\/script>\n<!-- \/ Yoast SEO plugin. -->","yoast_head_json":{"title":"Coronavirus (COVID-19) et activit\u00e9 partielle : prolongation de la prise en charge des cong\u00e9s pay\u00e9s par l\u2019Etat - Cabinet Magar","robots":{"index":"index","follow":"follow","max-snippet":"max-snippet:-1","max-image-preview":"max-image-preview:large","max-video-preview":"max-video-preview:-1"},"canonical":"https:\/\/www.cabinet-magar.fr\/de\/actualites\/coronavirus-covid-19-et-activite-partielle-prolongation-de-la-prise-en-charge-des-conges-payes-par-letat\/","og_locale":"de_DE","og_type":"article","og_title":"Coronavirus (COVID-19) et activit\u00e9 partielle : prolongation de la prise en charge des cong\u00e9s pay\u00e9s par l\u2019Etat - Cabinet Magar","og_description":"D\u00e9but janvier, le gouvernement a annonc\u00e9 la prise en charge, de mani\u00e8re exceptionnelle, des cong\u00e9s pay\u00e9s des salari\u00e9s des secteurs les plus durement touch\u00e9s par la crise. Cette prise en charge vient d\u2019\u00eatre prolong\u00e9e\u2026 Jusqu\u2019\u00e0 quand\u202f?","og_url":"https:\/\/www.cabinet-magar.fr\/de\/actualites\/coronavirus-covid-19-et-activite-partielle-prolongation-de-la-prise-en-charge-des-conges-payes-par-letat\/","og_site_name":"Cabinet Magar","article_published_time":"2021-01-21T04:51:00+00:00","article_modified_time":"2021-04-14T01:00:11+00:00","og_image":[{"width":600,"height":400,"url":"https:\/\/www.cabinet-magar.fr\/wp-content\/uploads\/2021\/04\/calendrier2.jpg","type":"image\/jpeg"}],"twitter_card":"summary_large_image","twitter_misc":{"Gesch\u00e4tzte Lesezeit":"1\u00a0Minute"},"schema":{"@context":"https:\/\/schema.org","@graph":[{"@type":"Article","@id":"https:\/\/www.cabinet-magar.fr\/de\/actualites\/coronavirus-covid-19-et-activite-partielle-prolongation-de-la-prise-en-charge-des-conges-payes-par-letat\/#article","isPartOf":{"@id":"https:\/\/www.cabinet-magar.fr\/de\/actualites\/coronavirus-covid-19-et-activite-partielle-prolongation-de-la-prise-en-charge-des-conges-payes-par-letat\/"},"author":{"name":"","@id":""},"headline":"Coronavirus (COVID-19) et activit\u00e9 partielle : prolongation de la prise en charge des cong\u00e9s pay\u00e9s par l\u2019Etat","datePublished":"2021-01-21T04:51:00+00:00","dateModified":"2021-04-14T01:00:11+00:00","mainEntityOfPage":{"@id":"https:\/\/www.cabinet-magar.fr\/de\/actualites\/coronavirus-covid-19-et-activite-partielle-prolongation-de-la-prise-en-charge-des-conges-payes-par-letat\/"},"wordCount":274,"commentCount":0,"image":{"@id":"https:\/\/www.cabinet-magar.fr\/de\/actualites\/coronavirus-covid-19-et-activite-partielle-prolongation-de-la-prise-en-charge-des-conges-payes-par-letat\/#primaryimage"},"thumbnailUrl":"https:\/\/www.cabinet-magar.fr\/wp-content\/uploads\/2021\/04\/calendrier2.jpg","articleSection":["Actu Sociale","Actualit\u00e9s"],"inLanguage":"de","potentialAction":[{"@type":"CommentAction","name":"Comment","target":["https:\/\/www.cabinet-magar.fr\/de\/actualites\/coronavirus-covid-19-et-activite-partielle-prolongation-de-la-prise-en-charge-des-conges-payes-par-letat\/#respond"]}]},{"@type":"WebPage","@id":"https:\/\/www.cabinet-magar.fr\/de\/actualites\/coronavirus-covid-19-et-activite-partielle-prolongation-de-la-prise-en-charge-des-conges-payes-par-letat\/","url":"https:\/\/www.cabinet-magar.fr\/de\/actualites\/coronavirus-covid-19-et-activite-partielle-prolongation-de-la-prise-en-charge-des-conges-payes-par-letat\/","name":"Coronavirus (COVID-19) et activit\u00e9 partielle : prolongation de la prise en charge des cong\u00e9s pay\u00e9s par l\u2019Etat - Cabinet Magar","isPartOf":{"@id":"https:\/\/www.cabinet-magar.fr\/#website"},"primaryImageOfPage":{"@id":"https:\/\/www.cabinet-magar.fr\/de\/actualites\/coronavirus-covid-19-et-activite-partielle-prolongation-de-la-prise-en-charge-des-conges-payes-par-letat\/#primaryimage"},"image":{"@id":"https:\/\/www.cabinet-magar.fr\/de\/actualites\/coronavirus-covid-19-et-activite-partielle-prolongation-de-la-prise-en-charge-des-conges-payes-par-letat\/#primaryimage"},"thumbnailUrl":"https:\/\/www.cabinet-magar.fr\/wp-content\/uploads\/2021\/04\/calendrier2.jpg","datePublished":"2021-01-21T04:51:00+00:00","dateModified":"2021-04-14T01:00:11+00:00","author":{"@id":""},"breadcrumb":{"@id":"https:\/\/www.cabinet-magar.fr\/de\/actualites\/coronavirus-covid-19-et-activite-partielle-prolongation-de-la-prise-en-charge-des-conges-payes-par-letat\/#breadcrumb"},"inLanguage":"de","potentialAction":[{"@type":"ReadAction","target":["https:\/\/www.cabinet-magar.fr\/de\/actualites\/coronavirus-covid-19-et-activite-partielle-prolongation-de-la-prise-en-charge-des-conges-payes-par-letat\/"]}]},{"@type":"ImageObject","inLanguage":"de","@id":"https:\/\/www.cabinet-magar.fr\/de\/actualites\/coronavirus-covid-19-et-activite-partielle-prolongation-de-la-prise-en-charge-des-conges-payes-par-letat\/#primaryimage","url":"https:\/\/www.cabinet-magar.fr\/wp-content\/uploads\/2021\/04\/calendrier2.jpg","contentUrl":"https:\/\/www.cabinet-magar.fr\/wp-content\/uploads\/2021\/04\/calendrier2.jpg","width":600,"height":400},{"@type":"BreadcrumbList","@id":"https:\/\/www.cabinet-magar.fr\/de\/actualites\/coronavirus-covid-19-et-activite-partielle-prolongation-de-la-prise-en-charge-des-conges-payes-par-letat\/#breadcrumb","itemListElement":[{"@type":"ListItem","position":1,"name":"Accueil","item":"https:\/\/www.cabinet-magar.fr\/de\/"},{"@type":"ListItem","position":2,"name":"Coronavirus (COVID-19) et activit\u00e9 partielle : prolongation de la prise en charge des cong\u00e9s pay\u00e9s par l\u2019Etat"}]},{"@type":"WebSite","@id":"https:\/\/www.cabinet-magar.fr\/#website","url":"https:\/\/www.cabinet-magar.fr\/","name":"Cabinet Magar","description":"","potentialAction":[{"@type":"SearchAction","target":{"@type":"EntryPoint","urlTemplate":"https:\/\/www.cabinet-magar.fr\/?s={search_term_string}"},"query-input":{"@type":"PropertyValueSpecification","valueRequired":true,"valueName":"search_term_string"}}],"inLanguage":"de"}]}},"_links":{"self":[{"href":"https:\/\/www.cabinet-magar.fr\/de\/wp-json\/wp\/v2\/posts\/713","targetHints":{"allow":["GET"]}}],"collection":[{"href":"https:\/\/www.cabinet-magar.fr\/de\/wp-json\/wp\/v2\/posts"}],"about":[{"href":"https:\/\/www.cabinet-magar.fr\/de\/wp-json\/wp\/v2\/types\/post"}],"replies":[{"embeddable":true,"href":"https:\/\/www.cabinet-magar.fr\/de\/wp-json\/wp\/v2\/comments?post=713"}],"version-history":[{"count":1,"href":"https:\/\/www.cabinet-magar.fr\/de\/wp-json\/wp\/v2\/posts\/713\/revisions"}],"predecessor-version":[{"id":3973,"href":"https:\/\/www.cabinet-magar.fr\/de\/wp-json\/wp\/v2\/posts\/713\/revisions\/3973"}],"wp:featuredmedia":[{"embeddable":true,"href":"https:\/\/www.cabinet-magar.fr\/de\/wp-json\/wp\/v2\/media\/3974"}],"wp:attachment":[{"href":"https:\/\/www.cabinet-magar.fr\/de\/wp-json\/wp\/v2\/media?parent=713"}],"wp:term":[{"taxonomy":"category","embeddable":true,"href":"https:\/\/www.cabinet-magar.fr\/de\/wp-json\/wp\/v2\/categories?post=713"},{"taxonomy":"post_tag","embeddable":true,"href":"https:\/\/www.cabinet-magar.fr\/de\/wp-json\/wp\/v2\/tags?post=713"}],"curies":[{"name":"wp","href":"https:\/\/api.w.org\/{rel}","templated":true}]}}