{"id":679,"date":"2021-01-28T05:45:00","date_gmt":"2021-01-28T04:45:00","guid":{"rendered":"https:\/\/www.cabinet-magar.fr\/coronavirus-covid-19-de-nouvelles-contraintes-pour-la-restauration-collective\/"},"modified":"2021-04-12T03:00:33","modified_gmt":"2021-04-12T01:00:33","slug":"coronavirus-covid-19-de-nouvelles-contraintes-pour-la-restauration-collective","status":"publish","type":"post","link":"https:\/\/www.cabinet-magar.fr\/de\/actualites\/coronavirus-covid-19-de-nouvelles-contraintes-pour-la-restauration-collective\/","title":{"rendered":"Coronavirus (COVID-19) : de nouvelles contraintes pour la restauration collective"},"content":{"rendered":"<p >Certains \u00e9tablissements de restauration collective peuvent ouvrir leurs portes, sous r\u00e9serve du respect de certaines mesures sanitaires. Celles-ci viennent d\u2019\u00eatre renforc\u00e9es. Dans quelle mesure ?<\/p>\n<div>\n<h2>Coronavirus (COVID-19) et restauration collective : 2 nouvelles restrictions sanitaires \u00e0 conna\u00eetre<\/h2>\n<p>Depuis le 28 janvier 2021, dans le cadre de la restauration collective en r\u00e9gie sous contrat, les g\u00e9rants des \u00e9tablissements concern\u00e9s doivent organiser l\u2019accueil du public dans les conditions suivantes :<\/p>\n<ul>\n<li>les personnes accueillies ont une place assise ;<\/li>\n<li>une m\u00eame table ne peut regrouper que des personnes venant ensemble ou ayant r\u00e9serv\u00e9 ensemble, dans la limite de 4 personnes ;<\/li>\n<li>une distance minimale de 2 m\u00e8tres (contre 1 m\u00e8tre auparavant) est garantie entre les chaises occup\u00e9es par chaque personne, sauf si une paroi fixe ou amovible assure une s\u00e9paration physique ; \u00e0 noter, cette r\u00e8gle de distance ne s\u2019applique pas aux groupes dans la limite de 4 personnes (contre 6 personnes auparavant) venant ensemble ou ayant r\u00e9serv\u00e9 l\u2019ensemble ;<\/li>\n<li>la capacit\u00e9 maximale d\u2019accueil de l\u2019\u00e9tablissement est affich\u00e9e et visible depuis la voie publique lorsqu\u2019il est accessible depuis celle-ci.<\/li>\n<\/ul>\n<p>Source : D\u00e9cret n\u00b0 2021-76 du 27 janvier 2021 modifiant les d\u00e9crets n\u00b0 2020-1262 du 16 octobre 2020 et n\u00b0 2020-1310 du 29 octobre 2020 prescrivant les mesures g\u00e9n\u00e9rales n\u00e9cessaires pour faire face \u00e0 l&#8217;\u00e9pid\u00e9mie de covid-19 dans le cadre de l&#8217;\u00e9tat d&#8217;urgence sanitaire<\/p>\n<p><a title=\"Coronavirus (COVID-19) : de nouvelles contraintes pour la restauration collective\" href=\"https:\/\/www.weblex.fr\/weblex-actualite\/coronavirus-covid-19-de-nouvelles-contraintes-pour-la-restauration-collective\" rel=\"nofollow noopener\" target=\"_blank\">Coronavirus (COVID-19) : de nouvelles contraintes pour la restauration collective<\/a> \u00a9 Copyright WebLex &#8211; 2021<\/p>\n<\/div>\n<p><img src='https:\/\/www.weblex.fr\/images\/flux_actus\/restaurantcorona.jpg'><\/p>\n","protected":false},"excerpt":{"rendered":"<p>Certains \u00e9tablissements de restauration collective peuvent ouvrir leurs portes, sous r\u00e9serve du respect de certaines mesures sanitaires. Celles-ci viennent d\u2019\u00eatre renforc\u00e9es. Dans quelle mesure ?<\/p>\n","protected":false},"author":0,"featured_media":3909,"comment_status":"open","ping_status":"closed","sticky":false,"template":"","format":"standard","meta":{"_acf_changed":false,"footnotes":""},"categories":[9,7],"tags":[],"class_list":["post-679","post","type-post","status-publish","format-standard","has-post-thumbnail","hentry","category-actu-juridique","category-actualites"],"acf":[],"yoast_head":"<!-- This site is optimized with the Yoast SEO plugin v27.2 - https:\/\/yoast.com\/product\/yoast-seo-wordpress\/ -->\n<title>Coronavirus (COVID-19) : de nouvelles contraintes pour la restauration collective - Cabinet Magar<\/title>\n<meta name=\"robots\" content=\"index, follow, max-snippet:-1, max-image-preview:large, max-video-preview:-1\" \/>\n<link rel=\"canonical\" href=\"https:\/\/www.cabinet-magar.fr\/actualites\/coronavirus-covid-19-de-nouvelles-contraintes-pour-la-restauration-collective\/\" \/>\n<meta property=\"og:locale\" content=\"de_DE\" \/>\n<meta property=\"og:type\" content=\"article\" \/>\n<meta property=\"og:title\" content=\"Coronavirus (COVID-19) : de nouvelles contraintes pour la restauration collective - Cabinet Magar\" \/>\n<meta property=\"og:description\" content=\"Certains \u00e9tablissements de restauration collective peuvent ouvrir leurs portes, sous r\u00e9serve du respect de certaines mesures sanitaires. Celles-ci viennent d\u2019\u00eatre renforc\u00e9es. Dans quelle mesure ?\" \/>\n<meta property=\"og:url\" content=\"https:\/\/www.cabinet-magar.fr\/actualites\/coronavirus-covid-19-de-nouvelles-contraintes-pour-la-restauration-collective\/\" \/>\n<meta property=\"og:site_name\" content=\"Cabinet Magar\" \/>\n<meta property=\"article:published_time\" content=\"2021-01-28T04:45:00+00:00\" \/>\n<meta property=\"article:modified_time\" content=\"2021-04-12T01:00:33+00:00\" \/>\n<meta property=\"og:image\" content=\"https:\/\/www.cabinet-magar.fr\/wp-content\/uploads\/2021\/04\/restaurantcorona.jpg\" \/>\n\t<meta property=\"og:image:width\" content=\"600\" \/>\n\t<meta property=\"og:image:height\" content=\"400\" \/>\n\t<meta property=\"og:image:type\" content=\"image\/jpeg\" \/>\n<meta name=\"twitter:card\" content=\"summary_large_image\" \/>\n<meta name=\"twitter:label1\" content=\"Gesch\u00e4tzte Lesezeit\" \/>\n\t<meta name=\"twitter:data1\" content=\"1\u00a0Minute\" \/>\n<script type=\"application\/ld+json\" class=\"yoast-schema-graph\">{\"@context\":\"https:\/\/schema.org\",\"@graph\":[{\"@type\":\"Article\",\"@id\":\"https:\/\/www.cabinet-magar.fr\/actualites\/coronavirus-covid-19-de-nouvelles-contraintes-pour-la-restauration-collective\/#article\",\"isPartOf\":{\"@id\":\"https:\/\/www.cabinet-magar.fr\/actualites\/coronavirus-covid-19-de-nouvelles-contraintes-pour-la-restauration-collective\/\"},\"author\":{\"name\":\"\",\"@id\":\"\"},\"headline\":\"Coronavirus (COVID-19) : de nouvelles contraintes pour la restauration collective\",\"datePublished\":\"2021-01-28T04:45:00+00:00\",\"dateModified\":\"2021-04-12T01:00:33+00:00\",\"mainEntityOfPage\":{\"@id\":\"https:\/\/www.cabinet-magar.fr\/actualites\/coronavirus-covid-19-de-nouvelles-contraintes-pour-la-restauration-collective\/\"},\"wordCount\":247,\"commentCount\":0,\"image\":{\"@id\":\"https:\/\/www.cabinet-magar.fr\/actualites\/coronavirus-covid-19-de-nouvelles-contraintes-pour-la-restauration-collective\/#primaryimage\"},\"thumbnailUrl\":\"https:\/\/www.cabinet-magar.fr\/wp-content\/uploads\/2021\/04\/restaurantcorona.jpg\",\"articleSection\":[\"Actu Juridique\",\"Actualit\u00e9s\"],\"inLanguage\":\"de\",\"potentialAction\":[{\"@type\":\"CommentAction\",\"name\":\"Comment\",\"target\":[\"https:\/\/www.cabinet-magar.fr\/actualites\/coronavirus-covid-19-de-nouvelles-contraintes-pour-la-restauration-collective\/#respond\"]}]},{\"@type\":\"WebPage\",\"@id\":\"https:\/\/www.cabinet-magar.fr\/actualites\/coronavirus-covid-19-de-nouvelles-contraintes-pour-la-restauration-collective\/\",\"url\":\"https:\/\/www.cabinet-magar.fr\/actualites\/coronavirus-covid-19-de-nouvelles-contraintes-pour-la-restauration-collective\/\",\"name\":\"Coronavirus (COVID-19) : de nouvelles contraintes pour la restauration collective - Cabinet Magar\",\"isPartOf\":{\"@id\":\"https:\/\/www.cabinet-magar.fr\/#website\"},\"primaryImageOfPage\":{\"@id\":\"https:\/\/www.cabinet-magar.fr\/actualites\/coronavirus-covid-19-de-nouvelles-contraintes-pour-la-restauration-collective\/#primaryimage\"},\"image\":{\"@id\":\"https:\/\/www.cabinet-magar.fr\/actualites\/coronavirus-covid-19-de-nouvelles-contraintes-pour-la-restauration-collective\/#primaryimage\"},\"thumbnailUrl\":\"https:\/\/www.cabinet-magar.fr\/wp-content\/uploads\/2021\/04\/restaurantcorona.jpg\",\"datePublished\":\"2021-01-28T04:45:00+00:00\",\"dateModified\":\"2021-04-12T01:00:33+00:00\",\"author\":{\"@id\":\"\"},\"breadcrumb\":{\"@id\":\"https:\/\/www.cabinet-magar.fr\/actualites\/coronavirus-covid-19-de-nouvelles-contraintes-pour-la-restauration-collective\/#breadcrumb\"},\"inLanguage\":\"de\",\"potentialAction\":[{\"@type\":\"ReadAction\",\"target\":[\"https:\/\/www.cabinet-magar.fr\/actualites\/coronavirus-covid-19-de-nouvelles-contraintes-pour-la-restauration-collective\/\"]}]},{\"@type\":\"ImageObject\",\"inLanguage\":\"de\",\"@id\":\"https:\/\/www.cabinet-magar.fr\/actualites\/coronavirus-covid-19-de-nouvelles-contraintes-pour-la-restauration-collective\/#primaryimage\",\"url\":\"https:\/\/www.cabinet-magar.fr\/wp-content\/uploads\/2021\/04\/restaurantcorona.jpg\",\"contentUrl\":\"https:\/\/www.cabinet-magar.fr\/wp-content\/uploads\/2021\/04\/restaurantcorona.jpg\",\"width\":600,\"height\":400},{\"@type\":\"BreadcrumbList\",\"@id\":\"https:\/\/www.cabinet-magar.fr\/actualites\/coronavirus-covid-19-de-nouvelles-contraintes-pour-la-restauration-collective\/#breadcrumb\",\"itemListElement\":[{\"@type\":\"ListItem\",\"position\":1,\"name\":\"Accueil\",\"item\":\"https:\/\/www.cabinet-magar.fr\/de\/\"},{\"@type\":\"ListItem\",\"position\":2,\"name\":\"Coronavirus (COVID-19) : de nouvelles contraintes pour la restauration collective\"}]},{\"@type\":\"WebSite\",\"@id\":\"https:\/\/www.cabinet-magar.fr\/#website\",\"url\":\"https:\/\/www.cabinet-magar.fr\/\",\"name\":\"Cabinet Magar\",\"description\":\"\",\"potentialAction\":[{\"@type\":\"SearchAction\",\"target\":{\"@type\":\"EntryPoint\",\"urlTemplate\":\"https:\/\/www.cabinet-magar.fr\/?s={search_term_string}\"},\"query-input\":{\"@type\":\"PropertyValueSpecification\",\"valueRequired\":true,\"valueName\":\"search_term_string\"}}],\"inLanguage\":\"de\"}]}<\/script>\n<!-- \/ Yoast SEO plugin. -->","yoast_head_json":{"title":"Coronavirus (COVID-19) : de nouvelles contraintes pour la restauration collective - Cabinet Magar","robots":{"index":"index","follow":"follow","max-snippet":"max-snippet:-1","max-image-preview":"max-image-preview:large","max-video-preview":"max-video-preview:-1"},"canonical":"https:\/\/www.cabinet-magar.fr\/actualites\/coronavirus-covid-19-de-nouvelles-contraintes-pour-la-restauration-collective\/","og_locale":"de_DE","og_type":"article","og_title":"Coronavirus (COVID-19) : de nouvelles contraintes pour la restauration collective - Cabinet Magar","og_description":"Certains \u00e9tablissements de restauration collective peuvent ouvrir leurs portes, sous r\u00e9serve du respect de certaines mesures sanitaires. Celles-ci viennent d\u2019\u00eatre renforc\u00e9es. Dans quelle mesure ?","og_url":"https:\/\/www.cabinet-magar.fr\/actualites\/coronavirus-covid-19-de-nouvelles-contraintes-pour-la-restauration-collective\/","og_site_name":"Cabinet Magar","article_published_time":"2021-01-28T04:45:00+00:00","article_modified_time":"2021-04-12T01:00:33+00:00","og_image":[{"width":600,"height":400,"url":"https:\/\/www.cabinet-magar.fr\/wp-content\/uploads\/2021\/04\/restaurantcorona.jpg","type":"image\/jpeg"}],"twitter_card":"summary_large_image","twitter_misc":{"Gesch\u00e4tzte Lesezeit":"1\u00a0Minute"},"schema":{"@context":"https:\/\/schema.org","@graph":[{"@type":"Article","@id":"https:\/\/www.cabinet-magar.fr\/actualites\/coronavirus-covid-19-de-nouvelles-contraintes-pour-la-restauration-collective\/#article","isPartOf":{"@id":"https:\/\/www.cabinet-magar.fr\/actualites\/coronavirus-covid-19-de-nouvelles-contraintes-pour-la-restauration-collective\/"},"author":{"name":"","@id":""},"headline":"Coronavirus (COVID-19) : de nouvelles contraintes pour la restauration collective","datePublished":"2021-01-28T04:45:00+00:00","dateModified":"2021-04-12T01:00:33+00:00","mainEntityOfPage":{"@id":"https:\/\/www.cabinet-magar.fr\/actualites\/coronavirus-covid-19-de-nouvelles-contraintes-pour-la-restauration-collective\/"},"wordCount":247,"commentCount":0,"image":{"@id":"https:\/\/www.cabinet-magar.fr\/actualites\/coronavirus-covid-19-de-nouvelles-contraintes-pour-la-restauration-collective\/#primaryimage"},"thumbnailUrl":"https:\/\/www.cabinet-magar.fr\/wp-content\/uploads\/2021\/04\/restaurantcorona.jpg","articleSection":["Actu Juridique","Actualit\u00e9s"],"inLanguage":"de","potentialAction":[{"@type":"CommentAction","name":"Comment","target":["https:\/\/www.cabinet-magar.fr\/actualites\/coronavirus-covid-19-de-nouvelles-contraintes-pour-la-restauration-collective\/#respond"]}]},{"@type":"WebPage","@id":"https:\/\/www.cabinet-magar.fr\/actualites\/coronavirus-covid-19-de-nouvelles-contraintes-pour-la-restauration-collective\/","url":"https:\/\/www.cabinet-magar.fr\/actualites\/coronavirus-covid-19-de-nouvelles-contraintes-pour-la-restauration-collective\/","name":"Coronavirus (COVID-19) : de nouvelles contraintes pour la restauration collective - Cabinet Magar","isPartOf":{"@id":"https:\/\/www.cabinet-magar.fr\/#website"},"primaryImageOfPage":{"@id":"https:\/\/www.cabinet-magar.fr\/actualites\/coronavirus-covid-19-de-nouvelles-contraintes-pour-la-restauration-collective\/#primaryimage"},"image":{"@id":"https:\/\/www.cabinet-magar.fr\/actualites\/coronavirus-covid-19-de-nouvelles-contraintes-pour-la-restauration-collective\/#primaryimage"},"thumbnailUrl":"https:\/\/www.cabinet-magar.fr\/wp-content\/uploads\/2021\/04\/restaurantcorona.jpg","datePublished":"2021-01-28T04:45:00+00:00","dateModified":"2021-04-12T01:00:33+00:00","author":{"@id":""},"breadcrumb":{"@id":"https:\/\/www.cabinet-magar.fr\/actualites\/coronavirus-covid-19-de-nouvelles-contraintes-pour-la-restauration-collective\/#breadcrumb"},"inLanguage":"de","potentialAction":[{"@type":"ReadAction","target":["https:\/\/www.cabinet-magar.fr\/actualites\/coronavirus-covid-19-de-nouvelles-contraintes-pour-la-restauration-collective\/"]}]},{"@type":"ImageObject","inLanguage":"de","@id":"https:\/\/www.cabinet-magar.fr\/actualites\/coronavirus-covid-19-de-nouvelles-contraintes-pour-la-restauration-collective\/#primaryimage","url":"https:\/\/www.cabinet-magar.fr\/wp-content\/uploads\/2021\/04\/restaurantcorona.jpg","contentUrl":"https:\/\/www.cabinet-magar.fr\/wp-content\/uploads\/2021\/04\/restaurantcorona.jpg","width":600,"height":400},{"@type":"BreadcrumbList","@id":"https:\/\/www.cabinet-magar.fr\/actualites\/coronavirus-covid-19-de-nouvelles-contraintes-pour-la-restauration-collective\/#breadcrumb","itemListElement":[{"@type":"ListItem","position":1,"name":"Accueil","item":"https:\/\/www.cabinet-magar.fr\/de\/"},{"@type":"ListItem","position":2,"name":"Coronavirus (COVID-19) : de nouvelles contraintes pour la restauration collective"}]},{"@type":"WebSite","@id":"https:\/\/www.cabinet-magar.fr\/#website","url":"https:\/\/www.cabinet-magar.fr\/","name":"Cabinet Magar","description":"","potentialAction":[{"@type":"SearchAction","target":{"@type":"EntryPoint","urlTemplate":"https:\/\/www.cabinet-magar.fr\/?s={search_term_string}"},"query-input":{"@type":"PropertyValueSpecification","valueRequired":true,"valueName":"search_term_string"}}],"inLanguage":"de"}]}},"_links":{"self":[{"href":"https:\/\/www.cabinet-magar.fr\/de\/wp-json\/wp\/v2\/posts\/679","targetHints":{"allow":["GET"]}}],"collection":[{"href":"https:\/\/www.cabinet-magar.fr\/de\/wp-json\/wp\/v2\/posts"}],"about":[{"href":"https:\/\/www.cabinet-magar.fr\/de\/wp-json\/wp\/v2\/types\/post"}],"replies":[{"embeddable":true,"href":"https:\/\/www.cabinet-magar.fr\/de\/wp-json\/wp\/v2\/comments?post=679"}],"version-history":[{"count":1,"href":"https:\/\/www.cabinet-magar.fr\/de\/wp-json\/wp\/v2\/posts\/679\/revisions"}],"predecessor-version":[{"id":3908,"href":"https:\/\/www.cabinet-magar.fr\/de\/wp-json\/wp\/v2\/posts\/679\/revisions\/3908"}],"wp:featuredmedia":[{"embeddable":true,"href":"https:\/\/www.cabinet-magar.fr\/de\/wp-json\/wp\/v2\/media\/3909"}],"wp:attachment":[{"href":"https:\/\/www.cabinet-magar.fr\/de\/wp-json\/wp\/v2\/media?parent=679"}],"wp:term":[{"taxonomy":"category","embeddable":true,"href":"https:\/\/www.cabinet-magar.fr\/de\/wp-json\/wp\/v2\/categories?post=679"},{"taxonomy":"post_tag","embeddable":true,"href":"https:\/\/www.cabinet-magar.fr\/de\/wp-json\/wp\/v2\/tags?post=679"}],"curies":[{"name":"wp","href":"https:\/\/api.w.org\/{rel}","templated":true}]}}