{"id":678,"date":"2021-01-28T05:45:00","date_gmt":"2021-01-28T04:45:00","guid":{"rendered":"https:\/\/www.cabinet-magar.fr\/coronavirus-covid-19-du-nouveau-sur-les-gestes-barrieres\/"},"modified":"2021-04-12T03:00:30","modified_gmt":"2021-04-12T01:00:30","slug":"coronavirus-covid-19-du-nouveau-sur-les-gestes-barrieres","status":"publish","type":"post","link":"https:\/\/www.cabinet-magar.fr\/de\/actualites\/coronavirus-covid-19-du-nouveau-sur-les-gestes-barrieres\/","title":{"rendered":"Coronavirus (COVID-19) : du nouveau sur les gestes barri\u00e8res"},"content":{"rendered":"<p >Pour limiter la propagation de la covid-19, des gestes barri\u00e8res sont \u00e0 respecter et notamment une distanciation physique. Cette derni\u00e8re vient d\u2019\u00eatre modifi\u00e9e. Dans quelle mesure ?<\/p>\n<div>\n<h2>Coronavirus (COVID-19) : une nouvelle distance physique \u00e0 respecter !<\/h2>\n<p>Afin de ralentir la propagation de la covid-19, les mesures d&#8217;hygi\u00e8ne et de distanciation sociale, mesures dites \u00ab barri\u00e8res \u00bb, incluant la distanciation physique d&#8217;au moins 1 m\u00e8tre entre 2 personnes, doivent \u00eatre observ\u00e9es en tout lieu et en toute circonstance.<\/p>\n<p>Toutefois, il est d\u00e9sormais pr\u00e9cis\u00e9, depuis le 28 janvier 2021, qu\u2019en l&#8217;absence de port du masque, la distanciation physique est port\u00e9e 2 m\u00e8tres.<\/p>\n<p>Source : D\u00e9cret n\u00b0 2021-76 du 27 janvier 2021 modifiant les d\u00e9crets n\u00b0 2020-1262 du 16 octobre 2020 et n\u00b0 2020-1310 du 29 octobre 2020 prescrivant les mesures g\u00e9n\u00e9rales n\u00e9cessaires pour faire face \u00e0 l&#8217;\u00e9pid\u00e9mie de covid-19 dans le cadre de l&#8217;\u00e9tat d&#8217;urgence sanitaire<\/p>\n<p><a title=\"Coronavirus (COVID-19) : du nouveau sur les gestes barri\u00e8res\" href=\"https:\/\/www.weblex.fr\/weblex-actualite\/coronavirus-covid-19-du-nouveau-sur-les-gestes-barrieres\" rel=\"nofollow noopener\" target=\"_blank\">Coronavirus (COVID-19) : du nouveau sur les gestes barri\u00e8res<\/a> \u00a9 Copyright WebLex &#8211; 2021<\/p>\n<\/div>\n<p><img src='https:\/\/www.weblex.fr\/images\/flux_actus\/distancesociale.jpg'><\/p>\n","protected":false},"excerpt":{"rendered":"<p>Pour limiter la propagation de la covid-19, des gestes barri\u00e8res sont \u00e0 respecter et notamment une distanciation physique. Cette derni\u00e8re vient d\u2019\u00eatre modifi\u00e9e. Dans quelle mesure ?<\/p>\n","protected":false},"author":0,"featured_media":3874,"comment_status":"open","ping_status":"closed","sticky":false,"template":"","format":"standard","meta":{"_acf_changed":false,"footnotes":""},"categories":[9,7],"tags":[],"class_list":["post-678","post","type-post","status-publish","format-standard","has-post-thumbnail","hentry","category-actu-juridique","category-actualites"],"acf":[],"yoast_head":"<!-- This site is optimized with the Yoast SEO plugin v27.2 - https:\/\/yoast.com\/product\/yoast-seo-wordpress\/ -->\n<title>Coronavirus (COVID-19) : du nouveau sur les gestes barri\u00e8res - Cabinet Magar<\/title>\n<meta name=\"robots\" content=\"index, follow, max-snippet:-1, max-image-preview:large, max-video-preview:-1\" \/>\n<link rel=\"canonical\" href=\"https:\/\/www.cabinet-magar.fr\/de\/actualites\/coronavirus-covid-19-du-nouveau-sur-les-gestes-barrieres\/\" \/>\n<meta property=\"og:locale\" content=\"de_DE\" \/>\n<meta property=\"og:type\" content=\"article\" \/>\n<meta property=\"og:title\" content=\"Coronavirus (COVID-19) : du nouveau sur les gestes barri\u00e8res - Cabinet Magar\" \/>\n<meta property=\"og:description\" content=\"Pour limiter la propagation de la covid-19, des gestes barri\u00e8res sont \u00e0 respecter et notamment une distanciation physique. Cette derni\u00e8re vient d\u2019\u00eatre modifi\u00e9e. Dans quelle mesure ?\" \/>\n<meta property=\"og:url\" content=\"https:\/\/www.cabinet-magar.fr\/de\/actualites\/coronavirus-covid-19-du-nouveau-sur-les-gestes-barrieres\/\" \/>\n<meta property=\"og:site_name\" content=\"Cabinet Magar\" \/>\n<meta property=\"article:published_time\" content=\"2021-01-28T04:45:00+00:00\" \/>\n<meta property=\"article:modified_time\" content=\"2021-04-12T01:00:30+00:00\" \/>\n<meta property=\"og:image\" content=\"https:\/\/www.cabinet-magar.fr\/wp-content\/uploads\/2021\/04\/distancesociale.jpg\" \/>\n\t<meta property=\"og:image:width\" content=\"600\" \/>\n\t<meta property=\"og:image:height\" content=\"400\" \/>\n\t<meta property=\"og:image:type\" content=\"image\/jpeg\" \/>\n<meta name=\"twitter:card\" content=\"summary_large_image\" \/>\n<meta name=\"twitter:label1\" content=\"Gesch\u00e4tzte Lesezeit\" \/>\n\t<meta name=\"twitter:data1\" content=\"1\u00a0Minute\" \/>\n<script type=\"application\/ld+json\" class=\"yoast-schema-graph\">{\"@context\":\"https:\/\/schema.org\",\"@graph\":[{\"@type\":\"Article\",\"@id\":\"https:\/\/www.cabinet-magar.fr\/de\/actualites\/coronavirus-covid-19-du-nouveau-sur-les-gestes-barrieres\/#article\",\"isPartOf\":{\"@id\":\"https:\/\/www.cabinet-magar.fr\/de\/actualites\/coronavirus-covid-19-du-nouveau-sur-les-gestes-barrieres\/\"},\"author\":{\"name\":\"\",\"@id\":\"\"},\"headline\":\"Coronavirus (COVID-19) : du nouveau sur les gestes barri\u00e8res\",\"datePublished\":\"2021-01-28T04:45:00+00:00\",\"dateModified\":\"2021-04-12T01:00:30+00:00\",\"mainEntityOfPage\":{\"@id\":\"https:\/\/www.cabinet-magar.fr\/de\/actualites\/coronavirus-covid-19-du-nouveau-sur-les-gestes-barrieres\/\"},\"wordCount\":171,\"commentCount\":0,\"image\":{\"@id\":\"https:\/\/www.cabinet-magar.fr\/de\/actualites\/coronavirus-covid-19-du-nouveau-sur-les-gestes-barrieres\/#primaryimage\"},\"thumbnailUrl\":\"https:\/\/www.cabinet-magar.fr\/wp-content\/uploads\/2021\/04\/distancesociale.jpg\",\"articleSection\":[\"Actu Juridique\",\"Actualit\u00e9s\"],\"inLanguage\":\"de\",\"potentialAction\":[{\"@type\":\"CommentAction\",\"name\":\"Comment\",\"target\":[\"https:\/\/www.cabinet-magar.fr\/de\/actualites\/coronavirus-covid-19-du-nouveau-sur-les-gestes-barrieres\/#respond\"]}]},{\"@type\":\"WebPage\",\"@id\":\"https:\/\/www.cabinet-magar.fr\/de\/actualites\/coronavirus-covid-19-du-nouveau-sur-les-gestes-barrieres\/\",\"url\":\"https:\/\/www.cabinet-magar.fr\/de\/actualites\/coronavirus-covid-19-du-nouveau-sur-les-gestes-barrieres\/\",\"name\":\"Coronavirus (COVID-19) : du nouveau sur les gestes barri\u00e8res - Cabinet Magar\",\"isPartOf\":{\"@id\":\"https:\/\/www.cabinet-magar.fr\/#website\"},\"primaryImageOfPage\":{\"@id\":\"https:\/\/www.cabinet-magar.fr\/de\/actualites\/coronavirus-covid-19-du-nouveau-sur-les-gestes-barrieres\/#primaryimage\"},\"image\":{\"@id\":\"https:\/\/www.cabinet-magar.fr\/de\/actualites\/coronavirus-covid-19-du-nouveau-sur-les-gestes-barrieres\/#primaryimage\"},\"thumbnailUrl\":\"https:\/\/www.cabinet-magar.fr\/wp-content\/uploads\/2021\/04\/distancesociale.jpg\",\"datePublished\":\"2021-01-28T04:45:00+00:00\",\"dateModified\":\"2021-04-12T01:00:30+00:00\",\"author\":{\"@id\":\"\"},\"breadcrumb\":{\"@id\":\"https:\/\/www.cabinet-magar.fr\/de\/actualites\/coronavirus-covid-19-du-nouveau-sur-les-gestes-barrieres\/#breadcrumb\"},\"inLanguage\":\"de\",\"potentialAction\":[{\"@type\":\"ReadAction\",\"target\":[\"https:\/\/www.cabinet-magar.fr\/de\/actualites\/coronavirus-covid-19-du-nouveau-sur-les-gestes-barrieres\/\"]}]},{\"@type\":\"ImageObject\",\"inLanguage\":\"de\",\"@id\":\"https:\/\/www.cabinet-magar.fr\/de\/actualites\/coronavirus-covid-19-du-nouveau-sur-les-gestes-barrieres\/#primaryimage\",\"url\":\"https:\/\/www.cabinet-magar.fr\/wp-content\/uploads\/2021\/04\/distancesociale.jpg\",\"contentUrl\":\"https:\/\/www.cabinet-magar.fr\/wp-content\/uploads\/2021\/04\/distancesociale.jpg\",\"width\":600,\"height\":400},{\"@type\":\"BreadcrumbList\",\"@id\":\"https:\/\/www.cabinet-magar.fr\/de\/actualites\/coronavirus-covid-19-du-nouveau-sur-les-gestes-barrieres\/#breadcrumb\",\"itemListElement\":[{\"@type\":\"ListItem\",\"position\":1,\"name\":\"Accueil\",\"item\":\"https:\/\/www.cabinet-magar.fr\/de\/\"},{\"@type\":\"ListItem\",\"position\":2,\"name\":\"Coronavirus (COVID-19) : du nouveau sur les gestes barri\u00e8res\"}]},{\"@type\":\"WebSite\",\"@id\":\"https:\/\/www.cabinet-magar.fr\/#website\",\"url\":\"https:\/\/www.cabinet-magar.fr\/\",\"name\":\"Cabinet Magar\",\"description\":\"\",\"potentialAction\":[{\"@type\":\"SearchAction\",\"target\":{\"@type\":\"EntryPoint\",\"urlTemplate\":\"https:\/\/www.cabinet-magar.fr\/?s={search_term_string}\"},\"query-input\":{\"@type\":\"PropertyValueSpecification\",\"valueRequired\":true,\"valueName\":\"search_term_string\"}}],\"inLanguage\":\"de\"}]}<\/script>\n<!-- \/ Yoast SEO plugin. -->","yoast_head_json":{"title":"Coronavirus (COVID-19) : du nouveau sur les gestes barri\u00e8res - Cabinet Magar","robots":{"index":"index","follow":"follow","max-snippet":"max-snippet:-1","max-image-preview":"max-image-preview:large","max-video-preview":"max-video-preview:-1"},"canonical":"https:\/\/www.cabinet-magar.fr\/de\/actualites\/coronavirus-covid-19-du-nouveau-sur-les-gestes-barrieres\/","og_locale":"de_DE","og_type":"article","og_title":"Coronavirus (COVID-19) : du nouveau sur les gestes barri\u00e8res - Cabinet Magar","og_description":"Pour limiter la propagation de la covid-19, des gestes barri\u00e8res sont \u00e0 respecter et notamment une distanciation physique. Cette derni\u00e8re vient d\u2019\u00eatre modifi\u00e9e. Dans quelle mesure ?","og_url":"https:\/\/www.cabinet-magar.fr\/de\/actualites\/coronavirus-covid-19-du-nouveau-sur-les-gestes-barrieres\/","og_site_name":"Cabinet Magar","article_published_time":"2021-01-28T04:45:00+00:00","article_modified_time":"2021-04-12T01:00:30+00:00","og_image":[{"width":600,"height":400,"url":"https:\/\/www.cabinet-magar.fr\/wp-content\/uploads\/2021\/04\/distancesociale.jpg","type":"image\/jpeg"}],"twitter_card":"summary_large_image","twitter_misc":{"Gesch\u00e4tzte Lesezeit":"1\u00a0Minute"},"schema":{"@context":"https:\/\/schema.org","@graph":[{"@type":"Article","@id":"https:\/\/www.cabinet-magar.fr\/de\/actualites\/coronavirus-covid-19-du-nouveau-sur-les-gestes-barrieres\/#article","isPartOf":{"@id":"https:\/\/www.cabinet-magar.fr\/de\/actualites\/coronavirus-covid-19-du-nouveau-sur-les-gestes-barrieres\/"},"author":{"name":"","@id":""},"headline":"Coronavirus (COVID-19) : du nouveau sur les gestes barri\u00e8res","datePublished":"2021-01-28T04:45:00+00:00","dateModified":"2021-04-12T01:00:30+00:00","mainEntityOfPage":{"@id":"https:\/\/www.cabinet-magar.fr\/de\/actualites\/coronavirus-covid-19-du-nouveau-sur-les-gestes-barrieres\/"},"wordCount":171,"commentCount":0,"image":{"@id":"https:\/\/www.cabinet-magar.fr\/de\/actualites\/coronavirus-covid-19-du-nouveau-sur-les-gestes-barrieres\/#primaryimage"},"thumbnailUrl":"https:\/\/www.cabinet-magar.fr\/wp-content\/uploads\/2021\/04\/distancesociale.jpg","articleSection":["Actu Juridique","Actualit\u00e9s"],"inLanguage":"de","potentialAction":[{"@type":"CommentAction","name":"Comment","target":["https:\/\/www.cabinet-magar.fr\/de\/actualites\/coronavirus-covid-19-du-nouveau-sur-les-gestes-barrieres\/#respond"]}]},{"@type":"WebPage","@id":"https:\/\/www.cabinet-magar.fr\/de\/actualites\/coronavirus-covid-19-du-nouveau-sur-les-gestes-barrieres\/","url":"https:\/\/www.cabinet-magar.fr\/de\/actualites\/coronavirus-covid-19-du-nouveau-sur-les-gestes-barrieres\/","name":"Coronavirus (COVID-19) : du nouveau sur les gestes barri\u00e8res - Cabinet Magar","isPartOf":{"@id":"https:\/\/www.cabinet-magar.fr\/#website"},"primaryImageOfPage":{"@id":"https:\/\/www.cabinet-magar.fr\/de\/actualites\/coronavirus-covid-19-du-nouveau-sur-les-gestes-barrieres\/#primaryimage"},"image":{"@id":"https:\/\/www.cabinet-magar.fr\/de\/actualites\/coronavirus-covid-19-du-nouveau-sur-les-gestes-barrieres\/#primaryimage"},"thumbnailUrl":"https:\/\/www.cabinet-magar.fr\/wp-content\/uploads\/2021\/04\/distancesociale.jpg","datePublished":"2021-01-28T04:45:00+00:00","dateModified":"2021-04-12T01:00:30+00:00","author":{"@id":""},"breadcrumb":{"@id":"https:\/\/www.cabinet-magar.fr\/de\/actualites\/coronavirus-covid-19-du-nouveau-sur-les-gestes-barrieres\/#breadcrumb"},"inLanguage":"de","potentialAction":[{"@type":"ReadAction","target":["https:\/\/www.cabinet-magar.fr\/de\/actualites\/coronavirus-covid-19-du-nouveau-sur-les-gestes-barrieres\/"]}]},{"@type":"ImageObject","inLanguage":"de","@id":"https:\/\/www.cabinet-magar.fr\/de\/actualites\/coronavirus-covid-19-du-nouveau-sur-les-gestes-barrieres\/#primaryimage","url":"https:\/\/www.cabinet-magar.fr\/wp-content\/uploads\/2021\/04\/distancesociale.jpg","contentUrl":"https:\/\/www.cabinet-magar.fr\/wp-content\/uploads\/2021\/04\/distancesociale.jpg","width":600,"height":400},{"@type":"BreadcrumbList","@id":"https:\/\/www.cabinet-magar.fr\/de\/actualites\/coronavirus-covid-19-du-nouveau-sur-les-gestes-barrieres\/#breadcrumb","itemListElement":[{"@type":"ListItem","position":1,"name":"Accueil","item":"https:\/\/www.cabinet-magar.fr\/de\/"},{"@type":"ListItem","position":2,"name":"Coronavirus (COVID-19) : du nouveau sur les gestes barri\u00e8res"}]},{"@type":"WebSite","@id":"https:\/\/www.cabinet-magar.fr\/#website","url":"https:\/\/www.cabinet-magar.fr\/","name":"Cabinet Magar","description":"","potentialAction":[{"@type":"SearchAction","target":{"@type":"EntryPoint","urlTemplate":"https:\/\/www.cabinet-magar.fr\/?s={search_term_string}"},"query-input":{"@type":"PropertyValueSpecification","valueRequired":true,"valueName":"search_term_string"}}],"inLanguage":"de"}]}},"_links":{"self":[{"href":"https:\/\/www.cabinet-magar.fr\/de\/wp-json\/wp\/v2\/posts\/678","targetHints":{"allow":["GET"]}}],"collection":[{"href":"https:\/\/www.cabinet-magar.fr\/de\/wp-json\/wp\/v2\/posts"}],"about":[{"href":"https:\/\/www.cabinet-magar.fr\/de\/wp-json\/wp\/v2\/types\/post"}],"replies":[{"embeddable":true,"href":"https:\/\/www.cabinet-magar.fr\/de\/wp-json\/wp\/v2\/comments?post=678"}],"version-history":[{"count":1,"href":"https:\/\/www.cabinet-magar.fr\/de\/wp-json\/wp\/v2\/posts\/678\/revisions"}],"predecessor-version":[{"id":3907,"href":"https:\/\/www.cabinet-magar.fr\/de\/wp-json\/wp\/v2\/posts\/678\/revisions\/3907"}],"wp:featuredmedia":[{"embeddable":true,"href":"https:\/\/www.cabinet-magar.fr\/de\/wp-json\/wp\/v2\/media\/3874"}],"wp:attachment":[{"href":"https:\/\/www.cabinet-magar.fr\/de\/wp-json\/wp\/v2\/media?parent=678"}],"wp:term":[{"taxonomy":"category","embeddable":true,"href":"https:\/\/www.cabinet-magar.fr\/de\/wp-json\/wp\/v2\/categories?post=678"},{"taxonomy":"post_tag","embeddable":true,"href":"https:\/\/www.cabinet-magar.fr\/de\/wp-json\/wp\/v2\/tags?post=678"}],"curies":[{"name":"wp","href":"https:\/\/api.w.org\/{rel}","templated":true}]}}