{"id":677,"date":"2021-01-28T05:45:00","date_gmt":"2021-01-28T04:45:00","guid":{"rendered":"https:\/\/www.cabinet-magar.fr\/coronavirus-covid-19-ce-qui-change-pour-les-masques-au-28-janvier-2021\/"},"modified":"2021-04-12T03:00:27","modified_gmt":"2021-04-12T01:00:27","slug":"coronavirus-covid-19-ce-qui-change-pour-les-masques-au-28-janvier-2021","status":"publish","type":"post","link":"https:\/\/www.cabinet-magar.fr\/de\/actualites\/coronavirus-covid-19-ce-qui-change-pour-les-masques-au-28-janvier-2021\/","title":{"rendered":"Coronavirus (COVID-19) : ce qui change pour les masques au 28 janvier 2021"},"content":{"rendered":"<p >Depuis le 28 janvier 2021, les prescriptions sanitaires relatives aux masques sont modifi\u00e9es. Quelles sont les masques autoris\u00e9s ? Quel est leur prix de vente ? R\u00e9ponses\u2026<\/p>\n<div>\n<h2>Coronavirus (COVID-19) : quels sont les masques autoris\u00e9s ?<\/h2>\n<p>Depuis le 28 janvier 2021, les mesures sanitaires prescrivent l\u2019utilisation de masques de protection appartenant \u00e0 l&#8217;une des cat\u00e9gories suivantes :<\/p>\n<ul>\n<li>masques chirurgicaux, r\u00e9pondant \u00e0 la d\u00e9finition de dispositifs m\u00e9dicaux, quelle que soit leur d\u00e9nomination commerciale, respectant la norme EN 14683 + AC : 2019 ou une norme \u00e9trang\u00e8re reconnue comme \u00e9quivalente ;<\/li>\n<li>masques de forme chirurgicale import\u00e9s mis \u00e0 disposition sur le march\u00e9 national, \u00e0 l&#8217;exclusion des masques en tissu, dont les performances sont reconnues au moins \u00e9gales \u00e0 celles des masques r\u00e9serv\u00e9s \u00e0 des usages non sanitaires ;<\/li>\n<li>masques de classes d&#8217;efficacit\u00e9 FFP2 ou FFP3 respectant la norme EN 149 + A1 : 2009 ou une norme \u00e9trang\u00e8re reconnue comme \u00e9quivalente pour ces classes, sous r\u00e9serve qu&#8217;ils ne comportent pas de valve expiratoire ;<\/li>\n<li>masques r\u00e9serv\u00e9s \u00e0 des usages non sanitaires r\u00e9pondant aux caract\u00e9ristiques suivantes :<\/li>\n<\/ul>\n<ul>\n<li>\u25cb les masques pr\u00e9sentent les niveaux de performances suivants :<\/li>\n<\/ul>\n<p >\u25a1 l&#8217;efficacit\u00e9 de filtration vers l&#8217;ext\u00e9rieur des particules de 3 microm\u00e8tres \u00e9mises est sup\u00e9rieure \u00e0 90 % ;<\/p>\n<p >\u25a1 la respirabilit\u00e9 permet un port pendant un temps de 4 heures ;<\/p>\n<p >\u25a1 la perm\u00e9abilit\u00e9 \u00e0 l&#8217;air est sup\u00e9rieure \u00e0 96 litres par m\u00b2 et par seconde, pour une d\u00e9pression de 100 pascal ;<\/p>\n<ul>\n<li>\u25cb la forme permet un ajustement sur le visage avec une couverture du nez et du menton et ne comprend pas de couture sagittale ;<\/li>\n<li>\u25cb lorsqu&#8217;ils sont r\u00e9utilisables, les niveaux de performances pr\u00e9cit\u00e9s sont maintenus apr\u00e8s au moins 5 lavages ;<\/li>\n<li>\u25cb les caract\u00e9ristiques pr\u00e9cit\u00e9s sont v\u00e9rifi\u00e9es au moyen d&#8217;essais r\u00e9alis\u00e9s par l\u2019une des personnes suivantes :<\/li>\n<\/ul>\n<p >\u25a1 la direction g\u00e9n\u00e9rale de l&#8217;armement ;<\/p>\n<p >\u25a1 les organismes ayant un p\u00e9rim\u00e8tre d&#8217;accr\u00e9ditation compatible avec la r\u00e9alisation de ces tests ;<\/p>\n<p >\u25a1 le laboratoire national de m\u00e9trologie et d&#8217;essais ;<\/p>\n<p >\u25a1 les autres laboratoires r\u00e9f\u00e9renc\u00e9s sur la page https:\/\/www.entreprises.gouv.fr\/fr\/covid-19\/covid-19-informations-relatives-aux-masques-grand-public.<\/p>\n<p>Par ailleurs, \u00e9galement depuis le 28 janvier 2021, de nouvelles mesures sont applicables \u00e0 la vente de masques \u00e0 usage unique quelle que soit leur d\u00e9nomination commerciale, et qu&#8217;il s&#8217;agisse :<\/p>\n<ul>\n<li>des masques anti-projections respectant la norme EN 14683 ;<\/li>\n<li>des masques de type chirurgical fabriqu\u00e9s en France ou dans un autre Etat membre de l&#8217;Union europ\u00e9enne, ou import\u00e9s, mis \u00e0 disposition sur le march\u00e9 national respectant une norme \u00e9trang\u00e8re \u00e9quivalente \u00e0 la norme pr\u00e9cit\u00e9e ;<\/li>\n<li>des masques de forme chirurgicale import\u00e9s mis \u00e0 disposition sur le march\u00e9 national, \u00e0 l&#8217;exclusion des masques en tissu, dont les performances sont reconnues au moins \u00e9gales \u00e0 celles des masques r\u00e9serv\u00e9s \u00e0 des usages non sanitaires r\u00e9pondant \u00e0 des caract\u00e9ristiques pr\u00e9cises.<\/li>\n<\/ul>\n<p>Ainsi, le prix de vente au d\u00e9tail de ces masques ne peut pas exc\u00e9der 95 centimes d&#8217;euros TTC par unit\u00e9, quel que soit le mode de distribution, y compris en cas de vente en ligne. Ce prix n&#8217;inclut pas les \u00e9ventuels frais de livraison.<\/p>\n<p>Cette limitation du prix de vente est \u00e9galement applicable \u00e0 la vente des masques lorsqu&#8217;elle est destin\u00e9e \u00e0 des utilisateurs finaux qui ne sont pas des consommateurs.<\/p>\n<p>S\u2019agissant du prix de vente en gros, il ne peut pas exc\u00e9der 80 centimes d&#8217;euros HT par unit\u00e9.<\/p>\n<p>Par ailleurs, sachez que le Ministre de l\u2019Economie peut modifier, le cas \u00e9ch\u00e9ant, les prix de vente pr\u00e9cit\u00e9s pour tenir compte de l&#8217;\u00e9volution de la situation du march\u00e9 dans la limite d&#8217;un coefficient correcteur qui ne peut \u00eatre inf\u00e9rieur \u00e0 0,5 ou sup\u00e9rieur \u00e0 1,5.<\/p>\n<p>En outre, pour les collectivit\u00e9s d\u2019Outre-mer, l\u2019\u00e9volution des prix peut tenir compte de leur situation particuli\u00e8re en ce qui concerne le co\u00fbt du transport ou les dispositions fiscales applicables.<\/p>\n<p>Enfin, \u00e0 compter du 1er f\u00e9vrier 2021, pour garantir l&#8217;information des consommateurs sur les masques adapt\u00e9s \u00e0 la protection contre l&#8217;\u00e9pid\u00e9mie de covid-19 :<\/p>\n<ul>\n<li>dans les \u00e9tablissements de vente au d\u00e9tail, les masques de protection sont expos\u00e9s dans des endroits bien distincts ;<\/li>\n<li>pr\u00e9alablement \u00e0 la vente, y compris lorsque celle-ci est conclue \u00e0 distance :<\/li>\n<\/ul>\n<ul>\n<li>\u25cb le distributeur de masques de protection informe le consommateur, de mani\u00e8re visible, lisible et facilement accessible que ces masques r\u00e9pondent aux prescriptions des autorit\u00e9s sanitaires ;<\/li>\n<li>\u25cb le cas \u00e9ch\u00e9ant, il les informe de mani\u00e8re visible, lisible et facilement accessible que ces masques ne r\u00e9pondent pas aux prescriptions des autorit\u00e9s sanitaires.<\/li>\n<\/ul>\n<p>Source : D\u00e9cret n\u00b0 2021-76 du 27 janvier 2021 modifiant les d\u00e9crets n\u00b0 2020-1262 du 16 octobre 2020 et n\u00b0 2020-1310 du 29 octobre 2020 prescrivant les mesures g\u00e9n\u00e9rales n\u00e9cessaires pour faire face \u00e0 l&#8217;\u00e9pid\u00e9mie de covid-19 dans le cadre de l&#8217;\u00e9tat d&#8217;urgence sanitaire<\/p>\n<p><a title=\"Coronavirus (COVID-19) : ce qui change pour les masques au 28 janvier 2021\" href=\"https:\/\/www.weblex.fr\/weblex-actualite\/coronavirus-covid-19-ce-qui-change-pour-les-masques-au-28-janvier-2021\" rel=\"nofollow noopener\" target=\"_blank\">Coronavirus (COVID-19) : ce qui change pour les masques au 28 janvier 2021<\/a> \u00a9 Copyright WebLex &#8211; 2021<\/p>\n<\/div>\n<p><img src='https:\/\/www.weblex.fr\/images\/flux_actus\/masquerue.jpg'><\/p>\n","protected":false},"excerpt":{"rendered":"<p>Depuis le 28 janvier 2021, les prescriptions sanitaires relatives aux masques sont modifi\u00e9es. Quelles sont les masques autoris\u00e9s ? Quel est leur prix de vente ? R\u00e9ponses\u2026<\/p>\n","protected":false},"author":0,"featured_media":3906,"comment_status":"open","ping_status":"closed","sticky":false,"template":"","format":"standard","meta":{"_acf_changed":false,"footnotes":""},"categories":[9,7],"tags":[],"class_list":["post-677","post","type-post","status-publish","format-standard","has-post-thumbnail","hentry","category-actu-juridique","category-actualites"],"acf":[],"yoast_head":"<!-- This site is optimized with the Yoast SEO plugin v27.2 - https:\/\/yoast.com\/product\/yoast-seo-wordpress\/ -->\n<title>Coronavirus (COVID-19) : ce qui change pour les masques au 28 janvier 2021 - Cabinet Magar<\/title>\n<meta name=\"robots\" content=\"index, follow, max-snippet:-1, max-image-preview:large, max-video-preview:-1\" \/>\n<link rel=\"canonical\" href=\"https:\/\/www.cabinet-magar.fr\/actualites\/coronavirus-covid-19-ce-qui-change-pour-les-masques-au-28-janvier-2021\/\" \/>\n<meta property=\"og:locale\" content=\"de_DE\" \/>\n<meta property=\"og:type\" content=\"article\" \/>\n<meta property=\"og:title\" content=\"Coronavirus (COVID-19) : ce qui change pour les masques au 28 janvier 2021 - Cabinet Magar\" \/>\n<meta property=\"og:description\" content=\"Depuis le 28 janvier 2021, les prescriptions sanitaires relatives aux masques sont modifi\u00e9es. Quelles sont les masques autoris\u00e9s ? Quel est leur prix de vente ? R\u00e9ponses\u2026\" \/>\n<meta property=\"og:url\" content=\"https:\/\/www.cabinet-magar.fr\/actualites\/coronavirus-covid-19-ce-qui-change-pour-les-masques-au-28-janvier-2021\/\" \/>\n<meta property=\"og:site_name\" content=\"Cabinet Magar\" \/>\n<meta property=\"article:published_time\" content=\"2021-01-28T04:45:00+00:00\" \/>\n<meta property=\"article:modified_time\" content=\"2021-04-12T01:00:27+00:00\" \/>\n<meta property=\"og:image\" content=\"https:\/\/www.cabinet-magar.fr\/wp-content\/uploads\/2021\/04\/masquerue.jpg\" \/>\n\t<meta property=\"og:image:width\" content=\"600\" \/>\n\t<meta property=\"og:image:height\" content=\"400\" \/>\n\t<meta property=\"og:image:type\" content=\"image\/jpeg\" \/>\n<meta name=\"twitter:card\" content=\"summary_large_image\" \/>\n<meta name=\"twitter:label1\" content=\"Gesch\u00e4tzte Lesezeit\" \/>\n\t<meta name=\"twitter:data1\" content=\"4\u00a0Minuten\" \/>\n<script type=\"application\/ld+json\" class=\"yoast-schema-graph\">{\"@context\":\"https:\/\/schema.org\",\"@graph\":[{\"@type\":\"Article\",\"@id\":\"https:\/\/www.cabinet-magar.fr\/actualites\/coronavirus-covid-19-ce-qui-change-pour-les-masques-au-28-janvier-2021\/#article\",\"isPartOf\":{\"@id\":\"https:\/\/www.cabinet-magar.fr\/actualites\/coronavirus-covid-19-ce-qui-change-pour-les-masques-au-28-janvier-2021\/\"},\"author\":{\"name\":\"\",\"@id\":\"\"},\"headline\":\"Coronavirus (COVID-19) : ce qui change pour les masques au 28 janvier 2021\",\"datePublished\":\"2021-01-28T04:45:00+00:00\",\"dateModified\":\"2021-04-12T01:00:27+00:00\",\"mainEntityOfPage\":{\"@id\":\"https:\/\/www.cabinet-magar.fr\/actualites\/coronavirus-covid-19-ce-qui-change-pour-les-masques-au-28-janvier-2021\/\"},\"wordCount\":822,\"commentCount\":0,\"image\":{\"@id\":\"https:\/\/www.cabinet-magar.fr\/actualites\/coronavirus-covid-19-ce-qui-change-pour-les-masques-au-28-janvier-2021\/#primaryimage\"},\"thumbnailUrl\":\"https:\/\/www.cabinet-magar.fr\/wp-content\/uploads\/2021\/04\/masquerue.jpg\",\"articleSection\":[\"Actu Juridique\",\"Actualit\u00e9s\"],\"inLanguage\":\"de\",\"potentialAction\":[{\"@type\":\"CommentAction\",\"name\":\"Comment\",\"target\":[\"https:\/\/www.cabinet-magar.fr\/actualites\/coronavirus-covid-19-ce-qui-change-pour-les-masques-au-28-janvier-2021\/#respond\"]}]},{\"@type\":\"WebPage\",\"@id\":\"https:\/\/www.cabinet-magar.fr\/actualites\/coronavirus-covid-19-ce-qui-change-pour-les-masques-au-28-janvier-2021\/\",\"url\":\"https:\/\/www.cabinet-magar.fr\/actualites\/coronavirus-covid-19-ce-qui-change-pour-les-masques-au-28-janvier-2021\/\",\"name\":\"Coronavirus (COVID-19) : ce qui change pour les masques au 28 janvier 2021 - Cabinet Magar\",\"isPartOf\":{\"@id\":\"https:\/\/www.cabinet-magar.fr\/#website\"},\"primaryImageOfPage\":{\"@id\":\"https:\/\/www.cabinet-magar.fr\/actualites\/coronavirus-covid-19-ce-qui-change-pour-les-masques-au-28-janvier-2021\/#primaryimage\"},\"image\":{\"@id\":\"https:\/\/www.cabinet-magar.fr\/actualites\/coronavirus-covid-19-ce-qui-change-pour-les-masques-au-28-janvier-2021\/#primaryimage\"},\"thumbnailUrl\":\"https:\/\/www.cabinet-magar.fr\/wp-content\/uploads\/2021\/04\/masquerue.jpg\",\"datePublished\":\"2021-01-28T04:45:00+00:00\",\"dateModified\":\"2021-04-12T01:00:27+00:00\",\"author\":{\"@id\":\"\"},\"breadcrumb\":{\"@id\":\"https:\/\/www.cabinet-magar.fr\/actualites\/coronavirus-covid-19-ce-qui-change-pour-les-masques-au-28-janvier-2021\/#breadcrumb\"},\"inLanguage\":\"de\",\"potentialAction\":[{\"@type\":\"ReadAction\",\"target\":[\"https:\/\/www.cabinet-magar.fr\/actualites\/coronavirus-covid-19-ce-qui-change-pour-les-masques-au-28-janvier-2021\/\"]}]},{\"@type\":\"ImageObject\",\"inLanguage\":\"de\",\"@id\":\"https:\/\/www.cabinet-magar.fr\/actualites\/coronavirus-covid-19-ce-qui-change-pour-les-masques-au-28-janvier-2021\/#primaryimage\",\"url\":\"https:\/\/www.cabinet-magar.fr\/wp-content\/uploads\/2021\/04\/masquerue.jpg\",\"contentUrl\":\"https:\/\/www.cabinet-magar.fr\/wp-content\/uploads\/2021\/04\/masquerue.jpg\",\"width\":600,\"height\":400},{\"@type\":\"BreadcrumbList\",\"@id\":\"https:\/\/www.cabinet-magar.fr\/actualites\/coronavirus-covid-19-ce-qui-change-pour-les-masques-au-28-janvier-2021\/#breadcrumb\",\"itemListElement\":[{\"@type\":\"ListItem\",\"position\":1,\"name\":\"Accueil\",\"item\":\"https:\/\/www.cabinet-magar.fr\/de\/\"},{\"@type\":\"ListItem\",\"position\":2,\"name\":\"Coronavirus (COVID-19) : ce qui change pour les masques au 28 janvier 2021\"}]},{\"@type\":\"WebSite\",\"@id\":\"https:\/\/www.cabinet-magar.fr\/#website\",\"url\":\"https:\/\/www.cabinet-magar.fr\/\",\"name\":\"Cabinet Magar\",\"description\":\"\",\"potentialAction\":[{\"@type\":\"SearchAction\",\"target\":{\"@type\":\"EntryPoint\",\"urlTemplate\":\"https:\/\/www.cabinet-magar.fr\/?s={search_term_string}\"},\"query-input\":{\"@type\":\"PropertyValueSpecification\",\"valueRequired\":true,\"valueName\":\"search_term_string\"}}],\"inLanguage\":\"de\"}]}<\/script>\n<!-- \/ Yoast SEO plugin. -->","yoast_head_json":{"title":"Coronavirus (COVID-19) : ce qui change pour les masques au 28 janvier 2021 - Cabinet Magar","robots":{"index":"index","follow":"follow","max-snippet":"max-snippet:-1","max-image-preview":"max-image-preview:large","max-video-preview":"max-video-preview:-1"},"canonical":"https:\/\/www.cabinet-magar.fr\/actualites\/coronavirus-covid-19-ce-qui-change-pour-les-masques-au-28-janvier-2021\/","og_locale":"de_DE","og_type":"article","og_title":"Coronavirus (COVID-19) : ce qui change pour les masques au 28 janvier 2021 - Cabinet Magar","og_description":"Depuis le 28 janvier 2021, les prescriptions sanitaires relatives aux masques sont modifi\u00e9es. Quelles sont les masques autoris\u00e9s ? Quel est leur prix de vente ? R\u00e9ponses\u2026","og_url":"https:\/\/www.cabinet-magar.fr\/actualites\/coronavirus-covid-19-ce-qui-change-pour-les-masques-au-28-janvier-2021\/","og_site_name":"Cabinet Magar","article_published_time":"2021-01-28T04:45:00+00:00","article_modified_time":"2021-04-12T01:00:27+00:00","og_image":[{"width":600,"height":400,"url":"https:\/\/www.cabinet-magar.fr\/wp-content\/uploads\/2021\/04\/masquerue.jpg","type":"image\/jpeg"}],"twitter_card":"summary_large_image","twitter_misc":{"Gesch\u00e4tzte Lesezeit":"4\u00a0Minuten"},"schema":{"@context":"https:\/\/schema.org","@graph":[{"@type":"Article","@id":"https:\/\/www.cabinet-magar.fr\/actualites\/coronavirus-covid-19-ce-qui-change-pour-les-masques-au-28-janvier-2021\/#article","isPartOf":{"@id":"https:\/\/www.cabinet-magar.fr\/actualites\/coronavirus-covid-19-ce-qui-change-pour-les-masques-au-28-janvier-2021\/"},"author":{"name":"","@id":""},"headline":"Coronavirus (COVID-19) : ce qui change pour les masques au 28 janvier 2021","datePublished":"2021-01-28T04:45:00+00:00","dateModified":"2021-04-12T01:00:27+00:00","mainEntityOfPage":{"@id":"https:\/\/www.cabinet-magar.fr\/actualites\/coronavirus-covid-19-ce-qui-change-pour-les-masques-au-28-janvier-2021\/"},"wordCount":822,"commentCount":0,"image":{"@id":"https:\/\/www.cabinet-magar.fr\/actualites\/coronavirus-covid-19-ce-qui-change-pour-les-masques-au-28-janvier-2021\/#primaryimage"},"thumbnailUrl":"https:\/\/www.cabinet-magar.fr\/wp-content\/uploads\/2021\/04\/masquerue.jpg","articleSection":["Actu Juridique","Actualit\u00e9s"],"inLanguage":"de","potentialAction":[{"@type":"CommentAction","name":"Comment","target":["https:\/\/www.cabinet-magar.fr\/actualites\/coronavirus-covid-19-ce-qui-change-pour-les-masques-au-28-janvier-2021\/#respond"]}]},{"@type":"WebPage","@id":"https:\/\/www.cabinet-magar.fr\/actualites\/coronavirus-covid-19-ce-qui-change-pour-les-masques-au-28-janvier-2021\/","url":"https:\/\/www.cabinet-magar.fr\/actualites\/coronavirus-covid-19-ce-qui-change-pour-les-masques-au-28-janvier-2021\/","name":"Coronavirus (COVID-19) : ce qui change pour les masques au 28 janvier 2021 - Cabinet Magar","isPartOf":{"@id":"https:\/\/www.cabinet-magar.fr\/#website"},"primaryImageOfPage":{"@id":"https:\/\/www.cabinet-magar.fr\/actualites\/coronavirus-covid-19-ce-qui-change-pour-les-masques-au-28-janvier-2021\/#primaryimage"},"image":{"@id":"https:\/\/www.cabinet-magar.fr\/actualites\/coronavirus-covid-19-ce-qui-change-pour-les-masques-au-28-janvier-2021\/#primaryimage"},"thumbnailUrl":"https:\/\/www.cabinet-magar.fr\/wp-content\/uploads\/2021\/04\/masquerue.jpg","datePublished":"2021-01-28T04:45:00+00:00","dateModified":"2021-04-12T01:00:27+00:00","author":{"@id":""},"breadcrumb":{"@id":"https:\/\/www.cabinet-magar.fr\/actualites\/coronavirus-covid-19-ce-qui-change-pour-les-masques-au-28-janvier-2021\/#breadcrumb"},"inLanguage":"de","potentialAction":[{"@type":"ReadAction","target":["https:\/\/www.cabinet-magar.fr\/actualites\/coronavirus-covid-19-ce-qui-change-pour-les-masques-au-28-janvier-2021\/"]}]},{"@type":"ImageObject","inLanguage":"de","@id":"https:\/\/www.cabinet-magar.fr\/actualites\/coronavirus-covid-19-ce-qui-change-pour-les-masques-au-28-janvier-2021\/#primaryimage","url":"https:\/\/www.cabinet-magar.fr\/wp-content\/uploads\/2021\/04\/masquerue.jpg","contentUrl":"https:\/\/www.cabinet-magar.fr\/wp-content\/uploads\/2021\/04\/masquerue.jpg","width":600,"height":400},{"@type":"BreadcrumbList","@id":"https:\/\/www.cabinet-magar.fr\/actualites\/coronavirus-covid-19-ce-qui-change-pour-les-masques-au-28-janvier-2021\/#breadcrumb","itemListElement":[{"@type":"ListItem","position":1,"name":"Accueil","item":"https:\/\/www.cabinet-magar.fr\/de\/"},{"@type":"ListItem","position":2,"name":"Coronavirus (COVID-19) : ce qui change pour les masques au 28 janvier 2021"}]},{"@type":"WebSite","@id":"https:\/\/www.cabinet-magar.fr\/#website","url":"https:\/\/www.cabinet-magar.fr\/","name":"Cabinet Magar","description":"","potentialAction":[{"@type":"SearchAction","target":{"@type":"EntryPoint","urlTemplate":"https:\/\/www.cabinet-magar.fr\/?s={search_term_string}"},"query-input":{"@type":"PropertyValueSpecification","valueRequired":true,"valueName":"search_term_string"}}],"inLanguage":"de"}]}},"_links":{"self":[{"href":"https:\/\/www.cabinet-magar.fr\/de\/wp-json\/wp\/v2\/posts\/677","targetHints":{"allow":["GET"]}}],"collection":[{"href":"https:\/\/www.cabinet-magar.fr\/de\/wp-json\/wp\/v2\/posts"}],"about":[{"href":"https:\/\/www.cabinet-magar.fr\/de\/wp-json\/wp\/v2\/types\/post"}],"replies":[{"embeddable":true,"href":"https:\/\/www.cabinet-magar.fr\/de\/wp-json\/wp\/v2\/comments?post=677"}],"version-history":[{"count":1,"href":"https:\/\/www.cabinet-magar.fr\/de\/wp-json\/wp\/v2\/posts\/677\/revisions"}],"predecessor-version":[{"id":3905,"href":"https:\/\/www.cabinet-magar.fr\/de\/wp-json\/wp\/v2\/posts\/677\/revisions\/3905"}],"wp:featuredmedia":[{"embeddable":true,"href":"https:\/\/www.cabinet-magar.fr\/de\/wp-json\/wp\/v2\/media\/3906"}],"wp:attachment":[{"href":"https:\/\/www.cabinet-magar.fr\/de\/wp-json\/wp\/v2\/media?parent=677"}],"wp:term":[{"taxonomy":"category","embeddable":true,"href":"https:\/\/www.cabinet-magar.fr\/de\/wp-json\/wp\/v2\/categories?post=677"},{"taxonomy":"post_tag","embeddable":true,"href":"https:\/\/www.cabinet-magar.fr\/de\/wp-json\/wp\/v2\/tags?post=677"}],"curies":[{"name":"wp","href":"https:\/\/api.w.org\/{rel}","templated":true}]}}