{"id":667,"date":"2021-01-29T05:45:00","date_gmt":"2021-01-29T04:45:00","guid":{"rendered":"https:\/\/www.cabinet-magar.fr\/coronavirus-covid-19-et-fonds-de-solidarite-une-aide-complementaire-pour-les-entreprises-de-la-montagne\/"},"modified":"2021-04-11T03:00:59","modified_gmt":"2021-04-11T01:00:59","slug":"coronavirus-covid-19-et-fonds-de-solidarite-une-aide-complementaire-pour-les-entreprises-de-la-montagne","status":"publish","type":"post","link":"https:\/\/www.cabinet-magar.fr\/de\/actualites\/coronavirus-covid-19-et-fonds-de-solidarite-une-aide-complementaire-pour-les-entreprises-de-la-montagne\/","title":{"rendered":"Coronavirus (COVID-19) et Fonds de solidarit\u00e9 : une aide compl\u00e9mentaire pour les entreprises de la montagne"},"content":{"rendered":"<p >L\u2019acc\u00e8s au Fonds de solidarit\u00e9 est sp\u00e9cialement am\u00e9nag\u00e9 pour les entreprises relevant du secteur de la montagne. Ce dispositif sp\u00e9cial vient d\u2019\u00eatre renforc\u00e9 par la mise en place d\u2019une nouvelle aide compl\u00e9mentaire : voici ce que vous devez savoir \u00e0 ce sujet\u2026<\/p>\n<div>\n<h2>Coronavirus (COVID-19) : une aide compl\u00e9mentaire pour le mois de d\u00e9cembre 2020<\/h2>\n<ul>\n<li><strong> Conditions \u00e0 remplir<\/strong><\/li>\n<\/ul>\n<p>Les entreprises \u00e9ligibles au Fonds de solidarit\u00e9 qui n&#8217;exercent pas leur activit\u00e9 principale dans un secteur mentionn\u00e9 en S1 ou S1 bis (dans leur r\u00e9daction en vigueur au 30 janvier 2021), et qui sont domicili\u00e9es dans une commune dans le ressort de laquelle l&#8217;activit\u00e9 \u00e9conomique est particuli\u00e8rement touch\u00e9e par la fermeture des remont\u00e9es m\u00e9caniques, b\u00e9n\u00e9ficient d\u2019une aide compl\u00e9mentaire destin\u00e9e \u00e0 compenser la perte de chiffre d\u2019affaires (CA) subie au cours du mois de d\u00e9cembre 2020, d\u00e8s lors qu\u2019elles remplissent les conditions suivantes :<\/p>\n<ul>\n<li>elles ont subi une perte de CA d&#8217;au moins 50 % durant la p\u00e9riode comprise entre le 1er d\u00e9cembre 2020 et le 31 d\u00e9cembre 2020 ;<\/li>\n<li>les personnes physiques ou, pour les personnes morales, leurs dirigeants majoritaires, ne sont pas titulaires, au 1er d\u00e9cembre 2020, d&#8217;un contrat de travail \u00e0 temps complet, sauf si l&#8217;effectif salari\u00e9 de l&#8217;entreprise est sup\u00e9rieur ou \u00e9gal \u00e0 un ; pour rappel, l\u2019effectif salari\u00e9 annuel correspond \u00e0 la moyenne du nombre de personnes employ\u00e9es au cours de chacun des mois de l&#8217;ann\u00e9e civile pr\u00e9c\u00e9dente ;<\/li>\n<li>elles ont d\u00e9but\u00e9 leur activit\u00e9 avant le 30 septembre 2020 ;<\/li>\n<li>elles exercent leur activit\u00e9 principale dans le commerce de d\u00e9tail (\u00e0 l&#8217;exception des automobiles et des motocycles) ou dans la location de biens immobiliers r\u00e9sidentiels.<\/li>\n<\/ul>\n<ul>\n<li><strong>Montant de l\u2019aide <\/strong><\/li>\n<\/ul>\n<p>Le montant de l\u2019aide est variable. Il est \u00e9gal \u00e0 :<\/p>\n<ul>\n<li>80 % de la perte de CA dans la limite de 10 000 \u20ac si les entreprises \u00e9ligibles ont subi une perte de CA inf\u00e9rieure \u00e0 70 % ; lorsque la perte de CA est sup\u00e9rieure \u00e0 1 500 \u20ac, le montant minimal de la subvention est de 1 500 \u20ac ; lorsque la perte de CA est inf\u00e9rieure ou \u00e9gale \u00e0 1 500 \u20ac, la subvention est \u00e9gale \u00e0 100 % de la perte de CA ;<\/li>\n<li>soit \u00e0 20 % du CA de r\u00e9f\u00e9rence, soit \u00e0 80 % de la perte de CA dans la limite de 10 000 \u20ac, si les entreprises \u00e9ligibles ont subi une perte de CA sup\u00e9rieure ou \u00e9gale \u00e0 70 % ; lorsque la perte de CA est sup\u00e9rieure \u00e0 1 500 \u20ac, le montant minimal de la subvention est de 1 500 \u20ac ; lorsque la perte de CA est inf\u00e9rieure ou \u00e9gale \u00e0 1 500 \u20ac, la subvention est \u00e9gale \u00e0 100 % de la perte de CA ; point important, les entreprises doivent b\u00e9n\u00e9ficier de l\u2019option qui leur est la plus favorable.<\/li>\n<\/ul>\n<p>Notez que l&#8217;aide vers\u00e9e est limit\u00e9e \u00e0 un plafond de 200 000 \u20ac.<\/p>\n<p>Lorsque l\u2019entreprise appartient \u00e0 un groupe de soci\u00e9t\u00e9s, le seuil d&#8217;effectif salari\u00e9 et le plafond d&#8217;aide s&#8217;appr\u00e9cient au niveau du groupe.<\/p>\n<ul>\n<li><strong>Cumul des aides<\/strong><\/li>\n<\/ul>\n<p>Cette nouvelle aide n\u2019est pas cumulable avec l\u2019aide de droit commun vers\u00e9e aux entreprises touch\u00e9es par la crise au titre du mois de d\u00e9cembre 2020.<\/p>\n<p>En revanche, si l\u2019entreprise a b\u00e9n\u00e9fici\u00e9 au titre du mois de d\u00e9cembre 2020 de l\u2019aide sp\u00e9cifique aux entreprises de montagne au titre de la fermeture des remont\u00e9es m\u00e9caniques, le montant de la nouvelle aide compl\u00e9mentaire doit \u00eatre diminu\u00e9 du montant de l&#8217;aide sp\u00e9cifique due ou d\u00e9j\u00e0 vers\u00e9e.<\/p>\n<p>Pour les personnes physiques (ou les dirigeants majoritaires s\u2019il s\u2019agit de soci\u00e9t\u00e9s) ayant b\u00e9n\u00e9fici\u00e9 d&#8217;une ou de plusieurs pensions de retraite ou d&#8217;indemnit\u00e9s journali\u00e8res de s\u00e9curit\u00e9 sociale, le montant de la subvention accord\u00e9e doit \u00eatre r\u00e9duit du montant des pensions de retraite et des indemnit\u00e9s journali\u00e8res per\u00e7ues ou \u00e0 percevoir au titre du mois de d\u00e9cembre 2020.<\/p>\n<ul>\n<li><strong>Calcul de la perte de CA <\/strong><\/li>\n<\/ul>\n<p>La perte de CA est d\u00e9finie comme la diff\u00e9rence entre :<\/p>\n<ul>\n<li>d&#8217;une part, le CA au cours du mois de d\u00e9cembre 2020 ;<\/li>\n<li>et, d&#8217;autre part :<\/li>\n<\/ul>\n<ul>\n<li>\u25cb le CA durant la m\u00eame p\u00e9riode de l&#8217;ann\u00e9e pr\u00e9c\u00e9dente, ou le CA mensuel moyen de l&#8217;ann\u00e9e 2019, si cette option est plus favorable \u00e0 l&#8217;entreprise ;<\/li>\n<li>\u25cb ou, pour les entreprises cr\u00e9\u00e9es apr\u00e8s le 30 novembre 2019, le CA mensuel moyen r\u00e9alis\u00e9 entre le 1er juillet 2020, ou \u00e0 d\u00e9faut la date de cr\u00e9ation de l&#8217;entreprise et le 31 octobre 2020.<\/li>\n<\/ul>\n<ul>\n<li><strong>Demande de l\u2019aide <\/strong><\/li>\n<\/ul>\n<p>La demande d&#8217;aide doit \u00eatre r\u00e9alis\u00e9e par voie d\u00e9mat\u00e9rialis\u00e9e au plus tard le 31 mars 2021.<\/p>\n<p>Elle doit \u00eatre accompagn\u00e9e des justificatifs suivants :<\/p>\n<ul>\n<li>une d\u00e9claration sur l&#8217;honneur attestant que l&#8217;entreprise remplit les conditions pr\u00e9vues et que les informations d\u00e9clar\u00e9es sont exactes, ainsi que l&#8217;absence de dette fiscale ou sociale impay\u00e9e au 31 d\u00e9cembre 2019, \u00e0 l&#8217;exception de celles qui, \u00e0 la date de d\u00e9p\u00f4t de la demande d&#8217;aide, ont \u00e9t\u00e9 r\u00e9gl\u00e9es ou sont couvertes par un plan de r\u00e8glement ; notez qu\u2019il n&#8217;est pas tenu compte des dettes fiscales inf\u00e9rieures ou \u00e9gales \u00e0 un montant total de 1 500 \u20ac, ni de celles dont l&#8217;existence ou le montant font l&#8217;objet au 1er septembre 2020 d&#8217;un contentieux pour lequel une d\u00e9cision d\u00e9finitive n&#8217;est pas intervenue ;<\/li>\n<li>une d\u00e9claration indiquant la somme des montants per\u00e7us par le groupe depuis le 1er mars 2020 au titre des aides vers\u00e9es par le Fonds de solidarit\u00e9 pour les mois de septembre, octobre, novembre et d\u00e9cembre 2020;<\/li>\n<li>le cas \u00e9ch\u00e9ant, l&#8217;indication du montant des pensions de retraite ou des indemnit\u00e9s journali\u00e8res de s\u00e9curit\u00e9 sociale per\u00e7ues ou \u00e0 percevoir au titre du mois de d\u00e9cembre 2020 ;<\/li>\n<li>les coordonn\u00e9es bancaires de l&#8217;entreprise.<\/li>\n<\/ul>\n<p>Source : D\u00e9cret n\u00b0 2021-79 du 28 janvier 2021 relatif au fonds de solidarit\u00e9 \u00e0 destination des entreprises particuli\u00e8rement touch\u00e9es par les cons\u00e9quences \u00e9conomiques, financi\u00e8res et sociales de la propagation de l&#8217;\u00e9pid\u00e9mie de covid-19 et des mesures prises pour limiter cette propagation<\/p>\n<p><a title=\"Coronavirus (COVID-19) et Fonds de solidarit\u00e9 : une aide compl\u00e9mentaire pour les entreprises de la montagne\" href=\"https:\/\/www.weblex.fr\/weblex-actualite\/coronavirus-covid-19-et-fonds-de-solidarite-une-aide-complementaire-pour-les-entreprises-de-la-montagne\" rel=\"nofollow noopener\" target=\"_blank\">Coronavirus (COVID-19) et Fonds de solidarit\u00e9 : une aide compl\u00e9mentaire pour les entreprises de la montagne<\/a> \u00a9 Copyright WebLex &#8211; 2021<\/p>\n<\/div>\n<p><img src='https:\/\/www.weblex.fr\/images\/flux_actus\/stationski.jpg'><\/p>\n","protected":false},"excerpt":{"rendered":"<p>L\u2019acc\u00e8s au Fonds de solidarit\u00e9 est sp\u00e9cialement am\u00e9nag\u00e9 pour les entreprises relevant du secteur de la montagne. Ce dispositif sp\u00e9cial vient d\u2019\u00eatre renforc\u00e9 par la mise en place d\u2019une nouvelle aide compl\u00e9mentaire : voici ce que vous devez savoir \u00e0 ce sujet\u2026<\/p>\n","protected":false},"author":0,"featured_media":3890,"comment_status":"open","ping_status":"closed","sticky":false,"template":"","format":"standard","meta":{"_acf_changed":false,"footnotes":""},"categories":[9,7],"tags":[],"class_list":["post-667","post","type-post","status-publish","format-standard","has-post-thumbnail","hentry","category-actu-juridique","category-actualites"],"acf":[],"yoast_head":"<!-- This site is optimized with the Yoast SEO plugin v27.2 - https:\/\/yoast.com\/product\/yoast-seo-wordpress\/ -->\n<title>Coronavirus (COVID-19) et Fonds de solidarit\u00e9 : une aide compl\u00e9mentaire pour les entreprises de la montagne - Cabinet Magar<\/title>\n<meta name=\"robots\" content=\"index, follow, max-snippet:-1, max-image-preview:large, max-video-preview:-1\" \/>\n<link rel=\"canonical\" href=\"https:\/\/www.cabinet-magar.fr\/actualites\/coronavirus-covid-19-et-fonds-de-solidarite-une-aide-complementaire-pour-les-entreprises-de-la-montagne\/\" \/>\n<meta property=\"og:locale\" content=\"de_DE\" \/>\n<meta property=\"og:type\" content=\"article\" \/>\n<meta property=\"og:title\" content=\"Coronavirus (COVID-19) et Fonds de solidarit\u00e9 : une aide compl\u00e9mentaire pour les entreprises de la montagne - Cabinet Magar\" \/>\n<meta property=\"og:description\" content=\"L\u2019acc\u00e8s au Fonds de solidarit\u00e9 est sp\u00e9cialement am\u00e9nag\u00e9 pour les entreprises relevant du secteur de la montagne. Ce dispositif sp\u00e9cial vient d\u2019\u00eatre renforc\u00e9 par la mise en place d\u2019une nouvelle aide compl\u00e9mentaire : voici ce que vous devez savoir \u00e0 ce sujet\u2026\" \/>\n<meta property=\"og:url\" content=\"https:\/\/www.cabinet-magar.fr\/actualites\/coronavirus-covid-19-et-fonds-de-solidarite-une-aide-complementaire-pour-les-entreprises-de-la-montagne\/\" \/>\n<meta property=\"og:site_name\" content=\"Cabinet Magar\" \/>\n<meta property=\"article:published_time\" content=\"2021-01-29T04:45:00+00:00\" \/>\n<meta property=\"article:modified_time\" content=\"2021-04-11T01:00:59+00:00\" \/>\n<meta property=\"og:image\" content=\"https:\/\/www.cabinet-magar.fr\/wp-content\/uploads\/2021\/04\/stationski.jpg\" \/>\n\t<meta property=\"og:image:width\" content=\"600\" \/>\n\t<meta property=\"og:image:height\" content=\"400\" \/>\n\t<meta property=\"og:image:type\" content=\"image\/jpeg\" \/>\n<meta name=\"twitter:card\" content=\"summary_large_image\" \/>\n<meta name=\"twitter:label1\" content=\"Gesch\u00e4tzte Lesezeit\" \/>\n\t<meta name=\"twitter:data1\" content=\"5\u00a0Minuten\" \/>\n<script type=\"application\/ld+json\" class=\"yoast-schema-graph\">{\"@context\":\"https:\/\/schema.org\",\"@graph\":[{\"@type\":\"Article\",\"@id\":\"https:\/\/www.cabinet-magar.fr\/actualites\/coronavirus-covid-19-et-fonds-de-solidarite-une-aide-complementaire-pour-les-entreprises-de-la-montagne\/#article\",\"isPartOf\":{\"@id\":\"https:\/\/www.cabinet-magar.fr\/actualites\/coronavirus-covid-19-et-fonds-de-solidarite-une-aide-complementaire-pour-les-entreprises-de-la-montagne\/\"},\"author\":{\"name\":\"\",\"@id\":\"\"},\"headline\":\"Coronavirus (COVID-19) et Fonds de solidarit\u00e9 : une aide compl\u00e9mentaire pour les entreprises de la montagne\",\"datePublished\":\"2021-01-29T04:45:00+00:00\",\"dateModified\":\"2021-04-11T01:00:59+00:00\",\"mainEntityOfPage\":{\"@id\":\"https:\/\/www.cabinet-magar.fr\/actualites\/coronavirus-covid-19-et-fonds-de-solidarite-une-aide-complementaire-pour-les-entreprises-de-la-montagne\/\"},\"wordCount\":1047,\"commentCount\":0,\"image\":{\"@id\":\"https:\/\/www.cabinet-magar.fr\/actualites\/coronavirus-covid-19-et-fonds-de-solidarite-une-aide-complementaire-pour-les-entreprises-de-la-montagne\/#primaryimage\"},\"thumbnailUrl\":\"https:\/\/www.cabinet-magar.fr\/wp-content\/uploads\/2021\/04\/stationski.jpg\",\"articleSection\":[\"Actu Juridique\",\"Actualit\u00e9s\"],\"inLanguage\":\"de\",\"potentialAction\":[{\"@type\":\"CommentAction\",\"name\":\"Comment\",\"target\":[\"https:\/\/www.cabinet-magar.fr\/actualites\/coronavirus-covid-19-et-fonds-de-solidarite-une-aide-complementaire-pour-les-entreprises-de-la-montagne\/#respond\"]}]},{\"@type\":\"WebPage\",\"@id\":\"https:\/\/www.cabinet-magar.fr\/actualites\/coronavirus-covid-19-et-fonds-de-solidarite-une-aide-complementaire-pour-les-entreprises-de-la-montagne\/\",\"url\":\"https:\/\/www.cabinet-magar.fr\/actualites\/coronavirus-covid-19-et-fonds-de-solidarite-une-aide-complementaire-pour-les-entreprises-de-la-montagne\/\",\"name\":\"Coronavirus (COVID-19) et Fonds de solidarit\u00e9 : une aide compl\u00e9mentaire pour les entreprises de la montagne - Cabinet Magar\",\"isPartOf\":{\"@id\":\"https:\/\/www.cabinet-magar.fr\/#website\"},\"primaryImageOfPage\":{\"@id\":\"https:\/\/www.cabinet-magar.fr\/actualites\/coronavirus-covid-19-et-fonds-de-solidarite-une-aide-complementaire-pour-les-entreprises-de-la-montagne\/#primaryimage\"},\"image\":{\"@id\":\"https:\/\/www.cabinet-magar.fr\/actualites\/coronavirus-covid-19-et-fonds-de-solidarite-une-aide-complementaire-pour-les-entreprises-de-la-montagne\/#primaryimage\"},\"thumbnailUrl\":\"https:\/\/www.cabinet-magar.fr\/wp-content\/uploads\/2021\/04\/stationski.jpg\",\"datePublished\":\"2021-01-29T04:45:00+00:00\",\"dateModified\":\"2021-04-11T01:00:59+00:00\",\"author\":{\"@id\":\"\"},\"breadcrumb\":{\"@id\":\"https:\/\/www.cabinet-magar.fr\/actualites\/coronavirus-covid-19-et-fonds-de-solidarite-une-aide-complementaire-pour-les-entreprises-de-la-montagne\/#breadcrumb\"},\"inLanguage\":\"de\",\"potentialAction\":[{\"@type\":\"ReadAction\",\"target\":[\"https:\/\/www.cabinet-magar.fr\/actualites\/coronavirus-covid-19-et-fonds-de-solidarite-une-aide-complementaire-pour-les-entreprises-de-la-montagne\/\"]}]},{\"@type\":\"ImageObject\",\"inLanguage\":\"de\",\"@id\":\"https:\/\/www.cabinet-magar.fr\/actualites\/coronavirus-covid-19-et-fonds-de-solidarite-une-aide-complementaire-pour-les-entreprises-de-la-montagne\/#primaryimage\",\"url\":\"https:\/\/www.cabinet-magar.fr\/wp-content\/uploads\/2021\/04\/stationski.jpg\",\"contentUrl\":\"https:\/\/www.cabinet-magar.fr\/wp-content\/uploads\/2021\/04\/stationski.jpg\",\"width\":600,\"height\":400},{\"@type\":\"BreadcrumbList\",\"@id\":\"https:\/\/www.cabinet-magar.fr\/actualites\/coronavirus-covid-19-et-fonds-de-solidarite-une-aide-complementaire-pour-les-entreprises-de-la-montagne\/#breadcrumb\",\"itemListElement\":[{\"@type\":\"ListItem\",\"position\":1,\"name\":\"Accueil\",\"item\":\"https:\/\/www.cabinet-magar.fr\/de\/\"},{\"@type\":\"ListItem\",\"position\":2,\"name\":\"Coronavirus (COVID-19) et Fonds de solidarit\u00e9 : une aide compl\u00e9mentaire pour les entreprises de la montagne\"}]},{\"@type\":\"WebSite\",\"@id\":\"https:\/\/www.cabinet-magar.fr\/#website\",\"url\":\"https:\/\/www.cabinet-magar.fr\/\",\"name\":\"Cabinet Magar\",\"description\":\"\",\"potentialAction\":[{\"@type\":\"SearchAction\",\"target\":{\"@type\":\"EntryPoint\",\"urlTemplate\":\"https:\/\/www.cabinet-magar.fr\/?s={search_term_string}\"},\"query-input\":{\"@type\":\"PropertyValueSpecification\",\"valueRequired\":true,\"valueName\":\"search_term_string\"}}],\"inLanguage\":\"de\"}]}<\/script>\n<!-- \/ Yoast SEO plugin. -->","yoast_head_json":{"title":"Coronavirus (COVID-19) et Fonds de solidarit\u00e9 : une aide compl\u00e9mentaire pour les entreprises de la montagne - Cabinet Magar","robots":{"index":"index","follow":"follow","max-snippet":"max-snippet:-1","max-image-preview":"max-image-preview:large","max-video-preview":"max-video-preview:-1"},"canonical":"https:\/\/www.cabinet-magar.fr\/actualites\/coronavirus-covid-19-et-fonds-de-solidarite-une-aide-complementaire-pour-les-entreprises-de-la-montagne\/","og_locale":"de_DE","og_type":"article","og_title":"Coronavirus (COVID-19) et Fonds de solidarit\u00e9 : une aide compl\u00e9mentaire pour les entreprises de la montagne - Cabinet Magar","og_description":"L\u2019acc\u00e8s au Fonds de solidarit\u00e9 est sp\u00e9cialement am\u00e9nag\u00e9 pour les entreprises relevant du secteur de la montagne. Ce dispositif sp\u00e9cial vient d\u2019\u00eatre renforc\u00e9 par la mise en place d\u2019une nouvelle aide compl\u00e9mentaire : voici ce que vous devez savoir \u00e0 ce sujet\u2026","og_url":"https:\/\/www.cabinet-magar.fr\/actualites\/coronavirus-covid-19-et-fonds-de-solidarite-une-aide-complementaire-pour-les-entreprises-de-la-montagne\/","og_site_name":"Cabinet Magar","article_published_time":"2021-01-29T04:45:00+00:00","article_modified_time":"2021-04-11T01:00:59+00:00","og_image":[{"width":600,"height":400,"url":"https:\/\/www.cabinet-magar.fr\/wp-content\/uploads\/2021\/04\/stationski.jpg","type":"image\/jpeg"}],"twitter_card":"summary_large_image","twitter_misc":{"Gesch\u00e4tzte Lesezeit":"5\u00a0Minuten"},"schema":{"@context":"https:\/\/schema.org","@graph":[{"@type":"Article","@id":"https:\/\/www.cabinet-magar.fr\/actualites\/coronavirus-covid-19-et-fonds-de-solidarite-une-aide-complementaire-pour-les-entreprises-de-la-montagne\/#article","isPartOf":{"@id":"https:\/\/www.cabinet-magar.fr\/actualites\/coronavirus-covid-19-et-fonds-de-solidarite-une-aide-complementaire-pour-les-entreprises-de-la-montagne\/"},"author":{"name":"","@id":""},"headline":"Coronavirus (COVID-19) et Fonds de solidarit\u00e9 : une aide compl\u00e9mentaire pour les entreprises de la montagne","datePublished":"2021-01-29T04:45:00+00:00","dateModified":"2021-04-11T01:00:59+00:00","mainEntityOfPage":{"@id":"https:\/\/www.cabinet-magar.fr\/actualites\/coronavirus-covid-19-et-fonds-de-solidarite-une-aide-complementaire-pour-les-entreprises-de-la-montagne\/"},"wordCount":1047,"commentCount":0,"image":{"@id":"https:\/\/www.cabinet-magar.fr\/actualites\/coronavirus-covid-19-et-fonds-de-solidarite-une-aide-complementaire-pour-les-entreprises-de-la-montagne\/#primaryimage"},"thumbnailUrl":"https:\/\/www.cabinet-magar.fr\/wp-content\/uploads\/2021\/04\/stationski.jpg","articleSection":["Actu Juridique","Actualit\u00e9s"],"inLanguage":"de","potentialAction":[{"@type":"CommentAction","name":"Comment","target":["https:\/\/www.cabinet-magar.fr\/actualites\/coronavirus-covid-19-et-fonds-de-solidarite-une-aide-complementaire-pour-les-entreprises-de-la-montagne\/#respond"]}]},{"@type":"WebPage","@id":"https:\/\/www.cabinet-magar.fr\/actualites\/coronavirus-covid-19-et-fonds-de-solidarite-une-aide-complementaire-pour-les-entreprises-de-la-montagne\/","url":"https:\/\/www.cabinet-magar.fr\/actualites\/coronavirus-covid-19-et-fonds-de-solidarite-une-aide-complementaire-pour-les-entreprises-de-la-montagne\/","name":"Coronavirus (COVID-19) et Fonds de solidarit\u00e9 : une aide compl\u00e9mentaire pour les entreprises de la montagne - Cabinet Magar","isPartOf":{"@id":"https:\/\/www.cabinet-magar.fr\/#website"},"primaryImageOfPage":{"@id":"https:\/\/www.cabinet-magar.fr\/actualites\/coronavirus-covid-19-et-fonds-de-solidarite-une-aide-complementaire-pour-les-entreprises-de-la-montagne\/#primaryimage"},"image":{"@id":"https:\/\/www.cabinet-magar.fr\/actualites\/coronavirus-covid-19-et-fonds-de-solidarite-une-aide-complementaire-pour-les-entreprises-de-la-montagne\/#primaryimage"},"thumbnailUrl":"https:\/\/www.cabinet-magar.fr\/wp-content\/uploads\/2021\/04\/stationski.jpg","datePublished":"2021-01-29T04:45:00+00:00","dateModified":"2021-04-11T01:00:59+00:00","author":{"@id":""},"breadcrumb":{"@id":"https:\/\/www.cabinet-magar.fr\/actualites\/coronavirus-covid-19-et-fonds-de-solidarite-une-aide-complementaire-pour-les-entreprises-de-la-montagne\/#breadcrumb"},"inLanguage":"de","potentialAction":[{"@type":"ReadAction","target":["https:\/\/www.cabinet-magar.fr\/actualites\/coronavirus-covid-19-et-fonds-de-solidarite-une-aide-complementaire-pour-les-entreprises-de-la-montagne\/"]}]},{"@type":"ImageObject","inLanguage":"de","@id":"https:\/\/www.cabinet-magar.fr\/actualites\/coronavirus-covid-19-et-fonds-de-solidarite-une-aide-complementaire-pour-les-entreprises-de-la-montagne\/#primaryimage","url":"https:\/\/www.cabinet-magar.fr\/wp-content\/uploads\/2021\/04\/stationski.jpg","contentUrl":"https:\/\/www.cabinet-magar.fr\/wp-content\/uploads\/2021\/04\/stationski.jpg","width":600,"height":400},{"@type":"BreadcrumbList","@id":"https:\/\/www.cabinet-magar.fr\/actualites\/coronavirus-covid-19-et-fonds-de-solidarite-une-aide-complementaire-pour-les-entreprises-de-la-montagne\/#breadcrumb","itemListElement":[{"@type":"ListItem","position":1,"name":"Accueil","item":"https:\/\/www.cabinet-magar.fr\/de\/"},{"@type":"ListItem","position":2,"name":"Coronavirus (COVID-19) et Fonds de solidarit\u00e9 : une aide compl\u00e9mentaire pour les entreprises de la montagne"}]},{"@type":"WebSite","@id":"https:\/\/www.cabinet-magar.fr\/#website","url":"https:\/\/www.cabinet-magar.fr\/","name":"Cabinet Magar","description":"","potentialAction":[{"@type":"SearchAction","target":{"@type":"EntryPoint","urlTemplate":"https:\/\/www.cabinet-magar.fr\/?s={search_term_string}"},"query-input":{"@type":"PropertyValueSpecification","valueRequired":true,"valueName":"search_term_string"}}],"inLanguage":"de"}]}},"_links":{"self":[{"href":"https:\/\/www.cabinet-magar.fr\/de\/wp-json\/wp\/v2\/posts\/667","targetHints":{"allow":["GET"]}}],"collection":[{"href":"https:\/\/www.cabinet-magar.fr\/de\/wp-json\/wp\/v2\/posts"}],"about":[{"href":"https:\/\/www.cabinet-magar.fr\/de\/wp-json\/wp\/v2\/types\/post"}],"replies":[{"embeddable":true,"href":"https:\/\/www.cabinet-magar.fr\/de\/wp-json\/wp\/v2\/comments?post=667"}],"version-history":[{"count":1,"href":"https:\/\/www.cabinet-magar.fr\/de\/wp-json\/wp\/v2\/posts\/667\/revisions"}],"predecessor-version":[{"id":3889,"href":"https:\/\/www.cabinet-magar.fr\/de\/wp-json\/wp\/v2\/posts\/667\/revisions\/3889"}],"wp:featuredmedia":[{"embeddable":true,"href":"https:\/\/www.cabinet-magar.fr\/de\/wp-json\/wp\/v2\/media\/3890"}],"wp:attachment":[{"href":"https:\/\/www.cabinet-magar.fr\/de\/wp-json\/wp\/v2\/media?parent=667"}],"wp:term":[{"taxonomy":"category","embeddable":true,"href":"https:\/\/www.cabinet-magar.fr\/de\/wp-json\/wp\/v2\/categories?post=667"},{"taxonomy":"post_tag","embeddable":true,"href":"https:\/\/www.cabinet-magar.fr\/de\/wp-json\/wp\/v2\/tags?post=667"}],"curies":[{"name":"wp","href":"https:\/\/api.w.org\/{rel}","templated":true}]}}