{"id":666,"date":"2021-01-29T05:45:00","date_gmt":"2021-01-29T04:45:00","guid":{"rendered":"https:\/\/www.cabinet-magar.fr\/coronavirus-covid-19-et-fonds-de-solidarite-nouvelles-precisions-pour-les-discotheques\/"},"modified":"2021-04-11T03:00:55","modified_gmt":"2021-04-11T01:00:55","slug":"coronavirus-covid-19-et-fonds-de-solidarite-nouvelles-precisions-pour-les-discotheques","status":"publish","type":"post","link":"https:\/\/www.cabinet-magar.fr\/de\/actualites\/coronavirus-covid-19-et-fonds-de-solidarite-nouvelles-precisions-pour-les-discotheques\/","title":{"rendered":"Coronavirus (COVID-19) et Fonds de solidarit\u00e9 : nouvelles pr\u00e9cisions pour les discoth\u00e8ques"},"content":{"rendered":"<p >L\u2019acc\u00e8s au Fonds de solidarit\u00e9 est am\u00e9nag\u00e9 pour les discoth\u00e8ques, qui n\u2019ont toujours pas pu rouvrir leurs portes. De nouvelles pr\u00e9cisions viennent d\u2019\u00eatre donn\u00e9es \u00e0 leur sujet : lesquelles ?<\/p>\n<div>\n<h2> Coronavirus (COVID-19) : concernant les discoth\u00e8ques<\/h2>\n<p>Pour m\u00e9moire, il est pr\u00e9vu que les discoth\u00e8ques peuvent pr\u00e9tendre au b\u00e9n\u00e9fice d\u2019une aide compl\u00e9mentaire au titre des mois de septembre \u00e0 novembre 2020, d\u00e8s lors qu\u2019elles remplissent les conditions suivantes :<\/p>\n<ul>\n<li>elles ont b\u00e9n\u00e9fici\u00e9 d\u2019au moins une aide initiale vers\u00e9e par le Fonds de solidarit\u00e9 ;<\/li>\n<li>ou elles ont, au titre de la p\u00e9riode mensuelle consid\u00e9r\u00e9e, fait l\u2019objet d\u2019une interdiction d\u2019accueil du public et ont d\u00e9but\u00e9 leur activit\u00e9 avant le 31 ao\u00fbt 2020.<\/li>\n<\/ul>\n<p>Le montant de l\u2019aide compl\u00e9mentaire s\u2019\u00e9l\u00e8ve, dans la limite de 45 000 \u20ac, \u00e0 la somme des charges fixes de l\u2019entreprise au titre de la p\u00e9riode consid\u00e9r\u00e9e, \u00e0 savoir :<\/p>\n<ul>\n<li>les charges de location li\u00e9es \u00e0 l\u2019activit\u00e9 ;<\/li>\n<li>les charges locatives et de copropri\u00e9t\u00e9 ;<\/li>\n<li>les charges d&#8217;entretien et de r\u00e9parations ;<\/li>\n<li>les primes d&#8217;assurance ;<\/li>\n<li>et depuis le 2 janvier 2021, les abonnements d\u2019\u00e9lectricit\u00e9, de gaz et d\u2019eau, ainsi que les honoraires d\u2019expert-comptable.<\/li>\n<\/ul>\n<p>Il est d\u00e9sormais pr\u00e9vu que les entreprises qui n&#8217;ont pu b\u00e9n\u00e9ficier des dispositions applicables ajoutant parmi les charges fixes \u00e9ligibles les abonnements d&#8217;\u00e9lectricit\u00e9, de gaz et d&#8217;eau ainsi que les honoraires d&#8217;expert-comptable peuvent demander un versement compl\u00e9mentaire de l\u2019aide, \u00e9gal \u00e0 la diff\u00e9rence entre le montant d\u00fb et le montant vers\u00e9 au vu des nouvelles dispositions en vigueur au 2 janvier 2021.<\/p>\n<p>Par ailleurs, jusqu\u2019\u00e0 pr\u00e9sent, il \u00e9tait pr\u00e9vu que la demande d\u2019aide devait \u00eatre faite aupr\u00e8s du service comp\u00e9tent au plus tard le 31 janvier 2021.<\/p>\n<p>Cette date est d\u00e9sormais repouss\u00e9e au 28 f\u00e9vrier 2021.<\/p>\n<p>Source : D\u00e9cret n\u00b0 2021-79 du 28 janvier 2021 relatif au fonds de solidarit\u00e9 \u00e0 destination des entreprises particuli\u00e8rement touch\u00e9es par les cons\u00e9quences \u00e9conomiques, financi\u00e8res et sociales de la propagation de l&#8217;\u00e9pid\u00e9mie de covid-19 et des mesures prises pour limiter cette propagation<\/p>\n<p><a href=\"https:\/\/www.weblex.fr\/weblex-actualite\/coronavirus-covid-19-et-fonds-de-solidarite-nouvelles-precisions-pour-les-discotheques\" rel=\"nofollow noopener\" target=\"_blank\">Coronavirus (COVID-19) et Fonds de solidarit\u00e9 : nouvelles pr\u00e9cisions pour les discoth\u00e8ques <\/a>\u00a9 Copyright WebLex &#8211; 2021<\/p>\n<\/div>\n<\/div>\n<p><img src='https:\/\/www.weblex.fr\/images\/flux_actus\/disco.jpg'><\/p>\n","protected":false},"excerpt":{"rendered":"<p>L\u2019acc\u00e8s au Fonds de solidarit\u00e9 est am\u00e9nag\u00e9 pour les discoth\u00e8ques, qui n\u2019ont toujours pas pu rouvrir leurs portes. De nouvelles pr\u00e9cisions viennent d\u2019\u00eatre donn\u00e9es \u00e0 leur sujet : lesquelles ?<\/p>\n","protected":false},"author":0,"featured_media":3888,"comment_status":"open","ping_status":"closed","sticky":false,"template":"","format":"standard","meta":{"_acf_changed":false,"footnotes":""},"categories":[9,7],"tags":[],"class_list":["post-666","post","type-post","status-publish","format-standard","has-post-thumbnail","hentry","category-actu-juridique","category-actualites"],"acf":[],"yoast_head":"<!-- This site is optimized with the Yoast SEO plugin v27.2 - https:\/\/yoast.com\/product\/yoast-seo-wordpress\/ -->\n<title>Coronavirus (COVID-19) et Fonds de solidarit\u00e9 : nouvelles pr\u00e9cisions pour les discoth\u00e8ques - Cabinet Magar<\/title>\n<meta name=\"robots\" content=\"index, follow, max-snippet:-1, max-image-preview:large, max-video-preview:-1\" \/>\n<link rel=\"canonical\" href=\"https:\/\/www.cabinet-magar.fr\/actualites\/coronavirus-covid-19-et-fonds-de-solidarite-nouvelles-precisions-pour-les-discotheques\/\" \/>\n<meta property=\"og:locale\" content=\"de_DE\" \/>\n<meta property=\"og:type\" content=\"article\" \/>\n<meta property=\"og:title\" content=\"Coronavirus (COVID-19) et Fonds de solidarit\u00e9 : nouvelles pr\u00e9cisions pour les discoth\u00e8ques - Cabinet Magar\" \/>\n<meta property=\"og:description\" content=\"L\u2019acc\u00e8s au Fonds de solidarit\u00e9 est am\u00e9nag\u00e9 pour les discoth\u00e8ques, qui n\u2019ont toujours pas pu rouvrir leurs portes. De nouvelles pr\u00e9cisions viennent d\u2019\u00eatre donn\u00e9es \u00e0 leur sujet : lesquelles ?\" \/>\n<meta property=\"og:url\" content=\"https:\/\/www.cabinet-magar.fr\/actualites\/coronavirus-covid-19-et-fonds-de-solidarite-nouvelles-precisions-pour-les-discotheques\/\" \/>\n<meta property=\"og:site_name\" content=\"Cabinet Magar\" \/>\n<meta property=\"article:published_time\" content=\"2021-01-29T04:45:00+00:00\" \/>\n<meta property=\"article:modified_time\" content=\"2021-04-11T01:00:55+00:00\" \/>\n<meta property=\"og:image\" content=\"https:\/\/www.cabinet-magar.fr\/wp-content\/uploads\/2021\/04\/disco.jpg\" \/>\n\t<meta property=\"og:image:width\" content=\"600\" \/>\n\t<meta property=\"og:image:height\" content=\"400\" \/>\n\t<meta property=\"og:image:type\" content=\"image\/jpeg\" \/>\n<meta name=\"twitter:card\" content=\"summary_large_image\" \/>\n<meta name=\"twitter:label1\" content=\"Gesch\u00e4tzte Lesezeit\" \/>\n\t<meta name=\"twitter:data1\" content=\"2\u00a0Minuten\" \/>\n<script type=\"application\/ld+json\" class=\"yoast-schema-graph\">{\"@context\":\"https:\/\/schema.org\",\"@graph\":[{\"@type\":\"Article\",\"@id\":\"https:\/\/www.cabinet-magar.fr\/actualites\/coronavirus-covid-19-et-fonds-de-solidarite-nouvelles-precisions-pour-les-discotheques\/#article\",\"isPartOf\":{\"@id\":\"https:\/\/www.cabinet-magar.fr\/actualites\/coronavirus-covid-19-et-fonds-de-solidarite-nouvelles-precisions-pour-les-discotheques\/\"},\"author\":{\"name\":\"\",\"@id\":\"\"},\"headline\":\"Coronavirus (COVID-19) et Fonds de solidarit\u00e9 : nouvelles pr\u00e9cisions pour les discoth\u00e8ques\",\"datePublished\":\"2021-01-29T04:45:00+00:00\",\"dateModified\":\"2021-04-11T01:00:55+00:00\",\"mainEntityOfPage\":{\"@id\":\"https:\/\/www.cabinet-magar.fr\/actualites\/coronavirus-covid-19-et-fonds-de-solidarite-nouvelles-precisions-pour-les-discotheques\/\"},\"wordCount\":391,\"commentCount\":0,\"image\":{\"@id\":\"https:\/\/www.cabinet-magar.fr\/actualites\/coronavirus-covid-19-et-fonds-de-solidarite-nouvelles-precisions-pour-les-discotheques\/#primaryimage\"},\"thumbnailUrl\":\"https:\/\/www.cabinet-magar.fr\/wp-content\/uploads\/2021\/04\/disco.jpg\",\"articleSection\":[\"Actu Juridique\",\"Actualit\u00e9s\"],\"inLanguage\":\"de\",\"potentialAction\":[{\"@type\":\"CommentAction\",\"name\":\"Comment\",\"target\":[\"https:\/\/www.cabinet-magar.fr\/actualites\/coronavirus-covid-19-et-fonds-de-solidarite-nouvelles-precisions-pour-les-discotheques\/#respond\"]}]},{\"@type\":\"WebPage\",\"@id\":\"https:\/\/www.cabinet-magar.fr\/actualites\/coronavirus-covid-19-et-fonds-de-solidarite-nouvelles-precisions-pour-les-discotheques\/\",\"url\":\"https:\/\/www.cabinet-magar.fr\/actualites\/coronavirus-covid-19-et-fonds-de-solidarite-nouvelles-precisions-pour-les-discotheques\/\",\"name\":\"Coronavirus (COVID-19) et Fonds de solidarit\u00e9 : nouvelles pr\u00e9cisions pour les discoth\u00e8ques - Cabinet Magar\",\"isPartOf\":{\"@id\":\"https:\/\/www.cabinet-magar.fr\/#website\"},\"primaryImageOfPage\":{\"@id\":\"https:\/\/www.cabinet-magar.fr\/actualites\/coronavirus-covid-19-et-fonds-de-solidarite-nouvelles-precisions-pour-les-discotheques\/#primaryimage\"},\"image\":{\"@id\":\"https:\/\/www.cabinet-magar.fr\/actualites\/coronavirus-covid-19-et-fonds-de-solidarite-nouvelles-precisions-pour-les-discotheques\/#primaryimage\"},\"thumbnailUrl\":\"https:\/\/www.cabinet-magar.fr\/wp-content\/uploads\/2021\/04\/disco.jpg\",\"datePublished\":\"2021-01-29T04:45:00+00:00\",\"dateModified\":\"2021-04-11T01:00:55+00:00\",\"author\":{\"@id\":\"\"},\"breadcrumb\":{\"@id\":\"https:\/\/www.cabinet-magar.fr\/actualites\/coronavirus-covid-19-et-fonds-de-solidarite-nouvelles-precisions-pour-les-discotheques\/#breadcrumb\"},\"inLanguage\":\"de\",\"potentialAction\":[{\"@type\":\"ReadAction\",\"target\":[\"https:\/\/www.cabinet-magar.fr\/actualites\/coronavirus-covid-19-et-fonds-de-solidarite-nouvelles-precisions-pour-les-discotheques\/\"]}]},{\"@type\":\"ImageObject\",\"inLanguage\":\"de\",\"@id\":\"https:\/\/www.cabinet-magar.fr\/actualites\/coronavirus-covid-19-et-fonds-de-solidarite-nouvelles-precisions-pour-les-discotheques\/#primaryimage\",\"url\":\"https:\/\/www.cabinet-magar.fr\/wp-content\/uploads\/2021\/04\/disco.jpg\",\"contentUrl\":\"https:\/\/www.cabinet-magar.fr\/wp-content\/uploads\/2021\/04\/disco.jpg\",\"width\":600,\"height\":400},{\"@type\":\"BreadcrumbList\",\"@id\":\"https:\/\/www.cabinet-magar.fr\/actualites\/coronavirus-covid-19-et-fonds-de-solidarite-nouvelles-precisions-pour-les-discotheques\/#breadcrumb\",\"itemListElement\":[{\"@type\":\"ListItem\",\"position\":1,\"name\":\"Accueil\",\"item\":\"https:\/\/www.cabinet-magar.fr\/de\/\"},{\"@type\":\"ListItem\",\"position\":2,\"name\":\"Coronavirus (COVID-19) et Fonds de solidarit\u00e9 : nouvelles pr\u00e9cisions pour les discoth\u00e8ques\"}]},{\"@type\":\"WebSite\",\"@id\":\"https:\/\/www.cabinet-magar.fr\/#website\",\"url\":\"https:\/\/www.cabinet-magar.fr\/\",\"name\":\"Cabinet Magar\",\"description\":\"\",\"potentialAction\":[{\"@type\":\"SearchAction\",\"target\":{\"@type\":\"EntryPoint\",\"urlTemplate\":\"https:\/\/www.cabinet-magar.fr\/?s={search_term_string}\"},\"query-input\":{\"@type\":\"PropertyValueSpecification\",\"valueRequired\":true,\"valueName\":\"search_term_string\"}}],\"inLanguage\":\"de\"}]}<\/script>\n<!-- \/ Yoast SEO plugin. -->","yoast_head_json":{"title":"Coronavirus (COVID-19) et Fonds de solidarit\u00e9 : nouvelles pr\u00e9cisions pour les discoth\u00e8ques - Cabinet Magar","robots":{"index":"index","follow":"follow","max-snippet":"max-snippet:-1","max-image-preview":"max-image-preview:large","max-video-preview":"max-video-preview:-1"},"canonical":"https:\/\/www.cabinet-magar.fr\/actualites\/coronavirus-covid-19-et-fonds-de-solidarite-nouvelles-precisions-pour-les-discotheques\/","og_locale":"de_DE","og_type":"article","og_title":"Coronavirus (COVID-19) et Fonds de solidarit\u00e9 : nouvelles pr\u00e9cisions pour les discoth\u00e8ques - Cabinet Magar","og_description":"L\u2019acc\u00e8s au Fonds de solidarit\u00e9 est am\u00e9nag\u00e9 pour les discoth\u00e8ques, qui n\u2019ont toujours pas pu rouvrir leurs portes. De nouvelles pr\u00e9cisions viennent d\u2019\u00eatre donn\u00e9es \u00e0 leur sujet : lesquelles ?","og_url":"https:\/\/www.cabinet-magar.fr\/actualites\/coronavirus-covid-19-et-fonds-de-solidarite-nouvelles-precisions-pour-les-discotheques\/","og_site_name":"Cabinet Magar","article_published_time":"2021-01-29T04:45:00+00:00","article_modified_time":"2021-04-11T01:00:55+00:00","og_image":[{"width":600,"height":400,"url":"https:\/\/www.cabinet-magar.fr\/wp-content\/uploads\/2021\/04\/disco.jpg","type":"image\/jpeg"}],"twitter_card":"summary_large_image","twitter_misc":{"Gesch\u00e4tzte Lesezeit":"2\u00a0Minuten"},"schema":{"@context":"https:\/\/schema.org","@graph":[{"@type":"Article","@id":"https:\/\/www.cabinet-magar.fr\/actualites\/coronavirus-covid-19-et-fonds-de-solidarite-nouvelles-precisions-pour-les-discotheques\/#article","isPartOf":{"@id":"https:\/\/www.cabinet-magar.fr\/actualites\/coronavirus-covid-19-et-fonds-de-solidarite-nouvelles-precisions-pour-les-discotheques\/"},"author":{"name":"","@id":""},"headline":"Coronavirus (COVID-19) et Fonds de solidarit\u00e9 : nouvelles pr\u00e9cisions pour les discoth\u00e8ques","datePublished":"2021-01-29T04:45:00+00:00","dateModified":"2021-04-11T01:00:55+00:00","mainEntityOfPage":{"@id":"https:\/\/www.cabinet-magar.fr\/actualites\/coronavirus-covid-19-et-fonds-de-solidarite-nouvelles-precisions-pour-les-discotheques\/"},"wordCount":391,"commentCount":0,"image":{"@id":"https:\/\/www.cabinet-magar.fr\/actualites\/coronavirus-covid-19-et-fonds-de-solidarite-nouvelles-precisions-pour-les-discotheques\/#primaryimage"},"thumbnailUrl":"https:\/\/www.cabinet-magar.fr\/wp-content\/uploads\/2021\/04\/disco.jpg","articleSection":["Actu Juridique","Actualit\u00e9s"],"inLanguage":"de","potentialAction":[{"@type":"CommentAction","name":"Comment","target":["https:\/\/www.cabinet-magar.fr\/actualites\/coronavirus-covid-19-et-fonds-de-solidarite-nouvelles-precisions-pour-les-discotheques\/#respond"]}]},{"@type":"WebPage","@id":"https:\/\/www.cabinet-magar.fr\/actualites\/coronavirus-covid-19-et-fonds-de-solidarite-nouvelles-precisions-pour-les-discotheques\/","url":"https:\/\/www.cabinet-magar.fr\/actualites\/coronavirus-covid-19-et-fonds-de-solidarite-nouvelles-precisions-pour-les-discotheques\/","name":"Coronavirus (COVID-19) et Fonds de solidarit\u00e9 : nouvelles pr\u00e9cisions pour les discoth\u00e8ques - Cabinet Magar","isPartOf":{"@id":"https:\/\/www.cabinet-magar.fr\/#website"},"primaryImageOfPage":{"@id":"https:\/\/www.cabinet-magar.fr\/actualites\/coronavirus-covid-19-et-fonds-de-solidarite-nouvelles-precisions-pour-les-discotheques\/#primaryimage"},"image":{"@id":"https:\/\/www.cabinet-magar.fr\/actualites\/coronavirus-covid-19-et-fonds-de-solidarite-nouvelles-precisions-pour-les-discotheques\/#primaryimage"},"thumbnailUrl":"https:\/\/www.cabinet-magar.fr\/wp-content\/uploads\/2021\/04\/disco.jpg","datePublished":"2021-01-29T04:45:00+00:00","dateModified":"2021-04-11T01:00:55+00:00","author":{"@id":""},"breadcrumb":{"@id":"https:\/\/www.cabinet-magar.fr\/actualites\/coronavirus-covid-19-et-fonds-de-solidarite-nouvelles-precisions-pour-les-discotheques\/#breadcrumb"},"inLanguage":"de","potentialAction":[{"@type":"ReadAction","target":["https:\/\/www.cabinet-magar.fr\/actualites\/coronavirus-covid-19-et-fonds-de-solidarite-nouvelles-precisions-pour-les-discotheques\/"]}]},{"@type":"ImageObject","inLanguage":"de","@id":"https:\/\/www.cabinet-magar.fr\/actualites\/coronavirus-covid-19-et-fonds-de-solidarite-nouvelles-precisions-pour-les-discotheques\/#primaryimage","url":"https:\/\/www.cabinet-magar.fr\/wp-content\/uploads\/2021\/04\/disco.jpg","contentUrl":"https:\/\/www.cabinet-magar.fr\/wp-content\/uploads\/2021\/04\/disco.jpg","width":600,"height":400},{"@type":"BreadcrumbList","@id":"https:\/\/www.cabinet-magar.fr\/actualites\/coronavirus-covid-19-et-fonds-de-solidarite-nouvelles-precisions-pour-les-discotheques\/#breadcrumb","itemListElement":[{"@type":"ListItem","position":1,"name":"Accueil","item":"https:\/\/www.cabinet-magar.fr\/de\/"},{"@type":"ListItem","position":2,"name":"Coronavirus (COVID-19) et Fonds de solidarit\u00e9 : nouvelles pr\u00e9cisions pour les discoth\u00e8ques"}]},{"@type":"WebSite","@id":"https:\/\/www.cabinet-magar.fr\/#website","url":"https:\/\/www.cabinet-magar.fr\/","name":"Cabinet Magar","description":"","potentialAction":[{"@type":"SearchAction","target":{"@type":"EntryPoint","urlTemplate":"https:\/\/www.cabinet-magar.fr\/?s={search_term_string}"},"query-input":{"@type":"PropertyValueSpecification","valueRequired":true,"valueName":"search_term_string"}}],"inLanguage":"de"}]}},"_links":{"self":[{"href":"https:\/\/www.cabinet-magar.fr\/de\/wp-json\/wp\/v2\/posts\/666","targetHints":{"allow":["GET"]}}],"collection":[{"href":"https:\/\/www.cabinet-magar.fr\/de\/wp-json\/wp\/v2\/posts"}],"about":[{"href":"https:\/\/www.cabinet-magar.fr\/de\/wp-json\/wp\/v2\/types\/post"}],"replies":[{"embeddable":true,"href":"https:\/\/www.cabinet-magar.fr\/de\/wp-json\/wp\/v2\/comments?post=666"}],"version-history":[{"count":1,"href":"https:\/\/www.cabinet-magar.fr\/de\/wp-json\/wp\/v2\/posts\/666\/revisions"}],"predecessor-version":[{"id":3887,"href":"https:\/\/www.cabinet-magar.fr\/de\/wp-json\/wp\/v2\/posts\/666\/revisions\/3887"}],"wp:featuredmedia":[{"embeddable":true,"href":"https:\/\/www.cabinet-magar.fr\/de\/wp-json\/wp\/v2\/media\/3888"}],"wp:attachment":[{"href":"https:\/\/www.cabinet-magar.fr\/de\/wp-json\/wp\/v2\/media?parent=666"}],"wp:term":[{"taxonomy":"category","embeddable":true,"href":"https:\/\/www.cabinet-magar.fr\/de\/wp-json\/wp\/v2\/categories?post=666"},{"taxonomy":"post_tag","embeddable":true,"href":"https:\/\/www.cabinet-magar.fr\/de\/wp-json\/wp\/v2\/tags?post=666"}],"curies":[{"name":"wp","href":"https:\/\/api.w.org\/{rel}","templated":true}]}}