{"id":665,"date":"2021-01-29T05:45:00","date_gmt":"2021-01-29T04:45:00","guid":{"rendered":"https:\/\/www.cabinet-magar.fr\/actions-medico-sociales-pour-les-mineurs-sans-domicile-fixe-une-experimentation-a-connaitre\/"},"modified":"2021-04-11T03:00:52","modified_gmt":"2021-04-11T01:00:52","slug":"actions-medico-sociales-pour-les-mineurs-sans-domicile-fixe-une-experimentation-a-connaitre","status":"publish","type":"post","link":"https:\/\/www.cabinet-magar.fr\/de\/actualites\/actions-medico-sociales-pour-les-mineurs-sans-domicile-fixe-une-experimentation-a-connaitre\/","title":{"rendered":"Actions m\u00e9dico-sociales pour les mineurs sans domicile fixe : une exp\u00e9rimentation \u00e0 conna\u00eetre"},"content":{"rendered":"<p >Le Gouvernement a lanc\u00e9 une exp\u00e9rimentation pour mieux prot\u00e9ger les mineurs sans domicile fixe. Au c\u0153ur du dispositif, se trouvent les Lits Halte soins sant\u00e9 (LHSS). Que devez-vous savoir ?<\/p>\n<div>\n<h2>Actions m\u00e9dico-sociales : une exp\u00e9rimentation \u00e0 venir dans les Lits halte soins sant\u00e9<\/h2>\n<ul>\n<li><strong>Une exp\u00e9rimentation <\/strong><\/li>\n<\/ul>\n<p>Pour rappel, les Lits halte soins sant\u00e9 (LHSS) sont des structures m\u00e9dico-sociales qui offrent une prise en charge d&#8217;h\u00e9bergement aux personnes sans domicile pr\u00e9sentant des probl\u00e8mes de sant\u00e9 b\u00e9nins.<\/p>\n<ul>\n<li><strong>Quel est le public pr\u00e9caire vis\u00e9 par l\u2019exp\u00e9rimentation ?<\/strong><\/li>\n<\/ul>\n<p>Dans un cadre exp\u00e9rimental, les LHSS vont pouvoir accueillir temporairement des personnes sans domicile fixe (SDF) mineures ne pouvant \u00eatre prises en charge par d&#8217;autres structures.<\/p>\n<p>Ces mineurs SDF doivent avoir une pathologie ou un \u00e9tat g\u00e9n\u00e9ral, somatique ou psychique, ne n\u00e9cessitant pas une prise en charge hospitali\u00e8re ou m\u00e9dico-sociale sp\u00e9cialis\u00e9e, mais incompatible avec la vie \u00e0 la rue.<\/p>\n<p>Il faut \u00e9galement qu\u2019il ne s\u2019agisse pas de mineurs isol\u00e9s. S\u2019il s\u2019agit d\u2019un nouveau-n\u00e9, il est n\u00e9cessairement accompagn\u00e9 de sa m\u00e8re.<\/p>\n<ul>\n<li><strong>Monter une \u00e9quipe pluridisciplinaire<\/strong><\/li>\n<\/ul>\n<p>Dans le cadre de ce dispositif exp\u00e9rimental, une \u00e9quipe m\u00e9dico-sociale pluridisciplinaire adapt\u00e9e \u00e0 la prise en charge des publics accueillis va \u00eatre mise en place : infirmier(s) pu\u00e9riculteur(s) dipl\u00f4m\u00e9(s) d&#8217;Etat et\/ou infirmier(s) dipl\u00f4m\u00e9(s) d&#8217;Etat ayant une exp\u00e9rience dans le champ de la p\u00e9diatrie, auxiliaire(s) de pu\u00e9riculture, \u00e9ducateur(s) de jeunes enfants.<\/p>\n<p>Lorsque la structure a une orientation en p\u00e9rinatalit\u00e9, l&#8217;\u00e9quipe est \u00e9galement compos\u00e9e d&#8217;une ou de plusieurs sages-femmes. En outre, les infirmiers dipl\u00f4m\u00e9s d&#8217;Etat doivent avoir une exp\u00e9rience dans le champ de la p\u00e9rinatalit\u00e9.<\/p>\n<p>D&#8217;autres comp\u00e9tences peuvent compl\u00e9ter utilement cette \u00e9quipe : psychologues, \u00e9ducateurs sp\u00e9cialis\u00e9s, m\u00e9diateurs en sant\u00e9 et conseillers en \u00e9conomie sociale et familiale, etc.<\/p>\n<p>Cette \u00e9quipe pluridisciplinaire doit avant tout comprendre des personnes disposant de comp\u00e9tences dans la prise en charge des personnes confront\u00e9es \u00e0 des conduites addictives et dans la r\u00e9duction des risques. A d\u00e9faut de disposer de ces comp\u00e9tences, les professionnels concern\u00e9s re\u00e7oivent une formation adapt\u00e9e.<\/p>\n<p>Notez que le m\u00e9decin responsable de l&#8217;\u00e9quipe est \u00e9galement charg\u00e9 du suivi de l&#8217;activit\u00e9 et de l&#8217;exp\u00e9rimentation.<\/p>\n<ul>\n<li><strong>Quel est l\u2019objectif de l\u2019exp\u00e9rimentation ?<\/strong><\/li>\n<\/ul>\n<p>L&#8217;accompagnement social mis en place doit viser :<\/p>\n<ul>\n<li>l&#8217;ouverture de droits et la mise \u00e0 jour de la situation administrative des personnes ;<\/li>\n<li>l&#8217;insertion et l&#8217;orientation vers des dispositifs d&#8217;insertion sociale ;<\/li>\n<li>l&#8217;accompagnement visant l&#8217;acc\u00e8s au logement ;<\/li>\n<li>l&#8217;acc\u00e8s des enfants aux parcours de socialisation (cr\u00e8ches) ou \u00e0 la scolarisation ;<\/li>\n<li>la restauration du lien m\u00e8re-enfant lorsque cela est n\u00e9cessaire (au-del\u00e0, du lien avec le p\u00e8re lorsqu&#8217;il est pr\u00e9sent et de l&#8217;\u00e9ventuelle fratrie).<\/li>\n<\/ul>\n<ul>\n<li><strong>Comment se d\u00e9roule l\u2019accueil <\/strong><\/li>\n<\/ul>\n<p>L&#8217;accueil au sein du dispositif exp\u00e9rimental est fait en chambre individuelle\/familiale avec bloc sanitaire, \u00e9quip\u00e9e de mat\u00e9riel de pu\u00e9riculture et\/ou d&#8217;\u00e9quipements et mat\u00e9riels adapt\u00e9s \u00e0 l&#8217;accueil d&#8217;enfants.<\/p>\n<p>Les lieux doivent \u00eatre adapt\u00e9s \u00e0 des activit\u00e9s d&#8217;\u00e9veil et d&#8217;\u00e9ducation des enfants (salles d&#8217;\u00e9veil, de jeux, de lecture, etc.).<\/p>\n<p>Les conditions mat\u00e9rielles de l&#8217;accueil sont adapt\u00e9es aux enfants et \u00e0 leur m\u00e8re, notamment en mati\u00e8re d&#8217;alimentation s\u00fbre, diversifi\u00e9e, de bonne qualit\u00e9 et en quantit\u00e9 suffisante (alimentation adapt\u00e9e \u00e0 l&#8217;\u00e2ge et aux besoins de l&#8217;enfant en particulier).<\/p>\n<ul>\n<li><strong>La dur\u00e9e de l\u2019exp\u00e9rimentation<\/strong><\/li>\n<\/ul>\n<p>L&#8217;agr\u00e9ment pour participer \u00e0 l\u2019exp\u00e9rimentation est accord\u00e9 pour une dur\u00e9e de 3 ans \u00e0 compter du 1er f\u00e9vrier 2021 \u00e0 l&#8217;association AURORE sur le site d&#8217;Athis-Mons.<\/p>\n<p>Notez que d&#8217;autres structures pourront \u00eatre admises \u00e0 participer \u00e0 l\u2019exp\u00e9rimentation, pour une dur\u00e9e de 3 ans, \u00e0 compter du 1er f\u00e9vrier 2021.<\/p>\n<p>Si vous souhaitez participer \u00e0 cette exp\u00e9rimentation, avant de demander votre agr\u00e9ment, consultez le cahier des charges de l\u2019exp\u00e9rimentation \u00e0 l\u2019adresse suivante : https:\/\/www.legifrance.gouv.fr\/jorf\/id\/JORFTEXT000043053699.<\/p>\n<p>Source : Arr\u00eat\u00e9 du 22 janvier 2021 portant agr\u00e9ment d&#8217;une exp\u00e9rimentation d&#8217;actions m\u00e9dico-sociales en faveur de personnes en situation de pr\u00e9carit\u00e9<\/p>\n<p><a title=\"Actions m\u00e9dico-sociales pour les mineurs sans domicile fixe : une exp\u00e9rimentation \u00e0 conna\u00eetre\" href=\"https:\/\/www.weblex.fr\/weblex-actualite\/actions-medico-sociales-pour-les-mineurs-sans-domicile-fixe-une-experimentation-a-connaitre\" rel=\"nofollow noopener\" target=\"_blank\">Actions m\u00e9dico-sociales pour les mineurs sans domicile fixe : une exp\u00e9rimentation \u00e0 conna\u00eetre<\/a> \u00a9 Copyright WebLex &#8211; 2021<\/p>\n<\/div>\n<p><img src='https:\/\/www.weblex.fr\/images\/flux_actus\/travailleursocial.jpg'><\/p>\n","protected":false},"excerpt":{"rendered":"<p>Le Gouvernement a lanc\u00e9 une exp\u00e9rimentation pour mieux prot\u00e9ger les mineurs sans domicile fixe. Au c\u0153ur du dispositif, se trouvent les Lits Halte soins sant\u00e9 (LHSS). Que devez-vous savoir ?<\/p>\n","protected":false},"author":0,"featured_media":3886,"comment_status":"open","ping_status":"closed","sticky":false,"template":"","format":"standard","meta":{"_acf_changed":false,"footnotes":""},"categories":[9,7],"tags":[],"class_list":["post-665","post","type-post","status-publish","format-standard","has-post-thumbnail","hentry","category-actu-juridique","category-actualites"],"acf":[],"yoast_head":"<!-- This site is optimized with the Yoast SEO plugin v27.2 - https:\/\/yoast.com\/product\/yoast-seo-wordpress\/ -->\n<title>Actions m\u00e9dico-sociales pour les mineurs sans domicile fixe : une exp\u00e9rimentation \u00e0 conna\u00eetre - Cabinet Magar<\/title>\n<meta name=\"robots\" content=\"index, follow, max-snippet:-1, max-image-preview:large, max-video-preview:-1\" \/>\n<link rel=\"canonical\" href=\"https:\/\/www.cabinet-magar.fr\/actualites\/actions-medico-sociales-pour-les-mineurs-sans-domicile-fixe-une-experimentation-a-connaitre\/\" \/>\n<meta property=\"og:locale\" content=\"de_DE\" \/>\n<meta property=\"og:type\" content=\"article\" \/>\n<meta property=\"og:title\" content=\"Actions m\u00e9dico-sociales pour les mineurs sans domicile fixe : une exp\u00e9rimentation \u00e0 conna\u00eetre - Cabinet Magar\" \/>\n<meta property=\"og:description\" content=\"Le Gouvernement a lanc\u00e9 une exp\u00e9rimentation pour mieux prot\u00e9ger les mineurs sans domicile fixe. Au c\u0153ur du dispositif, se trouvent les Lits Halte soins sant\u00e9 (LHSS). Que devez-vous savoir ?\" \/>\n<meta property=\"og:url\" content=\"https:\/\/www.cabinet-magar.fr\/actualites\/actions-medico-sociales-pour-les-mineurs-sans-domicile-fixe-une-experimentation-a-connaitre\/\" \/>\n<meta property=\"og:site_name\" content=\"Cabinet Magar\" \/>\n<meta property=\"article:published_time\" content=\"2021-01-29T04:45:00+00:00\" \/>\n<meta property=\"article:modified_time\" content=\"2021-04-11T01:00:52+00:00\" \/>\n<meta property=\"og:image\" content=\"https:\/\/www.cabinet-magar.fr\/wp-content\/uploads\/2021\/04\/travailleursocial.jpg\" \/>\n\t<meta property=\"og:image:width\" content=\"600\" \/>\n\t<meta property=\"og:image:height\" content=\"400\" \/>\n\t<meta property=\"og:image:type\" content=\"image\/jpeg\" \/>\n<meta name=\"twitter:card\" content=\"summary_large_image\" \/>\n<meta name=\"twitter:label1\" content=\"Gesch\u00e4tzte Lesezeit\" \/>\n\t<meta name=\"twitter:data1\" content=\"4\u00a0Minuten\" \/>\n<script type=\"application\/ld+json\" class=\"yoast-schema-graph\">{\"@context\":\"https:\/\/schema.org\",\"@graph\":[{\"@type\":\"Article\",\"@id\":\"https:\/\/www.cabinet-magar.fr\/actualites\/actions-medico-sociales-pour-les-mineurs-sans-domicile-fixe-une-experimentation-a-connaitre\/#article\",\"isPartOf\":{\"@id\":\"https:\/\/www.cabinet-magar.fr\/actualites\/actions-medico-sociales-pour-les-mineurs-sans-domicile-fixe-une-experimentation-a-connaitre\/\"},\"author\":{\"name\":\"\",\"@id\":\"\"},\"headline\":\"Actions m\u00e9dico-sociales pour les mineurs sans domicile fixe : une exp\u00e9rimentation \u00e0 conna\u00eetre\",\"datePublished\":\"2021-01-29T04:45:00+00:00\",\"dateModified\":\"2021-04-11T01:00:52+00:00\",\"mainEntityOfPage\":{\"@id\":\"https:\/\/www.cabinet-magar.fr\/actualites\/actions-medico-sociales-pour-les-mineurs-sans-domicile-fixe-une-experimentation-a-connaitre\/\"},\"wordCount\":756,\"commentCount\":0,\"image\":{\"@id\":\"https:\/\/www.cabinet-magar.fr\/actualites\/actions-medico-sociales-pour-les-mineurs-sans-domicile-fixe-une-experimentation-a-connaitre\/#primaryimage\"},\"thumbnailUrl\":\"https:\/\/www.cabinet-magar.fr\/wp-content\/uploads\/2021\/04\/travailleursocial.jpg\",\"articleSection\":[\"Actu Juridique\",\"Actualit\u00e9s\"],\"inLanguage\":\"de\",\"potentialAction\":[{\"@type\":\"CommentAction\",\"name\":\"Comment\",\"target\":[\"https:\/\/www.cabinet-magar.fr\/actualites\/actions-medico-sociales-pour-les-mineurs-sans-domicile-fixe-une-experimentation-a-connaitre\/#respond\"]}]},{\"@type\":\"WebPage\",\"@id\":\"https:\/\/www.cabinet-magar.fr\/actualites\/actions-medico-sociales-pour-les-mineurs-sans-domicile-fixe-une-experimentation-a-connaitre\/\",\"url\":\"https:\/\/www.cabinet-magar.fr\/actualites\/actions-medico-sociales-pour-les-mineurs-sans-domicile-fixe-une-experimentation-a-connaitre\/\",\"name\":\"Actions m\u00e9dico-sociales pour les mineurs sans domicile fixe : une exp\u00e9rimentation \u00e0 conna\u00eetre - Cabinet Magar\",\"isPartOf\":{\"@id\":\"https:\/\/www.cabinet-magar.fr\/#website\"},\"primaryImageOfPage\":{\"@id\":\"https:\/\/www.cabinet-magar.fr\/actualites\/actions-medico-sociales-pour-les-mineurs-sans-domicile-fixe-une-experimentation-a-connaitre\/#primaryimage\"},\"image\":{\"@id\":\"https:\/\/www.cabinet-magar.fr\/actualites\/actions-medico-sociales-pour-les-mineurs-sans-domicile-fixe-une-experimentation-a-connaitre\/#primaryimage\"},\"thumbnailUrl\":\"https:\/\/www.cabinet-magar.fr\/wp-content\/uploads\/2021\/04\/travailleursocial.jpg\",\"datePublished\":\"2021-01-29T04:45:00+00:00\",\"dateModified\":\"2021-04-11T01:00:52+00:00\",\"author\":{\"@id\":\"\"},\"breadcrumb\":{\"@id\":\"https:\/\/www.cabinet-magar.fr\/actualites\/actions-medico-sociales-pour-les-mineurs-sans-domicile-fixe-une-experimentation-a-connaitre\/#breadcrumb\"},\"inLanguage\":\"de\",\"potentialAction\":[{\"@type\":\"ReadAction\",\"target\":[\"https:\/\/www.cabinet-magar.fr\/actualites\/actions-medico-sociales-pour-les-mineurs-sans-domicile-fixe-une-experimentation-a-connaitre\/\"]}]},{\"@type\":\"ImageObject\",\"inLanguage\":\"de\",\"@id\":\"https:\/\/www.cabinet-magar.fr\/actualites\/actions-medico-sociales-pour-les-mineurs-sans-domicile-fixe-une-experimentation-a-connaitre\/#primaryimage\",\"url\":\"https:\/\/www.cabinet-magar.fr\/wp-content\/uploads\/2021\/04\/travailleursocial.jpg\",\"contentUrl\":\"https:\/\/www.cabinet-magar.fr\/wp-content\/uploads\/2021\/04\/travailleursocial.jpg\",\"width\":600,\"height\":400},{\"@type\":\"BreadcrumbList\",\"@id\":\"https:\/\/www.cabinet-magar.fr\/actualites\/actions-medico-sociales-pour-les-mineurs-sans-domicile-fixe-une-experimentation-a-connaitre\/#breadcrumb\",\"itemListElement\":[{\"@type\":\"ListItem\",\"position\":1,\"name\":\"Accueil\",\"item\":\"https:\/\/www.cabinet-magar.fr\/de\/\"},{\"@type\":\"ListItem\",\"position\":2,\"name\":\"Actions m\u00e9dico-sociales pour les mineurs sans domicile fixe : une exp\u00e9rimentation \u00e0 conna\u00eetre\"}]},{\"@type\":\"WebSite\",\"@id\":\"https:\/\/www.cabinet-magar.fr\/#website\",\"url\":\"https:\/\/www.cabinet-magar.fr\/\",\"name\":\"Cabinet Magar\",\"description\":\"\",\"potentialAction\":[{\"@type\":\"SearchAction\",\"target\":{\"@type\":\"EntryPoint\",\"urlTemplate\":\"https:\/\/www.cabinet-magar.fr\/?s={search_term_string}\"},\"query-input\":{\"@type\":\"PropertyValueSpecification\",\"valueRequired\":true,\"valueName\":\"search_term_string\"}}],\"inLanguage\":\"de\"}]}<\/script>\n<!-- \/ Yoast SEO plugin. -->","yoast_head_json":{"title":"Actions m\u00e9dico-sociales pour les mineurs sans domicile fixe : une exp\u00e9rimentation \u00e0 conna\u00eetre - Cabinet Magar","robots":{"index":"index","follow":"follow","max-snippet":"max-snippet:-1","max-image-preview":"max-image-preview:large","max-video-preview":"max-video-preview:-1"},"canonical":"https:\/\/www.cabinet-magar.fr\/actualites\/actions-medico-sociales-pour-les-mineurs-sans-domicile-fixe-une-experimentation-a-connaitre\/","og_locale":"de_DE","og_type":"article","og_title":"Actions m\u00e9dico-sociales pour les mineurs sans domicile fixe : une exp\u00e9rimentation \u00e0 conna\u00eetre - Cabinet Magar","og_description":"Le Gouvernement a lanc\u00e9 une exp\u00e9rimentation pour mieux prot\u00e9ger les mineurs sans domicile fixe. Au c\u0153ur du dispositif, se trouvent les Lits Halte soins sant\u00e9 (LHSS). Que devez-vous savoir ?","og_url":"https:\/\/www.cabinet-magar.fr\/actualites\/actions-medico-sociales-pour-les-mineurs-sans-domicile-fixe-une-experimentation-a-connaitre\/","og_site_name":"Cabinet Magar","article_published_time":"2021-01-29T04:45:00+00:00","article_modified_time":"2021-04-11T01:00:52+00:00","og_image":[{"width":600,"height":400,"url":"https:\/\/www.cabinet-magar.fr\/wp-content\/uploads\/2021\/04\/travailleursocial.jpg","type":"image\/jpeg"}],"twitter_card":"summary_large_image","twitter_misc":{"Gesch\u00e4tzte Lesezeit":"4\u00a0Minuten"},"schema":{"@context":"https:\/\/schema.org","@graph":[{"@type":"Article","@id":"https:\/\/www.cabinet-magar.fr\/actualites\/actions-medico-sociales-pour-les-mineurs-sans-domicile-fixe-une-experimentation-a-connaitre\/#article","isPartOf":{"@id":"https:\/\/www.cabinet-magar.fr\/actualites\/actions-medico-sociales-pour-les-mineurs-sans-domicile-fixe-une-experimentation-a-connaitre\/"},"author":{"name":"","@id":""},"headline":"Actions m\u00e9dico-sociales pour les mineurs sans domicile fixe : une exp\u00e9rimentation \u00e0 conna\u00eetre","datePublished":"2021-01-29T04:45:00+00:00","dateModified":"2021-04-11T01:00:52+00:00","mainEntityOfPage":{"@id":"https:\/\/www.cabinet-magar.fr\/actualites\/actions-medico-sociales-pour-les-mineurs-sans-domicile-fixe-une-experimentation-a-connaitre\/"},"wordCount":756,"commentCount":0,"image":{"@id":"https:\/\/www.cabinet-magar.fr\/actualites\/actions-medico-sociales-pour-les-mineurs-sans-domicile-fixe-une-experimentation-a-connaitre\/#primaryimage"},"thumbnailUrl":"https:\/\/www.cabinet-magar.fr\/wp-content\/uploads\/2021\/04\/travailleursocial.jpg","articleSection":["Actu Juridique","Actualit\u00e9s"],"inLanguage":"de","potentialAction":[{"@type":"CommentAction","name":"Comment","target":["https:\/\/www.cabinet-magar.fr\/actualites\/actions-medico-sociales-pour-les-mineurs-sans-domicile-fixe-une-experimentation-a-connaitre\/#respond"]}]},{"@type":"WebPage","@id":"https:\/\/www.cabinet-magar.fr\/actualites\/actions-medico-sociales-pour-les-mineurs-sans-domicile-fixe-une-experimentation-a-connaitre\/","url":"https:\/\/www.cabinet-magar.fr\/actualites\/actions-medico-sociales-pour-les-mineurs-sans-domicile-fixe-une-experimentation-a-connaitre\/","name":"Actions m\u00e9dico-sociales pour les mineurs sans domicile fixe : une exp\u00e9rimentation \u00e0 conna\u00eetre - Cabinet Magar","isPartOf":{"@id":"https:\/\/www.cabinet-magar.fr\/#website"},"primaryImageOfPage":{"@id":"https:\/\/www.cabinet-magar.fr\/actualites\/actions-medico-sociales-pour-les-mineurs-sans-domicile-fixe-une-experimentation-a-connaitre\/#primaryimage"},"image":{"@id":"https:\/\/www.cabinet-magar.fr\/actualites\/actions-medico-sociales-pour-les-mineurs-sans-domicile-fixe-une-experimentation-a-connaitre\/#primaryimage"},"thumbnailUrl":"https:\/\/www.cabinet-magar.fr\/wp-content\/uploads\/2021\/04\/travailleursocial.jpg","datePublished":"2021-01-29T04:45:00+00:00","dateModified":"2021-04-11T01:00:52+00:00","author":{"@id":""},"breadcrumb":{"@id":"https:\/\/www.cabinet-magar.fr\/actualites\/actions-medico-sociales-pour-les-mineurs-sans-domicile-fixe-une-experimentation-a-connaitre\/#breadcrumb"},"inLanguage":"de","potentialAction":[{"@type":"ReadAction","target":["https:\/\/www.cabinet-magar.fr\/actualites\/actions-medico-sociales-pour-les-mineurs-sans-domicile-fixe-une-experimentation-a-connaitre\/"]}]},{"@type":"ImageObject","inLanguage":"de","@id":"https:\/\/www.cabinet-magar.fr\/actualites\/actions-medico-sociales-pour-les-mineurs-sans-domicile-fixe-une-experimentation-a-connaitre\/#primaryimage","url":"https:\/\/www.cabinet-magar.fr\/wp-content\/uploads\/2021\/04\/travailleursocial.jpg","contentUrl":"https:\/\/www.cabinet-magar.fr\/wp-content\/uploads\/2021\/04\/travailleursocial.jpg","width":600,"height":400},{"@type":"BreadcrumbList","@id":"https:\/\/www.cabinet-magar.fr\/actualites\/actions-medico-sociales-pour-les-mineurs-sans-domicile-fixe-une-experimentation-a-connaitre\/#breadcrumb","itemListElement":[{"@type":"ListItem","position":1,"name":"Accueil","item":"https:\/\/www.cabinet-magar.fr\/de\/"},{"@type":"ListItem","position":2,"name":"Actions m\u00e9dico-sociales pour les mineurs sans domicile fixe : une exp\u00e9rimentation \u00e0 conna\u00eetre"}]},{"@type":"WebSite","@id":"https:\/\/www.cabinet-magar.fr\/#website","url":"https:\/\/www.cabinet-magar.fr\/","name":"Cabinet Magar","description":"","potentialAction":[{"@type":"SearchAction","target":{"@type":"EntryPoint","urlTemplate":"https:\/\/www.cabinet-magar.fr\/?s={search_term_string}"},"query-input":{"@type":"PropertyValueSpecification","valueRequired":true,"valueName":"search_term_string"}}],"inLanguage":"de"}]}},"_links":{"self":[{"href":"https:\/\/www.cabinet-magar.fr\/de\/wp-json\/wp\/v2\/posts\/665","targetHints":{"allow":["GET"]}}],"collection":[{"href":"https:\/\/www.cabinet-magar.fr\/de\/wp-json\/wp\/v2\/posts"}],"about":[{"href":"https:\/\/www.cabinet-magar.fr\/de\/wp-json\/wp\/v2\/types\/post"}],"replies":[{"embeddable":true,"href":"https:\/\/www.cabinet-magar.fr\/de\/wp-json\/wp\/v2\/comments?post=665"}],"version-history":[{"count":1,"href":"https:\/\/www.cabinet-magar.fr\/de\/wp-json\/wp\/v2\/posts\/665\/revisions"}],"predecessor-version":[{"id":3885,"href":"https:\/\/www.cabinet-magar.fr\/de\/wp-json\/wp\/v2\/posts\/665\/revisions\/3885"}],"wp:featuredmedia":[{"embeddable":true,"href":"https:\/\/www.cabinet-magar.fr\/de\/wp-json\/wp\/v2\/media\/3886"}],"wp:attachment":[{"href":"https:\/\/www.cabinet-magar.fr\/de\/wp-json\/wp\/v2\/media?parent=665"}],"wp:term":[{"taxonomy":"category","embeddable":true,"href":"https:\/\/www.cabinet-magar.fr\/de\/wp-json\/wp\/v2\/categories?post=665"},{"taxonomy":"post_tag","embeddable":true,"href":"https:\/\/www.cabinet-magar.fr\/de\/wp-json\/wp\/v2\/tags?post=665"}],"curies":[{"name":"wp","href":"https:\/\/api.w.org\/{rel}","templated":true}]}}