{"id":664,"date":"2021-01-29T05:45:00","date_gmt":"2021-01-29T04:45:00","guid":{"rendered":"https:\/\/www.cabinet-magar.fr\/elections-professionnelles-et-vote-electronique-pas-de-delegues-syndicaux-pas-de-negociation\/"},"modified":"2021-04-11T03:00:48","modified_gmt":"2021-04-11T01:00:48","slug":"elections-professionnelles-et-vote-electronique-pas-de-delegues-syndicaux-pas-de-negociation","status":"publish","type":"post","link":"https:\/\/www.cabinet-magar.fr\/de\/actualites\/elections-professionnelles-et-vote-electronique-pas-de-delegues-syndicaux-pas-de-negociation\/","title":{"rendered":"Elections professionnelles et vote \u00e9lectronique : pas de d\u00e9l\u00e9gu\u00e9s syndicaux = pas de n\u00e9gociation ?"},"content":{"rendered":"<p >Un employeur, mettant en place le Comit\u00e9 social et \u00e9conomique (CSE) de son entreprise, d\u00e9cide de recourir au vote \u00e9lectronique par une d\u00e9cision unilat\u00e9rale. Ce qui ne plait pas \u00e0 un syndicat local qui, en l\u2019absence de n\u00e9gociation collective, demande l\u2019annulation de cette d\u00e9cision. Va-t-il l\u2019obtenir ?<\/p>\n<div>\n<h2> En l\u2019absence de d\u00e9l\u00e9gu\u00e9s syndicaux, il est possible de ne pas n\u00e9gocier !<\/h2>\n<p>Dans le cadre de la mise en place du CSE de son entreprise, un employeur d\u00e9cide, par d\u00e9cision unilat\u00e9rale, de la possibilit\u00e9 de recourir au vote \u00e9lectronique.<\/p>\n<p>Ce qui n\u2019a pas plu \u00e0 un syndicat qui demande alors l\u2019annulation de la d\u00e9cision unilat\u00e9rale.<\/p>\n<p>Selon lui, en effet, une telle d\u00e9cision ne peut \u00eatre prise que, lorsqu\u2019\u00e0 l\u2019issue d\u2019une tentative loyale de n\u00e9gociation, aucun accord collectif ne peut \u00eatre conclu. Or ici, l\u2019employeur n\u2019a m\u00eame pas tenter de n\u00e9gocier\u2026<\/p>\n<p>\u00ab Une n\u00e9gociation impossible ! \u00bb, r\u00e9pond l\u2019employeur : il n\u2019y a plus de d\u00e9l\u00e9gu\u00e9s syndicaux dans l\u2019entreprise avec qui conclure un tel accord collectif\u2026<\/p>\n<p>Ce que confirme le juge : d\u00e8s lors qu\u2019il est pr\u00e9vu qu\u2019\u00e0 d\u00e9faut d\u2019accord collectif, le recours au vote \u00e9lectronique puisse r\u00e9sulter d\u2019une d\u00e9cision unilat\u00e9rale de l\u2019employeur, cette d\u00e9cision unilat\u00e9rale peut, en l\u2019absence de d\u00e9l\u00e9gu\u00e9s syndicaux dans l\u2019entreprise, \u00eatre prise par l\u2019employeur sans qu\u2019il soit tenu de tenter pr\u00e9alablement une n\u00e9gociation.<\/p>\n<p><a href=\"https:\/\/www.courdecassation.fr\/jurisprudence_2\/chambre_sociale_576\/73_13_46281.html\" target=\"_blank\" rel=\"noopener\"><span style=\"text-decoration: underline;\">Source :<\/span> Arr\u00eat de la Cour de Cassation, chambre sociale, du 13 janvier 2021, n\u00b0 19-23533<\/a><\/p>\n<p><a title=\"Titre WebLex - Elections professionnelles et vote \u00e9lectronique : \u00ab mais o\u00f9 est-ce qu\u2019il a appris \u00e0 n\u00e9gocier \u00bb ?\" href=\"https:\/\/www.weblex.fr\/weblex-actualite\/elections-professionnelles-et-vote-electronique-pas-de-delegues-syndicaux-pas-de-negociation\" rel=\"nofollow noopener\" target=\"_blank\">Elections professionnelles et vote \u00e9lectronique : \u00ab mais o\u00f9 est-ce qu\u2019il a appris \u00e0 n\u00e9gocier \u00bb ?<\/a> \u00a9 Copyright WebLex &#8211; 2021<\/p>\n<\/div>\n<p><img src='https:\/\/www.weblex.fr\/images\/flux_actus\/voteelectronique2018.jpg'><\/p>\n","protected":false},"excerpt":{"rendered":"<p>Un employeur, mettant en place le Comit\u00e9 social et \u00e9conomique (CSE) de son entreprise, d\u00e9cide de recourir au vote \u00e9lectronique par une d\u00e9cision unilat\u00e9rale. Ce qui ne plait pas \u00e0 un syndicat local qui, en l\u2019absence de n\u00e9gociation collective, demande l\u2019annulation de cette d\u00e9cision. Va-t-il l\u2019obtenir ?<\/p>\n","protected":false},"author":0,"featured_media":3884,"comment_status":"open","ping_status":"closed","sticky":false,"template":"","format":"standard","meta":{"_acf_changed":false,"footnotes":""},"categories":[8,7],"tags":[],"class_list":["post-664","post","type-post","status-publish","format-standard","has-post-thumbnail","hentry","category-actu-sociale","category-actualites"],"acf":[],"yoast_head":"<!-- This site is optimized with the Yoast SEO plugin v27.2 - https:\/\/yoast.com\/product\/yoast-seo-wordpress\/ -->\n<title>Elections professionnelles et vote \u00e9lectronique : pas de d\u00e9l\u00e9gu\u00e9s syndicaux = pas de n\u00e9gociation ? - Cabinet Magar<\/title>\n<meta name=\"robots\" content=\"index, follow, max-snippet:-1, max-image-preview:large, max-video-preview:-1\" \/>\n<link rel=\"canonical\" href=\"https:\/\/www.cabinet-magar.fr\/de\/actualites\/elections-professionnelles-et-vote-electronique-pas-de-delegues-syndicaux-pas-de-negociation\/\" \/>\n<meta property=\"og:locale\" content=\"de_DE\" \/>\n<meta property=\"og:type\" content=\"article\" \/>\n<meta property=\"og:title\" content=\"Elections professionnelles et vote \u00e9lectronique : pas de d\u00e9l\u00e9gu\u00e9s syndicaux = pas de n\u00e9gociation ? - Cabinet Magar\" \/>\n<meta property=\"og:description\" content=\"Un employeur, mettant en place le Comit\u00e9 social et \u00e9conomique (CSE) de son entreprise, d\u00e9cide de recourir au vote \u00e9lectronique par une d\u00e9cision unilat\u00e9rale. Ce qui ne plait pas \u00e0 un syndicat local qui, en l\u2019absence de n\u00e9gociation collective, demande l\u2019annulation de cette d\u00e9cision. Va-t-il l\u2019obtenir ?\" \/>\n<meta property=\"og:url\" content=\"https:\/\/www.cabinet-magar.fr\/de\/actualites\/elections-professionnelles-et-vote-electronique-pas-de-delegues-syndicaux-pas-de-negociation\/\" \/>\n<meta property=\"og:site_name\" content=\"Cabinet Magar\" \/>\n<meta property=\"article:published_time\" content=\"2021-01-29T04:45:00+00:00\" \/>\n<meta property=\"article:modified_time\" content=\"2021-04-11T01:00:48+00:00\" \/>\n<meta property=\"og:image\" content=\"https:\/\/www.cabinet-magar.fr\/wp-content\/uploads\/2021\/04\/voteelectronique2018.jpg\" \/>\n\t<meta property=\"og:image:width\" content=\"600\" \/>\n\t<meta property=\"og:image:height\" content=\"400\" \/>\n\t<meta property=\"og:image:type\" content=\"image\/jpeg\" \/>\n<meta name=\"twitter:card\" content=\"summary_large_image\" \/>\n<meta name=\"twitter:label1\" content=\"Gesch\u00e4tzte Lesezeit\" \/>\n\t<meta name=\"twitter:data1\" content=\"1\u00a0Minute\" \/>\n<script type=\"application\/ld+json\" class=\"yoast-schema-graph\">{\"@context\":\"https:\/\/schema.org\",\"@graph\":[{\"@type\":\"Article\",\"@id\":\"https:\/\/www.cabinet-magar.fr\/de\/actualites\/elections-professionnelles-et-vote-electronique-pas-de-delegues-syndicaux-pas-de-negociation\/#article\",\"isPartOf\":{\"@id\":\"https:\/\/www.cabinet-magar.fr\/de\/actualites\/elections-professionnelles-et-vote-electronique-pas-de-delegues-syndicaux-pas-de-negociation\/\"},\"author\":{\"name\":\"\",\"@id\":\"\"},\"headline\":\"Elections professionnelles et vote \u00e9lectronique : pas de d\u00e9l\u00e9gu\u00e9s syndicaux = pas de n\u00e9gociation ?\",\"datePublished\":\"2021-01-29T04:45:00+00:00\",\"dateModified\":\"2021-04-11T01:00:48+00:00\",\"mainEntityOfPage\":{\"@id\":\"https:\/\/www.cabinet-magar.fr\/de\/actualites\/elections-professionnelles-et-vote-electronique-pas-de-delegues-syndicaux-pas-de-negociation\/\"},\"wordCount\":309,\"commentCount\":0,\"image\":{\"@id\":\"https:\/\/www.cabinet-magar.fr\/de\/actualites\/elections-professionnelles-et-vote-electronique-pas-de-delegues-syndicaux-pas-de-negociation\/#primaryimage\"},\"thumbnailUrl\":\"https:\/\/www.cabinet-magar.fr\/wp-content\/uploads\/2021\/04\/voteelectronique2018.jpg\",\"articleSection\":[\"Actu Sociale\",\"Actualit\u00e9s\"],\"inLanguage\":\"de\",\"potentialAction\":[{\"@type\":\"CommentAction\",\"name\":\"Comment\",\"target\":[\"https:\/\/www.cabinet-magar.fr\/de\/actualites\/elections-professionnelles-et-vote-electronique-pas-de-delegues-syndicaux-pas-de-negociation\/#respond\"]}]},{\"@type\":\"WebPage\",\"@id\":\"https:\/\/www.cabinet-magar.fr\/de\/actualites\/elections-professionnelles-et-vote-electronique-pas-de-delegues-syndicaux-pas-de-negociation\/\",\"url\":\"https:\/\/www.cabinet-magar.fr\/de\/actualites\/elections-professionnelles-et-vote-electronique-pas-de-delegues-syndicaux-pas-de-negociation\/\",\"name\":\"Elections professionnelles et vote \u00e9lectronique : pas de d\u00e9l\u00e9gu\u00e9s syndicaux = pas de n\u00e9gociation ? - Cabinet Magar\",\"isPartOf\":{\"@id\":\"https:\/\/www.cabinet-magar.fr\/#website\"},\"primaryImageOfPage\":{\"@id\":\"https:\/\/www.cabinet-magar.fr\/de\/actualites\/elections-professionnelles-et-vote-electronique-pas-de-delegues-syndicaux-pas-de-negociation\/#primaryimage\"},\"image\":{\"@id\":\"https:\/\/www.cabinet-magar.fr\/de\/actualites\/elections-professionnelles-et-vote-electronique-pas-de-delegues-syndicaux-pas-de-negociation\/#primaryimage\"},\"thumbnailUrl\":\"https:\/\/www.cabinet-magar.fr\/wp-content\/uploads\/2021\/04\/voteelectronique2018.jpg\",\"datePublished\":\"2021-01-29T04:45:00+00:00\",\"dateModified\":\"2021-04-11T01:00:48+00:00\",\"author\":{\"@id\":\"\"},\"breadcrumb\":{\"@id\":\"https:\/\/www.cabinet-magar.fr\/de\/actualites\/elections-professionnelles-et-vote-electronique-pas-de-delegues-syndicaux-pas-de-negociation\/#breadcrumb\"},\"inLanguage\":\"de\",\"potentialAction\":[{\"@type\":\"ReadAction\",\"target\":[\"https:\/\/www.cabinet-magar.fr\/de\/actualites\/elections-professionnelles-et-vote-electronique-pas-de-delegues-syndicaux-pas-de-negociation\/\"]}]},{\"@type\":\"ImageObject\",\"inLanguage\":\"de\",\"@id\":\"https:\/\/www.cabinet-magar.fr\/de\/actualites\/elections-professionnelles-et-vote-electronique-pas-de-delegues-syndicaux-pas-de-negociation\/#primaryimage\",\"url\":\"https:\/\/www.cabinet-magar.fr\/wp-content\/uploads\/2021\/04\/voteelectronique2018.jpg\",\"contentUrl\":\"https:\/\/www.cabinet-magar.fr\/wp-content\/uploads\/2021\/04\/voteelectronique2018.jpg\",\"width\":600,\"height\":400},{\"@type\":\"BreadcrumbList\",\"@id\":\"https:\/\/www.cabinet-magar.fr\/de\/actualites\/elections-professionnelles-et-vote-electronique-pas-de-delegues-syndicaux-pas-de-negociation\/#breadcrumb\",\"itemListElement\":[{\"@type\":\"ListItem\",\"position\":1,\"name\":\"Accueil\",\"item\":\"https:\/\/www.cabinet-magar.fr\/de\/\"},{\"@type\":\"ListItem\",\"position\":2,\"name\":\"Elections professionnelles et vote \u00e9lectronique : pas de d\u00e9l\u00e9gu\u00e9s syndicaux = pas de n\u00e9gociation ?\"}]},{\"@type\":\"WebSite\",\"@id\":\"https:\/\/www.cabinet-magar.fr\/#website\",\"url\":\"https:\/\/www.cabinet-magar.fr\/\",\"name\":\"Cabinet Magar\",\"description\":\"\",\"potentialAction\":[{\"@type\":\"SearchAction\",\"target\":{\"@type\":\"EntryPoint\",\"urlTemplate\":\"https:\/\/www.cabinet-magar.fr\/?s={search_term_string}\"},\"query-input\":{\"@type\":\"PropertyValueSpecification\",\"valueRequired\":true,\"valueName\":\"search_term_string\"}}],\"inLanguage\":\"de\"}]}<\/script>\n<!-- \/ Yoast SEO plugin. -->","yoast_head_json":{"title":"Elections professionnelles et vote \u00e9lectronique : pas de d\u00e9l\u00e9gu\u00e9s syndicaux = pas de n\u00e9gociation ? - Cabinet Magar","robots":{"index":"index","follow":"follow","max-snippet":"max-snippet:-1","max-image-preview":"max-image-preview:large","max-video-preview":"max-video-preview:-1"},"canonical":"https:\/\/www.cabinet-magar.fr\/de\/actualites\/elections-professionnelles-et-vote-electronique-pas-de-delegues-syndicaux-pas-de-negociation\/","og_locale":"de_DE","og_type":"article","og_title":"Elections professionnelles et vote \u00e9lectronique : pas de d\u00e9l\u00e9gu\u00e9s syndicaux = pas de n\u00e9gociation ? - Cabinet Magar","og_description":"Un employeur, mettant en place le Comit\u00e9 social et \u00e9conomique (CSE) de son entreprise, d\u00e9cide de recourir au vote \u00e9lectronique par une d\u00e9cision unilat\u00e9rale. Ce qui ne plait pas \u00e0 un syndicat local qui, en l\u2019absence de n\u00e9gociation collective, demande l\u2019annulation de cette d\u00e9cision. Va-t-il l\u2019obtenir ?","og_url":"https:\/\/www.cabinet-magar.fr\/de\/actualites\/elections-professionnelles-et-vote-electronique-pas-de-delegues-syndicaux-pas-de-negociation\/","og_site_name":"Cabinet Magar","article_published_time":"2021-01-29T04:45:00+00:00","article_modified_time":"2021-04-11T01:00:48+00:00","og_image":[{"width":600,"height":400,"url":"https:\/\/www.cabinet-magar.fr\/wp-content\/uploads\/2021\/04\/voteelectronique2018.jpg","type":"image\/jpeg"}],"twitter_card":"summary_large_image","twitter_misc":{"Gesch\u00e4tzte Lesezeit":"1\u00a0Minute"},"schema":{"@context":"https:\/\/schema.org","@graph":[{"@type":"Article","@id":"https:\/\/www.cabinet-magar.fr\/de\/actualites\/elections-professionnelles-et-vote-electronique-pas-de-delegues-syndicaux-pas-de-negociation\/#article","isPartOf":{"@id":"https:\/\/www.cabinet-magar.fr\/de\/actualites\/elections-professionnelles-et-vote-electronique-pas-de-delegues-syndicaux-pas-de-negociation\/"},"author":{"name":"","@id":""},"headline":"Elections professionnelles et vote \u00e9lectronique : pas de d\u00e9l\u00e9gu\u00e9s syndicaux = pas de n\u00e9gociation ?","datePublished":"2021-01-29T04:45:00+00:00","dateModified":"2021-04-11T01:00:48+00:00","mainEntityOfPage":{"@id":"https:\/\/www.cabinet-magar.fr\/de\/actualites\/elections-professionnelles-et-vote-electronique-pas-de-delegues-syndicaux-pas-de-negociation\/"},"wordCount":309,"commentCount":0,"image":{"@id":"https:\/\/www.cabinet-magar.fr\/de\/actualites\/elections-professionnelles-et-vote-electronique-pas-de-delegues-syndicaux-pas-de-negociation\/#primaryimage"},"thumbnailUrl":"https:\/\/www.cabinet-magar.fr\/wp-content\/uploads\/2021\/04\/voteelectronique2018.jpg","articleSection":["Actu Sociale","Actualit\u00e9s"],"inLanguage":"de","potentialAction":[{"@type":"CommentAction","name":"Comment","target":["https:\/\/www.cabinet-magar.fr\/de\/actualites\/elections-professionnelles-et-vote-electronique-pas-de-delegues-syndicaux-pas-de-negociation\/#respond"]}]},{"@type":"WebPage","@id":"https:\/\/www.cabinet-magar.fr\/de\/actualites\/elections-professionnelles-et-vote-electronique-pas-de-delegues-syndicaux-pas-de-negociation\/","url":"https:\/\/www.cabinet-magar.fr\/de\/actualites\/elections-professionnelles-et-vote-electronique-pas-de-delegues-syndicaux-pas-de-negociation\/","name":"Elections professionnelles et vote \u00e9lectronique : pas de d\u00e9l\u00e9gu\u00e9s syndicaux = pas de n\u00e9gociation ? - Cabinet Magar","isPartOf":{"@id":"https:\/\/www.cabinet-magar.fr\/#website"},"primaryImageOfPage":{"@id":"https:\/\/www.cabinet-magar.fr\/de\/actualites\/elections-professionnelles-et-vote-electronique-pas-de-delegues-syndicaux-pas-de-negociation\/#primaryimage"},"image":{"@id":"https:\/\/www.cabinet-magar.fr\/de\/actualites\/elections-professionnelles-et-vote-electronique-pas-de-delegues-syndicaux-pas-de-negociation\/#primaryimage"},"thumbnailUrl":"https:\/\/www.cabinet-magar.fr\/wp-content\/uploads\/2021\/04\/voteelectronique2018.jpg","datePublished":"2021-01-29T04:45:00+00:00","dateModified":"2021-04-11T01:00:48+00:00","author":{"@id":""},"breadcrumb":{"@id":"https:\/\/www.cabinet-magar.fr\/de\/actualites\/elections-professionnelles-et-vote-electronique-pas-de-delegues-syndicaux-pas-de-negociation\/#breadcrumb"},"inLanguage":"de","potentialAction":[{"@type":"ReadAction","target":["https:\/\/www.cabinet-magar.fr\/de\/actualites\/elections-professionnelles-et-vote-electronique-pas-de-delegues-syndicaux-pas-de-negociation\/"]}]},{"@type":"ImageObject","inLanguage":"de","@id":"https:\/\/www.cabinet-magar.fr\/de\/actualites\/elections-professionnelles-et-vote-electronique-pas-de-delegues-syndicaux-pas-de-negociation\/#primaryimage","url":"https:\/\/www.cabinet-magar.fr\/wp-content\/uploads\/2021\/04\/voteelectronique2018.jpg","contentUrl":"https:\/\/www.cabinet-magar.fr\/wp-content\/uploads\/2021\/04\/voteelectronique2018.jpg","width":600,"height":400},{"@type":"BreadcrumbList","@id":"https:\/\/www.cabinet-magar.fr\/de\/actualites\/elections-professionnelles-et-vote-electronique-pas-de-delegues-syndicaux-pas-de-negociation\/#breadcrumb","itemListElement":[{"@type":"ListItem","position":1,"name":"Accueil","item":"https:\/\/www.cabinet-magar.fr\/de\/"},{"@type":"ListItem","position":2,"name":"Elections professionnelles et vote \u00e9lectronique : pas de d\u00e9l\u00e9gu\u00e9s syndicaux = pas de n\u00e9gociation ?"}]},{"@type":"WebSite","@id":"https:\/\/www.cabinet-magar.fr\/#website","url":"https:\/\/www.cabinet-magar.fr\/","name":"Cabinet Magar","description":"","potentialAction":[{"@type":"SearchAction","target":{"@type":"EntryPoint","urlTemplate":"https:\/\/www.cabinet-magar.fr\/?s={search_term_string}"},"query-input":{"@type":"PropertyValueSpecification","valueRequired":true,"valueName":"search_term_string"}}],"inLanguage":"de"}]}},"_links":{"self":[{"href":"https:\/\/www.cabinet-magar.fr\/de\/wp-json\/wp\/v2\/posts\/664","targetHints":{"allow":["GET"]}}],"collection":[{"href":"https:\/\/www.cabinet-magar.fr\/de\/wp-json\/wp\/v2\/posts"}],"about":[{"href":"https:\/\/www.cabinet-magar.fr\/de\/wp-json\/wp\/v2\/types\/post"}],"replies":[{"embeddable":true,"href":"https:\/\/www.cabinet-magar.fr\/de\/wp-json\/wp\/v2\/comments?post=664"}],"version-history":[{"count":1,"href":"https:\/\/www.cabinet-magar.fr\/de\/wp-json\/wp\/v2\/posts\/664\/revisions"}],"predecessor-version":[{"id":3883,"href":"https:\/\/www.cabinet-magar.fr\/de\/wp-json\/wp\/v2\/posts\/664\/revisions\/3883"}],"wp:featuredmedia":[{"embeddable":true,"href":"https:\/\/www.cabinet-magar.fr\/de\/wp-json\/wp\/v2\/media\/3884"}],"wp:attachment":[{"href":"https:\/\/www.cabinet-magar.fr\/de\/wp-json\/wp\/v2\/media?parent=664"}],"wp:term":[{"taxonomy":"category","embeddable":true,"href":"https:\/\/www.cabinet-magar.fr\/de\/wp-json\/wp\/v2\/categories?post=664"},{"taxonomy":"post_tag","embeddable":true,"href":"https:\/\/www.cabinet-magar.fr\/de\/wp-json\/wp\/v2\/tags?post=664"}],"curies":[{"name":"wp","href":"https:\/\/api.w.org\/{rel}","templated":true}]}}