{"id":663,"date":"2021-01-29T05:45:00","date_gmt":"2021-01-29T04:45:00","guid":{"rendered":"https:\/\/www.cabinet-magar.fr\/commercants-distributeurs-connaissez-vous-rappelconso\/"},"modified":"2021-04-11T03:00:45","modified_gmt":"2021-04-11T01:00:45","slug":"commercants-distributeurs-connaissez-vous-rappelconso","status":"publish","type":"post","link":"https:\/\/www.cabinet-magar.fr\/de\/actualites\/commercants-distributeurs-connaissez-vous-rappelconso\/","title":{"rendered":"Commer\u00e7ants, distributeurs : connaissez-vous \u00ab RappelConso \u00bb ?"},"content":{"rendered":"<p >Les commer\u00e7ants et distributeurs peuvent \u00eatre amen\u00e9s \u00e0 faire un rappel de produits. A l\u2019avenir, un site Web les centralisera : \u00ab RappelConso \u00bb. Que devez-vous savoir ?<\/p>\n<div>\n<h2>Commer\u00e7ants et distributeurs : rappel de produits = \u00ab RappelConso \u00bb<\/h2>\n<p>La DGCCRF a cr\u00e9\u00e9 un site Web \u00ab RappelConso \u00bb (https:\/\/pro.rappel.conso.gouv.fr\/), destin\u00e9 aux professionnels tenus d&#8217;effectuer la d\u00e9claration d\u00e9mat\u00e9rialis\u00e9e d&#8217;un rappel de produits, de denr\u00e9es alimentaires ou d&#8217;aliments pour animaux.<\/p>\n<p>Un 2\u00e8me site Web a \u00e9galement \u00e9t\u00e9 cr\u00e9\u00e9 pour le grand public (https:\/\/rappel.conso.gouv.fr) pour l\u2019informer sur les rappels de produits, de denr\u00e9es alimentaires ou d&#8217;aliments pour animaux.<\/p>\n<p>Un 3\u00e8me site Web, accessible exclusivement \u00e0 l\u2019Etat, a aussi \u00e9t\u00e9 cr\u00e9\u00e9 pour permettre aux agents de la DGCCRF, notamment, d&#8217;approuver la publication d&#8217;un rappel cr\u00e9\u00e9 par un professionnel, de cr\u00e9er et publier des rappels \u00e0 leur initiative, ou de publier des informations \u00e0 destination du public.<\/p>\n<p>Afin de se conformer \u00e0 ses obligations d\u00e9claratives, un professionnel adh\u00e8re au site professionnel en fournissant des informations d&#8217;identification.<\/p>\n<p>Une fois l\u2019adh\u00e9sion r\u00e9alis\u00e9e, il peut cr\u00e9er plusieurs comptes administrateurs.<\/p>\n<p>L\u2019administrateur du compte peut notamment :<\/p>\n<ul>\n<li>administrer les comptes de l&#8217;\u00e9tablissement ;<\/li>\n<li>cr\u00e9er et g\u00e9rer les comptes utilisateurs de son \u00e9tablissement ;<\/li>\n<li>donner d\u00e9l\u00e9gation \u00e0 un autre professionnel adh\u00e9rent au site Web pour effectuer les d\u00e9clarations de rappels en son nom (r\u00e9vocable \u00e0 tout moment).<\/li>\n<\/ul>\n<p>Notez que tout utilisateur d&#8217;un \u00e9tablissement adh\u00e9rent peut transmettre un projet de d\u00e9claration de rappel \u00e0 un autre \u00e9tablissement adh\u00e9rent.<\/p>\n<p>Pour effectuer une d\u00e9claration de rappel, il faut renseigner les informations conduisant \u00e0 la cr\u00e9ation d&#8217;une fiche de rappel.<\/p>\n<p>Les informations \u00e0 d\u00e9clarer sont consultables \u00e0 l\u2019adresse suivante : https:\/\/www.legifrance.gouv.fr\/jorf\/id\/JORFTEXT000043038659.<\/p>\n<p>En outre, le professionnel doit attester, en cochant une case sur le formulaire de d\u00e9claration, que la DGCCRF a \u00e9t\u00e9 inform\u00e9e du rappel. La mise \u00e0 jour d&#8217;une d\u00e9claration g\u00e9n\u00e8re une nouvelle version de la fiche correspondante. Apr\u00e8s sa cr\u00e9ation ou sa mise \u00e0 jour, la fiche de rappel est transmise par le professionnel \u00e0 la DGCCRF pour approbation de publication.<\/p>\n<p>Par ailleurs, la dur\u00e9e de conservation des informations et donn\u00e9es \u00e0 caract\u00e8re personnel est la suivante :<\/p>\n<ul>\n<li>les donn\u00e9es \u00e0 caract\u00e8re personnel relatives \u00e0 une fiche de rappel sont conserv\u00e9es pendant une dur\u00e9e maximale de 6 ans ;<\/li>\n<li>les donn\u00e9es \u00e0 caract\u00e8re personnel du compte d&#8217;un professionnel sont supprim\u00e9es 6 mois apr\u00e8s la suppression du m\u00eame compte ;<\/li>\n<li>les informations sur la personne physique, ainsi que la soci\u00e9t\u00e9 effectuant la d\u00e9claration lorsque cette derni\u00e8re est un professionnel, sont conserv\u00e9es tant que l&#8217;utilisateur dispose d&#8217;un acc\u00e8s au compte du professionnel pour lequel il a effectu\u00e9 la d\u00e9claration ;<\/li>\n<li>les informations relatives aux connexions et acc\u00e8s aux diff\u00e9rents sites Web sont conserv\u00e9es pendant une dur\u00e9e qui ne peut exc\u00e9der 6 mois \u00e0 compter du jour de leur enregistrement ;<\/li>\n<li>les informations sur les produits, denr\u00e9es alimentaires ou aliments pour animaux sont conserv\u00e9es sans limitation de dur\u00e9e.<\/li>\n<\/ul>\n<p>Enfin, sachez que les obligations d\u00e9claratives li\u00e9es au site Web \u00ab RappelConso \u00bb seront applicables \u00e0 compter du 1er avril 2021.<\/p>\n<p>Source : Arr\u00eat\u00e9 du 20 janvier 2021 relatif \u00e0 la d\u00e9claration d\u00e9mat\u00e9rialis\u00e9e sur un site internet public par les professionnels de rappels de produits, de denr\u00e9es alimentaires ou d&#8217;aliments pour animaux<\/p>\n<p><a title=\"Commer\u00e7ants, distributeurs : connaissez-vous \u00ab RappelConso \u00bb ?\" href=\"https:\/\/www.weblex.fr\/weblex-actualite\/commercants-distributeurs-connaissez-vous-rappelconso\" rel=\"nofollow noopener\" target=\"_blank\">Commer\u00e7ants, distributeurs : connaissez-vous \u00ab RappelConso \u00bb ?<\/a> \u00a9 Copyright WebLex &#8211; 2021<\/p>\n<\/div>\n<p><img src='https:\/\/www.weblex.fr\/images\/flux_actus\/rayoncontrle.jpg'><\/p>\n","protected":false},"excerpt":{"rendered":"<p>Les commer\u00e7ants et distributeurs peuvent \u00eatre amen\u00e9s \u00e0 faire un rappel de produits. A l\u2019avenir, un site Web les centralisera : \u00ab RappelConso \u00bb. Que devez-vous savoir ?<\/p>\n","protected":false},"author":0,"featured_media":3882,"comment_status":"open","ping_status":"closed","sticky":false,"template":"","format":"standard","meta":{"_acf_changed":false,"footnotes":""},"categories":[9,7],"tags":[],"class_list":["post-663","post","type-post","status-publish","format-standard","has-post-thumbnail","hentry","category-actu-juridique","category-actualites"],"acf":[],"yoast_head":"<!-- This site is optimized with the Yoast SEO plugin v27.2 - https:\/\/yoast.com\/product\/yoast-seo-wordpress\/ -->\n<title>Commer\u00e7ants, distributeurs : connaissez-vous \u00ab RappelConso \u00bb ? - Cabinet Magar<\/title>\n<meta name=\"robots\" content=\"index, follow, max-snippet:-1, max-image-preview:large, max-video-preview:-1\" \/>\n<link rel=\"canonical\" href=\"https:\/\/www.cabinet-magar.fr\/actualites\/commercants-distributeurs-connaissez-vous-rappelconso\/\" \/>\n<meta property=\"og:locale\" content=\"de_DE\" \/>\n<meta property=\"og:type\" content=\"article\" \/>\n<meta property=\"og:title\" content=\"Commer\u00e7ants, distributeurs : connaissez-vous \u00ab RappelConso \u00bb ? - Cabinet Magar\" \/>\n<meta property=\"og:description\" content=\"Les commer\u00e7ants et distributeurs peuvent \u00eatre amen\u00e9s \u00e0 faire un rappel de produits. A l\u2019avenir, un site Web les centralisera : \u00ab RappelConso \u00bb. Que devez-vous savoir ?\" \/>\n<meta property=\"og:url\" content=\"https:\/\/www.cabinet-magar.fr\/actualites\/commercants-distributeurs-connaissez-vous-rappelconso\/\" \/>\n<meta property=\"og:site_name\" content=\"Cabinet Magar\" \/>\n<meta property=\"article:published_time\" content=\"2021-01-29T04:45:00+00:00\" \/>\n<meta property=\"article:modified_time\" content=\"2021-04-11T01:00:45+00:00\" \/>\n<meta property=\"og:image\" content=\"https:\/\/www.cabinet-magar.fr\/wp-content\/uploads\/2021\/04\/rayoncontrle.jpg\" \/>\n\t<meta property=\"og:image:width\" content=\"600\" \/>\n\t<meta property=\"og:image:height\" content=\"400\" \/>\n\t<meta property=\"og:image:type\" content=\"image\/jpeg\" \/>\n<meta name=\"twitter:card\" content=\"summary_large_image\" \/>\n<meta name=\"twitter:label1\" content=\"Gesch\u00e4tzte Lesezeit\" \/>\n\t<meta name=\"twitter:data1\" content=\"3\u00a0Minuten\" \/>\n<script type=\"application\/ld+json\" class=\"yoast-schema-graph\">{\"@context\":\"https:\/\/schema.org\",\"@graph\":[{\"@type\":\"Article\",\"@id\":\"https:\/\/www.cabinet-magar.fr\/actualites\/commercants-distributeurs-connaissez-vous-rappelconso\/#article\",\"isPartOf\":{\"@id\":\"https:\/\/www.cabinet-magar.fr\/actualites\/commercants-distributeurs-connaissez-vous-rappelconso\/\"},\"author\":{\"name\":\"\",\"@id\":\"\"},\"headline\":\"Commer\u00e7ants, distributeurs : connaissez-vous \u00ab RappelConso \u00bb ?\",\"datePublished\":\"2021-01-29T04:45:00+00:00\",\"dateModified\":\"2021-04-11T01:00:45+00:00\",\"mainEntityOfPage\":{\"@id\":\"https:\/\/www.cabinet-magar.fr\/actualites\/commercants-distributeurs-connaissez-vous-rappelconso\/\"},\"wordCount\":595,\"commentCount\":0,\"image\":{\"@id\":\"https:\/\/www.cabinet-magar.fr\/actualites\/commercants-distributeurs-connaissez-vous-rappelconso\/#primaryimage\"},\"thumbnailUrl\":\"https:\/\/www.cabinet-magar.fr\/wp-content\/uploads\/2021\/04\/rayoncontrle.jpg\",\"articleSection\":[\"Actu Juridique\",\"Actualit\u00e9s\"],\"inLanguage\":\"de\",\"potentialAction\":[{\"@type\":\"CommentAction\",\"name\":\"Comment\",\"target\":[\"https:\/\/www.cabinet-magar.fr\/actualites\/commercants-distributeurs-connaissez-vous-rappelconso\/#respond\"]}]},{\"@type\":\"WebPage\",\"@id\":\"https:\/\/www.cabinet-magar.fr\/actualites\/commercants-distributeurs-connaissez-vous-rappelconso\/\",\"url\":\"https:\/\/www.cabinet-magar.fr\/actualites\/commercants-distributeurs-connaissez-vous-rappelconso\/\",\"name\":\"Commer\u00e7ants, distributeurs : connaissez-vous \u00ab RappelConso \u00bb ? - Cabinet Magar\",\"isPartOf\":{\"@id\":\"https:\/\/www.cabinet-magar.fr\/#website\"},\"primaryImageOfPage\":{\"@id\":\"https:\/\/www.cabinet-magar.fr\/actualites\/commercants-distributeurs-connaissez-vous-rappelconso\/#primaryimage\"},\"image\":{\"@id\":\"https:\/\/www.cabinet-magar.fr\/actualites\/commercants-distributeurs-connaissez-vous-rappelconso\/#primaryimage\"},\"thumbnailUrl\":\"https:\/\/www.cabinet-magar.fr\/wp-content\/uploads\/2021\/04\/rayoncontrle.jpg\",\"datePublished\":\"2021-01-29T04:45:00+00:00\",\"dateModified\":\"2021-04-11T01:00:45+00:00\",\"author\":{\"@id\":\"\"},\"breadcrumb\":{\"@id\":\"https:\/\/www.cabinet-magar.fr\/actualites\/commercants-distributeurs-connaissez-vous-rappelconso\/#breadcrumb\"},\"inLanguage\":\"de\",\"potentialAction\":[{\"@type\":\"ReadAction\",\"target\":[\"https:\/\/www.cabinet-magar.fr\/actualites\/commercants-distributeurs-connaissez-vous-rappelconso\/\"]}]},{\"@type\":\"ImageObject\",\"inLanguage\":\"de\",\"@id\":\"https:\/\/www.cabinet-magar.fr\/actualites\/commercants-distributeurs-connaissez-vous-rappelconso\/#primaryimage\",\"url\":\"https:\/\/www.cabinet-magar.fr\/wp-content\/uploads\/2021\/04\/rayoncontrle.jpg\",\"contentUrl\":\"https:\/\/www.cabinet-magar.fr\/wp-content\/uploads\/2021\/04\/rayoncontrle.jpg\",\"width\":600,\"height\":400},{\"@type\":\"BreadcrumbList\",\"@id\":\"https:\/\/www.cabinet-magar.fr\/actualites\/commercants-distributeurs-connaissez-vous-rappelconso\/#breadcrumb\",\"itemListElement\":[{\"@type\":\"ListItem\",\"position\":1,\"name\":\"Accueil\",\"item\":\"https:\/\/www.cabinet-magar.fr\/de\/\"},{\"@type\":\"ListItem\",\"position\":2,\"name\":\"Commer\u00e7ants, distributeurs : connaissez-vous \u00ab RappelConso \u00bb ?\"}]},{\"@type\":\"WebSite\",\"@id\":\"https:\/\/www.cabinet-magar.fr\/#website\",\"url\":\"https:\/\/www.cabinet-magar.fr\/\",\"name\":\"Cabinet Magar\",\"description\":\"\",\"potentialAction\":[{\"@type\":\"SearchAction\",\"target\":{\"@type\":\"EntryPoint\",\"urlTemplate\":\"https:\/\/www.cabinet-magar.fr\/?s={search_term_string}\"},\"query-input\":{\"@type\":\"PropertyValueSpecification\",\"valueRequired\":true,\"valueName\":\"search_term_string\"}}],\"inLanguage\":\"de\"}]}<\/script>\n<!-- \/ Yoast SEO plugin. -->","yoast_head_json":{"title":"Commer\u00e7ants, distributeurs : connaissez-vous \u00ab RappelConso \u00bb ? - Cabinet Magar","robots":{"index":"index","follow":"follow","max-snippet":"max-snippet:-1","max-image-preview":"max-image-preview:large","max-video-preview":"max-video-preview:-1"},"canonical":"https:\/\/www.cabinet-magar.fr\/actualites\/commercants-distributeurs-connaissez-vous-rappelconso\/","og_locale":"de_DE","og_type":"article","og_title":"Commer\u00e7ants, distributeurs : connaissez-vous \u00ab RappelConso \u00bb ? - Cabinet Magar","og_description":"Les commer\u00e7ants et distributeurs peuvent \u00eatre amen\u00e9s \u00e0 faire un rappel de produits. A l\u2019avenir, un site Web les centralisera : \u00ab RappelConso \u00bb. Que devez-vous savoir ?","og_url":"https:\/\/www.cabinet-magar.fr\/actualites\/commercants-distributeurs-connaissez-vous-rappelconso\/","og_site_name":"Cabinet Magar","article_published_time":"2021-01-29T04:45:00+00:00","article_modified_time":"2021-04-11T01:00:45+00:00","og_image":[{"width":600,"height":400,"url":"https:\/\/www.cabinet-magar.fr\/wp-content\/uploads\/2021\/04\/rayoncontrle.jpg","type":"image\/jpeg"}],"twitter_card":"summary_large_image","twitter_misc":{"Gesch\u00e4tzte Lesezeit":"3\u00a0Minuten"},"schema":{"@context":"https:\/\/schema.org","@graph":[{"@type":"Article","@id":"https:\/\/www.cabinet-magar.fr\/actualites\/commercants-distributeurs-connaissez-vous-rappelconso\/#article","isPartOf":{"@id":"https:\/\/www.cabinet-magar.fr\/actualites\/commercants-distributeurs-connaissez-vous-rappelconso\/"},"author":{"name":"","@id":""},"headline":"Commer\u00e7ants, distributeurs : connaissez-vous \u00ab RappelConso \u00bb ?","datePublished":"2021-01-29T04:45:00+00:00","dateModified":"2021-04-11T01:00:45+00:00","mainEntityOfPage":{"@id":"https:\/\/www.cabinet-magar.fr\/actualites\/commercants-distributeurs-connaissez-vous-rappelconso\/"},"wordCount":595,"commentCount":0,"image":{"@id":"https:\/\/www.cabinet-magar.fr\/actualites\/commercants-distributeurs-connaissez-vous-rappelconso\/#primaryimage"},"thumbnailUrl":"https:\/\/www.cabinet-magar.fr\/wp-content\/uploads\/2021\/04\/rayoncontrle.jpg","articleSection":["Actu Juridique","Actualit\u00e9s"],"inLanguage":"de","potentialAction":[{"@type":"CommentAction","name":"Comment","target":["https:\/\/www.cabinet-magar.fr\/actualites\/commercants-distributeurs-connaissez-vous-rappelconso\/#respond"]}]},{"@type":"WebPage","@id":"https:\/\/www.cabinet-magar.fr\/actualites\/commercants-distributeurs-connaissez-vous-rappelconso\/","url":"https:\/\/www.cabinet-magar.fr\/actualites\/commercants-distributeurs-connaissez-vous-rappelconso\/","name":"Commer\u00e7ants, distributeurs : connaissez-vous \u00ab RappelConso \u00bb ? - Cabinet Magar","isPartOf":{"@id":"https:\/\/www.cabinet-magar.fr\/#website"},"primaryImageOfPage":{"@id":"https:\/\/www.cabinet-magar.fr\/actualites\/commercants-distributeurs-connaissez-vous-rappelconso\/#primaryimage"},"image":{"@id":"https:\/\/www.cabinet-magar.fr\/actualites\/commercants-distributeurs-connaissez-vous-rappelconso\/#primaryimage"},"thumbnailUrl":"https:\/\/www.cabinet-magar.fr\/wp-content\/uploads\/2021\/04\/rayoncontrle.jpg","datePublished":"2021-01-29T04:45:00+00:00","dateModified":"2021-04-11T01:00:45+00:00","author":{"@id":""},"breadcrumb":{"@id":"https:\/\/www.cabinet-magar.fr\/actualites\/commercants-distributeurs-connaissez-vous-rappelconso\/#breadcrumb"},"inLanguage":"de","potentialAction":[{"@type":"ReadAction","target":["https:\/\/www.cabinet-magar.fr\/actualites\/commercants-distributeurs-connaissez-vous-rappelconso\/"]}]},{"@type":"ImageObject","inLanguage":"de","@id":"https:\/\/www.cabinet-magar.fr\/actualites\/commercants-distributeurs-connaissez-vous-rappelconso\/#primaryimage","url":"https:\/\/www.cabinet-magar.fr\/wp-content\/uploads\/2021\/04\/rayoncontrle.jpg","contentUrl":"https:\/\/www.cabinet-magar.fr\/wp-content\/uploads\/2021\/04\/rayoncontrle.jpg","width":600,"height":400},{"@type":"BreadcrumbList","@id":"https:\/\/www.cabinet-magar.fr\/actualites\/commercants-distributeurs-connaissez-vous-rappelconso\/#breadcrumb","itemListElement":[{"@type":"ListItem","position":1,"name":"Accueil","item":"https:\/\/www.cabinet-magar.fr\/de\/"},{"@type":"ListItem","position":2,"name":"Commer\u00e7ants, distributeurs : connaissez-vous \u00ab RappelConso \u00bb ?"}]},{"@type":"WebSite","@id":"https:\/\/www.cabinet-magar.fr\/#website","url":"https:\/\/www.cabinet-magar.fr\/","name":"Cabinet Magar","description":"","potentialAction":[{"@type":"SearchAction","target":{"@type":"EntryPoint","urlTemplate":"https:\/\/www.cabinet-magar.fr\/?s={search_term_string}"},"query-input":{"@type":"PropertyValueSpecification","valueRequired":true,"valueName":"search_term_string"}}],"inLanguage":"de"}]}},"_links":{"self":[{"href":"https:\/\/www.cabinet-magar.fr\/de\/wp-json\/wp\/v2\/posts\/663","targetHints":{"allow":["GET"]}}],"collection":[{"href":"https:\/\/www.cabinet-magar.fr\/de\/wp-json\/wp\/v2\/posts"}],"about":[{"href":"https:\/\/www.cabinet-magar.fr\/de\/wp-json\/wp\/v2\/types\/post"}],"replies":[{"embeddable":true,"href":"https:\/\/www.cabinet-magar.fr\/de\/wp-json\/wp\/v2\/comments?post=663"}],"version-history":[{"count":1,"href":"https:\/\/www.cabinet-magar.fr\/de\/wp-json\/wp\/v2\/posts\/663\/revisions"}],"predecessor-version":[{"id":3881,"href":"https:\/\/www.cabinet-magar.fr\/de\/wp-json\/wp\/v2\/posts\/663\/revisions\/3881"}],"wp:featuredmedia":[{"embeddable":true,"href":"https:\/\/www.cabinet-magar.fr\/de\/wp-json\/wp\/v2\/media\/3882"}],"wp:attachment":[{"href":"https:\/\/www.cabinet-magar.fr\/de\/wp-json\/wp\/v2\/media?parent=663"}],"wp:term":[{"taxonomy":"category","embeddable":true,"href":"https:\/\/www.cabinet-magar.fr\/de\/wp-json\/wp\/v2\/categories?post=663"},{"taxonomy":"post_tag","embeddable":true,"href":"https:\/\/www.cabinet-magar.fr\/de\/wp-json\/wp\/v2\/tags?post=663"}],"curies":[{"name":"wp","href":"https:\/\/api.w.org\/{rel}","templated":true}]}}