{"id":662,"date":"2021-01-29T05:45:00","date_gmt":"2021-01-29T04:45:00","guid":{"rendered":"https:\/\/www.cabinet-magar.fr\/coronavirus-covid-19-et-cotisations-sociales-quoi-de-neuf-pour-les-entreprises-les-plus-touchees-par-la-2eme-vague-de-lepidemie\/"},"modified":"2021-04-11T03:00:41","modified_gmt":"2021-04-11T01:00:41","slug":"coronavirus-covid-19-et-cotisations-sociales-quoi-de-neuf-pour-les-entreprises-les-plus-touchees-par-la-2eme-vague-de-lepidemie","status":"publish","type":"post","link":"https:\/\/www.cabinet-magar.fr\/de\/actualites\/coronavirus-covid-19-et-cotisations-sociales-quoi-de-neuf-pour-les-entreprises-les-plus-touchees-par-la-2eme-vague-de-lepidemie\/","title":{"rendered":"Coronavirus (COVID-19) et cotisations sociales : quoi de neuf pour les entreprises les plus touch\u00e9es par la 2\u00e8me vague de l\u2019\u00e9pid\u00e9mie ?"},"content":{"rendered":"<p >Le gouvernement vient de d\u00e9finir les conditions de mise en \u0153uvre des dispositifs d&#8217;exon\u00e9ration et d&#8217;aide au paiement des cotisations sociales pour les employeurs dont l&#8217;activit\u00e9 est particuli\u00e8rement affect\u00e9e par la crise sanitaire. Explications\u2026<\/p>\n<div>\n<h2> Coronavirus (COVID-19) : exon\u00e9ration et aide au paiement des cotisations sociales pour les entreprises affect\u00e9es par la 2\u00e8me vague<\/h2>\n<p>Pour rappel, la loi de financement de s\u00e9curit\u00e9 sociale pour 2021 permet \u00e0 certains employeurs de b\u00e9n\u00e9ficier d\u2019une exon\u00e9ration totale des cotisations et contributions sociales patronales de s\u00e9curit\u00e9 sociale, \u00e0 l\u2019exception des cotisations affect\u00e9es aux r\u00e9gimes de retraite compl\u00e9mentaire l\u00e9galement obligatoires.<\/p>\n<p>Cette exon\u00e9ration est applicable sans limite de niveau de r\u00e9mun\u00e9ration pour les employeurs ayant des salari\u00e9s relevant du r\u00e9gime g\u00e9n\u00e9ral ou du r\u00e9gime agricole de s\u00e9curit\u00e9 sociale.<\/p>\n<p>Ces derniers peuvent b\u00e9n\u00e9ficier d\u2019une aide au paiement de leurs cotisations et contributions sociales restant dues apr\u00e8s l&#8217;application de cette exon\u00e9ration. Cette aide est \u00e9gale \u00e0 20 % du montant des r\u00e9mun\u00e9rations des salari\u00e9s dues au titre des p\u00e9riodes d\u2019emploi ouvrant droit \u00e0 l\u2019exon\u00e9ration.<\/p>\n<ul>\n<li><strong> Pr\u00e9cisions relatives \u00e0 l\u2019imputation de l\u2019exon\u00e9ration<\/strong><\/li>\n<\/ul>\n<p>Cette exon\u00e9ration s&#8217;impute sur les cotisations dues au titre des accidents du travail et des maladies professionnelles dans la limite de 0,70 % de la r\u00e9mun\u00e9ration.<\/p>\n<ul>\n<li><strong> Pr\u00e9cisions relatives aux secteurs d\u2019activit\u00e9 concern\u00e9s<\/strong><\/li>\n<\/ul>\n<p>Cette exon\u00e9ration s\u2019applique aux employeurs de moins de 250 salari\u00e9s exer\u00e7ant leur activit\u00e9 dans les secteurs durement impact\u00e9s par la crise sanitaire et qui exercent leur activit\u00e9 principale dans les secteurs du tourisme, de l\u2019h\u00f4tellerie, de la restauration, du sport, de la culture, du transport a\u00e9rien ou de l\u2019\u00e9v\u00e9nementiel. Le gouvernement pr\u00e9cise que ces activit\u00e9s sont celles relevant du secteur S1, tel que d\u00e9fini pour le b\u00e9n\u00e9fice du Fonds de solidarit\u00e9.<\/p>\n<p>Sont \u00e9galement \u00e9ligibles les employeurs de moins de 250 salari\u00e9s exer\u00e7ant leur activit\u00e9 dans les secteurs durement impact\u00e9s par la crise sanitaire et dont l\u2019activit\u00e9 principale d\u00e9pend de celle du secteur S1 : plus simplement, il s\u2019agit des employeurs relevant du secteur S1 bis.<\/p>\n<p>Ces employeurs de moins de 250 salari\u00e9s, appartenant aux secteurs S1 ou S1 bis, y compris les clubs sportifs professionnels, b\u00e9n\u00e9ficient de l\u2019exon\u00e9ration et de l\u2019aide au paiement pour les p\u00e9riodes d&#8217;emploi courant jusqu&#8217;au 31 d\u00e9cembre 2020 ou, pour les employeurs pour lesquels l&#8217;interdiction d&#8217;accueil du public aurait \u00e9t\u00e9 prolong\u00e9e au-del\u00e0 de cette date, jusqu&#8217;au dernier jour du mois pr\u00e9c\u00e9dant celui de l&#8217;autorisation d&#8217;accueil du public.<\/p>\n<p>Le gouvernement pr\u00e9cise aussi que l\u2019exon\u00e9ration peut b\u00e9n\u00e9ficier aux employeurs dont l\u2019effectif est inf\u00e9rieur \u00e0 50 salari\u00e9s, relevant de secteurs autres que les secteurs S1 \/ S1 bis :<\/p>\n<ul>\n<li>ayant fait l&#8217;objet d&#8217;une interdiction d&#8217;accueil du public affectant de mani\u00e8re pr\u00e9pond\u00e9rante l&#8217;exercice de leur activit\u00e9, \u00e0 l&#8217;exception des activit\u00e9s de livraison, de retrait de commande ou de vente \u00e0 emporter ;<\/li>\n<li>ou dont l\u2019exercice de l\u2019activit\u00e9 n\u2019a tout simplement pas \u00e9t\u00e9 autoris\u00e9e.<\/li>\n<\/ul>\n<ul>\n<li><strong> Pr\u00e9cisions relatives aux seuils d\u2019effectifs \u00e0 prendre en compte<\/strong><\/li>\n<\/ul>\n<p>L\u2019effectif \u00e0 prendre en compte pour l\u2019application de ce dispositif correspond \u00e0 l&#8217;effectif salari\u00e9 annuel de l&#8217;employeur, y compris lorsqu&#8217;il s&#8217;agit d&#8217;une personne morale comportant plusieurs \u00e9tablissements, c\u2019est-\u00e0-dire \u00e0 la moyenne du nombre de personnes employ\u00e9es au cours de chacun des mois de l&#8217;ann\u00e9e civile pr\u00e9c\u00e9dente.<\/p>\n<p>Pour rappel, le franchissement \u00e0 la hausse d&#8217;un seuil d&#8217;effectif salari\u00e9 est pris en compte lorsque ce seuil a \u00e9t\u00e9 atteint ou d\u00e9pass\u00e9 pendant 5 ann\u00e9es civiles cons\u00e9cutives.<\/p>\n<p>En revanche, le franchissement \u00e0 la baisse d&#8217;un seuil d&#8217;effectif sur une ann\u00e9e civile a pour effet de faire \u00e0 nouveau courir ce d\u00e9lai de 5 ans.<\/p>\n<ul>\n<li><strong> Pr\u00e9cisions relatives \u00e0 la baisse du chiffre d\u2019affaires <\/strong><\/li>\n<\/ul>\n<p>La condition de baisse de 50 % du chiffre d&#8217;affaires (CA) mensuel peut \u00eatre appr\u00e9ci\u00e9e, au choix du b\u00e9n\u00e9ficiaire :<\/p>\n<ul>\n<li>par rapport au CA du m\u00eame mois de l&#8217;ann\u00e9e pr\u00e9c\u00e9dente ;<\/li>\n<li>par rapport au CA mensuel moyen de l&#8217;ann\u00e9e 2019 ;\/li&gt;<\/li>\n<li>ou, pour les entreprises cr\u00e9\u00e9es en 2020, par rapport au montant mensuel moyen du CA r\u00e9alis\u00e9 entre la date de cr\u00e9ation de l&#8217;entreprise et le 31 ao\u00fbt 2020.<\/li>\n<\/ul>\n<p>Cette condition est \u00e9galement consid\u00e9r\u00e9e comme satisfaite lorsque la baisse de CA mensuel par rapport \u00e0 la m\u00eame p\u00e9riode de l&#8217;ann\u00e9e pr\u00e9c\u00e9dente repr\u00e9sente au moins 15 % du CA de l&#8217;ann\u00e9e 2019 ou, pour les entreprises cr\u00e9\u00e9es en 2019, du CA de l&#8217;ann\u00e9e 2019 ramen\u00e9 sur 12 mois.<\/p>\n<p>Pour rappel, cette condition de baisse de CA est valable pour le b\u00e9n\u00e9fice de l\u2019exon\u00e9ration et de l\u2019aide au paiement des cotisations sociales pour les employeurs dont l&#8217;activit\u00e9 est particuli\u00e8rement affect\u00e9e par la crise sanitaire mais \u00e9galement pour l\u2019application des dispositifs de r\u00e9duction des cotisations \u00e0 destination des travailleurs ind\u00e9pendants et d\u2019aide au paiement des micro-entrepreneurs les plus touch\u00e9s par la crise.<\/p>\n<ul>\n<li><strong> Application du dispositif aux entreprises de travail temporaire<\/strong><\/li>\n<\/ul>\n<p>Les entreprises de travail temporaire peuvent b\u00e9n\u00e9ficier, pour chaque mission, de cette exon\u00e9ration et aide au paiement, lorsque les entreprises utilisatrices auxquelles elles sont li\u00e9es par un contrat de mise \u00e0 disposition remplissent les conditions d\u2019effectifs.<\/p>\n<p>Attention toutefois, l&#8217;effectif pris en compte pour appr\u00e9cier cette condition est celui de l&#8217;entreprise de travail temporaire.<\/p>\n<p>Pour les salari\u00e9s en contrat de travail temporaire mis \u00e0 disposition aupr\u00e8s de plusieurs entreprises utilisatrices au cours des p\u00e9riodes d&#8217;emploi ouvrant lieu \u00e0 ces dispositifs, le b\u00e9n\u00e9fice de l&#8217;exon\u00e9ration et de l&#8217;aide au paiement est appr\u00e9ci\u00e9 pour chaque mission.<\/p>\n<ul>\n<li><strong> Application du dispositif aux groupements d\u2019employeurs <\/strong><\/li>\n<\/ul>\n<p>Pour les groupements d&#8217;employeur entrant dans le champ d\u2019une m\u00eame convention collective, les conditions li\u00e9es au secteur d&#8217;activit\u00e9, \u00e0 l&#8217;effectif et \u00e0 la baisse de chiffre d&#8217;affaires pris en compte pour d\u00e9terminer l&#8217;\u00e9ligibilit\u00e9 au dispositif sont appr\u00e9ci\u00e9es au niveau du groupement.<\/p>\n<ul>\n<li><strong> Application du dispositif aux entreprises contr\u00f4lant une ou plusieurs soci\u00e9t\u00e9s commerciales <\/strong><\/li>\n<\/ul>\n<p>Les entreprises qui contr\u00f4lent une ou plusieurs soci\u00e9t\u00e9s commerciales qui sont chacune \u00e9ligibles aux dispositifs d\u2019exon\u00e9ration et d\u2019aide au paiement des cotisations sociales b\u00e9n\u00e9ficient \u00e9galement de ces dispositifs lorsque la somme de leurs salari\u00e9s et des salari\u00e9s des entit\u00e9s li\u00e9es respecte la condition d&#8217;effectif fix\u00e9e pour leur mise en place.<\/p>\n<p>Pour pouvoir b\u00e9n\u00e9ficier de l\u2019aide, l\u2019employeur ne doit pas avoir \u00e9t\u00e9 condamn\u00e9 pour travail dissimul\u00e9 au cours des 5 ann\u00e9es pr\u00e9c\u00e9dentes.<\/p>\n<ul>\n<li><strong> Quelques limites \u00e0 l\u2019application du dispositif <\/strong><\/li>\n<\/ul>\n<p>Peuvent b\u00e9n\u00e9ficier de cette exon\u00e9ration totale des cotisations sociales, sous r\u00e9serve de respecter les conditions d\u2019\u00e9ligibilit\u00e9, les employeurs qui :<\/p>\n<ul>\n<li>ne sont pas des \u00e9tablissements de cr\u00e9dit ou des soci\u00e9t\u00e9s de financement ;<\/li>\n<li>ne remplissaient pas, au 31 d\u00e9cembre 2019, les conditions pour \u00eatre consid\u00e9r\u00e9s comme \u00ab entreprise en difficult\u00e9 \u00bb.<\/li>\n<\/ul>\n<p>Les entreprises de moins de 50 salari\u00e9s dont le chiffre d&#8217;affaires annuel ou le total de bilan annuel n&#8217;exc\u00e8de pas 10 M\u20ac et qui \u00e9taient consid\u00e9r\u00e9es comme \u00ab entreprise en difficult\u00e9 \u00bb au 31 d\u00e9cembre 2019 peuvent, par exception, b\u00e9n\u00e9ficier des dispositifs d\u2019exon\u00e9ration totale et d\u2019aide au paiement de leurs cotisations, d\u00e8s lors qu&#8217;elles ne font pas l&#8217;objet d&#8217;une proc\u00e9dure collective d&#8217;insolvabilit\u00e9 et ne b\u00e9n\u00e9ficient pas d&#8217;une aide au sauvetage ou d&#8217;une aide \u00e0 la restructuration.<\/p>\n<p>Le montant cumul\u00e9 per\u00e7u par l&#8217;employeur au titre des dispositifs d\u2019exon\u00e9ration et d\u2019aide au paiement des cotisations mis en place \u00e0 l\u2019occasion de la 1re et de la 2e vague de l\u2019\u00e9pid\u00e9mie ne peut exc\u00e9der 800 000\u20ac.<\/p>\n<p>Ce montant s&#8217;\u00e9l\u00e8ve \u00e0 120 000 \u20ac pour les employeurs dont l&#8217;activit\u00e9 principale rel\u00e8ve du secteur de la p\u00eache et de l&#8217;aquaculture et \u00e0 100 000 \u20ac pour ceux dont l&#8217;activit\u00e9 principale rel\u00e8ve du secteur de la production agricole primaire.<\/p>\n<p>Source :<\/p>\n<ul>\n<li><a href=\"https:\/\/www.legifrance.gouv.fr\/jorf\/id\/JORFTEXT000043070140\" target=\"_blank\" rel=\"noopener\">D\u00e9cret n\u00b0 2021-75 du 27 janvier 2021 relatif \u00e0 l&#8217;application des mesures concernant les cotisations et contributions sociales des entreprises, travailleurs ind\u00e9pendants et artistes-auteurs mentionn\u00e9es \u00e0 l&#8217;article 9 de la loi n\u00b0 2020-1576 du 14 d\u00e9cembre 2020 de financement de la s\u00e9curit\u00e9 sociale pour 2021<\/a><\/li>\n<li><a href=\"https:\/\/www.legifrance.gouv.fr\/jorf\/id\/JORFTEXT000042665307\" target=\"_blank\" rel=\"noopener\">Loi n\u00b0 2020-1576 du 14 d\u00e9cembre 2020 de financement de la s\u00e9curit\u00e9 sociale pour 2021<\/a><\/li>\n<\/ul>\n<p><a title=\"Titre WebLex - Coronavirus (COVID-19) et cotisations sociales : quoi de neuf pour les entreprises les plus touch\u00e9es par la 2\u00e8me vague de l\u2019\u00e9pid\u00e9mie ?\" href=\"https:\/\/www.weblex.fr\/weblex-actualite\/coronavirus-covid-19-et-cotisations-sociales-quoi-de-neuf-pour-les-entreprises-les-plus-touchees-par-la-2eme-vague-de-lepidemie\" rel=\"nofollow noopener\" target=\"_blank\">Coronavirus (COVID-19) et cotisations sociales : quoi de neuf pour les entreprises les plus touch\u00e9es par la 2\u00e8me vague de l\u2019\u00e9pid\u00e9mie ?<\/a> \u00a9 Copyright WebLex &#8211; 2021<\/p>\n<\/div>\n<p><img src='https:\/\/www.weblex.fr\/images\/flux_actus\/mathematiques.jpg'><\/p>\n","protected":false},"excerpt":{"rendered":"<p>Le gouvernement vient de d\u00e9finir les conditions de mise en \u0153uvre des dispositifs d&#8217;exon\u00e9ration et d&#8217;aide au paiement des cotisations sociales pour les employeurs dont l&#8217;activit\u00e9 est particuli\u00e8rement affect\u00e9e par la crise sanitaire. Explications\u2026<\/p>\n","protected":false},"author":0,"featured_media":3880,"comment_status":"open","ping_status":"closed","sticky":false,"template":"","format":"standard","meta":{"_acf_changed":false,"footnotes":""},"categories":[8,7],"tags":[],"class_list":["post-662","post","type-post","status-publish","format-standard","has-post-thumbnail","hentry","category-actu-sociale","category-actualites"],"acf":[],"yoast_head":"<!-- This site is optimized with the Yoast SEO plugin v27.2 - https:\/\/yoast.com\/product\/yoast-seo-wordpress\/ -->\n<title>Coronavirus (COVID-19) et cotisations sociales : quoi de neuf pour les entreprises les plus touch\u00e9es par la 2\u00e8me vague de l\u2019\u00e9pid\u00e9mie ? - Cabinet Magar<\/title>\n<meta name=\"robots\" content=\"index, follow, max-snippet:-1, max-image-preview:large, max-video-preview:-1\" \/>\n<link rel=\"canonical\" href=\"https:\/\/www.cabinet-magar.fr\/de\/actualites\/coronavirus-covid-19-et-cotisations-sociales-quoi-de-neuf-pour-les-entreprises-les-plus-touchees-par-la-2eme-vague-de-lepidemie\/\" \/>\n<meta property=\"og:locale\" content=\"de_DE\" \/>\n<meta property=\"og:type\" content=\"article\" \/>\n<meta property=\"og:title\" content=\"Coronavirus (COVID-19) et cotisations sociales : quoi de neuf pour les entreprises les plus touch\u00e9es par la 2\u00e8me vague de l\u2019\u00e9pid\u00e9mie ? - Cabinet Magar\" \/>\n<meta property=\"og:description\" content=\"Le gouvernement vient de d\u00e9finir les conditions de mise en \u0153uvre des dispositifs d&#039;exon\u00e9ration et d&#039;aide au paiement des cotisations sociales pour les employeurs dont l&#039;activit\u00e9 est particuli\u00e8rement affect\u00e9e par la crise sanitaire. Explications\u2026\" \/>\n<meta property=\"og:url\" content=\"https:\/\/www.cabinet-magar.fr\/de\/actualites\/coronavirus-covid-19-et-cotisations-sociales-quoi-de-neuf-pour-les-entreprises-les-plus-touchees-par-la-2eme-vague-de-lepidemie\/\" \/>\n<meta property=\"og:site_name\" content=\"Cabinet Magar\" \/>\n<meta property=\"article:published_time\" content=\"2021-01-29T04:45:00+00:00\" \/>\n<meta property=\"article:modified_time\" content=\"2021-04-11T01:00:41+00:00\" \/>\n<meta property=\"og:image\" content=\"https:\/\/www.cabinet-magar.fr\/wp-content\/uploads\/2021\/04\/mathematiques.jpg\" \/>\n\t<meta property=\"og:image:width\" content=\"600\" \/>\n\t<meta property=\"og:image:height\" content=\"400\" \/>\n\t<meta property=\"og:image:type\" content=\"image\/jpeg\" \/>\n<meta name=\"twitter:card\" content=\"summary_large_image\" \/>\n<meta name=\"twitter:label1\" content=\"Gesch\u00e4tzte Lesezeit\" \/>\n\t<meta name=\"twitter:data1\" content=\"7\u00a0Minuten\" \/>\n<script type=\"application\/ld+json\" class=\"yoast-schema-graph\">{\"@context\":\"https:\/\/schema.org\",\"@graph\":[{\"@type\":\"Article\",\"@id\":\"https:\/\/www.cabinet-magar.fr\/de\/actualites\/coronavirus-covid-19-et-cotisations-sociales-quoi-de-neuf-pour-les-entreprises-les-plus-touchees-par-la-2eme-vague-de-lepidemie\/#article\",\"isPartOf\":{\"@id\":\"https:\/\/www.cabinet-magar.fr\/de\/actualites\/coronavirus-covid-19-et-cotisations-sociales-quoi-de-neuf-pour-les-entreprises-les-plus-touchees-par-la-2eme-vague-de-lepidemie\/\"},\"author\":{\"name\":\"\",\"@id\":\"\"},\"headline\":\"Coronavirus (COVID-19) et cotisations sociales : quoi de neuf pour les entreprises les plus touch\u00e9es par la 2\u00e8me vague de l\u2019\u00e9pid\u00e9mie ?\",\"datePublished\":\"2021-01-29T04:45:00+00:00\",\"dateModified\":\"2021-04-11T01:00:41+00:00\",\"mainEntityOfPage\":{\"@id\":\"https:\/\/www.cabinet-magar.fr\/de\/actualites\/coronavirus-covid-19-et-cotisations-sociales-quoi-de-neuf-pour-les-entreprises-les-plus-touchees-par-la-2eme-vague-de-lepidemie\/\"},\"wordCount\":1510,\"commentCount\":0,\"image\":{\"@id\":\"https:\/\/www.cabinet-magar.fr\/de\/actualites\/coronavirus-covid-19-et-cotisations-sociales-quoi-de-neuf-pour-les-entreprises-les-plus-touchees-par-la-2eme-vague-de-lepidemie\/#primaryimage\"},\"thumbnailUrl\":\"https:\/\/www.cabinet-magar.fr\/wp-content\/uploads\/2021\/04\/mathematiques.jpg\",\"articleSection\":[\"Actu Sociale\",\"Actualit\u00e9s\"],\"inLanguage\":\"de\",\"potentialAction\":[{\"@type\":\"CommentAction\",\"name\":\"Comment\",\"target\":[\"https:\/\/www.cabinet-magar.fr\/de\/actualites\/coronavirus-covid-19-et-cotisations-sociales-quoi-de-neuf-pour-les-entreprises-les-plus-touchees-par-la-2eme-vague-de-lepidemie\/#respond\"]}]},{\"@type\":\"WebPage\",\"@id\":\"https:\/\/www.cabinet-magar.fr\/de\/actualites\/coronavirus-covid-19-et-cotisations-sociales-quoi-de-neuf-pour-les-entreprises-les-plus-touchees-par-la-2eme-vague-de-lepidemie\/\",\"url\":\"https:\/\/www.cabinet-magar.fr\/de\/actualites\/coronavirus-covid-19-et-cotisations-sociales-quoi-de-neuf-pour-les-entreprises-les-plus-touchees-par-la-2eme-vague-de-lepidemie\/\",\"name\":\"Coronavirus (COVID-19) et cotisations sociales : quoi de neuf pour les entreprises les plus touch\u00e9es par la 2\u00e8me vague de l\u2019\u00e9pid\u00e9mie ? - Cabinet Magar\",\"isPartOf\":{\"@id\":\"https:\/\/www.cabinet-magar.fr\/#website\"},\"primaryImageOfPage\":{\"@id\":\"https:\/\/www.cabinet-magar.fr\/de\/actualites\/coronavirus-covid-19-et-cotisations-sociales-quoi-de-neuf-pour-les-entreprises-les-plus-touchees-par-la-2eme-vague-de-lepidemie\/#primaryimage\"},\"image\":{\"@id\":\"https:\/\/www.cabinet-magar.fr\/de\/actualites\/coronavirus-covid-19-et-cotisations-sociales-quoi-de-neuf-pour-les-entreprises-les-plus-touchees-par-la-2eme-vague-de-lepidemie\/#primaryimage\"},\"thumbnailUrl\":\"https:\/\/www.cabinet-magar.fr\/wp-content\/uploads\/2021\/04\/mathematiques.jpg\",\"datePublished\":\"2021-01-29T04:45:00+00:00\",\"dateModified\":\"2021-04-11T01:00:41+00:00\",\"author\":{\"@id\":\"\"},\"breadcrumb\":{\"@id\":\"https:\/\/www.cabinet-magar.fr\/de\/actualites\/coronavirus-covid-19-et-cotisations-sociales-quoi-de-neuf-pour-les-entreprises-les-plus-touchees-par-la-2eme-vague-de-lepidemie\/#breadcrumb\"},\"inLanguage\":\"de\",\"potentialAction\":[{\"@type\":\"ReadAction\",\"target\":[\"https:\/\/www.cabinet-magar.fr\/de\/actualites\/coronavirus-covid-19-et-cotisations-sociales-quoi-de-neuf-pour-les-entreprises-les-plus-touchees-par-la-2eme-vague-de-lepidemie\/\"]}]},{\"@type\":\"ImageObject\",\"inLanguage\":\"de\",\"@id\":\"https:\/\/www.cabinet-magar.fr\/de\/actualites\/coronavirus-covid-19-et-cotisations-sociales-quoi-de-neuf-pour-les-entreprises-les-plus-touchees-par-la-2eme-vague-de-lepidemie\/#primaryimage\",\"url\":\"https:\/\/www.cabinet-magar.fr\/wp-content\/uploads\/2021\/04\/mathematiques.jpg\",\"contentUrl\":\"https:\/\/www.cabinet-magar.fr\/wp-content\/uploads\/2021\/04\/mathematiques.jpg\",\"width\":600,\"height\":400},{\"@type\":\"BreadcrumbList\",\"@id\":\"https:\/\/www.cabinet-magar.fr\/de\/actualites\/coronavirus-covid-19-et-cotisations-sociales-quoi-de-neuf-pour-les-entreprises-les-plus-touchees-par-la-2eme-vague-de-lepidemie\/#breadcrumb\",\"itemListElement\":[{\"@type\":\"ListItem\",\"position\":1,\"name\":\"Accueil\",\"item\":\"https:\/\/www.cabinet-magar.fr\/de\/\"},{\"@type\":\"ListItem\",\"position\":2,\"name\":\"Coronavirus (COVID-19) et cotisations sociales : quoi de neuf pour les entreprises les plus touch\u00e9es par la 2\u00e8me vague de l\u2019\u00e9pid\u00e9mie ?\"}]},{\"@type\":\"WebSite\",\"@id\":\"https:\/\/www.cabinet-magar.fr\/#website\",\"url\":\"https:\/\/www.cabinet-magar.fr\/\",\"name\":\"Cabinet Magar\",\"description\":\"\",\"potentialAction\":[{\"@type\":\"SearchAction\",\"target\":{\"@type\":\"EntryPoint\",\"urlTemplate\":\"https:\/\/www.cabinet-magar.fr\/?s={search_term_string}\"},\"query-input\":{\"@type\":\"PropertyValueSpecification\",\"valueRequired\":true,\"valueName\":\"search_term_string\"}}],\"inLanguage\":\"de\"}]}<\/script>\n<!-- \/ Yoast SEO plugin. -->","yoast_head_json":{"title":"Coronavirus (COVID-19) et cotisations sociales : quoi de neuf pour les entreprises les plus touch\u00e9es par la 2\u00e8me vague de l\u2019\u00e9pid\u00e9mie ? - Cabinet Magar","robots":{"index":"index","follow":"follow","max-snippet":"max-snippet:-1","max-image-preview":"max-image-preview:large","max-video-preview":"max-video-preview:-1"},"canonical":"https:\/\/www.cabinet-magar.fr\/de\/actualites\/coronavirus-covid-19-et-cotisations-sociales-quoi-de-neuf-pour-les-entreprises-les-plus-touchees-par-la-2eme-vague-de-lepidemie\/","og_locale":"de_DE","og_type":"article","og_title":"Coronavirus (COVID-19) et cotisations sociales : quoi de neuf pour les entreprises les plus touch\u00e9es par la 2\u00e8me vague de l\u2019\u00e9pid\u00e9mie ? - Cabinet Magar","og_description":"Le gouvernement vient de d\u00e9finir les conditions de mise en \u0153uvre des dispositifs d'exon\u00e9ration et d'aide au paiement des cotisations sociales pour les employeurs dont l'activit\u00e9 est particuli\u00e8rement affect\u00e9e par la crise sanitaire. Explications\u2026","og_url":"https:\/\/www.cabinet-magar.fr\/de\/actualites\/coronavirus-covid-19-et-cotisations-sociales-quoi-de-neuf-pour-les-entreprises-les-plus-touchees-par-la-2eme-vague-de-lepidemie\/","og_site_name":"Cabinet Magar","article_published_time":"2021-01-29T04:45:00+00:00","article_modified_time":"2021-04-11T01:00:41+00:00","og_image":[{"width":600,"height":400,"url":"https:\/\/www.cabinet-magar.fr\/wp-content\/uploads\/2021\/04\/mathematiques.jpg","type":"image\/jpeg"}],"twitter_card":"summary_large_image","twitter_misc":{"Gesch\u00e4tzte Lesezeit":"7\u00a0Minuten"},"schema":{"@context":"https:\/\/schema.org","@graph":[{"@type":"Article","@id":"https:\/\/www.cabinet-magar.fr\/de\/actualites\/coronavirus-covid-19-et-cotisations-sociales-quoi-de-neuf-pour-les-entreprises-les-plus-touchees-par-la-2eme-vague-de-lepidemie\/#article","isPartOf":{"@id":"https:\/\/www.cabinet-magar.fr\/de\/actualites\/coronavirus-covid-19-et-cotisations-sociales-quoi-de-neuf-pour-les-entreprises-les-plus-touchees-par-la-2eme-vague-de-lepidemie\/"},"author":{"name":"","@id":""},"headline":"Coronavirus (COVID-19) et cotisations sociales : quoi de neuf pour les entreprises les plus touch\u00e9es par la 2\u00e8me vague de l\u2019\u00e9pid\u00e9mie ?","datePublished":"2021-01-29T04:45:00+00:00","dateModified":"2021-04-11T01:00:41+00:00","mainEntityOfPage":{"@id":"https:\/\/www.cabinet-magar.fr\/de\/actualites\/coronavirus-covid-19-et-cotisations-sociales-quoi-de-neuf-pour-les-entreprises-les-plus-touchees-par-la-2eme-vague-de-lepidemie\/"},"wordCount":1510,"commentCount":0,"image":{"@id":"https:\/\/www.cabinet-magar.fr\/de\/actualites\/coronavirus-covid-19-et-cotisations-sociales-quoi-de-neuf-pour-les-entreprises-les-plus-touchees-par-la-2eme-vague-de-lepidemie\/#primaryimage"},"thumbnailUrl":"https:\/\/www.cabinet-magar.fr\/wp-content\/uploads\/2021\/04\/mathematiques.jpg","articleSection":["Actu Sociale","Actualit\u00e9s"],"inLanguage":"de","potentialAction":[{"@type":"CommentAction","name":"Comment","target":["https:\/\/www.cabinet-magar.fr\/de\/actualites\/coronavirus-covid-19-et-cotisations-sociales-quoi-de-neuf-pour-les-entreprises-les-plus-touchees-par-la-2eme-vague-de-lepidemie\/#respond"]}]},{"@type":"WebPage","@id":"https:\/\/www.cabinet-magar.fr\/de\/actualites\/coronavirus-covid-19-et-cotisations-sociales-quoi-de-neuf-pour-les-entreprises-les-plus-touchees-par-la-2eme-vague-de-lepidemie\/","url":"https:\/\/www.cabinet-magar.fr\/de\/actualites\/coronavirus-covid-19-et-cotisations-sociales-quoi-de-neuf-pour-les-entreprises-les-plus-touchees-par-la-2eme-vague-de-lepidemie\/","name":"Coronavirus (COVID-19) et cotisations sociales : quoi de neuf pour les entreprises les plus touch\u00e9es par la 2\u00e8me vague de l\u2019\u00e9pid\u00e9mie ? - Cabinet Magar","isPartOf":{"@id":"https:\/\/www.cabinet-magar.fr\/#website"},"primaryImageOfPage":{"@id":"https:\/\/www.cabinet-magar.fr\/de\/actualites\/coronavirus-covid-19-et-cotisations-sociales-quoi-de-neuf-pour-les-entreprises-les-plus-touchees-par-la-2eme-vague-de-lepidemie\/#primaryimage"},"image":{"@id":"https:\/\/www.cabinet-magar.fr\/de\/actualites\/coronavirus-covid-19-et-cotisations-sociales-quoi-de-neuf-pour-les-entreprises-les-plus-touchees-par-la-2eme-vague-de-lepidemie\/#primaryimage"},"thumbnailUrl":"https:\/\/www.cabinet-magar.fr\/wp-content\/uploads\/2021\/04\/mathematiques.jpg","datePublished":"2021-01-29T04:45:00+00:00","dateModified":"2021-04-11T01:00:41+00:00","author":{"@id":""},"breadcrumb":{"@id":"https:\/\/www.cabinet-magar.fr\/de\/actualites\/coronavirus-covid-19-et-cotisations-sociales-quoi-de-neuf-pour-les-entreprises-les-plus-touchees-par-la-2eme-vague-de-lepidemie\/#breadcrumb"},"inLanguage":"de","potentialAction":[{"@type":"ReadAction","target":["https:\/\/www.cabinet-magar.fr\/de\/actualites\/coronavirus-covid-19-et-cotisations-sociales-quoi-de-neuf-pour-les-entreprises-les-plus-touchees-par-la-2eme-vague-de-lepidemie\/"]}]},{"@type":"ImageObject","inLanguage":"de","@id":"https:\/\/www.cabinet-magar.fr\/de\/actualites\/coronavirus-covid-19-et-cotisations-sociales-quoi-de-neuf-pour-les-entreprises-les-plus-touchees-par-la-2eme-vague-de-lepidemie\/#primaryimage","url":"https:\/\/www.cabinet-magar.fr\/wp-content\/uploads\/2021\/04\/mathematiques.jpg","contentUrl":"https:\/\/www.cabinet-magar.fr\/wp-content\/uploads\/2021\/04\/mathematiques.jpg","width":600,"height":400},{"@type":"BreadcrumbList","@id":"https:\/\/www.cabinet-magar.fr\/de\/actualites\/coronavirus-covid-19-et-cotisations-sociales-quoi-de-neuf-pour-les-entreprises-les-plus-touchees-par-la-2eme-vague-de-lepidemie\/#breadcrumb","itemListElement":[{"@type":"ListItem","position":1,"name":"Accueil","item":"https:\/\/www.cabinet-magar.fr\/de\/"},{"@type":"ListItem","position":2,"name":"Coronavirus (COVID-19) et cotisations sociales : quoi de neuf pour les entreprises les plus touch\u00e9es par la 2\u00e8me vague de l\u2019\u00e9pid\u00e9mie ?"}]},{"@type":"WebSite","@id":"https:\/\/www.cabinet-magar.fr\/#website","url":"https:\/\/www.cabinet-magar.fr\/","name":"Cabinet Magar","description":"","potentialAction":[{"@type":"SearchAction","target":{"@type":"EntryPoint","urlTemplate":"https:\/\/www.cabinet-magar.fr\/?s={search_term_string}"},"query-input":{"@type":"PropertyValueSpecification","valueRequired":true,"valueName":"search_term_string"}}],"inLanguage":"de"}]}},"_links":{"self":[{"href":"https:\/\/www.cabinet-magar.fr\/de\/wp-json\/wp\/v2\/posts\/662","targetHints":{"allow":["GET"]}}],"collection":[{"href":"https:\/\/www.cabinet-magar.fr\/de\/wp-json\/wp\/v2\/posts"}],"about":[{"href":"https:\/\/www.cabinet-magar.fr\/de\/wp-json\/wp\/v2\/types\/post"}],"replies":[{"embeddable":true,"href":"https:\/\/www.cabinet-magar.fr\/de\/wp-json\/wp\/v2\/comments?post=662"}],"version-history":[{"count":1,"href":"https:\/\/www.cabinet-magar.fr\/de\/wp-json\/wp\/v2\/posts\/662\/revisions"}],"predecessor-version":[{"id":3879,"href":"https:\/\/www.cabinet-magar.fr\/de\/wp-json\/wp\/v2\/posts\/662\/revisions\/3879"}],"wp:featuredmedia":[{"embeddable":true,"href":"https:\/\/www.cabinet-magar.fr\/de\/wp-json\/wp\/v2\/media\/3880"}],"wp:attachment":[{"href":"https:\/\/www.cabinet-magar.fr\/de\/wp-json\/wp\/v2\/media?parent=662"}],"wp:term":[{"taxonomy":"category","embeddable":true,"href":"https:\/\/www.cabinet-magar.fr\/de\/wp-json\/wp\/v2\/categories?post=662"},{"taxonomy":"post_tag","embeddable":true,"href":"https:\/\/www.cabinet-magar.fr\/de\/wp-json\/wp\/v2\/tags?post=662"}],"curies":[{"name":"wp","href":"https:\/\/api.w.org\/{rel}","templated":true}]}}