{"id":660,"date":"2021-01-29T05:45:00","date_gmt":"2021-01-29T04:45:00","guid":{"rendered":"https:\/\/www.cabinet-magar.fr\/coronavirus-covid-19-et-fonds-de-solidarite-divers-amenagements-pour-laide-de-decembre-2020\/"},"modified":"2021-04-11T03:00:34","modified_gmt":"2021-04-11T01:00:34","slug":"coronavirus-covid-19-et-fonds-de-solidarite-divers-amenagements-pour-laide-de-decembre-2020","status":"publish","type":"post","link":"https:\/\/www.cabinet-magar.fr\/de\/actualites\/coronavirus-covid-19-et-fonds-de-solidarite-divers-amenagements-pour-laide-de-decembre-2020\/","title":{"rendered":"Coronavirus (COVID-19) et Fonds de solidarit\u00e9 : divers am\u00e9nagements pour l\u2019aide de d\u00e9cembre 2020"},"content":{"rendered":"<p >Le Fonds de solidarit\u00e9 soutient financi\u00e8rement les entreprises touch\u00e9es par la crise, notamment au titre du mois de d\u00e9cembre 2020. Quelques am\u00e9nagements viennent d\u2019\u00eatre apport\u00e9s au dispositif existant : lesquels ?<\/p>\n<div>\n<h2> Coronavirus (COVID-19) : concernant l\u2019aide existante vers\u00e9e au titre du mois de d\u00e9cembre 2020<\/h2>\n<p>Pour rappel, le Fonds de solidarit\u00e9 verse, toutes conditions remplies, une aide financi\u00e8re aux entreprises mises en difficult\u00e9 par la crise au cours du mois de d\u00e9cembre 2020.<\/p>\n<p>Le montant de cette aide varie notamment selon que l\u2019entreprise a fait l\u2019objet d\u2019une interdiction d\u2019accueil du public au cours du mois de d\u00e9cembre 2020ou exerce son activit\u00e9 dans un secteur identifi\u00e9 comme prioritairement touch\u00e9s par la crise (regroup\u00e9s en S1 et S1 bis).<\/p>\n<ul>\n<li><strong> Mise \u00e0 jour du secteur S1 bis <\/strong><\/li>\n<\/ul>\n<p>Pour m\u00e9moire, le secteur S1 bis liste les activit\u00e9s consid\u00e9r\u00e9es comme connexes \u00e0 celles prioritairement impact\u00e9es par la crise sanitaire.<\/p>\n<p>Cette liste vient d\u2019\u00eatre mise \u00e0 jour : les exploitations agricoles des fili\u00e8res dites festives font partie du secteur S1 bis lorsqu&#8217;au moins 50 % du chiffre d&#8217;affaires (CA) est r\u00e9alis\u00e9 avec une ou des entreprises du secteur de la restauration ou (et c\u2019est une nouveaut\u00e9) du secteur de la chasse.<\/p>\n<ul>\n<li><strong> Concernant les entreprises du secteur S1<\/strong><\/li>\n<\/ul>\n<p>Concernant l\u2019aide vers\u00e9e au titre du mois de d\u00e9cembre 2020 aux entreprises exer\u00e7ant leur activit\u00e9 principale dans un secteur relevant du secteur S1, il est d\u00e9sormais pr\u00e9cis\u00e9 que la liste des activit\u00e9s concern\u00e9es est celle en vigueur au 30 janvier 2021.<\/p>\n<ul>\n<li><strong> Concernant les entreprises du secteur S1 bis <\/strong><\/li>\n<\/ul>\n<p>Il en est de m\u00eame de l\u2019aide vers\u00e9e au titre du mois de d\u00e9cembre 2020 aux entreprises dont l\u2019activit\u00e9 principale rel\u00e8ve du secteur S1 bis, que celles-ci aient d\u00e9but\u00e9 leur activit\u00e9 avant le 31 d\u00e9cembre 2019, ou apr\u00e8s le 1er janvier 2020 : la liste S1 bis \u00e0 prendre en compte est celle en vigueur au 30 janvier 2021.<\/p>\n<p>Pour m\u00e9moire, les entreprises ayant d\u00e9but\u00e9 leur activit\u00e9 apr\u00e8s le 1er janvier 2020 et qui exercent leur activit\u00e9 principale dans un secteur mentionn\u00e9 en S1 bis per\u00e7oivent une subvention \u00e9gale \u00e0 80 % de la perte de chiffre d\u2019affaires (CA) dans la limite de 10 000 \u20ac d\u00e8s lors qu\u2019elles ont subi une perte de CA d&#8217;au moins 80 % durant la p\u00e9riode comprise entre le 1er novembre 2020 et le 30 novembre 2020 par rapport au CA r\u00e9alis\u00e9 entre la date de cr\u00e9ation de l&#8217;entreprise et le 30 novembre 2020 ramen\u00e9 sur un mois.<\/p>\n<p>Cette disposition est am\u00e9nag\u00e9e : il est pr\u00e9vu que les entreprises ayant d\u00e9but\u00e9 leur activit\u00e9 apr\u00e8s le 1er janvier 2020 et qui exercent leur activit\u00e9 principale dans un secteur mentionn\u00e9 en S1 bis per\u00e7oivent une telle subvention si elles ont subi une perte de CA d\u2019au moins 80 % durant la p\u00e9riode comprise entre le 1er et le 30 novembre 2020 par rapport au CA r\u00e9alis\u00e9 entre la date de cr\u00e9ation de l\u2019entreprise et le 31 octobre 2020 (et non plus le 30 novembre 2020) ramen\u00e9 sur un mois.<\/p>\n<ul>\n<li><strong> Concernant le document \u00e9tabli par un expert-comptable <\/strong><\/li>\n<\/ul>\n<p>Pour m\u00e9moire, pour certaines entreprises exer\u00e7ant leur activit\u00e9 principale dans un secteur relevant de S1 bis, il est n\u00e9cessaire de joindre \u00e0 la demande d\u2019aide au titre du mois de d\u00e9cembre 2020 une d\u00e9claration sur l&#8217;honneur indiquant qu\u2019elles disposent du document \u00e9tabli par un expert-comptable, tiers de confiance, attestant que l&#8217;entreprise remplit les crit\u00e8res pr\u00e9vus par la Loi.<\/p>\n<p>Il est d\u00e9sormais pr\u00e9vu que la liste des activit\u00e9s concern\u00e9es est celle figurant en S1 bis dans sa version en vigueur au 30 janvier 2021.<\/p>\n<p>Source : D\u00e9cret n\u00b0 2021-79 du 28 janvier 2021 relatif au fonds de solidarit\u00e9 \u00e0 destination des entreprises particuli\u00e8rement touch\u00e9es par les cons\u00e9quences \u00e9conomiques, financi\u00e8res et sociales de la propagation de l&#8217;\u00e9pid\u00e9mie de covid-19 et des mesures prises pour limiter cette propagation<\/p>\n<p><a title=\"Titre WebLex - Coronavirus (COVID-19) et Fonds de solidarit\u00e9 : divers am\u00e9nagements pour l\u2019aide de d\u00e9cembre 2020\" href=\"https:\/\/www.weblex.fr\/weblex-actualite\/coronavirus-covid-19-et-fonds-de-solidarite-divers-amenagements-pour-laide-de-decembre-2020\" rel=\"nofollow noopener\" target=\"_blank\">Coronavirus (COVID-19) et Fonds de solidarit\u00e9 : divers am\u00e9nagements pour l\u2019aide de d\u00e9cembre 2020<\/a> \u00a9 Copyright WebLex &#8211; 2021<\/p>\n<\/div>\n<p><img src='https:\/\/www.weblex.fr\/images\/flux_actus\/aidefinanciere.jpg'><\/p>\n","protected":false},"excerpt":{"rendered":"<p>Le Fonds de solidarit\u00e9 soutient financi\u00e8rement les entreprises touch\u00e9es par la crise, notamment au titre du mois de d\u00e9cembre 2020. Quelques am\u00e9nagements viennent d\u2019\u00eatre apport\u00e9s au dispositif existant : lesquels ?<\/p>\n","protected":false},"author":0,"featured_media":3877,"comment_status":"open","ping_status":"closed","sticky":false,"template":"","format":"standard","meta":{"_acf_changed":false,"footnotes":""},"categories":[9,7],"tags":[],"class_list":["post-660","post","type-post","status-publish","format-standard","has-post-thumbnail","hentry","category-actu-juridique","category-actualites"],"acf":[],"yoast_head":"<!-- This site is optimized with the Yoast SEO plugin v27.2 - https:\/\/yoast.com\/product\/yoast-seo-wordpress\/ -->\n<title>Coronavirus (COVID-19) et Fonds de solidarit\u00e9 : divers am\u00e9nagements pour l\u2019aide de d\u00e9cembre 2020 - Cabinet Magar<\/title>\n<meta name=\"robots\" content=\"index, follow, max-snippet:-1, max-image-preview:large, max-video-preview:-1\" \/>\n<link rel=\"canonical\" href=\"https:\/\/www.cabinet-magar.fr\/actualites\/coronavirus-covid-19-et-fonds-de-solidarite-divers-amenagements-pour-laide-de-decembre-2020\/\" \/>\n<meta property=\"og:locale\" content=\"de_DE\" \/>\n<meta property=\"og:type\" content=\"article\" \/>\n<meta property=\"og:title\" content=\"Coronavirus (COVID-19) et Fonds de solidarit\u00e9 : divers am\u00e9nagements pour l\u2019aide de d\u00e9cembre 2020 - Cabinet Magar\" \/>\n<meta property=\"og:description\" content=\"Le Fonds de solidarit\u00e9 soutient financi\u00e8rement les entreprises touch\u00e9es par la crise, notamment au titre du mois de d\u00e9cembre 2020. Quelques am\u00e9nagements viennent d\u2019\u00eatre apport\u00e9s au dispositif existant : lesquels ?\" \/>\n<meta property=\"og:url\" content=\"https:\/\/www.cabinet-magar.fr\/actualites\/coronavirus-covid-19-et-fonds-de-solidarite-divers-amenagements-pour-laide-de-decembre-2020\/\" \/>\n<meta property=\"og:site_name\" content=\"Cabinet Magar\" \/>\n<meta property=\"article:published_time\" content=\"2021-01-29T04:45:00+00:00\" \/>\n<meta property=\"article:modified_time\" content=\"2021-04-11T01:00:34+00:00\" \/>\n<meta property=\"og:image\" content=\"https:\/\/www.cabinet-magar.fr\/wp-content\/uploads\/2021\/04\/aidefinanciere.jpg\" \/>\n\t<meta property=\"og:image:width\" content=\"600\" \/>\n\t<meta property=\"og:image:height\" content=\"400\" \/>\n\t<meta property=\"og:image:type\" content=\"image\/jpeg\" \/>\n<meta name=\"twitter:card\" content=\"summary_large_image\" \/>\n<meta name=\"twitter:label1\" content=\"Gesch\u00e4tzte Lesezeit\" \/>\n\t<meta name=\"twitter:data1\" content=\"3\u00a0Minuten\" \/>\n<script type=\"application\/ld+json\" class=\"yoast-schema-graph\">{\"@context\":\"https:\/\/schema.org\",\"@graph\":[{\"@type\":\"Article\",\"@id\":\"https:\/\/www.cabinet-magar.fr\/actualites\/coronavirus-covid-19-et-fonds-de-solidarite-divers-amenagements-pour-laide-de-decembre-2020\/#article\",\"isPartOf\":{\"@id\":\"https:\/\/www.cabinet-magar.fr\/actualites\/coronavirus-covid-19-et-fonds-de-solidarite-divers-amenagements-pour-laide-de-decembre-2020\/\"},\"author\":{\"name\":\"\",\"@id\":\"\"},\"headline\":\"Coronavirus (COVID-19) et Fonds de solidarit\u00e9 : divers am\u00e9nagements pour l\u2019aide de d\u00e9cembre 2020\",\"datePublished\":\"2021-01-29T04:45:00+00:00\",\"dateModified\":\"2021-04-11T01:00:34+00:00\",\"mainEntityOfPage\":{\"@id\":\"https:\/\/www.cabinet-magar.fr\/actualites\/coronavirus-covid-19-et-fonds-de-solidarite-divers-amenagements-pour-laide-de-decembre-2020\/\"},\"wordCount\":693,\"commentCount\":0,\"image\":{\"@id\":\"https:\/\/www.cabinet-magar.fr\/actualites\/coronavirus-covid-19-et-fonds-de-solidarite-divers-amenagements-pour-laide-de-decembre-2020\/#primaryimage\"},\"thumbnailUrl\":\"https:\/\/www.cabinet-magar.fr\/wp-content\/uploads\/2021\/04\/aidefinanciere.jpg\",\"articleSection\":[\"Actu Juridique\",\"Actualit\u00e9s\"],\"inLanguage\":\"de\",\"potentialAction\":[{\"@type\":\"CommentAction\",\"name\":\"Comment\",\"target\":[\"https:\/\/www.cabinet-magar.fr\/actualites\/coronavirus-covid-19-et-fonds-de-solidarite-divers-amenagements-pour-laide-de-decembre-2020\/#respond\"]}]},{\"@type\":\"WebPage\",\"@id\":\"https:\/\/www.cabinet-magar.fr\/actualites\/coronavirus-covid-19-et-fonds-de-solidarite-divers-amenagements-pour-laide-de-decembre-2020\/\",\"url\":\"https:\/\/www.cabinet-magar.fr\/actualites\/coronavirus-covid-19-et-fonds-de-solidarite-divers-amenagements-pour-laide-de-decembre-2020\/\",\"name\":\"Coronavirus (COVID-19) et Fonds de solidarit\u00e9 : divers am\u00e9nagements pour l\u2019aide de d\u00e9cembre 2020 - Cabinet Magar\",\"isPartOf\":{\"@id\":\"https:\/\/www.cabinet-magar.fr\/#website\"},\"primaryImageOfPage\":{\"@id\":\"https:\/\/www.cabinet-magar.fr\/actualites\/coronavirus-covid-19-et-fonds-de-solidarite-divers-amenagements-pour-laide-de-decembre-2020\/#primaryimage\"},\"image\":{\"@id\":\"https:\/\/www.cabinet-magar.fr\/actualites\/coronavirus-covid-19-et-fonds-de-solidarite-divers-amenagements-pour-laide-de-decembre-2020\/#primaryimage\"},\"thumbnailUrl\":\"https:\/\/www.cabinet-magar.fr\/wp-content\/uploads\/2021\/04\/aidefinanciere.jpg\",\"datePublished\":\"2021-01-29T04:45:00+00:00\",\"dateModified\":\"2021-04-11T01:00:34+00:00\",\"author\":{\"@id\":\"\"},\"breadcrumb\":{\"@id\":\"https:\/\/www.cabinet-magar.fr\/actualites\/coronavirus-covid-19-et-fonds-de-solidarite-divers-amenagements-pour-laide-de-decembre-2020\/#breadcrumb\"},\"inLanguage\":\"de\",\"potentialAction\":[{\"@type\":\"ReadAction\",\"target\":[\"https:\/\/www.cabinet-magar.fr\/actualites\/coronavirus-covid-19-et-fonds-de-solidarite-divers-amenagements-pour-laide-de-decembre-2020\/\"]}]},{\"@type\":\"ImageObject\",\"inLanguage\":\"de\",\"@id\":\"https:\/\/www.cabinet-magar.fr\/actualites\/coronavirus-covid-19-et-fonds-de-solidarite-divers-amenagements-pour-laide-de-decembre-2020\/#primaryimage\",\"url\":\"https:\/\/www.cabinet-magar.fr\/wp-content\/uploads\/2021\/04\/aidefinanciere.jpg\",\"contentUrl\":\"https:\/\/www.cabinet-magar.fr\/wp-content\/uploads\/2021\/04\/aidefinanciere.jpg\",\"width\":600,\"height\":400},{\"@type\":\"BreadcrumbList\",\"@id\":\"https:\/\/www.cabinet-magar.fr\/actualites\/coronavirus-covid-19-et-fonds-de-solidarite-divers-amenagements-pour-laide-de-decembre-2020\/#breadcrumb\",\"itemListElement\":[{\"@type\":\"ListItem\",\"position\":1,\"name\":\"Accueil\",\"item\":\"https:\/\/www.cabinet-magar.fr\/de\/\"},{\"@type\":\"ListItem\",\"position\":2,\"name\":\"Coronavirus (COVID-19) et Fonds de solidarit\u00e9 : divers am\u00e9nagements pour l\u2019aide de d\u00e9cembre 2020\"}]},{\"@type\":\"WebSite\",\"@id\":\"https:\/\/www.cabinet-magar.fr\/#website\",\"url\":\"https:\/\/www.cabinet-magar.fr\/\",\"name\":\"Cabinet Magar\",\"description\":\"\",\"potentialAction\":[{\"@type\":\"SearchAction\",\"target\":{\"@type\":\"EntryPoint\",\"urlTemplate\":\"https:\/\/www.cabinet-magar.fr\/?s={search_term_string}\"},\"query-input\":{\"@type\":\"PropertyValueSpecification\",\"valueRequired\":true,\"valueName\":\"search_term_string\"}}],\"inLanguage\":\"de\"}]}<\/script>\n<!-- \/ Yoast SEO plugin. -->","yoast_head_json":{"title":"Coronavirus (COVID-19) et Fonds de solidarit\u00e9 : divers am\u00e9nagements pour l\u2019aide de d\u00e9cembre 2020 - Cabinet Magar","robots":{"index":"index","follow":"follow","max-snippet":"max-snippet:-1","max-image-preview":"max-image-preview:large","max-video-preview":"max-video-preview:-1"},"canonical":"https:\/\/www.cabinet-magar.fr\/actualites\/coronavirus-covid-19-et-fonds-de-solidarite-divers-amenagements-pour-laide-de-decembre-2020\/","og_locale":"de_DE","og_type":"article","og_title":"Coronavirus (COVID-19) et Fonds de solidarit\u00e9 : divers am\u00e9nagements pour l\u2019aide de d\u00e9cembre 2020 - Cabinet Magar","og_description":"Le Fonds de solidarit\u00e9 soutient financi\u00e8rement les entreprises touch\u00e9es par la crise, notamment au titre du mois de d\u00e9cembre 2020. Quelques am\u00e9nagements viennent d\u2019\u00eatre apport\u00e9s au dispositif existant : lesquels ?","og_url":"https:\/\/www.cabinet-magar.fr\/actualites\/coronavirus-covid-19-et-fonds-de-solidarite-divers-amenagements-pour-laide-de-decembre-2020\/","og_site_name":"Cabinet Magar","article_published_time":"2021-01-29T04:45:00+00:00","article_modified_time":"2021-04-11T01:00:34+00:00","og_image":[{"width":600,"height":400,"url":"https:\/\/www.cabinet-magar.fr\/wp-content\/uploads\/2021\/04\/aidefinanciere.jpg","type":"image\/jpeg"}],"twitter_card":"summary_large_image","twitter_misc":{"Gesch\u00e4tzte Lesezeit":"3\u00a0Minuten"},"schema":{"@context":"https:\/\/schema.org","@graph":[{"@type":"Article","@id":"https:\/\/www.cabinet-magar.fr\/actualites\/coronavirus-covid-19-et-fonds-de-solidarite-divers-amenagements-pour-laide-de-decembre-2020\/#article","isPartOf":{"@id":"https:\/\/www.cabinet-magar.fr\/actualites\/coronavirus-covid-19-et-fonds-de-solidarite-divers-amenagements-pour-laide-de-decembre-2020\/"},"author":{"name":"","@id":""},"headline":"Coronavirus (COVID-19) et Fonds de solidarit\u00e9 : divers am\u00e9nagements pour l\u2019aide de d\u00e9cembre 2020","datePublished":"2021-01-29T04:45:00+00:00","dateModified":"2021-04-11T01:00:34+00:00","mainEntityOfPage":{"@id":"https:\/\/www.cabinet-magar.fr\/actualites\/coronavirus-covid-19-et-fonds-de-solidarite-divers-amenagements-pour-laide-de-decembre-2020\/"},"wordCount":693,"commentCount":0,"image":{"@id":"https:\/\/www.cabinet-magar.fr\/actualites\/coronavirus-covid-19-et-fonds-de-solidarite-divers-amenagements-pour-laide-de-decembre-2020\/#primaryimage"},"thumbnailUrl":"https:\/\/www.cabinet-magar.fr\/wp-content\/uploads\/2021\/04\/aidefinanciere.jpg","articleSection":["Actu Juridique","Actualit\u00e9s"],"inLanguage":"de","potentialAction":[{"@type":"CommentAction","name":"Comment","target":["https:\/\/www.cabinet-magar.fr\/actualites\/coronavirus-covid-19-et-fonds-de-solidarite-divers-amenagements-pour-laide-de-decembre-2020\/#respond"]}]},{"@type":"WebPage","@id":"https:\/\/www.cabinet-magar.fr\/actualites\/coronavirus-covid-19-et-fonds-de-solidarite-divers-amenagements-pour-laide-de-decembre-2020\/","url":"https:\/\/www.cabinet-magar.fr\/actualites\/coronavirus-covid-19-et-fonds-de-solidarite-divers-amenagements-pour-laide-de-decembre-2020\/","name":"Coronavirus (COVID-19) et Fonds de solidarit\u00e9 : divers am\u00e9nagements pour l\u2019aide de d\u00e9cembre 2020 - Cabinet Magar","isPartOf":{"@id":"https:\/\/www.cabinet-magar.fr\/#website"},"primaryImageOfPage":{"@id":"https:\/\/www.cabinet-magar.fr\/actualites\/coronavirus-covid-19-et-fonds-de-solidarite-divers-amenagements-pour-laide-de-decembre-2020\/#primaryimage"},"image":{"@id":"https:\/\/www.cabinet-magar.fr\/actualites\/coronavirus-covid-19-et-fonds-de-solidarite-divers-amenagements-pour-laide-de-decembre-2020\/#primaryimage"},"thumbnailUrl":"https:\/\/www.cabinet-magar.fr\/wp-content\/uploads\/2021\/04\/aidefinanciere.jpg","datePublished":"2021-01-29T04:45:00+00:00","dateModified":"2021-04-11T01:00:34+00:00","author":{"@id":""},"breadcrumb":{"@id":"https:\/\/www.cabinet-magar.fr\/actualites\/coronavirus-covid-19-et-fonds-de-solidarite-divers-amenagements-pour-laide-de-decembre-2020\/#breadcrumb"},"inLanguage":"de","potentialAction":[{"@type":"ReadAction","target":["https:\/\/www.cabinet-magar.fr\/actualites\/coronavirus-covid-19-et-fonds-de-solidarite-divers-amenagements-pour-laide-de-decembre-2020\/"]}]},{"@type":"ImageObject","inLanguage":"de","@id":"https:\/\/www.cabinet-magar.fr\/actualites\/coronavirus-covid-19-et-fonds-de-solidarite-divers-amenagements-pour-laide-de-decembre-2020\/#primaryimage","url":"https:\/\/www.cabinet-magar.fr\/wp-content\/uploads\/2021\/04\/aidefinanciere.jpg","contentUrl":"https:\/\/www.cabinet-magar.fr\/wp-content\/uploads\/2021\/04\/aidefinanciere.jpg","width":600,"height":400},{"@type":"BreadcrumbList","@id":"https:\/\/www.cabinet-magar.fr\/actualites\/coronavirus-covid-19-et-fonds-de-solidarite-divers-amenagements-pour-laide-de-decembre-2020\/#breadcrumb","itemListElement":[{"@type":"ListItem","position":1,"name":"Accueil","item":"https:\/\/www.cabinet-magar.fr\/de\/"},{"@type":"ListItem","position":2,"name":"Coronavirus (COVID-19) et Fonds de solidarit\u00e9 : divers am\u00e9nagements pour l\u2019aide de d\u00e9cembre 2020"}]},{"@type":"WebSite","@id":"https:\/\/www.cabinet-magar.fr\/#website","url":"https:\/\/www.cabinet-magar.fr\/","name":"Cabinet Magar","description":"","potentialAction":[{"@type":"SearchAction","target":{"@type":"EntryPoint","urlTemplate":"https:\/\/www.cabinet-magar.fr\/?s={search_term_string}"},"query-input":{"@type":"PropertyValueSpecification","valueRequired":true,"valueName":"search_term_string"}}],"inLanguage":"de"}]}},"_links":{"self":[{"href":"https:\/\/www.cabinet-magar.fr\/de\/wp-json\/wp\/v2\/posts\/660","targetHints":{"allow":["GET"]}}],"collection":[{"href":"https:\/\/www.cabinet-magar.fr\/de\/wp-json\/wp\/v2\/posts"}],"about":[{"href":"https:\/\/www.cabinet-magar.fr\/de\/wp-json\/wp\/v2\/types\/post"}],"replies":[{"embeddable":true,"href":"https:\/\/www.cabinet-magar.fr\/de\/wp-json\/wp\/v2\/comments?post=660"}],"version-history":[{"count":1,"href":"https:\/\/www.cabinet-magar.fr\/de\/wp-json\/wp\/v2\/posts\/660\/revisions"}],"predecessor-version":[{"id":3876,"href":"https:\/\/www.cabinet-magar.fr\/de\/wp-json\/wp\/v2\/posts\/660\/revisions\/3876"}],"wp:featuredmedia":[{"embeddable":true,"href":"https:\/\/www.cabinet-magar.fr\/de\/wp-json\/wp\/v2\/media\/3877"}],"wp:attachment":[{"href":"https:\/\/www.cabinet-magar.fr\/de\/wp-json\/wp\/v2\/media?parent=660"}],"wp:term":[{"taxonomy":"category","embeddable":true,"href":"https:\/\/www.cabinet-magar.fr\/de\/wp-json\/wp\/v2\/categories?post=660"},{"taxonomy":"post_tag","embeddable":true,"href":"https:\/\/www.cabinet-magar.fr\/de\/wp-json\/wp\/v2\/tags?post=660"}],"curies":[{"name":"wp","href":"https:\/\/api.w.org\/{rel}","templated":true}]}}