{"id":659,"date":"2021-01-29T05:45:00","date_gmt":"2021-01-29T04:45:00","guid":{"rendered":"https:\/\/www.cabinet-magar.fr\/coronavirus-covid-19-et-fonds-de-solidarite-une-aide-complementaire-pour-les-entreprises-du-secteur-s1-bis\/"},"modified":"2021-04-11T03:00:31","modified_gmt":"2021-04-11T01:00:31","slug":"coronavirus-covid-19-et-fonds-de-solidarite-une-aide-complementaire-pour-les-entreprises-du-secteur-s1-bis","status":"publish","type":"post","link":"https:\/\/www.cabinet-magar.fr\/de\/actualites\/coronavirus-covid-19-et-fonds-de-solidarite-une-aide-complementaire-pour-les-entreprises-du-secteur-s1-bis\/","title":{"rendered":"Coronavirus (COVID-19) et Fonds de solidarit\u00e9 : une aide compl\u00e9mentaire pour les entreprises du secteur S1 bis"},"content":{"rendered":"<p >L\u2019aide vers\u00e9e par le Fonds de solidarit\u00e9 au titre du mois de d\u00e9cembre 2020 vient d\u2019\u00eatre renforc\u00e9e pour les entreprises relevant du secteur S1 bis. Voici ce qu\u2019il faut savoir \u00e0 ce sujet !<\/p>\n<div>\n<h2> Coronavirus (COVID-19) : une aide compl\u00e9mentaire au titre du mois de d\u00e9cembre 2020<\/h2>\n<ul>\n<li><strong> Conditions \u00e0 remplir <\/strong><\/li>\n<\/ul>\n<p>Il est d\u00e9sormais pr\u00e9vu que les entreprises \u00e9ligibles au Fonds de solidarit\u00e9 qui exercent leur activit\u00e9 principale dans un secteur mentionn\u00e9 en S1 bis dans sa r\u00e9daction en vigueur au 30 janvier 2021, b\u00e9n\u00e9ficient d\u2019une aide compl\u00e9mentaire destin\u00e9e \u00e0 compenser la perte de chiffre d\u2019affaires (CA) subie au cours du mois de d\u00e9cembre 2020, lorsqu&#8217;elles remplissent les conditions suivantes :<\/p>\n<ul>\n<li>elles ont subi une perte de CA d&#8217;au moins 50 % durant la p\u00e9riode comprise entre le 1er d\u00e9cembre 2020 et le 31 d\u00e9cembre 2020 ;<\/li>\n<li>elles remplissent au moins une des 3 conditions suivantes :<\/li>\n<\/ul>\n<ul>\n<li>\u25cb pour les entreprises cr\u00e9\u00e9es avant le 1er mars 2020, une perte de CA d&#8217;au moins 80 % durant la p\u00e9riode comprise entre le 15 mars 2020 et le 15 mai 2020 par rapport au CA de r\u00e9f\u00e9rence sur cette p\u00e9riode ;<\/li>\n<li>\u25cb une perte de CA d&#8217;au moins 80 % durant la p\u00e9riode comprise entre le 1er novembre 2020 et le 30 novembre 2020 par rapport au CA de r\u00e9f\u00e9rence sur cette p\u00e9riode ; il est pr\u00e9cis\u00e9 que lorsqu&#8217;elles ont d\u00e9but\u00e9 leur activit\u00e9 apr\u00e8s le 1er janvier 2020, la perte de CA d&#8217;au moins 80 % durant la p\u00e9riode comprise entre le 1er novembre 2020 et le 30 novembre 2020 s&#8217;entend par rapport au CA r\u00e9alis\u00e9 entre la date de cr\u00e9ation de l&#8217;entreprise et le 31 octobre 2020 ramen\u00e9 sur un mois ;<\/li>\n<li>\u25cb pour les entreprises cr\u00e9\u00e9es avant le 1er d\u00e9cembre 2019, une perte de CA annuel entre 2019 et 2020 d&#8217;au moins 10 % ; pour les entreprises cr\u00e9\u00e9es en 2019, le CA au titre de l&#8217;ann\u00e9e 2019 s&#8217;entend comme le CA mensuel moyen r\u00e9alis\u00e9 entre la date de cr\u00e9ation de l&#8217;entreprise et le 31 d\u00e9cembre 2019 ramen\u00e9 sur 12 mois ;<\/li>\n<\/ul>\n<ul>\n<li>les entrepreneurs individuels ou les dirigeants majoritaires s\u2019il s\u2019agit de soci\u00e9t\u00e9s ne sont pas titulaires, au 1er d\u00e9cembre 2020, d&#8217;un contrat de travail \u00e0 temps complet ; notez que cette condition n&#8217;est pas applicable si l&#8217;effectif salari\u00e9 annuel de l&#8217;entreprise est sup\u00e9rieur ou \u00e9gal \u00e0 un ; pour m\u00e9moire, l&#8217;effectif salari\u00e9 annuel de l&#8217;employeur correspond \u00e0 la moyenne du nombre de personnes employ\u00e9es au cours de chacun des mois de l&#8217;ann\u00e9e civile pr\u00e9c\u00e9dente ;<\/li>\n<li>elles ont d\u00e9but\u00e9 leur activit\u00e9 avant le 30 septembre 2020.<\/li>\n<\/ul>\n<ul>\n<li><strong> Montant de l\u2019aide compl\u00e9mentaire <\/strong><\/li>\n<\/ul>\n<p>Le montant de l\u2019aide compl\u00e9mentaire est variable. Il est \u00e9gal :<\/p>\n<ul>\n<li>\u00e0 80 % de la perte de CA dans la limite de 10 000 \u20ac si les entreprises \u00e9ligibles ont subi une perte de CA inf\u00e9rieure \u00e0 70 % ; notez que lorsque la perte de CA est sup\u00e9rieure \u00e0 1 500 \u20ac, le montant minimal de la subvention est de 1 500 \u20ac ; lorsque la perte de CA est inf\u00e9rieure ou \u00e9gale \u00e0 1 500 \u20ac, la subvention est \u00e9gale \u00e0 100 % de la perte de CA ;<\/li>\n<li>soit \u00e0 20 % du CA de r\u00e9f\u00e9rence, soit \u00e0 80 % de la perte de CA dans la limite de 10 000 \u20ac, si les entreprises \u00e9ligibles ont subi une perte de CA sup\u00e9rieure ou \u00e9gale \u00e0 70 % ; lorsque la perte de CA est sup\u00e9rieure \u00e0 1 500 \u20ac, le montant minimal de la subvention est de 1 500 \u20ac. Lorsque la perte de CA est inf\u00e9rieure ou \u00e9gale \u00e0 1 500 \u20ac, la subvention est \u00e9gale \u00e0 100 % de la perte de CA ; point important, les entreprises doivent b\u00e9n\u00e9ficier de l&#8217;option qui leur est la plus favorable.<\/li>\n<\/ul>\n<p>L\u2019aide vers\u00e9e est limit\u00e9e \u00e0 un plafond de 200 000 \u20ac. Si l\u2019entreprise appartient \u00e0 un groupe de soci\u00e9t\u00e9s, ce plafond, de m\u00eame que le seuil d\u2019effectif salari\u00e9, s\u2019appr\u00e9cie au niveau du groupe.<\/p>\n<p>Le montant de l&#8217;aide compl\u00e9mentaire doit \u00eatre diminu\u00e9 du montant de l&#8217;aide \u00ab initiale \u00bb due ou d\u00e9j\u00e0 vers\u00e9e au titre du mois de d\u00e9cembre 2020.<\/p>\n<p>Pour les personnes physiques (ou les dirigeants majoritaires, s\u2019il s\u2019agit de soci\u00e9t\u00e9) ayant b\u00e9n\u00e9fici\u00e9 d&#8217;une ou de plusieurs pensions de retraite ou d&#8217;indemnit\u00e9s journali\u00e8res de s\u00e9curit\u00e9 sociale (IJSS), le montant accord\u00e9 doit \u00eatre r\u00e9duit du montant des pensions de retraite et des indemnit\u00e9s journali\u00e8res per\u00e7ues ou \u00e0 percevoir au titre du mois de d\u00e9cembre 2020.<\/p>\n<ul>\n<li><strong> Calcul de la perte de CA <\/strong><\/li>\n<\/ul>\n<p>La perte de CA est d\u00e9finie comme la diff\u00e9rence entre :<\/p>\n<ul>\n<li>d&#8217;une part, le CA au cours du mois de d\u00e9cembre 2020 ;<\/li>\n<li>et d&#8217;autre part, le CA de r\u00e9f\u00e9rence d\u00e9fini comme :<\/li>\n<\/ul>\n<ul>\n<li>\u25cb le CA durant la m\u00eame p\u00e9riode de l&#8217;ann\u00e9e pr\u00e9c\u00e9dente, ou le CA mensuel moyen de l&#8217;ann\u00e9e 2019, si cette option est plus favorable \u00e0 l&#8217;entreprise ;<\/li>\n<li>\u25cb ou, pour les entreprises cr\u00e9\u00e9es entre le 1er juin 2019 et le 31 janvier 2020, le CA mensuel moyen sur la p\u00e9riode comprise entre la date de cr\u00e9ation de l&#8217;entreprise et le 29 f\u00e9vrier 2020 ;<\/li>\n<li>\u25cb ou, pour les entreprises cr\u00e9\u00e9es entre le 1er f\u00e9vrier 2020 et le 29 f\u00e9vrier 2020, le CA r\u00e9alis\u00e9 en f\u00e9vrier 2020 et ramen\u00e9 sur un mois ;<\/li>\n<li>\u25cb ou, pour les entreprises cr\u00e9\u00e9es apr\u00e8s le 1er mars 2020, le CA mensuel moyen r\u00e9alis\u00e9 entre le 1er juillet 2020, ou \u00e0 d\u00e9faut la date de cr\u00e9ation de l&#8217;entreprise, et le 31 octobre 2020.<\/li>\n<\/ul>\n<ul>\n<li><strong> Demande de l\u2019aide <\/strong><\/li>\n<\/ul>\n<p>La demande d&#8217;aide doit \u00eatre r\u00e9alis\u00e9e par voie d\u00e9mat\u00e9rialis\u00e9e au plus tard le 31 mars 2021.<\/p>\n<p>Elle doit \u00eatre accompagn\u00e9e des justificatifs suivants :<\/p>\n<ul>\n<li>une d\u00e9claration sur l&#8217;honneur attestant que l&#8217;entreprise remplit les conditions pr\u00e9vues et que les informations d\u00e9clar\u00e9es sont exactes, ainsi que l&#8217;absence de dette fiscale ou sociale impay\u00e9e au 31 d\u00e9cembre 2019, \u00e0 l&#8217;exception de celles qui, \u00e0 la date de d\u00e9p\u00f4t de la demande d&#8217;aide, ont \u00e9t\u00e9 r\u00e9gl\u00e9es ou sont couvertes par un plan de r\u00e8glement ; notez qu\u2019il n&#8217;est pas tenu compte des dettes fiscales inf\u00e9rieures ou \u00e9gales \u00e0 un montant total de 1 500 \u20ac, ni de celles dont l&#8217;existence ou le montant font l&#8217;objet au 1er septembre 2020 d&#8217;un contentieux pour lequel une d\u00e9cision d\u00e9finitive n&#8217;est pas intervenue ;<\/li>\n<li>une d\u00e9claration indiquant la somme des montants per\u00e7us par le groupe depuis le 1er mars 2020 au titre des aides accord\u00e9es par le Fonds de solidarit\u00e9 pour les mois de septembre, octobre, novembre et d\u00e9cembre 2020 ;<\/li>\n<li>une estimation du montant de la perte de CA ;<\/li>\n<li>le cas \u00e9ch\u00e9ant, l&#8217;indication du montant des pensions de retraite ou des indemnit\u00e9s journali\u00e8res de s\u00e9curit\u00e9 sociale per\u00e7ues ou \u00e0 percevoir au titre du mois de d\u00e9cembre 2020 ;<\/li>\n<li>les coordonn\u00e9es bancaires de l&#8217;entreprise.<\/li>\n<\/ul>\n<p>Pour certaines entreprises exer\u00e7ant leur activit\u00e9 principale dans un secteur relevant du S1 bis dans sa version en vigueur au 30 janvier 2021, il est \u00e9galement n\u00e9cessaire de joindre une d\u00e9claration sur l&#8217;honneur indiquant que l&#8217;entreprise dispose du document \u00e9tabli par un expert-comptable, tiers de confiance, attestant que l&#8217;entreprise remplit les crit\u00e8res pr\u00e9vus par la Loi.<\/p>\n<p>Les entreprises concern\u00e9es sont les suivantes :<\/p>\n<ul>\n<li>les entreprises artisanales r\u00e9alisant au moins 50 % de leur CA par la vente de leurs produits ou services sur les foires et salons ;<\/li>\n<li>les m\u00e9tiers graphiques, m\u00e9tiers d&#8217;\u00e9dition sp\u00e9cifique, de communication et de conception de stands et d&#8217;espaces \u00e9ph\u00e9m\u00e8res r\u00e9alisant au moins 50 % de leur CA avec une ou des entreprises du secteur de l&#8217;organisation de foires, d&#8217;\u00e9v\u00e8nements publics ou priv\u00e9s, de salons ou s\u00e9minaires professionnels ou de congr\u00e8s ;<\/li>\n<li>les entreprises exer\u00e7ant une prestation de services sp\u00e9cialis\u00e9s dans l&#8217;am\u00e9nagement et l&#8217;agencement des stands, h\u00f4tels, restaurants et lieux lorsqu&#8217;au moins 50 % du CA est r\u00e9alis\u00e9 avec une ou des entreprises du secteur de la production de spectacles, l&#8217;organisation de foires, d&#8217;\u00e9v\u00e8nements publics ou priv\u00e9s, de salons ou s\u00e9minaires professionnels ou de congr\u00e8s, de l&#8217;h\u00f4tellerie et de la restauration ;<\/li>\n<li>les activit\u00e9s immobili\u00e8res, lorsqu&#8217;au moins 50 % du CA est r\u00e9alis\u00e9 avec une ou des entreprises du secteur de l&#8217;organisation de foires, d&#8217;\u00e9v\u00e8nements publics ou priv\u00e9s, de salons ou s\u00e9minaires professionnels ou de congr\u00e8s ;<\/li>\n<li>les entreprises de transport r\u00e9alisant au moins 50 % de leur CA avec une ou des entreprises du secteur de l&#8217;organisation de foires, d&#8217;\u00e9v\u00e8nements publics ou priv\u00e9s, de salons ou s\u00e9minaires professionnels ou de congr\u00e8s ;<\/li>\n<li>les entreprises du num\u00e9rique r\u00e9alisant au moins 50 % de leur CA avec une ou des entreprises du secteur de l&#8217;organisation de foires, d&#8217;\u00e9v\u00e8nements publics ou priv\u00e9s, de salons ou s\u00e9minaires professionnels ou de congr\u00e8s ;<\/li>\n<li>la fabrication de linge de lit et de table lorsqu&#8217;au moins 50 % du CA est r\u00e9alis\u00e9 avec une ou des entreprises du secteur de l&#8217;h\u00f4tellerie et de la restauration ;<\/li>\n<li>la fabrication de produits alimentaires lorsqu&#8217;au moins 50 % du CA est r\u00e9alis\u00e9 avec une ou des entreprises des secteurs de l&#8217;\u00e9v\u00e8nementiel, de l&#8217;h\u00f4tellerie ou de la restauration ;<\/li>\n<li>la fabrication d&#8217;\u00e9quipements de cuisines lorsqu&#8217;au moins 50 % du CA est r\u00e9alis\u00e9 avec une ou des entreprises du secteur de la restauration ;<\/li>\n<li>l\u2019installation et maintenance de cuisines lorsqu&#8217;au moins 50 % du CA est r\u00e9alis\u00e9 avec une ou des entreprises du secteur de la restauration ;<\/li>\n<li>l\u2019\u00e9levage de pintades, de canards et d&#8217;autres oiseaux (hors volaille) lorsqu&#8217;au moins 50 % du CA est r\u00e9alis\u00e9 avec une ou des entreprises du secteur de la restauration ;<\/li>\n<li>les prestations d&#8217;accueil lorsqu&#8217;au moins 50 % du CA est r\u00e9alis\u00e9 avec une ou des entreprises du secteur de l&#8217;\u00e9v\u00e9nementiel ;<\/li>\n<li>les prestataires d&#8217;organisation de mariage lorsqu&#8217;au moins 50 % du CA est r\u00e9alis\u00e9 avec une ou des entreprises du secteur de l&#8217;\u00e9v\u00e9nementiel ou de la restauration ;<\/li>\n<li>la location de vaisselle lorsqu&#8217;au moins 50 % du chiffre d&#8217;affaire est r\u00e9alis\u00e9 avec une ou des entreprises du secteur de l&#8217;organisation de foires, d&#8217;\u00e9v\u00e8nements publics ou priv\u00e9s, de salons ou s\u00e9minaires professionnels ou de congr\u00e8s ;<\/li>\n<li>la fabrication des nappes et serviettes de fibres de cellulose lorsqu&#8217;au moins 50 % du chiffre d&#8217;affaire est r\u00e9alis\u00e9 avec une ou des entreprises du secteur de la restauration ;<\/li>\n<li>la collecte des d\u00e9chets non dangereux lorsqu&#8217;au moins 50 % du CA est r\u00e9alis\u00e9 avec une ou des entreprises du secteur de la restauration ;<\/li>\n<li>les exploitations agricoles des fili\u00e8res dites festives lorsqu&#8217;au moins 50 % du CA est r\u00e9alis\u00e9 avec une ou des entreprises du secteur de la restauration ou (et c\u2019est une nouveaut\u00e9) avec le secteur de la chasse ;<\/li>\n<li>les entreprises de transformation et conservation de poisson, de crustac\u00e9s et de mollusques des fili\u00e8res dites festives lorsqu&#8217;au moins 50 % du CA est r\u00e9alis\u00e9 avec une ou des entreprises du secteur de la restauration ;<\/li>\n<li>les activit\u00e9s des agences de presse lorsqu&#8217;au moins 50 % du CA est r\u00e9alis\u00e9 avec une ou des entreprises du secteur de l&#8217;\u00e9v\u00e9nementiel, du tourisme, du sport ou de la culture ;<\/li>\n<li>l\u2019\u00e9dition de journaux, \u00e9ditions de revues et p\u00e9riodiques lorsqu&#8217;au moins 50 % du CA est r\u00e9alis\u00e9 avec une ou des entreprises du secteur de l&#8217;\u00e9v\u00e8nementiel, du tourisme, du sport ou de la culture ;<\/li>\n<li>les entreprises de conseil sp\u00e9cialis\u00e9es lorsqu&#8217;au moins 50 % du CA est r\u00e9alis\u00e9 avec une ou des entreprises du secteur de l&#8217;\u00e9v\u00e8nementiel, du tourisme, du sport ou de la culture ;<\/li>\n<li>le commerce de gros (commerce interentreprises) de mat\u00e9riel \u00e9lectrique lorsqu&#8217;au moins 50 % du CA est r\u00e9alis\u00e9 avec une ou des entreprises du secteur du secteur de l&#8217;\u00e9v\u00e8nementiel, du tourisme, du sport ou de la culture ;<\/li>\n<li>les activit\u00e9s des agents et courtiers d&#8217;assurance lorsqu&#8217;au moins 50 % du CA est r\u00e9alis\u00e9 avec une ou des entreprises du secteur de l&#8217;\u00e9v\u00e8nementiel, du tourisme, du sport ou de la culture ;<\/li>\n<li>les conseils pour les affaires et autres conseils de gestion lorsqu&#8217;au moins 50 % du CA est r\u00e9alis\u00e9 avec une ou des entreprises du secteur de l&#8217;\u00e9v\u00e8nementiel, du tourisme, du sport ou de la culture ;<\/li>\n<li>les \u00e9tudes de march\u00e9s et sondages lorsqu&#8217;au moins 50 % du CA est r\u00e9alis\u00e9 avec une ou des entreprises de l&#8217;\u00e9v\u00e8nementiel, du tourisme, du sport ou de la culture ;<\/li>\n<li>les activit\u00e9s des agences de placement de main-d&#8217;\u0153uvre lorsqu&#8217;au moins 50 % du CA est r\u00e9alis\u00e9 avec une ou des entreprises du secteur de l&#8217;\u00e9v\u00e9nementiel, de l&#8217;h\u00f4tellerie ou de la restauration ;<\/li>\n<li>les activit\u00e9s des agences de travail temporaire lorsqu&#8217;au moins 50 % du CA est r\u00e9alis\u00e9 avec une ou des entreprises du secteur de l&#8217;\u00e9v\u00e9nementiel, de l&#8217;h\u00f4tellerie ou de la restauration ;<\/li>\n<li>les autres mises \u00e0 disposition de ressources humaines lorsqu&#8217;au moins 50 % du CA est r\u00e9alis\u00e9 avec une ou des entreprises du secteur de l&#8217;\u00e9v\u00e9nementiel, de l&#8217;h\u00f4tellerie ou de la restauration ;<\/li>\n<li>la fabrication de meubles de bureau et de magasin lorsqu&#8217;au moins 50 % du CA est r\u00e9alis\u00e9 avec une ou des entreprises du secteur de l&#8217;h\u00f4tellerie ou de la restauration.<\/li>\n<\/ul>\n<p>L&#8217;attestation de l&#8217;expert-comptable est d\u00e9livr\u00e9e \u00e0 la suite d&#8217;une mission d&#8217;assurance de niveau raisonnable r\u00e9alis\u00e9e conform\u00e9ment aux normes professionnelles applicables, \u00e9labor\u00e9es par le Conseil sup\u00e9rieur de l&#8217;ordre des experts-comptables.<\/p>\n<p>La mission d&#8217;assurance porte, selon la date de cr\u00e9ation de l&#8217;entreprise :<\/p>\n<ul>\n<li>sur le CA de l&#8217;ann\u00e9e 2019 ;<\/li>\n<li>ou, pour les entreprises cr\u00e9\u00e9es entre le 1er juin 2019 et le 31 janvier 2020, sur le CA sur la p\u00e9riode comprise entre la date de cr\u00e9ation de l&#8217;entreprise et le 29 f\u00e9vrier 2020 ;<\/li>\n<li>ou, pour les entreprises cr\u00e9\u00e9es entre le 1er f\u00e9vrier 2020 et le 29 f\u00e9vrier 2020, sur le CA r\u00e9alis\u00e9 en f\u00e9vrier 2020 et ramen\u00e9 sur un mois ;<\/li>\n<li>ou, pour les entreprises cr\u00e9\u00e9es apr\u00e8s le 1er mars 2020, sur le CA mensuel moyen r\u00e9alis\u00e9 entre le 1er juillet 2020, ou \u00e0 d\u00e9faut la date de cr\u00e9ation de l&#8217;entreprise, et le 31 octobre 2020.<\/li>\n<\/ul>\n<ul>\n<li><strong> Conservation des documents <\/strong><\/li>\n<\/ul>\n<p>Notez que cette attestation et les pi\u00e8ces justificatives doivent \u00eatre conserv\u00e9es par l\u2019entreprise et communiqu\u00e9es aux agents de la DGFIP et aux agents publics affect\u00e9s au contr\u00f4le de l\u2019octroi des aides qui en font la demande.<\/p>\n<p>Le b\u00e9n\u00e9ficiaire dispose alors d&#8217;un d\u00e9lai d&#8217;1 mois pour produire ces justifications \u00e0 compter de la date de la demande.<\/p>\n<p>Source : D\u00e9cret n\u00b0 2021-79 du 28 janvier 2021 relatif au fonds de solidarit\u00e9 \u00e0 destination des entreprises particuli\u00e8rement touch\u00e9es par les cons\u00e9quences \u00e9conomiques, financi\u00e8res et sociales de la propagation de l&#8217;\u00e9pid\u00e9mie de covid-19 et des mesures prises pour limiter cette propagation<\/p>\n<p><a title=\"Titre WebLex - Coronavirus (COVID-19) et Fonds de solidarit\u00e9 : une aide compl\u00e9mentaire pour les entreprises du secteur S1 bis\" href=\"https:\/\/www.weblex.fr\/weblex-actualite\/coronavirus-covid-19-et-fonds-de-solidarite-une-aide-complementaire-pour-les-entreprises-du-secteur-s1-bis\" rel=\"nofollow noopener\" target=\"_blank\">Coronavirus (COVID-19) et Fonds de solidarit\u00e9 : une aide compl\u00e9mentaire pour les entreprises du secteur S1 bis<\/a> \u00a9 Copyright WebLex &#8211; 2021<\/p>\n<\/div>\n<p><img src='https:\/\/www.weblex.fr\/images\/flux_actus\/aidefinanciere2.jpg'><\/p>\n","protected":false},"excerpt":{"rendered":"<p>L\u2019aide vers\u00e9e par le Fonds de solidarit\u00e9 au titre du mois de d\u00e9cembre 2020 vient d\u2019\u00eatre renforc\u00e9e pour les entreprises relevant du secteur S1 bis. Voici ce qu\u2019il faut savoir \u00e0 ce sujet !<\/p>\n","protected":false},"author":0,"featured_media":3441,"comment_status":"open","ping_status":"closed","sticky":false,"template":"","format":"standard","meta":{"_acf_changed":false,"footnotes":""},"categories":[9,7],"tags":[],"class_list":["post-659","post","type-post","status-publish","format-standard","has-post-thumbnail","hentry","category-actu-juridique","category-actualites"],"acf":[],"yoast_head":"<!-- This site is optimized with the Yoast SEO plugin v27.2 - https:\/\/yoast.com\/product\/yoast-seo-wordpress\/ -->\n<title>Coronavirus (COVID-19) et Fonds de solidarit\u00e9 : une aide compl\u00e9mentaire pour les entreprises du secteur S1 bis - Cabinet Magar<\/title>\n<meta name=\"robots\" content=\"index, follow, max-snippet:-1, max-image-preview:large, max-video-preview:-1\" \/>\n<link rel=\"canonical\" href=\"https:\/\/www.cabinet-magar.fr\/actualites\/coronavirus-covid-19-et-fonds-de-solidarite-une-aide-complementaire-pour-les-entreprises-du-secteur-s1-bis\/\" \/>\n<meta property=\"og:locale\" content=\"de_DE\" \/>\n<meta property=\"og:type\" content=\"article\" \/>\n<meta property=\"og:title\" content=\"Coronavirus (COVID-19) et Fonds de solidarit\u00e9 : une aide compl\u00e9mentaire pour les entreprises du secteur S1 bis - Cabinet Magar\" \/>\n<meta property=\"og:description\" content=\"L\u2019aide vers\u00e9e par le Fonds de solidarit\u00e9 au titre du mois de d\u00e9cembre 2020 vient d\u2019\u00eatre renforc\u00e9e pour les entreprises relevant du secteur S1 bis. Voici ce qu\u2019il faut savoir \u00e0 ce sujet !\" \/>\n<meta property=\"og:url\" content=\"https:\/\/www.cabinet-magar.fr\/actualites\/coronavirus-covid-19-et-fonds-de-solidarite-une-aide-complementaire-pour-les-entreprises-du-secteur-s1-bis\/\" \/>\n<meta property=\"og:site_name\" content=\"Cabinet Magar\" \/>\n<meta property=\"article:published_time\" content=\"2021-01-29T04:45:00+00:00\" \/>\n<meta property=\"article:modified_time\" content=\"2021-04-11T01:00:31+00:00\" \/>\n<meta property=\"og:image\" content=\"https:\/\/www.cabinet-magar.fr\/wp-content\/uploads\/2021\/03\/aidefinanciere2.jpg\" \/>\n\t<meta property=\"og:image:width\" content=\"600\" \/>\n\t<meta property=\"og:image:height\" content=\"400\" \/>\n\t<meta property=\"og:image:type\" content=\"image\/jpeg\" \/>\n<meta name=\"twitter:card\" content=\"summary_large_image\" \/>\n<meta name=\"twitter:label1\" content=\"Gesch\u00e4tzte Lesezeit\" \/>\n\t<meta name=\"twitter:data1\" content=\"12\u00a0Minuten\" \/>\n<script type=\"application\/ld+json\" class=\"yoast-schema-graph\">{\"@context\":\"https:\/\/schema.org\",\"@graph\":[{\"@type\":\"Article\",\"@id\":\"https:\/\/www.cabinet-magar.fr\/actualites\/coronavirus-covid-19-et-fonds-de-solidarite-une-aide-complementaire-pour-les-entreprises-du-secteur-s1-bis\/#article\",\"isPartOf\":{\"@id\":\"https:\/\/www.cabinet-magar.fr\/actualites\/coronavirus-covid-19-et-fonds-de-solidarite-une-aide-complementaire-pour-les-entreprises-du-secteur-s1-bis\/\"},\"author\":{\"name\":\"\",\"@id\":\"\"},\"headline\":\"Coronavirus (COVID-19) et Fonds de solidarit\u00e9 : une aide compl\u00e9mentaire pour les entreprises du secteur S1 bis\",\"datePublished\":\"2021-01-29T04:45:00+00:00\",\"dateModified\":\"2021-04-11T01:00:31+00:00\",\"mainEntityOfPage\":{\"@id\":\"https:\/\/www.cabinet-magar.fr\/actualites\/coronavirus-covid-19-et-fonds-de-solidarite-une-aide-complementaire-pour-les-entreprises-du-secteur-s1-bis\/\"},\"wordCount\":2546,\"commentCount\":0,\"image\":{\"@id\":\"https:\/\/www.cabinet-magar.fr\/actualites\/coronavirus-covid-19-et-fonds-de-solidarite-une-aide-complementaire-pour-les-entreprises-du-secteur-s1-bis\/#primaryimage\"},\"thumbnailUrl\":\"https:\/\/www.cabinet-magar.fr\/wp-content\/uploads\/2021\/03\/aidefinanciere2.jpg\",\"articleSection\":[\"Actu Juridique\",\"Actualit\u00e9s\"],\"inLanguage\":\"de\",\"potentialAction\":[{\"@type\":\"CommentAction\",\"name\":\"Comment\",\"target\":[\"https:\/\/www.cabinet-magar.fr\/actualites\/coronavirus-covid-19-et-fonds-de-solidarite-une-aide-complementaire-pour-les-entreprises-du-secteur-s1-bis\/#respond\"]}]},{\"@type\":\"WebPage\",\"@id\":\"https:\/\/www.cabinet-magar.fr\/actualites\/coronavirus-covid-19-et-fonds-de-solidarite-une-aide-complementaire-pour-les-entreprises-du-secteur-s1-bis\/\",\"url\":\"https:\/\/www.cabinet-magar.fr\/actualites\/coronavirus-covid-19-et-fonds-de-solidarite-une-aide-complementaire-pour-les-entreprises-du-secteur-s1-bis\/\",\"name\":\"Coronavirus (COVID-19) et Fonds de solidarit\u00e9 : une aide compl\u00e9mentaire pour les entreprises du secteur S1 bis - Cabinet Magar\",\"isPartOf\":{\"@id\":\"https:\/\/www.cabinet-magar.fr\/#website\"},\"primaryImageOfPage\":{\"@id\":\"https:\/\/www.cabinet-magar.fr\/actualites\/coronavirus-covid-19-et-fonds-de-solidarite-une-aide-complementaire-pour-les-entreprises-du-secteur-s1-bis\/#primaryimage\"},\"image\":{\"@id\":\"https:\/\/www.cabinet-magar.fr\/actualites\/coronavirus-covid-19-et-fonds-de-solidarite-une-aide-complementaire-pour-les-entreprises-du-secteur-s1-bis\/#primaryimage\"},\"thumbnailUrl\":\"https:\/\/www.cabinet-magar.fr\/wp-content\/uploads\/2021\/03\/aidefinanciere2.jpg\",\"datePublished\":\"2021-01-29T04:45:00+00:00\",\"dateModified\":\"2021-04-11T01:00:31+00:00\",\"author\":{\"@id\":\"\"},\"breadcrumb\":{\"@id\":\"https:\/\/www.cabinet-magar.fr\/actualites\/coronavirus-covid-19-et-fonds-de-solidarite-une-aide-complementaire-pour-les-entreprises-du-secteur-s1-bis\/#breadcrumb\"},\"inLanguage\":\"de\",\"potentialAction\":[{\"@type\":\"ReadAction\",\"target\":[\"https:\/\/www.cabinet-magar.fr\/actualites\/coronavirus-covid-19-et-fonds-de-solidarite-une-aide-complementaire-pour-les-entreprises-du-secteur-s1-bis\/\"]}]},{\"@type\":\"ImageObject\",\"inLanguage\":\"de\",\"@id\":\"https:\/\/www.cabinet-magar.fr\/actualites\/coronavirus-covid-19-et-fonds-de-solidarite-une-aide-complementaire-pour-les-entreprises-du-secteur-s1-bis\/#primaryimage\",\"url\":\"https:\/\/www.cabinet-magar.fr\/wp-content\/uploads\/2021\/03\/aidefinanciere2.jpg\",\"contentUrl\":\"https:\/\/www.cabinet-magar.fr\/wp-content\/uploads\/2021\/03\/aidefinanciere2.jpg\",\"width\":600,\"height\":400},{\"@type\":\"BreadcrumbList\",\"@id\":\"https:\/\/www.cabinet-magar.fr\/actualites\/coronavirus-covid-19-et-fonds-de-solidarite-une-aide-complementaire-pour-les-entreprises-du-secteur-s1-bis\/#breadcrumb\",\"itemListElement\":[{\"@type\":\"ListItem\",\"position\":1,\"name\":\"Accueil\",\"item\":\"https:\/\/www.cabinet-magar.fr\/de\/\"},{\"@type\":\"ListItem\",\"position\":2,\"name\":\"Coronavirus (COVID-19) et Fonds de solidarit\u00e9 : une aide compl\u00e9mentaire pour les entreprises du secteur S1 bis\"}]},{\"@type\":\"WebSite\",\"@id\":\"https:\/\/www.cabinet-magar.fr\/#website\",\"url\":\"https:\/\/www.cabinet-magar.fr\/\",\"name\":\"Cabinet Magar\",\"description\":\"\",\"potentialAction\":[{\"@type\":\"SearchAction\",\"target\":{\"@type\":\"EntryPoint\",\"urlTemplate\":\"https:\/\/www.cabinet-magar.fr\/?s={search_term_string}\"},\"query-input\":{\"@type\":\"PropertyValueSpecification\",\"valueRequired\":true,\"valueName\":\"search_term_string\"}}],\"inLanguage\":\"de\"}]}<\/script>\n<!-- \/ Yoast SEO plugin. -->","yoast_head_json":{"title":"Coronavirus (COVID-19) et Fonds de solidarit\u00e9 : une aide compl\u00e9mentaire pour les entreprises du secteur S1 bis - Cabinet Magar","robots":{"index":"index","follow":"follow","max-snippet":"max-snippet:-1","max-image-preview":"max-image-preview:large","max-video-preview":"max-video-preview:-1"},"canonical":"https:\/\/www.cabinet-magar.fr\/actualites\/coronavirus-covid-19-et-fonds-de-solidarite-une-aide-complementaire-pour-les-entreprises-du-secteur-s1-bis\/","og_locale":"de_DE","og_type":"article","og_title":"Coronavirus (COVID-19) et Fonds de solidarit\u00e9 : une aide compl\u00e9mentaire pour les entreprises du secteur S1 bis - Cabinet Magar","og_description":"L\u2019aide vers\u00e9e par le Fonds de solidarit\u00e9 au titre du mois de d\u00e9cembre 2020 vient d\u2019\u00eatre renforc\u00e9e pour les entreprises relevant du secteur S1 bis. Voici ce qu\u2019il faut savoir \u00e0 ce sujet !","og_url":"https:\/\/www.cabinet-magar.fr\/actualites\/coronavirus-covid-19-et-fonds-de-solidarite-une-aide-complementaire-pour-les-entreprises-du-secteur-s1-bis\/","og_site_name":"Cabinet Magar","article_published_time":"2021-01-29T04:45:00+00:00","article_modified_time":"2021-04-11T01:00:31+00:00","og_image":[{"width":600,"height":400,"url":"https:\/\/www.cabinet-magar.fr\/wp-content\/uploads\/2021\/03\/aidefinanciere2.jpg","type":"image\/jpeg"}],"twitter_card":"summary_large_image","twitter_misc":{"Gesch\u00e4tzte Lesezeit":"12\u00a0Minuten"},"schema":{"@context":"https:\/\/schema.org","@graph":[{"@type":"Article","@id":"https:\/\/www.cabinet-magar.fr\/actualites\/coronavirus-covid-19-et-fonds-de-solidarite-une-aide-complementaire-pour-les-entreprises-du-secteur-s1-bis\/#article","isPartOf":{"@id":"https:\/\/www.cabinet-magar.fr\/actualites\/coronavirus-covid-19-et-fonds-de-solidarite-une-aide-complementaire-pour-les-entreprises-du-secteur-s1-bis\/"},"author":{"name":"","@id":""},"headline":"Coronavirus (COVID-19) et Fonds de solidarit\u00e9 : une aide compl\u00e9mentaire pour les entreprises du secteur S1 bis","datePublished":"2021-01-29T04:45:00+00:00","dateModified":"2021-04-11T01:00:31+00:00","mainEntityOfPage":{"@id":"https:\/\/www.cabinet-magar.fr\/actualites\/coronavirus-covid-19-et-fonds-de-solidarite-une-aide-complementaire-pour-les-entreprises-du-secteur-s1-bis\/"},"wordCount":2546,"commentCount":0,"image":{"@id":"https:\/\/www.cabinet-magar.fr\/actualites\/coronavirus-covid-19-et-fonds-de-solidarite-une-aide-complementaire-pour-les-entreprises-du-secteur-s1-bis\/#primaryimage"},"thumbnailUrl":"https:\/\/www.cabinet-magar.fr\/wp-content\/uploads\/2021\/03\/aidefinanciere2.jpg","articleSection":["Actu Juridique","Actualit\u00e9s"],"inLanguage":"de","potentialAction":[{"@type":"CommentAction","name":"Comment","target":["https:\/\/www.cabinet-magar.fr\/actualites\/coronavirus-covid-19-et-fonds-de-solidarite-une-aide-complementaire-pour-les-entreprises-du-secteur-s1-bis\/#respond"]}]},{"@type":"WebPage","@id":"https:\/\/www.cabinet-magar.fr\/actualites\/coronavirus-covid-19-et-fonds-de-solidarite-une-aide-complementaire-pour-les-entreprises-du-secteur-s1-bis\/","url":"https:\/\/www.cabinet-magar.fr\/actualites\/coronavirus-covid-19-et-fonds-de-solidarite-une-aide-complementaire-pour-les-entreprises-du-secteur-s1-bis\/","name":"Coronavirus (COVID-19) et Fonds de solidarit\u00e9 : une aide compl\u00e9mentaire pour les entreprises du secteur S1 bis - Cabinet Magar","isPartOf":{"@id":"https:\/\/www.cabinet-magar.fr\/#website"},"primaryImageOfPage":{"@id":"https:\/\/www.cabinet-magar.fr\/actualites\/coronavirus-covid-19-et-fonds-de-solidarite-une-aide-complementaire-pour-les-entreprises-du-secteur-s1-bis\/#primaryimage"},"image":{"@id":"https:\/\/www.cabinet-magar.fr\/actualites\/coronavirus-covid-19-et-fonds-de-solidarite-une-aide-complementaire-pour-les-entreprises-du-secteur-s1-bis\/#primaryimage"},"thumbnailUrl":"https:\/\/www.cabinet-magar.fr\/wp-content\/uploads\/2021\/03\/aidefinanciere2.jpg","datePublished":"2021-01-29T04:45:00+00:00","dateModified":"2021-04-11T01:00:31+00:00","author":{"@id":""},"breadcrumb":{"@id":"https:\/\/www.cabinet-magar.fr\/actualites\/coronavirus-covid-19-et-fonds-de-solidarite-une-aide-complementaire-pour-les-entreprises-du-secteur-s1-bis\/#breadcrumb"},"inLanguage":"de","potentialAction":[{"@type":"ReadAction","target":["https:\/\/www.cabinet-magar.fr\/actualites\/coronavirus-covid-19-et-fonds-de-solidarite-une-aide-complementaire-pour-les-entreprises-du-secteur-s1-bis\/"]}]},{"@type":"ImageObject","inLanguage":"de","@id":"https:\/\/www.cabinet-magar.fr\/actualites\/coronavirus-covid-19-et-fonds-de-solidarite-une-aide-complementaire-pour-les-entreprises-du-secteur-s1-bis\/#primaryimage","url":"https:\/\/www.cabinet-magar.fr\/wp-content\/uploads\/2021\/03\/aidefinanciere2.jpg","contentUrl":"https:\/\/www.cabinet-magar.fr\/wp-content\/uploads\/2021\/03\/aidefinanciere2.jpg","width":600,"height":400},{"@type":"BreadcrumbList","@id":"https:\/\/www.cabinet-magar.fr\/actualites\/coronavirus-covid-19-et-fonds-de-solidarite-une-aide-complementaire-pour-les-entreprises-du-secteur-s1-bis\/#breadcrumb","itemListElement":[{"@type":"ListItem","position":1,"name":"Accueil","item":"https:\/\/www.cabinet-magar.fr\/de\/"},{"@type":"ListItem","position":2,"name":"Coronavirus (COVID-19) et Fonds de solidarit\u00e9 : une aide compl\u00e9mentaire pour les entreprises du secteur S1 bis"}]},{"@type":"WebSite","@id":"https:\/\/www.cabinet-magar.fr\/#website","url":"https:\/\/www.cabinet-magar.fr\/","name":"Cabinet Magar","description":"","potentialAction":[{"@type":"SearchAction","target":{"@type":"EntryPoint","urlTemplate":"https:\/\/www.cabinet-magar.fr\/?s={search_term_string}"},"query-input":{"@type":"PropertyValueSpecification","valueRequired":true,"valueName":"search_term_string"}}],"inLanguage":"de"}]}},"_links":{"self":[{"href":"https:\/\/www.cabinet-magar.fr\/de\/wp-json\/wp\/v2\/posts\/659","targetHints":{"allow":["GET"]}}],"collection":[{"href":"https:\/\/www.cabinet-magar.fr\/de\/wp-json\/wp\/v2\/posts"}],"about":[{"href":"https:\/\/www.cabinet-magar.fr\/de\/wp-json\/wp\/v2\/types\/post"}],"replies":[{"embeddable":true,"href":"https:\/\/www.cabinet-magar.fr\/de\/wp-json\/wp\/v2\/comments?post=659"}],"version-history":[{"count":1,"href":"https:\/\/www.cabinet-magar.fr\/de\/wp-json\/wp\/v2\/posts\/659\/revisions"}],"predecessor-version":[{"id":3875,"href":"https:\/\/www.cabinet-magar.fr\/de\/wp-json\/wp\/v2\/posts\/659\/revisions\/3875"}],"wp:featuredmedia":[{"embeddable":true,"href":"https:\/\/www.cabinet-magar.fr\/de\/wp-json\/wp\/v2\/media\/3441"}],"wp:attachment":[{"href":"https:\/\/www.cabinet-magar.fr\/de\/wp-json\/wp\/v2\/media?parent=659"}],"wp:term":[{"taxonomy":"category","embeddable":true,"href":"https:\/\/www.cabinet-magar.fr\/de\/wp-json\/wp\/v2\/categories?post=659"},{"taxonomy":"post_tag","embeddable":true,"href":"https:\/\/www.cabinet-magar.fr\/de\/wp-json\/wp\/v2\/tags?post=659"}],"curies":[{"name":"wp","href":"https:\/\/api.w.org\/{rel}","templated":true}]}}