{"id":657,"date":"2021-02-01T05:45:00","date_gmt":"2021-02-01T04:45:00","guid":{"rendered":"https:\/\/www.cabinet-magar.fr\/coronavirus-covid-19-et-activite-partielle-report-de-la-baisse-des-indemnites-et-allocations-en-mars-2021\/"},"modified":"2021-04-11T03:00:24","modified_gmt":"2021-04-11T01:00:24","slug":"coronavirus-covid-19-et-activite-partielle-report-de-la-baisse-des-indemnites-et-allocations-en-mars-2021","status":"publish","type":"post","link":"https:\/\/www.cabinet-magar.fr\/de\/actualites\/coronavirus-covid-19-et-activite-partielle-report-de-la-baisse-des-indemnites-et-allocations-en-mars-2021\/","title":{"rendered":"Coronavirus (COVID-19) et activit\u00e9 partielle : report de la baisse des indemnit\u00e9s et allocations en mars 2021 ?"},"content":{"rendered":"<p >Afin d\u2019aider les entreprises \u00e0 faire face \u00e0 la crise sanitaire, le dispositif d\u2019activit\u00e9 partielle a \u00e9t\u00e9 largement d\u00e9ploy\u00e9 (et modifi\u00e9 !) en 2020. L\u2019employeur doit verser une indemnit\u00e9 au salari\u00e9 plac\u00e9 en activit\u00e9 partielle et re\u00e7oit en retour une allocation. Leurs taux sont suppos\u00e9s baisser. Pour quand ?<\/p>\n<div>\n<h2> Coronavirus (COVID-19) : baisse de l\u2019indemnit\u00e9 d\u2019activit\u00e9 partielle vers\u00e9e au salari\u00e9<\/h2>\n<p>Pour rappel, l\u2019employeur doit verser au salari\u00e9 plac\u00e9 en activit\u00e9 partielle une indemnit\u00e9 horaire correspondant \u00e0 une fraction de sa r\u00e9mun\u00e9ration brute servant d&#8217;assiette au calcul de l&#8217;indemnit\u00e9 de cong\u00e9s pay\u00e9s (selon la r\u00e8gle du maintien de salaire, et non pas selon la r\u00e8gle du 1\/10\u00e8me des r\u00e9mun\u00e9rations), ramen\u00e9e \u00e0 la dur\u00e9e mentionn\u00e9e au contrat de travail si le contrat est \u00e0 temps partiel.<\/p>\n<p>Le taux de l\u2019indemnit\u00e9 d\u2019activit\u00e9 partielle vers\u00e9e au salari\u00e9 devait passer de 70 % \u00e0 60 % \u00e0 partir du 1er janvier 2021. Toutefois, le taux de 70 % a \u00e9t\u00e9 maintenu et continue de l\u2019\u00eatre jusqu\u2019au 28 f\u00e9vrier 2021. Ainsi, les heures ch\u00f4m\u00e9es au titre de l\u2019activit\u00e9 partielle \u00e0 compter du 1er mars 2021 seront indemnis\u00e9es \u00e0 hauteur de 60 % de la r\u00e9mun\u00e9ration ant\u00e9rieure brute du salari\u00e9.<\/p>\n<p>Toutefois, le taux de 70 % de l\u2019indemnit\u00e9 reste maintenu :<\/p>\n<ul>\n<li>jusqu\u2019au 31 mars 2021, pour les salari\u00e9s exer\u00e7ant leur activit\u00e9 dans l\u2019un des secteurs prot\u00e9g\u00e9s (S1 ou S1 bis) ;<\/li>\n<li>jusqu\u2019au 30 juin 2021 pour les salari\u00e9s des entreprises dont :<\/li>\n<\/ul>\n<ul>\n<li>\u25cb l&#8217;activit\u00e9 principale implique l&#8217;accueil du public et est interrompue, partiellement ou totalement, du fait de la propagation de l&#8217;\u00e9pid\u00e9mie de covid-19 et des mesures prises pour limiter cette propagation, \u00e0 l&#8217;exclusion des fermetures volontaires,<\/li>\n<li>\u25cb l&#8217;\u00e9tablissement est situ\u00e9 dans une circonscription territoriale soumise \u00e0 des restrictions sp\u00e9cifiques des conditions d&#8217;exercice de l&#8217;activit\u00e9 \u00e9conomique et de circulation des personnes prises par l&#8217;autorit\u00e9 administrative afin de faire face \u00e0 l&#8217;\u00e9pid\u00e9mie de covid-19 dans le cadre de l&#8217;\u00e9tat d&#8217;urgence sanitaire, lorsqu&#8217;il subit une forte baisse de chiffre d&#8217;affaires,<\/li>\n<li>\u25cb l&#8217;\u00e9tablissement appartient \u00e0 une zone de chalandise sp\u00e9cifiquement affect\u00e9e par l&#8217;interruption d&#8217;activit\u00e9 d&#8217;un ou plusieurs \u00e9tablissements dont l&#8217;activit\u00e9 implique l&#8217;accueil du public, lorsqu&#8217;il subit une baisse significative de son chiffre d&#8217;affaires.<\/li>\n<\/ul>\n<p>Dans tous les cas, rappelons \u00e9galement que :<\/p>\n<ul>\n<li>l\u2019employeur peut verser une indemnit\u00e9 compl\u00e9mentaire (visant \u00e0 assurer un maintien de salaire ou un meilleur niveau d\u2019indemnisation), en application d\u2019un accord collectif ou d\u2019une d\u00e9cision unilat\u00e9rale ;<\/li>\n<li>l\u2019indemnisation d\u2019un salari\u00e9 r\u00e9mun\u00e9r\u00e9 au Smic est n\u00e9cessairement maintenue, ce dernier ne pouvant pas percevoir une indemnisation inf\u00e9rieure au Smic.<\/li>\n<\/ul>\n<h2> Coronavirus (COVID-19) : baisse de l\u2019allocation d\u2019activit\u00e9 partielle vers\u00e9e \u00e0 l\u2019employeur<\/h2>\n<p>Depuis le 1er juin 2020, le taux de l\u2019allocation d\u2019activit\u00e9 partielle est modul\u00e9, pour tenir compte de l\u2019impact de la crise sanitaire sur les entreprises des diff\u00e9rents secteurs d\u2019activit\u00e9.<\/p>\n<p>Par principe, le taux de l\u2019allocation d\u2019activit\u00e9 partielle est fix\u00e9 \u00e0 60 % de la r\u00e9mun\u00e9ration horaire brute du salari\u00e9, limit\u00e9e \u00e0 4,5 fois le taux horaire du salaire minimum interprofessionnel de croissance.<\/p>\n<p>Il est, cependant, port\u00e9 \u00e0 70 % pour les employeurs :<\/p>\n<ul>\n<li>qui exercent leur activit\u00e9 principale dans les secteurs S1 ;<\/li>\n<li>qui exercent leur activit\u00e9 principale dans les secteurs S1 bis lorsqu&#8217;ils ont subi une diminution de chiffre d&#8217;affaires d&#8217;au moins 80 % durant la p\u00e9riode comprise entre le 15 mars et le 15 mai 2020 (les entreprises de certains de ces secteurs devant, en outre, disposer d\u2019une attestation d\u2019un expert-comptable, tiers de confiance, indiquant que l\u2019entreprise remplit les conditions requises) ;<\/li>\n<li>dont l&#8217;activit\u00e9 principale implique l&#8217;accueil du public et est interrompue, partiellement ou totalement, du fait de la propagation de l&#8217;\u00e9pid\u00e9mie de covid-19 et des mesures prises pour y faire face (excluant les fermetures volontaires) pendant toute la dur\u00e9e d\u2019interruption d\u2019activit\u00e9 (partielle ou totale) impos\u00e9e en application d&#8217;une obligation l\u00e9gale ou r\u00e9glementaire ou d&#8217;une d\u00e9cision administrative.<\/li>\n<\/ul>\n<p>Pour les heures ch\u00f4m\u00e9es \u00e0 compter du 1er mars 2021, le taux de l\u2019allocation d\u2019activit\u00e9 partielle vers\u00e9e \u00e0 l\u2019employeur pour chaque salari\u00e9 concern\u00e9 passera \u00e0 36 % de sa r\u00e9mun\u00e9ration horaire brute, limit\u00e9e \u00e0 4,5 Smic horaire. D\u00e8s lors, le taux horaire de l\u2019allocation d\u2019activit\u00e9 partielle vers\u00e9e \u00e0 l\u2019employeur pour chaque salari\u00e9 concern\u00e9 ne pourra pas \u00eatre inf\u00e9rieur \u00e0 7,30 \u20ac au lieu de 8,11 \u20ac actuellement.<\/p>\n<p>Pour les employeurs des secteurs prot\u00e9g\u00e9s (S1 et S1 bis), le taux de l\u2019allocation qui leur sera vers\u00e9e sera fix\u00e9 \u00e0 60 % de la r\u00e9mun\u00e9ration horaire brute du salari\u00e9 plac\u00e9 en activit\u00e9 partielle, pour les p\u00e9riodes d\u2019activit\u00e9 partielle du 1er mars au 31 mars 2021.<\/p>\n<p>Le taux de 70 % sera maintenu du 1er mars au 30 juin 2021 pour les employeurs dont l&#8217;activit\u00e9 principale implique l&#8217;accueil du public et est interrompue, partiellement ou totalement, du fait de la propagation de l&#8217;\u00e9pid\u00e9mie de covid-19 et des mesures prises pour limiter cette propagation, \u00e0 l&#8217;exclusion des fermetures volontaires.<\/p>\n<h2> Coronavirus (COVID-19) : cas des salari\u00e9s vuln\u00e9rables plac\u00e9s en activit\u00e9 partielle<\/h2>\n<p>A partir du 1er mars 2021, le taux horaire de l&#8217;indemnit\u00e9 d&#8217;activit\u00e9 partielle sera fix\u00e9 \u00e0 70 % de la r\u00e9mun\u00e9ration brute servant d&#8217;assiette de l&#8217;indemnit\u00e9 de cong\u00e9s pay\u00e9s due au titre de l\u2019activit\u00e9 partielle, limit\u00e9e \u00e0 4,5 smic pour les salari\u00e9s de droit priv\u00e9 se trouvant dans l\u2019impossibilit\u00e9 de continuer \u00e0 travailler pour l\u2019un des motifs suivants :<\/p>\n<ul>\n<li>le salari\u00e9 est une personne vuln\u00e9rable pr\u00e9sentant un risque de d\u00e9velopper une forme grave d&#8217;infection au virus SARS-CoV-2, selon des crit\u00e8res d\u00e9finis par voie r\u00e9glementaire ;<\/li>\n<li>le salari\u00e9 partage le m\u00eame domicile qu&#8217;une personne vuln\u00e9rable ;<\/li>\n<li>le salari\u00e9 est parent d&#8217;un enfant de moins de seize ans ou d&#8217;une personne en situation de handicap faisant l&#8217;objet d&#8217;une mesure d&#8217;isolement, d&#8217;\u00e9viction ou de maintien \u00e0 domicile.<\/li>\n<\/ul>\n<p>En retour, l&#8217;employeur de ces salari\u00e9s percevra une allocation d&#8217;activit\u00e9 partielle correspondant \u00e0 60 % de la r\u00e9mun\u00e9ration horaire brute du salari\u00e9 limit\u00e9 \u00e0 4,5 smic<\/p>\n<p>Ce taux horaire ne pourra \u00eatre inf\u00e9rieur \u00e0 7,30 \u20ac. Ce taux minimum n&#8217;est pas applicable pour les salari\u00e9s en contrat d&#8217;apprentissage ou de professionnalisation.<\/p>\n<p>Source :<\/p>\n<ul>\n<li><a href=\"https:\/\/www.legifrance.gouv.fr\/jorf\/id\/JORFTEXT000043080452\" target=\"_blank\" rel=\"noopener\">D\u00e9cret n\u00b0 2021-88 du 29 janvier 2021 modifiant le d\u00e9cret n\u00b0 2020-1316 du 30 octobre 2020 modifi\u00e9 relatif \u00e0 l&#8217;activit\u00e9 partielle et au dispositif d&#8217;activit\u00e9 partielle sp\u00e9cifique en cas de r\u00e9duction d&#8217;activit\u00e9 durable<\/a><\/li>\n<li><a href=\"https:\/\/www.legifrance.gouv.fr\/jorf\/id\/JORFTEXT000043080460\" target=\"_blank\" rel=\"noopener\">D\u00e9cret n\u00b0 2021-89 du 29 janvier 2021 modifiant le d\u00e9cret n\u00b0 2020-810 du 29 juin 2020 portant modulation temporaire du taux horaire de l&#8217;allocation d&#8217;activit\u00e9 partielle et le d\u00e9cret n\u00b0 2020-1786 du 30 d\u00e9cembre 2020 relatif \u00e0 la d\u00e9termination des taux et modalit\u00e9s de calcul de l&#8217;indemnit\u00e9 et de l&#8217;allocation d&#8217;activit\u00e9 partielle<\/a><\/li>\n<\/ul>\n<p><a href=\"https:\/\/www.weblex.fr\/weblex-actualite\/coronavirus-covid-19-et-activite-partielle-report-de-la-baisse-des-indemnites-et-allocations-en-mars-2021\" target=\"_blank\" rel=\"noopener\">Coronavirus (COVID-19) et activit\u00e9 partielle : report de la baisse des indemnit\u00e9s et allocations en mars 2021 ?<\/a> \u00a9 Copyright WebLex &#8211; 2021<\/p>\n<\/div>\n<p><img src='https:\/\/www.weblex.fr\/images\/flux_actus\/chomagetechnique.jpg'><\/p>\n","protected":false},"excerpt":{"rendered":"<p>Afin d\u2019aider les entreprises \u00e0 faire face \u00e0 la crise sanitaire, le dispositif d\u2019activit\u00e9 partielle a \u00e9t\u00e9 largement d\u00e9ploy\u00e9 (et modifi\u00e9 !) en 2020. L\u2019employeur doit verser une indemnit\u00e9 au salari\u00e9 plac\u00e9 en activit\u00e9 partielle et re\u00e7oit en retour une allocation. Leurs taux sont suppos\u00e9s baisser. Pour quand ?<\/p>\n","protected":false},"author":0,"featured_media":3872,"comment_status":"open","ping_status":"closed","sticky":false,"template":"","format":"standard","meta":{"_acf_changed":false,"footnotes":""},"categories":[8,7],"tags":[],"class_list":["post-657","post","type-post","status-publish","format-standard","has-post-thumbnail","hentry","category-actu-sociale","category-actualites"],"acf":[],"yoast_head":"<!-- This site is optimized with the Yoast SEO plugin v27.2 - https:\/\/yoast.com\/product\/yoast-seo-wordpress\/ -->\n<title>Coronavirus (COVID-19) et activit\u00e9 partielle : report de la baisse des indemnit\u00e9s et allocations en mars 2021 ? - Cabinet Magar<\/title>\n<meta name=\"robots\" content=\"index, follow, max-snippet:-1, max-image-preview:large, max-video-preview:-1\" \/>\n<link rel=\"canonical\" href=\"https:\/\/www.cabinet-magar.fr\/actualites\/coronavirus-covid-19-et-activite-partielle-report-de-la-baisse-des-indemnites-et-allocations-en-mars-2021\/\" \/>\n<meta property=\"og:locale\" content=\"de_DE\" \/>\n<meta property=\"og:type\" content=\"article\" \/>\n<meta property=\"og:title\" content=\"Coronavirus (COVID-19) et activit\u00e9 partielle : report de la baisse des indemnit\u00e9s et allocations en mars 2021 ? - Cabinet Magar\" \/>\n<meta property=\"og:description\" content=\"Afin d\u2019aider les entreprises \u00e0 faire face \u00e0 la crise sanitaire, le dispositif d\u2019activit\u00e9 partielle a \u00e9t\u00e9 largement d\u00e9ploy\u00e9 (et modifi\u00e9 !) en 2020. L\u2019employeur doit verser une indemnit\u00e9 au salari\u00e9 plac\u00e9 en activit\u00e9 partielle et re\u00e7oit en retour une allocation. Leurs taux sont suppos\u00e9s baisser. Pour quand ?\" \/>\n<meta property=\"og:url\" content=\"https:\/\/www.cabinet-magar.fr\/actualites\/coronavirus-covid-19-et-activite-partielle-report-de-la-baisse-des-indemnites-et-allocations-en-mars-2021\/\" \/>\n<meta property=\"og:site_name\" content=\"Cabinet Magar\" \/>\n<meta property=\"article:published_time\" content=\"2021-02-01T04:45:00+00:00\" \/>\n<meta property=\"article:modified_time\" content=\"2021-04-11T01:00:24+00:00\" \/>\n<meta property=\"og:image\" content=\"https:\/\/www.cabinet-magar.fr\/wp-content\/uploads\/2021\/04\/chomagetechnique.jpg\" \/>\n\t<meta property=\"og:image:width\" content=\"600\" \/>\n\t<meta property=\"og:image:height\" content=\"400\" \/>\n\t<meta property=\"og:image:type\" content=\"image\/jpeg\" \/>\n<meta name=\"twitter:card\" content=\"summary_large_image\" \/>\n<meta name=\"twitter:label1\" content=\"Gesch\u00e4tzte Lesezeit\" \/>\n\t<meta name=\"twitter:data1\" content=\"6\u00a0Minuten\" \/>\n<script type=\"application\/ld+json\" class=\"yoast-schema-graph\">{\"@context\":\"https:\/\/schema.org\",\"@graph\":[{\"@type\":\"Article\",\"@id\":\"https:\/\/www.cabinet-magar.fr\/actualites\/coronavirus-covid-19-et-activite-partielle-report-de-la-baisse-des-indemnites-et-allocations-en-mars-2021\/#article\",\"isPartOf\":{\"@id\":\"https:\/\/www.cabinet-magar.fr\/actualites\/coronavirus-covid-19-et-activite-partielle-report-de-la-baisse-des-indemnites-et-allocations-en-mars-2021\/\"},\"author\":{\"name\":\"\",\"@id\":\"\"},\"headline\":\"Coronavirus (COVID-19) et activit\u00e9 partielle : report de la baisse des indemnit\u00e9s et allocations en mars 2021 ?\",\"datePublished\":\"2021-02-01T04:45:00+00:00\",\"dateModified\":\"2021-04-11T01:00:24+00:00\",\"mainEntityOfPage\":{\"@id\":\"https:\/\/www.cabinet-magar.fr\/actualites\/coronavirus-covid-19-et-activite-partielle-report-de-la-baisse-des-indemnites-et-allocations-en-mars-2021\/\"},\"wordCount\":1177,\"commentCount\":0,\"image\":{\"@id\":\"https:\/\/www.cabinet-magar.fr\/actualites\/coronavirus-covid-19-et-activite-partielle-report-de-la-baisse-des-indemnites-et-allocations-en-mars-2021\/#primaryimage\"},\"thumbnailUrl\":\"https:\/\/www.cabinet-magar.fr\/wp-content\/uploads\/2021\/04\/chomagetechnique.jpg\",\"articleSection\":[\"Actu Sociale\",\"Actualit\u00e9s\"],\"inLanguage\":\"de\",\"potentialAction\":[{\"@type\":\"CommentAction\",\"name\":\"Comment\",\"target\":[\"https:\/\/www.cabinet-magar.fr\/actualites\/coronavirus-covid-19-et-activite-partielle-report-de-la-baisse-des-indemnites-et-allocations-en-mars-2021\/#respond\"]}]},{\"@type\":\"WebPage\",\"@id\":\"https:\/\/www.cabinet-magar.fr\/actualites\/coronavirus-covid-19-et-activite-partielle-report-de-la-baisse-des-indemnites-et-allocations-en-mars-2021\/\",\"url\":\"https:\/\/www.cabinet-magar.fr\/actualites\/coronavirus-covid-19-et-activite-partielle-report-de-la-baisse-des-indemnites-et-allocations-en-mars-2021\/\",\"name\":\"Coronavirus (COVID-19) et activit\u00e9 partielle : report de la baisse des indemnit\u00e9s et allocations en mars 2021 ? - Cabinet Magar\",\"isPartOf\":{\"@id\":\"https:\/\/www.cabinet-magar.fr\/#website\"},\"primaryImageOfPage\":{\"@id\":\"https:\/\/www.cabinet-magar.fr\/actualites\/coronavirus-covid-19-et-activite-partielle-report-de-la-baisse-des-indemnites-et-allocations-en-mars-2021\/#primaryimage\"},\"image\":{\"@id\":\"https:\/\/www.cabinet-magar.fr\/actualites\/coronavirus-covid-19-et-activite-partielle-report-de-la-baisse-des-indemnites-et-allocations-en-mars-2021\/#primaryimage\"},\"thumbnailUrl\":\"https:\/\/www.cabinet-magar.fr\/wp-content\/uploads\/2021\/04\/chomagetechnique.jpg\",\"datePublished\":\"2021-02-01T04:45:00+00:00\",\"dateModified\":\"2021-04-11T01:00:24+00:00\",\"author\":{\"@id\":\"\"},\"breadcrumb\":{\"@id\":\"https:\/\/www.cabinet-magar.fr\/actualites\/coronavirus-covid-19-et-activite-partielle-report-de-la-baisse-des-indemnites-et-allocations-en-mars-2021\/#breadcrumb\"},\"inLanguage\":\"de\",\"potentialAction\":[{\"@type\":\"ReadAction\",\"target\":[\"https:\/\/www.cabinet-magar.fr\/actualites\/coronavirus-covid-19-et-activite-partielle-report-de-la-baisse-des-indemnites-et-allocations-en-mars-2021\/\"]}]},{\"@type\":\"ImageObject\",\"inLanguage\":\"de\",\"@id\":\"https:\/\/www.cabinet-magar.fr\/actualites\/coronavirus-covid-19-et-activite-partielle-report-de-la-baisse-des-indemnites-et-allocations-en-mars-2021\/#primaryimage\",\"url\":\"https:\/\/www.cabinet-magar.fr\/wp-content\/uploads\/2021\/04\/chomagetechnique.jpg\",\"contentUrl\":\"https:\/\/www.cabinet-magar.fr\/wp-content\/uploads\/2021\/04\/chomagetechnique.jpg\",\"width\":600,\"height\":400},{\"@type\":\"BreadcrumbList\",\"@id\":\"https:\/\/www.cabinet-magar.fr\/actualites\/coronavirus-covid-19-et-activite-partielle-report-de-la-baisse-des-indemnites-et-allocations-en-mars-2021\/#breadcrumb\",\"itemListElement\":[{\"@type\":\"ListItem\",\"position\":1,\"name\":\"Accueil\",\"item\":\"https:\/\/www.cabinet-magar.fr\/de\/\"},{\"@type\":\"ListItem\",\"position\":2,\"name\":\"Coronavirus (COVID-19) et activit\u00e9 partielle : report de la baisse des indemnit\u00e9s et allocations en mars 2021 ?\"}]},{\"@type\":\"WebSite\",\"@id\":\"https:\/\/www.cabinet-magar.fr\/#website\",\"url\":\"https:\/\/www.cabinet-magar.fr\/\",\"name\":\"Cabinet Magar\",\"description\":\"\",\"potentialAction\":[{\"@type\":\"SearchAction\",\"target\":{\"@type\":\"EntryPoint\",\"urlTemplate\":\"https:\/\/www.cabinet-magar.fr\/?s={search_term_string}\"},\"query-input\":{\"@type\":\"PropertyValueSpecification\",\"valueRequired\":true,\"valueName\":\"search_term_string\"}}],\"inLanguage\":\"de\"}]}<\/script>\n<!-- \/ Yoast SEO plugin. -->","yoast_head_json":{"title":"Coronavirus (COVID-19) et activit\u00e9 partielle : report de la baisse des indemnit\u00e9s et allocations en mars 2021 ? - Cabinet Magar","robots":{"index":"index","follow":"follow","max-snippet":"max-snippet:-1","max-image-preview":"max-image-preview:large","max-video-preview":"max-video-preview:-1"},"canonical":"https:\/\/www.cabinet-magar.fr\/actualites\/coronavirus-covid-19-et-activite-partielle-report-de-la-baisse-des-indemnites-et-allocations-en-mars-2021\/","og_locale":"de_DE","og_type":"article","og_title":"Coronavirus (COVID-19) et activit\u00e9 partielle : report de la baisse des indemnit\u00e9s et allocations en mars 2021 ? - Cabinet Magar","og_description":"Afin d\u2019aider les entreprises \u00e0 faire face \u00e0 la crise sanitaire, le dispositif d\u2019activit\u00e9 partielle a \u00e9t\u00e9 largement d\u00e9ploy\u00e9 (et modifi\u00e9 !) en 2020. L\u2019employeur doit verser une indemnit\u00e9 au salari\u00e9 plac\u00e9 en activit\u00e9 partielle et re\u00e7oit en retour une allocation. Leurs taux sont suppos\u00e9s baisser. Pour quand ?","og_url":"https:\/\/www.cabinet-magar.fr\/actualites\/coronavirus-covid-19-et-activite-partielle-report-de-la-baisse-des-indemnites-et-allocations-en-mars-2021\/","og_site_name":"Cabinet Magar","article_published_time":"2021-02-01T04:45:00+00:00","article_modified_time":"2021-04-11T01:00:24+00:00","og_image":[{"width":600,"height":400,"url":"https:\/\/www.cabinet-magar.fr\/wp-content\/uploads\/2021\/04\/chomagetechnique.jpg","type":"image\/jpeg"}],"twitter_card":"summary_large_image","twitter_misc":{"Gesch\u00e4tzte Lesezeit":"6\u00a0Minuten"},"schema":{"@context":"https:\/\/schema.org","@graph":[{"@type":"Article","@id":"https:\/\/www.cabinet-magar.fr\/actualites\/coronavirus-covid-19-et-activite-partielle-report-de-la-baisse-des-indemnites-et-allocations-en-mars-2021\/#article","isPartOf":{"@id":"https:\/\/www.cabinet-magar.fr\/actualites\/coronavirus-covid-19-et-activite-partielle-report-de-la-baisse-des-indemnites-et-allocations-en-mars-2021\/"},"author":{"name":"","@id":""},"headline":"Coronavirus (COVID-19) et activit\u00e9 partielle : report de la baisse des indemnit\u00e9s et allocations en mars 2021 ?","datePublished":"2021-02-01T04:45:00+00:00","dateModified":"2021-04-11T01:00:24+00:00","mainEntityOfPage":{"@id":"https:\/\/www.cabinet-magar.fr\/actualites\/coronavirus-covid-19-et-activite-partielle-report-de-la-baisse-des-indemnites-et-allocations-en-mars-2021\/"},"wordCount":1177,"commentCount":0,"image":{"@id":"https:\/\/www.cabinet-magar.fr\/actualites\/coronavirus-covid-19-et-activite-partielle-report-de-la-baisse-des-indemnites-et-allocations-en-mars-2021\/#primaryimage"},"thumbnailUrl":"https:\/\/www.cabinet-magar.fr\/wp-content\/uploads\/2021\/04\/chomagetechnique.jpg","articleSection":["Actu Sociale","Actualit\u00e9s"],"inLanguage":"de","potentialAction":[{"@type":"CommentAction","name":"Comment","target":["https:\/\/www.cabinet-magar.fr\/actualites\/coronavirus-covid-19-et-activite-partielle-report-de-la-baisse-des-indemnites-et-allocations-en-mars-2021\/#respond"]}]},{"@type":"WebPage","@id":"https:\/\/www.cabinet-magar.fr\/actualites\/coronavirus-covid-19-et-activite-partielle-report-de-la-baisse-des-indemnites-et-allocations-en-mars-2021\/","url":"https:\/\/www.cabinet-magar.fr\/actualites\/coronavirus-covid-19-et-activite-partielle-report-de-la-baisse-des-indemnites-et-allocations-en-mars-2021\/","name":"Coronavirus (COVID-19) et activit\u00e9 partielle : report de la baisse des indemnit\u00e9s et allocations en mars 2021 ? - Cabinet Magar","isPartOf":{"@id":"https:\/\/www.cabinet-magar.fr\/#website"},"primaryImageOfPage":{"@id":"https:\/\/www.cabinet-magar.fr\/actualites\/coronavirus-covid-19-et-activite-partielle-report-de-la-baisse-des-indemnites-et-allocations-en-mars-2021\/#primaryimage"},"image":{"@id":"https:\/\/www.cabinet-magar.fr\/actualites\/coronavirus-covid-19-et-activite-partielle-report-de-la-baisse-des-indemnites-et-allocations-en-mars-2021\/#primaryimage"},"thumbnailUrl":"https:\/\/www.cabinet-magar.fr\/wp-content\/uploads\/2021\/04\/chomagetechnique.jpg","datePublished":"2021-02-01T04:45:00+00:00","dateModified":"2021-04-11T01:00:24+00:00","author":{"@id":""},"breadcrumb":{"@id":"https:\/\/www.cabinet-magar.fr\/actualites\/coronavirus-covid-19-et-activite-partielle-report-de-la-baisse-des-indemnites-et-allocations-en-mars-2021\/#breadcrumb"},"inLanguage":"de","potentialAction":[{"@type":"ReadAction","target":["https:\/\/www.cabinet-magar.fr\/actualites\/coronavirus-covid-19-et-activite-partielle-report-de-la-baisse-des-indemnites-et-allocations-en-mars-2021\/"]}]},{"@type":"ImageObject","inLanguage":"de","@id":"https:\/\/www.cabinet-magar.fr\/actualites\/coronavirus-covid-19-et-activite-partielle-report-de-la-baisse-des-indemnites-et-allocations-en-mars-2021\/#primaryimage","url":"https:\/\/www.cabinet-magar.fr\/wp-content\/uploads\/2021\/04\/chomagetechnique.jpg","contentUrl":"https:\/\/www.cabinet-magar.fr\/wp-content\/uploads\/2021\/04\/chomagetechnique.jpg","width":600,"height":400},{"@type":"BreadcrumbList","@id":"https:\/\/www.cabinet-magar.fr\/actualites\/coronavirus-covid-19-et-activite-partielle-report-de-la-baisse-des-indemnites-et-allocations-en-mars-2021\/#breadcrumb","itemListElement":[{"@type":"ListItem","position":1,"name":"Accueil","item":"https:\/\/www.cabinet-magar.fr\/de\/"},{"@type":"ListItem","position":2,"name":"Coronavirus (COVID-19) et activit\u00e9 partielle : report de la baisse des indemnit\u00e9s et allocations en mars 2021 ?"}]},{"@type":"WebSite","@id":"https:\/\/www.cabinet-magar.fr\/#website","url":"https:\/\/www.cabinet-magar.fr\/","name":"Cabinet Magar","description":"","potentialAction":[{"@type":"SearchAction","target":{"@type":"EntryPoint","urlTemplate":"https:\/\/www.cabinet-magar.fr\/?s={search_term_string}"},"query-input":{"@type":"PropertyValueSpecification","valueRequired":true,"valueName":"search_term_string"}}],"inLanguage":"de"}]}},"_links":{"self":[{"href":"https:\/\/www.cabinet-magar.fr\/de\/wp-json\/wp\/v2\/posts\/657","targetHints":{"allow":["GET"]}}],"collection":[{"href":"https:\/\/www.cabinet-magar.fr\/de\/wp-json\/wp\/v2\/posts"}],"about":[{"href":"https:\/\/www.cabinet-magar.fr\/de\/wp-json\/wp\/v2\/types\/post"}],"replies":[{"embeddable":true,"href":"https:\/\/www.cabinet-magar.fr\/de\/wp-json\/wp\/v2\/comments?post=657"}],"version-history":[{"count":1,"href":"https:\/\/www.cabinet-magar.fr\/de\/wp-json\/wp\/v2\/posts\/657\/revisions"}],"predecessor-version":[{"id":3871,"href":"https:\/\/www.cabinet-magar.fr\/de\/wp-json\/wp\/v2\/posts\/657\/revisions\/3871"}],"wp:featuredmedia":[{"embeddable":true,"href":"https:\/\/www.cabinet-magar.fr\/de\/wp-json\/wp\/v2\/media\/3872"}],"wp:attachment":[{"href":"https:\/\/www.cabinet-magar.fr\/de\/wp-json\/wp\/v2\/media?parent=657"}],"wp:term":[{"taxonomy":"category","embeddable":true,"href":"https:\/\/www.cabinet-magar.fr\/de\/wp-json\/wp\/v2\/categories?post=657"},{"taxonomy":"post_tag","embeddable":true,"href":"https:\/\/www.cabinet-magar.fr\/de\/wp-json\/wp\/v2\/tags?post=657"}],"curies":[{"name":"wp","href":"https:\/\/api.w.org\/{rel}","templated":true}]}}