{"id":656,"date":"2021-02-01T05:45:00","date_gmt":"2021-02-01T04:45:00","guid":{"rendered":"https:\/\/www.cabinet-magar.fr\/coronavirus-covid-19-droits-au-chomage-de-nouveau-prolonges-en-fevrier-2021\/"},"modified":"2021-04-11T03:00:22","modified_gmt":"2021-04-11T01:00:22","slug":"coronavirus-covid-19-droits-au-chomage-de-nouveau-prolonges-en-fevrier-2021","status":"publish","type":"post","link":"https:\/\/www.cabinet-magar.fr\/de\/actualites\/coronavirus-covid-19-droits-au-chomage-de-nouveau-prolonges-en-fevrier-2021\/","title":{"rendered":"Coronavirus (COVID-19) : droits au ch\u00f4mage de nouveau prolong\u00e9s en f\u00e9vrier 2021 ?"},"content":{"rendered":"<p >Les demandeurs d\u2019emploi qui ont \u00e9puis\u00e9 leurs droits au ch\u00f4mage sur une certaine p\u00e9riode peuvent b\u00e9n\u00e9ficier d\u2019une prolongation de ces droits. Ce dispositif est de nouveau allong\u00e9\u2026<\/p>\n<div>\n<h2> Coronavirus (COVID-19) : prolongation des droits expir\u00e9s au 15 f\u00e9vrier 2021 !<\/h2>\n<p>Pour rappel, les demandeurs d&#8217;emploi ayant \u00e9puis\u00e9 leurs droits \u00e0 l&#8217;allocation ch\u00f4mage, \u00e0 l\u2019allocation des travailleurs ind\u00e9pendants ou \u00e0 l\u2019allocation de solidarit\u00e9 sp\u00e9cifique entre le 30 octobre 2020 et le 31 d\u00e9cembre 2020 ont pu b\u00e9n\u00e9ficier, \u00e0 titre exceptionnel, d&#8217;une prolongation de la dur\u00e9e pendant laquelle l&#8217;allocation leur \u00e9tait vers\u00e9e.<\/p>\n<p>Ce dispositif, qui a d\u00e9j\u00e0 \u00e9t\u00e9 prolong\u00e9 d\u2019un mois, l\u2019est \u00e0 nouveau : sont d\u00e9sormais concern\u00e9s les demandeurs d\u2019emploi ayant \u00e9puis\u00e9 leurs droits entre le 30 octobre 2020 et le 15 f\u00e9vrier 2021.<\/p>\n<p>La dur\u00e9e de cette prolongation est d\u00e9sormais \u00e9gale au nombre de jours calendaires compris entre la date d&#8217;\u00e9puisement des droits du demandeur d&#8217;emploi et le 28 f\u00e9vrier 2021, d\u00e9duction faite des jours non indemnisables au titre de cette p\u00e9riode.<\/p>\n<p><a href=\"https:\/\/www.legifrance.gouv.fr\/jorf\/id\/JORFTEXT000043081141\" target=\"_blank\" rel=\"noopener\">Source : Arr\u00eat\u00e9 du 30 janvier 2021 portant modification de l&#8217;arr\u00eat\u00e9 du 9 d\u00e9cembre 2020 modifi\u00e9 portant mesures d&#8217;urgence en mati\u00e8re de revenus de remplacement mentionn\u00e9s \u00e0 l&#8217;article L. 5421-2 du code du trava<\/a>il<\/p>\n<p><a href=\"https:\/\/www.weblex.fr\/weblex-actualite\/coronavirus-covid-19-droits-au-chomage-de-nouveau-prolonges-en-fevrier-2021\" target=\"_blank\" rel=\"noopener\">Coronavirus (COVID-19) : prolongation des droits expir\u00e9s au 15 f\u00e9vrier 2021 !<\/a> \u00a9 Copyright WebLex &#8211; 2021<\/p>\n<\/div>\n<p><img src='https:\/\/www.weblex.fr\/images\/flux_actus\/demandeuremploi.jpg'><\/p>\n","protected":false},"excerpt":{"rendered":"<p>Les demandeurs d\u2019emploi qui ont \u00e9puis\u00e9 leurs droits au ch\u00f4mage sur une certaine p\u00e9riode peuvent b\u00e9n\u00e9ficier d\u2019une prolongation de ces droits. Ce dispositif est de nouveau allong\u00e9\u2026<\/p>\n","protected":false},"author":0,"featured_media":3522,"comment_status":"open","ping_status":"closed","sticky":false,"template":"","format":"standard","meta":{"_acf_changed":false,"footnotes":""},"categories":[7,10],"tags":[],"class_list":["post-656","post","type-post","status-publish","format-standard","has-post-thumbnail","hentry","category-actualites","category-le-coin-du-dirigeant"],"acf":[],"yoast_head":"<!-- This site is optimized with the Yoast SEO plugin v27.2 - https:\/\/yoast.com\/product\/yoast-seo-wordpress\/ -->\n<title>Coronavirus (COVID-19) : droits au ch\u00f4mage de nouveau prolong\u00e9s en f\u00e9vrier 2021 ? - Cabinet Magar<\/title>\n<meta name=\"robots\" content=\"index, follow, max-snippet:-1, max-image-preview:large, max-video-preview:-1\" \/>\n<link rel=\"canonical\" href=\"https:\/\/www.cabinet-magar.fr\/de\/actualites\/coronavirus-covid-19-droits-au-chomage-de-nouveau-prolonges-en-fevrier-2021\/\" \/>\n<meta property=\"og:locale\" content=\"de_DE\" \/>\n<meta property=\"og:type\" content=\"article\" \/>\n<meta property=\"og:title\" content=\"Coronavirus (COVID-19) : droits au ch\u00f4mage de nouveau prolong\u00e9s en f\u00e9vrier 2021 ? - Cabinet Magar\" \/>\n<meta property=\"og:description\" content=\"Les demandeurs d\u2019emploi qui ont \u00e9puis\u00e9 leurs droits au ch\u00f4mage sur une certaine p\u00e9riode peuvent b\u00e9n\u00e9ficier d\u2019une prolongation de ces droits. Ce dispositif est de nouveau allong\u00e9\u2026\" \/>\n<meta property=\"og:url\" content=\"https:\/\/www.cabinet-magar.fr\/de\/actualites\/coronavirus-covid-19-droits-au-chomage-de-nouveau-prolonges-en-fevrier-2021\/\" \/>\n<meta property=\"og:site_name\" content=\"Cabinet Magar\" \/>\n<meta property=\"article:published_time\" content=\"2021-02-01T04:45:00+00:00\" \/>\n<meta property=\"article:modified_time\" content=\"2021-04-11T01:00:22+00:00\" \/>\n<meta property=\"og:image\" content=\"https:\/\/www.cabinet-magar.fr\/wp-content\/uploads\/2021\/04\/demandeuremploi.jpg\" \/>\n\t<meta property=\"og:image:width\" content=\"600\" \/>\n\t<meta property=\"og:image:height\" content=\"400\" \/>\n\t<meta property=\"og:image:type\" content=\"image\/jpeg\" \/>\n<meta name=\"twitter:card\" content=\"summary_large_image\" \/>\n<meta name=\"twitter:label1\" content=\"Gesch\u00e4tzte Lesezeit\" \/>\n\t<meta name=\"twitter:data1\" content=\"1\u00a0Minute\" \/>\n<script type=\"application\/ld+json\" class=\"yoast-schema-graph\">{\"@context\":\"https:\/\/schema.org\",\"@graph\":[{\"@type\":\"Article\",\"@id\":\"https:\/\/www.cabinet-magar.fr\/de\/actualites\/coronavirus-covid-19-droits-au-chomage-de-nouveau-prolonges-en-fevrier-2021\/#article\",\"isPartOf\":{\"@id\":\"https:\/\/www.cabinet-magar.fr\/de\/actualites\/coronavirus-covid-19-droits-au-chomage-de-nouveau-prolonges-en-fevrier-2021\/\"},\"author\":{\"name\":\"\",\"@id\":\"\"},\"headline\":\"Coronavirus (COVID-19) : droits au ch\u00f4mage de nouveau prolong\u00e9s en f\u00e9vrier 2021 ?\",\"datePublished\":\"2021-02-01T04:45:00+00:00\",\"dateModified\":\"2021-04-11T01:00:22+00:00\",\"mainEntityOfPage\":{\"@id\":\"https:\/\/www.cabinet-magar.fr\/de\/actualites\/coronavirus-covid-19-droits-au-chomage-de-nouveau-prolonges-en-fevrier-2021\/\"},\"wordCount\":239,\"commentCount\":0,\"image\":{\"@id\":\"https:\/\/www.cabinet-magar.fr\/de\/actualites\/coronavirus-covid-19-droits-au-chomage-de-nouveau-prolonges-en-fevrier-2021\/#primaryimage\"},\"thumbnailUrl\":\"https:\/\/www.cabinet-magar.fr\/wp-content\/uploads\/2021\/04\/demandeuremploi.jpg\",\"articleSection\":[\"Actualit\u00e9s\",\"Le coin du dirigeant\"],\"inLanguage\":\"de\",\"potentialAction\":[{\"@type\":\"CommentAction\",\"name\":\"Comment\",\"target\":[\"https:\/\/www.cabinet-magar.fr\/de\/actualites\/coronavirus-covid-19-droits-au-chomage-de-nouveau-prolonges-en-fevrier-2021\/#respond\"]}]},{\"@type\":\"WebPage\",\"@id\":\"https:\/\/www.cabinet-magar.fr\/de\/actualites\/coronavirus-covid-19-droits-au-chomage-de-nouveau-prolonges-en-fevrier-2021\/\",\"url\":\"https:\/\/www.cabinet-magar.fr\/de\/actualites\/coronavirus-covid-19-droits-au-chomage-de-nouveau-prolonges-en-fevrier-2021\/\",\"name\":\"Coronavirus (COVID-19) : droits au ch\u00f4mage de nouveau prolong\u00e9s en f\u00e9vrier 2021 ? - Cabinet Magar\",\"isPartOf\":{\"@id\":\"https:\/\/www.cabinet-magar.fr\/#website\"},\"primaryImageOfPage\":{\"@id\":\"https:\/\/www.cabinet-magar.fr\/de\/actualites\/coronavirus-covid-19-droits-au-chomage-de-nouveau-prolonges-en-fevrier-2021\/#primaryimage\"},\"image\":{\"@id\":\"https:\/\/www.cabinet-magar.fr\/de\/actualites\/coronavirus-covid-19-droits-au-chomage-de-nouveau-prolonges-en-fevrier-2021\/#primaryimage\"},\"thumbnailUrl\":\"https:\/\/www.cabinet-magar.fr\/wp-content\/uploads\/2021\/04\/demandeuremploi.jpg\",\"datePublished\":\"2021-02-01T04:45:00+00:00\",\"dateModified\":\"2021-04-11T01:00:22+00:00\",\"author\":{\"@id\":\"\"},\"breadcrumb\":{\"@id\":\"https:\/\/www.cabinet-magar.fr\/de\/actualites\/coronavirus-covid-19-droits-au-chomage-de-nouveau-prolonges-en-fevrier-2021\/#breadcrumb\"},\"inLanguage\":\"de\",\"potentialAction\":[{\"@type\":\"ReadAction\",\"target\":[\"https:\/\/www.cabinet-magar.fr\/de\/actualites\/coronavirus-covid-19-droits-au-chomage-de-nouveau-prolonges-en-fevrier-2021\/\"]}]},{\"@type\":\"ImageObject\",\"inLanguage\":\"de\",\"@id\":\"https:\/\/www.cabinet-magar.fr\/de\/actualites\/coronavirus-covid-19-droits-au-chomage-de-nouveau-prolonges-en-fevrier-2021\/#primaryimage\",\"url\":\"https:\/\/www.cabinet-magar.fr\/wp-content\/uploads\/2021\/04\/demandeuremploi.jpg\",\"contentUrl\":\"https:\/\/www.cabinet-magar.fr\/wp-content\/uploads\/2021\/04\/demandeuremploi.jpg\",\"width\":600,\"height\":400},{\"@type\":\"BreadcrumbList\",\"@id\":\"https:\/\/www.cabinet-magar.fr\/de\/actualites\/coronavirus-covid-19-droits-au-chomage-de-nouveau-prolonges-en-fevrier-2021\/#breadcrumb\",\"itemListElement\":[{\"@type\":\"ListItem\",\"position\":1,\"name\":\"Accueil\",\"item\":\"https:\/\/www.cabinet-magar.fr\/de\/\"},{\"@type\":\"ListItem\",\"position\":2,\"name\":\"Coronavirus (COVID-19) : droits au ch\u00f4mage de nouveau prolong\u00e9s en f\u00e9vrier 2021 ?\"}]},{\"@type\":\"WebSite\",\"@id\":\"https:\/\/www.cabinet-magar.fr\/#website\",\"url\":\"https:\/\/www.cabinet-magar.fr\/\",\"name\":\"Cabinet Magar\",\"description\":\"\",\"potentialAction\":[{\"@type\":\"SearchAction\",\"target\":{\"@type\":\"EntryPoint\",\"urlTemplate\":\"https:\/\/www.cabinet-magar.fr\/?s={search_term_string}\"},\"query-input\":{\"@type\":\"PropertyValueSpecification\",\"valueRequired\":true,\"valueName\":\"search_term_string\"}}],\"inLanguage\":\"de\"}]}<\/script>\n<!-- \/ Yoast SEO plugin. -->","yoast_head_json":{"title":"Coronavirus (COVID-19) : droits au ch\u00f4mage de nouveau prolong\u00e9s en f\u00e9vrier 2021 ? - Cabinet Magar","robots":{"index":"index","follow":"follow","max-snippet":"max-snippet:-1","max-image-preview":"max-image-preview:large","max-video-preview":"max-video-preview:-1"},"canonical":"https:\/\/www.cabinet-magar.fr\/de\/actualites\/coronavirus-covid-19-droits-au-chomage-de-nouveau-prolonges-en-fevrier-2021\/","og_locale":"de_DE","og_type":"article","og_title":"Coronavirus (COVID-19) : droits au ch\u00f4mage de nouveau prolong\u00e9s en f\u00e9vrier 2021 ? - Cabinet Magar","og_description":"Les demandeurs d\u2019emploi qui ont \u00e9puis\u00e9 leurs droits au ch\u00f4mage sur une certaine p\u00e9riode peuvent b\u00e9n\u00e9ficier d\u2019une prolongation de ces droits. Ce dispositif est de nouveau allong\u00e9\u2026","og_url":"https:\/\/www.cabinet-magar.fr\/de\/actualites\/coronavirus-covid-19-droits-au-chomage-de-nouveau-prolonges-en-fevrier-2021\/","og_site_name":"Cabinet Magar","article_published_time":"2021-02-01T04:45:00+00:00","article_modified_time":"2021-04-11T01:00:22+00:00","og_image":[{"width":600,"height":400,"url":"https:\/\/www.cabinet-magar.fr\/wp-content\/uploads\/2021\/04\/demandeuremploi.jpg","type":"image\/jpeg"}],"twitter_card":"summary_large_image","twitter_misc":{"Gesch\u00e4tzte Lesezeit":"1\u00a0Minute"},"schema":{"@context":"https:\/\/schema.org","@graph":[{"@type":"Article","@id":"https:\/\/www.cabinet-magar.fr\/de\/actualites\/coronavirus-covid-19-droits-au-chomage-de-nouveau-prolonges-en-fevrier-2021\/#article","isPartOf":{"@id":"https:\/\/www.cabinet-magar.fr\/de\/actualites\/coronavirus-covid-19-droits-au-chomage-de-nouveau-prolonges-en-fevrier-2021\/"},"author":{"name":"","@id":""},"headline":"Coronavirus (COVID-19) : droits au ch\u00f4mage de nouveau prolong\u00e9s en f\u00e9vrier 2021 ?","datePublished":"2021-02-01T04:45:00+00:00","dateModified":"2021-04-11T01:00:22+00:00","mainEntityOfPage":{"@id":"https:\/\/www.cabinet-magar.fr\/de\/actualites\/coronavirus-covid-19-droits-au-chomage-de-nouveau-prolonges-en-fevrier-2021\/"},"wordCount":239,"commentCount":0,"image":{"@id":"https:\/\/www.cabinet-magar.fr\/de\/actualites\/coronavirus-covid-19-droits-au-chomage-de-nouveau-prolonges-en-fevrier-2021\/#primaryimage"},"thumbnailUrl":"https:\/\/www.cabinet-magar.fr\/wp-content\/uploads\/2021\/04\/demandeuremploi.jpg","articleSection":["Actualit\u00e9s","Le coin du dirigeant"],"inLanguage":"de","potentialAction":[{"@type":"CommentAction","name":"Comment","target":["https:\/\/www.cabinet-magar.fr\/de\/actualites\/coronavirus-covid-19-droits-au-chomage-de-nouveau-prolonges-en-fevrier-2021\/#respond"]}]},{"@type":"WebPage","@id":"https:\/\/www.cabinet-magar.fr\/de\/actualites\/coronavirus-covid-19-droits-au-chomage-de-nouveau-prolonges-en-fevrier-2021\/","url":"https:\/\/www.cabinet-magar.fr\/de\/actualites\/coronavirus-covid-19-droits-au-chomage-de-nouveau-prolonges-en-fevrier-2021\/","name":"Coronavirus (COVID-19) : droits au ch\u00f4mage de nouveau prolong\u00e9s en f\u00e9vrier 2021 ? - Cabinet Magar","isPartOf":{"@id":"https:\/\/www.cabinet-magar.fr\/#website"},"primaryImageOfPage":{"@id":"https:\/\/www.cabinet-magar.fr\/de\/actualites\/coronavirus-covid-19-droits-au-chomage-de-nouveau-prolonges-en-fevrier-2021\/#primaryimage"},"image":{"@id":"https:\/\/www.cabinet-magar.fr\/de\/actualites\/coronavirus-covid-19-droits-au-chomage-de-nouveau-prolonges-en-fevrier-2021\/#primaryimage"},"thumbnailUrl":"https:\/\/www.cabinet-magar.fr\/wp-content\/uploads\/2021\/04\/demandeuremploi.jpg","datePublished":"2021-02-01T04:45:00+00:00","dateModified":"2021-04-11T01:00:22+00:00","author":{"@id":""},"breadcrumb":{"@id":"https:\/\/www.cabinet-magar.fr\/de\/actualites\/coronavirus-covid-19-droits-au-chomage-de-nouveau-prolonges-en-fevrier-2021\/#breadcrumb"},"inLanguage":"de","potentialAction":[{"@type":"ReadAction","target":["https:\/\/www.cabinet-magar.fr\/de\/actualites\/coronavirus-covid-19-droits-au-chomage-de-nouveau-prolonges-en-fevrier-2021\/"]}]},{"@type":"ImageObject","inLanguage":"de","@id":"https:\/\/www.cabinet-magar.fr\/de\/actualites\/coronavirus-covid-19-droits-au-chomage-de-nouveau-prolonges-en-fevrier-2021\/#primaryimage","url":"https:\/\/www.cabinet-magar.fr\/wp-content\/uploads\/2021\/04\/demandeuremploi.jpg","contentUrl":"https:\/\/www.cabinet-magar.fr\/wp-content\/uploads\/2021\/04\/demandeuremploi.jpg","width":600,"height":400},{"@type":"BreadcrumbList","@id":"https:\/\/www.cabinet-magar.fr\/de\/actualites\/coronavirus-covid-19-droits-au-chomage-de-nouveau-prolonges-en-fevrier-2021\/#breadcrumb","itemListElement":[{"@type":"ListItem","position":1,"name":"Accueil","item":"https:\/\/www.cabinet-magar.fr\/de\/"},{"@type":"ListItem","position":2,"name":"Coronavirus (COVID-19) : droits au ch\u00f4mage de nouveau prolong\u00e9s en f\u00e9vrier 2021 ?"}]},{"@type":"WebSite","@id":"https:\/\/www.cabinet-magar.fr\/#website","url":"https:\/\/www.cabinet-magar.fr\/","name":"Cabinet Magar","description":"","potentialAction":[{"@type":"SearchAction","target":{"@type":"EntryPoint","urlTemplate":"https:\/\/www.cabinet-magar.fr\/?s={search_term_string}"},"query-input":{"@type":"PropertyValueSpecification","valueRequired":true,"valueName":"search_term_string"}}],"inLanguage":"de"}]}},"_links":{"self":[{"href":"https:\/\/www.cabinet-magar.fr\/de\/wp-json\/wp\/v2\/posts\/656","targetHints":{"allow":["GET"]}}],"collection":[{"href":"https:\/\/www.cabinet-magar.fr\/de\/wp-json\/wp\/v2\/posts"}],"about":[{"href":"https:\/\/www.cabinet-magar.fr\/de\/wp-json\/wp\/v2\/types\/post"}],"replies":[{"embeddable":true,"href":"https:\/\/www.cabinet-magar.fr\/de\/wp-json\/wp\/v2\/comments?post=656"}],"version-history":[{"count":1,"href":"https:\/\/www.cabinet-magar.fr\/de\/wp-json\/wp\/v2\/posts\/656\/revisions"}],"predecessor-version":[{"id":3870,"href":"https:\/\/www.cabinet-magar.fr\/de\/wp-json\/wp\/v2\/posts\/656\/revisions\/3870"}],"wp:featuredmedia":[{"embeddable":true,"href":"https:\/\/www.cabinet-magar.fr\/de\/wp-json\/wp\/v2\/media\/3522"}],"wp:attachment":[{"href":"https:\/\/www.cabinet-magar.fr\/de\/wp-json\/wp\/v2\/media?parent=656"}],"wp:term":[{"taxonomy":"category","embeddable":true,"href":"https:\/\/www.cabinet-magar.fr\/de\/wp-json\/wp\/v2\/categories?post=656"},{"taxonomy":"post_tag","embeddable":true,"href":"https:\/\/www.cabinet-magar.fr\/de\/wp-json\/wp\/v2\/tags?post=656"}],"curies":[{"name":"wp","href":"https:\/\/api.w.org\/{rel}","templated":true}]}}