{"id":654,"date":"2021-02-01T05:45:00","date_gmt":"2021-02-01T04:45:00","guid":{"rendered":"https:\/\/www.cabinet-magar.fr\/pas-de-visite-medicale-de-reprise-absence-injustifiee\/"},"modified":"2021-04-11T03:00:15","modified_gmt":"2021-04-11T01:00:15","slug":"pas-de-visite-medicale-de-reprise-absence-injustifiee","status":"publish","type":"post","link":"https:\/\/www.cabinet-magar.fr\/de\/actualites\/pas-de-visite-medicale-de-reprise-absence-injustifiee\/","title":{"rendered":"Pas de visite m\u00e9dicale de reprise = absence (in)justifi\u00e9e ?"},"content":{"rendered":"<p >Apr\u00e8s un arr\u00eat maladie de plus d\u2019un mois, un salari\u00e9 ne reprend pas son poste, malgr\u00e9 la mise en demeure de son employeur. Une faute grave, d\u2019apr\u00e8s ce dernier qui le licencie. Une faute de l\u2019employeur, selon le salari\u00e9 qui consid\u00e8re que son contrat est toujours suspendu\u2026<\/p>\n<div>\n<h2> Absence injustifi\u00e9e = faute grave<\/h2>\n<p>Un employeur constate qu\u2019un salari\u00e9 ne reprend pas le travail \u00e0 l\u2019issue de son arr\u00eat de travail qui a dur\u00e9 un peu plus d\u2019un mois. Il lui adresse alors une mise en demeure de justifier cette absence ou de reprendre son travail.<\/p>\n<p>Mais parce que le salari\u00e9 laisse ce courrier sans r\u00e9ponse, l\u2019employeur le licencie pour faute grave.<\/p>\n<p>A tort, selon le salari\u00e9 qui rappelle qu\u2019apr\u00e8s un arr\u00eat de travail d\u2019au moins 30 jours, l\u2019employeur doit organiser la visite m\u00e9dicale de reprise du salari\u00e9. Ce qu\u2019il n\u2019a pas fait ici. Selon lui, son contrat \u00e9tait donc encore suspendu, ce qui justifiait son absence.<\/p>\n<p>Mais le juge valide le licenciement, l\u2019absence injustifi\u00e9e du salari\u00e9 constituant effectivement une faute grave. Il pr\u00e9cise que le salari\u00e9 qui n\u2019a ni justifi\u00e9 son absence ni manifest\u00e9 son intention de reprendre le travail ne peut pas reprocher \u00e0 son employeur, rest\u00e9 sans nouvelles, de ne pas avoir organis\u00e9 de visite de reprise.<\/p>\n<p><span style=\"text-decoration: underline;\">Source :<\/span> Arr\u00eat de la Cour de Cassation, chambre sociale, du 13 janvier 2021, n\u00b0 19-10437<\/p>\n<p><a title=\"Titre WebLex - Pas de visite m\u00e9dicale de reprise = absence (in)justifi\u00e9e ?\" href=\"https:\/\/www.weblex.fr\/weblex-actualite\/pas-de-visite-medicale-de-reprise-absence-injustifiee\" rel=\"nofollow noopener\" target=\"_blank\">Pas de visite m\u00e9dicale de reprise = absence (in)justifi\u00e9e ?<\/a> \u00a9 Copyright WebLex &#8211; 2021<\/p>\n<\/div>\n<p><img src='https:\/\/www.weblex.fr\/images\/flux_actus\/non.jpg'><\/p>\n","protected":false},"excerpt":{"rendered":"<p>Apr\u00e8s un arr\u00eat maladie de plus d\u2019un mois, un salari\u00e9 ne reprend pas son poste, malgr\u00e9 la mise en demeure de son employeur. Une faute grave, d\u2019apr\u00e8s ce dernier qui le licencie. Une faute de l\u2019employeur, selon le salari\u00e9 qui consid\u00e8re que son contrat est toujours suspendu\u2026<\/p>\n","protected":false},"author":0,"featured_media":3754,"comment_status":"open","ping_status":"closed","sticky":false,"template":"","format":"standard","meta":{"_acf_changed":false,"footnotes":""},"categories":[8,7],"tags":[],"class_list":["post-654","post","type-post","status-publish","format-standard","has-post-thumbnail","hentry","category-actu-sociale","category-actualites"],"acf":[],"yoast_head":"<!-- This site is optimized with the Yoast SEO plugin v27.2 - https:\/\/yoast.com\/product\/yoast-seo-wordpress\/ -->\n<title>Pas de visite m\u00e9dicale de reprise = absence (in)justifi\u00e9e ? - Cabinet Magar<\/title>\n<meta name=\"robots\" content=\"index, follow, max-snippet:-1, max-image-preview:large, max-video-preview:-1\" \/>\n<link rel=\"canonical\" href=\"https:\/\/www.cabinet-magar.fr\/de\/actualites\/pas-de-visite-medicale-de-reprise-absence-injustifiee\/\" \/>\n<meta property=\"og:locale\" content=\"de_DE\" \/>\n<meta property=\"og:type\" content=\"article\" \/>\n<meta property=\"og:title\" content=\"Pas de visite m\u00e9dicale de reprise = absence (in)justifi\u00e9e ? - Cabinet Magar\" \/>\n<meta property=\"og:description\" content=\"Apr\u00e8s un arr\u00eat maladie de plus d\u2019un mois, un salari\u00e9 ne reprend pas son poste, malgr\u00e9 la mise en demeure de son employeur. Une faute grave, d\u2019apr\u00e8s ce dernier qui le licencie. Une faute de l\u2019employeur, selon le salari\u00e9 qui consid\u00e8re que son contrat est toujours suspendu\u2026\" \/>\n<meta property=\"og:url\" content=\"https:\/\/www.cabinet-magar.fr\/de\/actualites\/pas-de-visite-medicale-de-reprise-absence-injustifiee\/\" \/>\n<meta property=\"og:site_name\" content=\"Cabinet Magar\" \/>\n<meta property=\"article:published_time\" content=\"2021-02-01T04:45:00+00:00\" \/>\n<meta property=\"article:modified_time\" content=\"2021-04-11T01:00:15+00:00\" \/>\n<meta property=\"og:image\" content=\"https:\/\/www.cabinet-magar.fr\/wp-content\/uploads\/2021\/04\/non.jpg\" \/>\n\t<meta property=\"og:image:width\" content=\"600\" \/>\n\t<meta property=\"og:image:height\" content=\"397\" \/>\n\t<meta property=\"og:image:type\" content=\"image\/jpeg\" \/>\n<meta name=\"twitter:card\" content=\"summary_large_image\" \/>\n<meta name=\"twitter:label1\" content=\"Gesch\u00e4tzte Lesezeit\" \/>\n\t<meta name=\"twitter:data1\" content=\"1\u00a0Minute\" \/>\n<script type=\"application\/ld+json\" class=\"yoast-schema-graph\">{\"@context\":\"https:\/\/schema.org\",\"@graph\":[{\"@type\":\"Article\",\"@id\":\"https:\/\/www.cabinet-magar.fr\/de\/actualites\/pas-de-visite-medicale-de-reprise-absence-injustifiee\/#article\",\"isPartOf\":{\"@id\":\"https:\/\/www.cabinet-magar.fr\/de\/actualites\/pas-de-visite-medicale-de-reprise-absence-injustifiee\/\"},\"author\":{\"name\":\"\",\"@id\":\"\"},\"headline\":\"Pas de visite m\u00e9dicale de reprise = absence (in)justifi\u00e9e ?\",\"datePublished\":\"2021-02-01T04:45:00+00:00\",\"dateModified\":\"2021-04-11T01:00:15+00:00\",\"mainEntityOfPage\":{\"@id\":\"https:\/\/www.cabinet-magar.fr\/de\/actualites\/pas-de-visite-medicale-de-reprise-absence-injustifiee\/\"},\"wordCount\":269,\"commentCount\":0,\"image\":{\"@id\":\"https:\/\/www.cabinet-magar.fr\/de\/actualites\/pas-de-visite-medicale-de-reprise-absence-injustifiee\/#primaryimage\"},\"thumbnailUrl\":\"https:\/\/www.cabinet-magar.fr\/wp-content\/uploads\/2021\/04\/non.jpg\",\"articleSection\":[\"Actu Sociale\",\"Actualit\u00e9s\"],\"inLanguage\":\"de\",\"potentialAction\":[{\"@type\":\"CommentAction\",\"name\":\"Comment\",\"target\":[\"https:\/\/www.cabinet-magar.fr\/de\/actualites\/pas-de-visite-medicale-de-reprise-absence-injustifiee\/#respond\"]}]},{\"@type\":\"WebPage\",\"@id\":\"https:\/\/www.cabinet-magar.fr\/de\/actualites\/pas-de-visite-medicale-de-reprise-absence-injustifiee\/\",\"url\":\"https:\/\/www.cabinet-magar.fr\/de\/actualites\/pas-de-visite-medicale-de-reprise-absence-injustifiee\/\",\"name\":\"Pas de visite m\u00e9dicale de reprise = absence (in)justifi\u00e9e ? - Cabinet Magar\",\"isPartOf\":{\"@id\":\"https:\/\/www.cabinet-magar.fr\/#website\"},\"primaryImageOfPage\":{\"@id\":\"https:\/\/www.cabinet-magar.fr\/de\/actualites\/pas-de-visite-medicale-de-reprise-absence-injustifiee\/#primaryimage\"},\"image\":{\"@id\":\"https:\/\/www.cabinet-magar.fr\/de\/actualites\/pas-de-visite-medicale-de-reprise-absence-injustifiee\/#primaryimage\"},\"thumbnailUrl\":\"https:\/\/www.cabinet-magar.fr\/wp-content\/uploads\/2021\/04\/non.jpg\",\"datePublished\":\"2021-02-01T04:45:00+00:00\",\"dateModified\":\"2021-04-11T01:00:15+00:00\",\"author\":{\"@id\":\"\"},\"breadcrumb\":{\"@id\":\"https:\/\/www.cabinet-magar.fr\/de\/actualites\/pas-de-visite-medicale-de-reprise-absence-injustifiee\/#breadcrumb\"},\"inLanguage\":\"de\",\"potentialAction\":[{\"@type\":\"ReadAction\",\"target\":[\"https:\/\/www.cabinet-magar.fr\/de\/actualites\/pas-de-visite-medicale-de-reprise-absence-injustifiee\/\"]}]},{\"@type\":\"ImageObject\",\"inLanguage\":\"de\",\"@id\":\"https:\/\/www.cabinet-magar.fr\/de\/actualites\/pas-de-visite-medicale-de-reprise-absence-injustifiee\/#primaryimage\",\"url\":\"https:\/\/www.cabinet-magar.fr\/wp-content\/uploads\/2021\/04\/non.jpg\",\"contentUrl\":\"https:\/\/www.cabinet-magar.fr\/wp-content\/uploads\/2021\/04\/non.jpg\",\"width\":600,\"height\":397},{\"@type\":\"BreadcrumbList\",\"@id\":\"https:\/\/www.cabinet-magar.fr\/de\/actualites\/pas-de-visite-medicale-de-reprise-absence-injustifiee\/#breadcrumb\",\"itemListElement\":[{\"@type\":\"ListItem\",\"position\":1,\"name\":\"Accueil\",\"item\":\"https:\/\/www.cabinet-magar.fr\/de\/\"},{\"@type\":\"ListItem\",\"position\":2,\"name\":\"Pas de visite m\u00e9dicale de reprise = absence (in)justifi\u00e9e ?\"}]},{\"@type\":\"WebSite\",\"@id\":\"https:\/\/www.cabinet-magar.fr\/#website\",\"url\":\"https:\/\/www.cabinet-magar.fr\/\",\"name\":\"Cabinet Magar\",\"description\":\"\",\"potentialAction\":[{\"@type\":\"SearchAction\",\"target\":{\"@type\":\"EntryPoint\",\"urlTemplate\":\"https:\/\/www.cabinet-magar.fr\/?s={search_term_string}\"},\"query-input\":{\"@type\":\"PropertyValueSpecification\",\"valueRequired\":true,\"valueName\":\"search_term_string\"}}],\"inLanguage\":\"de\"}]}<\/script>\n<!-- \/ Yoast SEO plugin. -->","yoast_head_json":{"title":"Pas de visite m\u00e9dicale de reprise = absence (in)justifi\u00e9e ? - Cabinet Magar","robots":{"index":"index","follow":"follow","max-snippet":"max-snippet:-1","max-image-preview":"max-image-preview:large","max-video-preview":"max-video-preview:-1"},"canonical":"https:\/\/www.cabinet-magar.fr\/de\/actualites\/pas-de-visite-medicale-de-reprise-absence-injustifiee\/","og_locale":"de_DE","og_type":"article","og_title":"Pas de visite m\u00e9dicale de reprise = absence (in)justifi\u00e9e ? - Cabinet Magar","og_description":"Apr\u00e8s un arr\u00eat maladie de plus d\u2019un mois, un salari\u00e9 ne reprend pas son poste, malgr\u00e9 la mise en demeure de son employeur. Une faute grave, d\u2019apr\u00e8s ce dernier qui le licencie. Une faute de l\u2019employeur, selon le salari\u00e9 qui consid\u00e8re que son contrat est toujours suspendu\u2026","og_url":"https:\/\/www.cabinet-magar.fr\/de\/actualites\/pas-de-visite-medicale-de-reprise-absence-injustifiee\/","og_site_name":"Cabinet Magar","article_published_time":"2021-02-01T04:45:00+00:00","article_modified_time":"2021-04-11T01:00:15+00:00","og_image":[{"width":600,"height":397,"url":"https:\/\/www.cabinet-magar.fr\/wp-content\/uploads\/2021\/04\/non.jpg","type":"image\/jpeg"}],"twitter_card":"summary_large_image","twitter_misc":{"Gesch\u00e4tzte Lesezeit":"1\u00a0Minute"},"schema":{"@context":"https:\/\/schema.org","@graph":[{"@type":"Article","@id":"https:\/\/www.cabinet-magar.fr\/de\/actualites\/pas-de-visite-medicale-de-reprise-absence-injustifiee\/#article","isPartOf":{"@id":"https:\/\/www.cabinet-magar.fr\/de\/actualites\/pas-de-visite-medicale-de-reprise-absence-injustifiee\/"},"author":{"name":"","@id":""},"headline":"Pas de visite m\u00e9dicale de reprise = absence (in)justifi\u00e9e ?","datePublished":"2021-02-01T04:45:00+00:00","dateModified":"2021-04-11T01:00:15+00:00","mainEntityOfPage":{"@id":"https:\/\/www.cabinet-magar.fr\/de\/actualites\/pas-de-visite-medicale-de-reprise-absence-injustifiee\/"},"wordCount":269,"commentCount":0,"image":{"@id":"https:\/\/www.cabinet-magar.fr\/de\/actualites\/pas-de-visite-medicale-de-reprise-absence-injustifiee\/#primaryimage"},"thumbnailUrl":"https:\/\/www.cabinet-magar.fr\/wp-content\/uploads\/2021\/04\/non.jpg","articleSection":["Actu Sociale","Actualit\u00e9s"],"inLanguage":"de","potentialAction":[{"@type":"CommentAction","name":"Comment","target":["https:\/\/www.cabinet-magar.fr\/de\/actualites\/pas-de-visite-medicale-de-reprise-absence-injustifiee\/#respond"]}]},{"@type":"WebPage","@id":"https:\/\/www.cabinet-magar.fr\/de\/actualites\/pas-de-visite-medicale-de-reprise-absence-injustifiee\/","url":"https:\/\/www.cabinet-magar.fr\/de\/actualites\/pas-de-visite-medicale-de-reprise-absence-injustifiee\/","name":"Pas de visite m\u00e9dicale de reprise = absence (in)justifi\u00e9e ? - Cabinet Magar","isPartOf":{"@id":"https:\/\/www.cabinet-magar.fr\/#website"},"primaryImageOfPage":{"@id":"https:\/\/www.cabinet-magar.fr\/de\/actualites\/pas-de-visite-medicale-de-reprise-absence-injustifiee\/#primaryimage"},"image":{"@id":"https:\/\/www.cabinet-magar.fr\/de\/actualites\/pas-de-visite-medicale-de-reprise-absence-injustifiee\/#primaryimage"},"thumbnailUrl":"https:\/\/www.cabinet-magar.fr\/wp-content\/uploads\/2021\/04\/non.jpg","datePublished":"2021-02-01T04:45:00+00:00","dateModified":"2021-04-11T01:00:15+00:00","author":{"@id":""},"breadcrumb":{"@id":"https:\/\/www.cabinet-magar.fr\/de\/actualites\/pas-de-visite-medicale-de-reprise-absence-injustifiee\/#breadcrumb"},"inLanguage":"de","potentialAction":[{"@type":"ReadAction","target":["https:\/\/www.cabinet-magar.fr\/de\/actualites\/pas-de-visite-medicale-de-reprise-absence-injustifiee\/"]}]},{"@type":"ImageObject","inLanguage":"de","@id":"https:\/\/www.cabinet-magar.fr\/de\/actualites\/pas-de-visite-medicale-de-reprise-absence-injustifiee\/#primaryimage","url":"https:\/\/www.cabinet-magar.fr\/wp-content\/uploads\/2021\/04\/non.jpg","contentUrl":"https:\/\/www.cabinet-magar.fr\/wp-content\/uploads\/2021\/04\/non.jpg","width":600,"height":397},{"@type":"BreadcrumbList","@id":"https:\/\/www.cabinet-magar.fr\/de\/actualites\/pas-de-visite-medicale-de-reprise-absence-injustifiee\/#breadcrumb","itemListElement":[{"@type":"ListItem","position":1,"name":"Accueil","item":"https:\/\/www.cabinet-magar.fr\/de\/"},{"@type":"ListItem","position":2,"name":"Pas de visite m\u00e9dicale de reprise = absence (in)justifi\u00e9e ?"}]},{"@type":"WebSite","@id":"https:\/\/www.cabinet-magar.fr\/#website","url":"https:\/\/www.cabinet-magar.fr\/","name":"Cabinet Magar","description":"","potentialAction":[{"@type":"SearchAction","target":{"@type":"EntryPoint","urlTemplate":"https:\/\/www.cabinet-magar.fr\/?s={search_term_string}"},"query-input":{"@type":"PropertyValueSpecification","valueRequired":true,"valueName":"search_term_string"}}],"inLanguage":"de"}]}},"_links":{"self":[{"href":"https:\/\/www.cabinet-magar.fr\/de\/wp-json\/wp\/v2\/posts\/654","targetHints":{"allow":["GET"]}}],"collection":[{"href":"https:\/\/www.cabinet-magar.fr\/de\/wp-json\/wp\/v2\/posts"}],"about":[{"href":"https:\/\/www.cabinet-magar.fr\/de\/wp-json\/wp\/v2\/types\/post"}],"replies":[{"embeddable":true,"href":"https:\/\/www.cabinet-magar.fr\/de\/wp-json\/wp\/v2\/comments?post=654"}],"version-history":[{"count":1,"href":"https:\/\/www.cabinet-magar.fr\/de\/wp-json\/wp\/v2\/posts\/654\/revisions"}],"predecessor-version":[{"id":3867,"href":"https:\/\/www.cabinet-magar.fr\/de\/wp-json\/wp\/v2\/posts\/654\/revisions\/3867"}],"wp:featuredmedia":[{"embeddable":true,"href":"https:\/\/www.cabinet-magar.fr\/de\/wp-json\/wp\/v2\/media\/3754"}],"wp:attachment":[{"href":"https:\/\/www.cabinet-magar.fr\/de\/wp-json\/wp\/v2\/media?parent=654"}],"wp:term":[{"taxonomy":"category","embeddable":true,"href":"https:\/\/www.cabinet-magar.fr\/de\/wp-json\/wp\/v2\/categories?post=654"},{"taxonomy":"post_tag","embeddable":true,"href":"https:\/\/www.cabinet-magar.fr\/de\/wp-json\/wp\/v2\/tags?post=654"}],"curies":[{"name":"wp","href":"https:\/\/api.w.org\/{rel}","templated":true}]}}