{"id":653,"date":"2021-02-01T05:45:00","date_gmt":"2021-02-01T04:45:00","guid":{"rendered":"https:\/\/www.cabinet-magar.fr\/licenciement-prononce-par-la-mauvaise-personne-un-incident-a-regulariser\/"},"modified":"2021-04-11T03:00:12","modified_gmt":"2021-04-11T01:00:12","slug":"licenciement-prononce-par-la-mauvaise-personne-un-incident-a-regulariser","status":"publish","type":"post","link":"https:\/\/www.cabinet-magar.fr\/de\/actualites\/licenciement-prononce-par-la-mauvaise-personne-un-incident-a-regulariser\/","title":{"rendered":"Licenciement prononc\u00e9 par la mauvaise personne : un incident \u00e0 r\u00e9gulariser ?"},"content":{"rendered":"<p >Un salari\u00e9 conteste son licenciement, qui n\u2019a pas \u00e9t\u00e9 prononc\u00e9 par \u00ab l\u2019employeur \u00bb, d\u2019apr\u00e8s lui. Mais ce dernier a tout de m\u00eame men\u00e9 toute la proc\u00e9dure jusqu\u2019\u00e0 son terme et valid\u00e9 la signature de la lettre de licenciement, se d\u00e9fend-il. Pour lui, la contestation du salari\u00e9 est non avenue\u2026<\/p>\n<div>\n<h2> Un incident insusceptible de r\u00e9gularisation\u2026<\/h2>\n<p>Une association licencie un salari\u00e9 pour faute grave. Une d\u00e9cision que ce dernier conteste, estimant qu\u2019elle n\u2019a pas \u00e9t\u00e9 prononc\u00e9e par la bonne personne.<\/p>\n<p>Le salari\u00e9 a, en effet, \u00e9t\u00e9 convoqu\u00e9 \u00e0 l\u2019entretien pr\u00e9alable par la directrice de l\u2019association, elle-m\u00eame salari\u00e9e de l\u2019association et ne disposant d\u2019aucune d\u00e9l\u00e9gation de pouvoir. Et c\u2019est \u00e9galement cette directrice qui lui a notifi\u00e9 son licenciement. Or, celle-ci n\u2019a pas, selon le salari\u00e9 licenci\u00e9, le pouvoir de prendre de telles d\u00e9cisions.<\/p>\n<p>Certes, convient l\u2019employeur, mais il a n\u00e9anmoins men\u00e9 toute la proc\u00e9dure de licenciement jusqu\u2019\u00e0 son terme et a valid\u00e9 la signature de la lettre de licenciement par la directrice. Selon lui, dans ces circonstances, le licenciement doit \u00eatre valid\u00e9.<\/p>\n<p>Ce qui n\u2019est pas l\u2019avis du juge : parce que la directrice de l\u2019association n\u2019a pas re\u00e7u de mandat du conseil d\u2019administration de l\u2019association, elle ne dispose pas du pouvoir de signer la lettre de convocation \u00e0 l&#8217;entretien pr\u00e9alable au licenciement et la lettre de rupture. Par cons\u00e9quent, la signature de ces lettres par la mauvaise personne constitue un manquement qui ne peut pas \u00eatre r\u00e9gularis\u00e9.<\/p>\n<p>Le licenciement prononc\u00e9 dans ces conditions est donc sans cause r\u00e9elle et s\u00e9rieuse.<\/p>\n<p><span style=\"text-decoration: underline;\">Source :<\/span> Arr\u00eat de la Cour de Cassation, chambre sociale, du 6 janvier 2021, n\u00b0 19-16113<\/p>\n<p><a title=\"Titre WebLex - Licenciement prononc\u00e9 par la mauvaise personne : un incident \u00e0 r\u00e9gulariser ?\" href=\"https:\/\/www.weblex.fr\/weblex-actualite\/licenciement-prononce-par-la-mauvaise-personne-un-incident-a-regulariser\" rel=\"nofollow noopener\" target=\"_blank\">Licenciement prononc\u00e9 par la mauvaise personne : un incident \u00e0 r\u00e9gulariser ?<\/a> \u00a9 Copyright WebLex &#8211; 2021<\/p>\n<\/div>\n<p><img src='https:\/\/www.weblex.fr\/images\/flux_actus\/licenciement verbal.jpg'><\/p>\n","protected":false},"excerpt":{"rendered":"<p>Un salari\u00e9 conteste son licenciement, qui n\u2019a pas \u00e9t\u00e9 prononc\u00e9 par \u00ab l\u2019employeur \u00bb, d\u2019apr\u00e8s lui. Mais ce dernier a tout de m\u00eame men\u00e9 toute la proc\u00e9dure jusqu\u2019\u00e0 son terme et valid\u00e9 la signature de la lettre de licenciement, se d\u00e9fend-il. Pour lui, la contestation du salari\u00e9 est non avenue\u2026<\/p>\n","protected":false},"author":0,"featured_media":3866,"comment_status":"open","ping_status":"closed","sticky":false,"template":"","format":"standard","meta":{"_acf_changed":false,"footnotes":""},"categories":[8,7],"tags":[],"class_list":["post-653","post","type-post","status-publish","format-standard","has-post-thumbnail","hentry","category-actu-sociale","category-actualites"],"acf":[],"yoast_head":"<!-- This site is optimized with the Yoast SEO plugin v27.2 - https:\/\/yoast.com\/product\/yoast-seo-wordpress\/ -->\n<title>Licenciement prononc\u00e9 par la mauvaise personne : un incident \u00e0 r\u00e9gulariser ? - Cabinet Magar<\/title>\n<meta name=\"robots\" content=\"index, follow, max-snippet:-1, max-image-preview:large, max-video-preview:-1\" \/>\n<link rel=\"canonical\" href=\"https:\/\/www.cabinet-magar.fr\/actualites\/licenciement-prononce-par-la-mauvaise-personne-un-incident-a-regulariser\/\" \/>\n<meta property=\"og:locale\" content=\"de_DE\" \/>\n<meta property=\"og:type\" content=\"article\" \/>\n<meta property=\"og:title\" content=\"Licenciement prononc\u00e9 par la mauvaise personne : un incident \u00e0 r\u00e9gulariser ? - Cabinet Magar\" \/>\n<meta property=\"og:description\" content=\"Un salari\u00e9 conteste son licenciement, qui n\u2019a pas \u00e9t\u00e9 prononc\u00e9 par \u00ab l\u2019employeur \u00bb, d\u2019apr\u00e8s lui. Mais ce dernier a tout de m\u00eame men\u00e9 toute la proc\u00e9dure jusqu\u2019\u00e0 son terme et valid\u00e9 la signature de la lettre de licenciement, se d\u00e9fend-il. Pour lui, la contestation du salari\u00e9 est non avenue\u2026\" \/>\n<meta property=\"og:url\" content=\"https:\/\/www.cabinet-magar.fr\/actualites\/licenciement-prononce-par-la-mauvaise-personne-un-incident-a-regulariser\/\" \/>\n<meta property=\"og:site_name\" content=\"Cabinet Magar\" \/>\n<meta property=\"article:published_time\" content=\"2021-02-01T04:45:00+00:00\" \/>\n<meta property=\"article:modified_time\" content=\"2021-04-11T01:00:12+00:00\" \/>\n<meta property=\"og:image\" content=\"https:\/\/www.cabinet-magar.fr\/wp-content\/uploads\/2021\/04\/licenciement-verbal.jpg\" \/>\n\t<meta property=\"og:image:width\" content=\"600\" \/>\n\t<meta property=\"og:image:height\" content=\"400\" \/>\n\t<meta property=\"og:image:type\" content=\"image\/jpeg\" \/>\n<meta name=\"twitter:card\" content=\"summary_large_image\" \/>\n<meta name=\"twitter:label1\" content=\"Gesch\u00e4tzte Lesezeit\" \/>\n\t<meta name=\"twitter:data1\" content=\"2\u00a0Minuten\" \/>\n<script type=\"application\/ld+json\" class=\"yoast-schema-graph\">{\"@context\":\"https:\/\/schema.org\",\"@graph\":[{\"@type\":\"Article\",\"@id\":\"https:\/\/www.cabinet-magar.fr\/actualites\/licenciement-prononce-par-la-mauvaise-personne-un-incident-a-regulariser\/#article\",\"isPartOf\":{\"@id\":\"https:\/\/www.cabinet-magar.fr\/actualites\/licenciement-prononce-par-la-mauvaise-personne-un-incident-a-regulariser\/\"},\"author\":{\"name\":\"\",\"@id\":\"\"},\"headline\":\"Licenciement prononc\u00e9 par la mauvaise personne : un incident \u00e0 r\u00e9gulariser ?\",\"datePublished\":\"2021-02-01T04:45:00+00:00\",\"dateModified\":\"2021-04-11T01:00:12+00:00\",\"mainEntityOfPage\":{\"@id\":\"https:\/\/www.cabinet-magar.fr\/actualites\/licenciement-prononce-par-la-mauvaise-personne-un-incident-a-regulariser\/\"},\"wordCount\":321,\"commentCount\":0,\"image\":{\"@id\":\"https:\/\/www.cabinet-magar.fr\/actualites\/licenciement-prononce-par-la-mauvaise-personne-un-incident-a-regulariser\/#primaryimage\"},\"thumbnailUrl\":\"https:\/\/www.cabinet-magar.fr\/wp-content\/uploads\/2021\/04\/licenciement-verbal.jpg\",\"articleSection\":[\"Actu Sociale\",\"Actualit\u00e9s\"],\"inLanguage\":\"de\",\"potentialAction\":[{\"@type\":\"CommentAction\",\"name\":\"Comment\",\"target\":[\"https:\/\/www.cabinet-magar.fr\/actualites\/licenciement-prononce-par-la-mauvaise-personne-un-incident-a-regulariser\/#respond\"]}]},{\"@type\":\"WebPage\",\"@id\":\"https:\/\/www.cabinet-magar.fr\/actualites\/licenciement-prononce-par-la-mauvaise-personne-un-incident-a-regulariser\/\",\"url\":\"https:\/\/www.cabinet-magar.fr\/actualites\/licenciement-prononce-par-la-mauvaise-personne-un-incident-a-regulariser\/\",\"name\":\"Licenciement prononc\u00e9 par la mauvaise personne : un incident \u00e0 r\u00e9gulariser ? - Cabinet Magar\",\"isPartOf\":{\"@id\":\"https:\/\/www.cabinet-magar.fr\/#website\"},\"primaryImageOfPage\":{\"@id\":\"https:\/\/www.cabinet-magar.fr\/actualites\/licenciement-prononce-par-la-mauvaise-personne-un-incident-a-regulariser\/#primaryimage\"},\"image\":{\"@id\":\"https:\/\/www.cabinet-magar.fr\/actualites\/licenciement-prononce-par-la-mauvaise-personne-un-incident-a-regulariser\/#primaryimage\"},\"thumbnailUrl\":\"https:\/\/www.cabinet-magar.fr\/wp-content\/uploads\/2021\/04\/licenciement-verbal.jpg\",\"datePublished\":\"2021-02-01T04:45:00+00:00\",\"dateModified\":\"2021-04-11T01:00:12+00:00\",\"author\":{\"@id\":\"\"},\"breadcrumb\":{\"@id\":\"https:\/\/www.cabinet-magar.fr\/actualites\/licenciement-prononce-par-la-mauvaise-personne-un-incident-a-regulariser\/#breadcrumb\"},\"inLanguage\":\"de\",\"potentialAction\":[{\"@type\":\"ReadAction\",\"target\":[\"https:\/\/www.cabinet-magar.fr\/actualites\/licenciement-prononce-par-la-mauvaise-personne-un-incident-a-regulariser\/\"]}]},{\"@type\":\"ImageObject\",\"inLanguage\":\"de\",\"@id\":\"https:\/\/www.cabinet-magar.fr\/actualites\/licenciement-prononce-par-la-mauvaise-personne-un-incident-a-regulariser\/#primaryimage\",\"url\":\"https:\/\/www.cabinet-magar.fr\/wp-content\/uploads\/2021\/04\/licenciement-verbal.jpg\",\"contentUrl\":\"https:\/\/www.cabinet-magar.fr\/wp-content\/uploads\/2021\/04\/licenciement-verbal.jpg\",\"width\":600,\"height\":400},{\"@type\":\"BreadcrumbList\",\"@id\":\"https:\/\/www.cabinet-magar.fr\/actualites\/licenciement-prononce-par-la-mauvaise-personne-un-incident-a-regulariser\/#breadcrumb\",\"itemListElement\":[{\"@type\":\"ListItem\",\"position\":1,\"name\":\"Accueil\",\"item\":\"https:\/\/www.cabinet-magar.fr\/de\/\"},{\"@type\":\"ListItem\",\"position\":2,\"name\":\"Licenciement prononc\u00e9 par la mauvaise personne : un incident \u00e0 r\u00e9gulariser ?\"}]},{\"@type\":\"WebSite\",\"@id\":\"https:\/\/www.cabinet-magar.fr\/#website\",\"url\":\"https:\/\/www.cabinet-magar.fr\/\",\"name\":\"Cabinet Magar\",\"description\":\"\",\"potentialAction\":[{\"@type\":\"SearchAction\",\"target\":{\"@type\":\"EntryPoint\",\"urlTemplate\":\"https:\/\/www.cabinet-magar.fr\/?s={search_term_string}\"},\"query-input\":{\"@type\":\"PropertyValueSpecification\",\"valueRequired\":true,\"valueName\":\"search_term_string\"}}],\"inLanguage\":\"de\"}]}<\/script>\n<!-- \/ Yoast SEO plugin. -->","yoast_head_json":{"title":"Licenciement prononc\u00e9 par la mauvaise personne : un incident \u00e0 r\u00e9gulariser ? - Cabinet Magar","robots":{"index":"index","follow":"follow","max-snippet":"max-snippet:-1","max-image-preview":"max-image-preview:large","max-video-preview":"max-video-preview:-1"},"canonical":"https:\/\/www.cabinet-magar.fr\/actualites\/licenciement-prononce-par-la-mauvaise-personne-un-incident-a-regulariser\/","og_locale":"de_DE","og_type":"article","og_title":"Licenciement prononc\u00e9 par la mauvaise personne : un incident \u00e0 r\u00e9gulariser ? - Cabinet Magar","og_description":"Un salari\u00e9 conteste son licenciement, qui n\u2019a pas \u00e9t\u00e9 prononc\u00e9 par \u00ab l\u2019employeur \u00bb, d\u2019apr\u00e8s lui. Mais ce dernier a tout de m\u00eame men\u00e9 toute la proc\u00e9dure jusqu\u2019\u00e0 son terme et valid\u00e9 la signature de la lettre de licenciement, se d\u00e9fend-il. Pour lui, la contestation du salari\u00e9 est non avenue\u2026","og_url":"https:\/\/www.cabinet-magar.fr\/actualites\/licenciement-prononce-par-la-mauvaise-personne-un-incident-a-regulariser\/","og_site_name":"Cabinet Magar","article_published_time":"2021-02-01T04:45:00+00:00","article_modified_time":"2021-04-11T01:00:12+00:00","og_image":[{"width":600,"height":400,"url":"https:\/\/www.cabinet-magar.fr\/wp-content\/uploads\/2021\/04\/licenciement-verbal.jpg","type":"image\/jpeg"}],"twitter_card":"summary_large_image","twitter_misc":{"Gesch\u00e4tzte Lesezeit":"2\u00a0Minuten"},"schema":{"@context":"https:\/\/schema.org","@graph":[{"@type":"Article","@id":"https:\/\/www.cabinet-magar.fr\/actualites\/licenciement-prononce-par-la-mauvaise-personne-un-incident-a-regulariser\/#article","isPartOf":{"@id":"https:\/\/www.cabinet-magar.fr\/actualites\/licenciement-prononce-par-la-mauvaise-personne-un-incident-a-regulariser\/"},"author":{"name":"","@id":""},"headline":"Licenciement prononc\u00e9 par la mauvaise personne : un incident \u00e0 r\u00e9gulariser ?","datePublished":"2021-02-01T04:45:00+00:00","dateModified":"2021-04-11T01:00:12+00:00","mainEntityOfPage":{"@id":"https:\/\/www.cabinet-magar.fr\/actualites\/licenciement-prononce-par-la-mauvaise-personne-un-incident-a-regulariser\/"},"wordCount":321,"commentCount":0,"image":{"@id":"https:\/\/www.cabinet-magar.fr\/actualites\/licenciement-prononce-par-la-mauvaise-personne-un-incident-a-regulariser\/#primaryimage"},"thumbnailUrl":"https:\/\/www.cabinet-magar.fr\/wp-content\/uploads\/2021\/04\/licenciement-verbal.jpg","articleSection":["Actu Sociale","Actualit\u00e9s"],"inLanguage":"de","potentialAction":[{"@type":"CommentAction","name":"Comment","target":["https:\/\/www.cabinet-magar.fr\/actualites\/licenciement-prononce-par-la-mauvaise-personne-un-incident-a-regulariser\/#respond"]}]},{"@type":"WebPage","@id":"https:\/\/www.cabinet-magar.fr\/actualites\/licenciement-prononce-par-la-mauvaise-personne-un-incident-a-regulariser\/","url":"https:\/\/www.cabinet-magar.fr\/actualites\/licenciement-prononce-par-la-mauvaise-personne-un-incident-a-regulariser\/","name":"Licenciement prononc\u00e9 par la mauvaise personne : un incident \u00e0 r\u00e9gulariser ? - Cabinet Magar","isPartOf":{"@id":"https:\/\/www.cabinet-magar.fr\/#website"},"primaryImageOfPage":{"@id":"https:\/\/www.cabinet-magar.fr\/actualites\/licenciement-prononce-par-la-mauvaise-personne-un-incident-a-regulariser\/#primaryimage"},"image":{"@id":"https:\/\/www.cabinet-magar.fr\/actualites\/licenciement-prononce-par-la-mauvaise-personne-un-incident-a-regulariser\/#primaryimage"},"thumbnailUrl":"https:\/\/www.cabinet-magar.fr\/wp-content\/uploads\/2021\/04\/licenciement-verbal.jpg","datePublished":"2021-02-01T04:45:00+00:00","dateModified":"2021-04-11T01:00:12+00:00","author":{"@id":""},"breadcrumb":{"@id":"https:\/\/www.cabinet-magar.fr\/actualites\/licenciement-prononce-par-la-mauvaise-personne-un-incident-a-regulariser\/#breadcrumb"},"inLanguage":"de","potentialAction":[{"@type":"ReadAction","target":["https:\/\/www.cabinet-magar.fr\/actualites\/licenciement-prononce-par-la-mauvaise-personne-un-incident-a-regulariser\/"]}]},{"@type":"ImageObject","inLanguage":"de","@id":"https:\/\/www.cabinet-magar.fr\/actualites\/licenciement-prononce-par-la-mauvaise-personne-un-incident-a-regulariser\/#primaryimage","url":"https:\/\/www.cabinet-magar.fr\/wp-content\/uploads\/2021\/04\/licenciement-verbal.jpg","contentUrl":"https:\/\/www.cabinet-magar.fr\/wp-content\/uploads\/2021\/04\/licenciement-verbal.jpg","width":600,"height":400},{"@type":"BreadcrumbList","@id":"https:\/\/www.cabinet-magar.fr\/actualites\/licenciement-prononce-par-la-mauvaise-personne-un-incident-a-regulariser\/#breadcrumb","itemListElement":[{"@type":"ListItem","position":1,"name":"Accueil","item":"https:\/\/www.cabinet-magar.fr\/de\/"},{"@type":"ListItem","position":2,"name":"Licenciement prononc\u00e9 par la mauvaise personne : un incident \u00e0 r\u00e9gulariser ?"}]},{"@type":"WebSite","@id":"https:\/\/www.cabinet-magar.fr\/#website","url":"https:\/\/www.cabinet-magar.fr\/","name":"Cabinet Magar","description":"","potentialAction":[{"@type":"SearchAction","target":{"@type":"EntryPoint","urlTemplate":"https:\/\/www.cabinet-magar.fr\/?s={search_term_string}"},"query-input":{"@type":"PropertyValueSpecification","valueRequired":true,"valueName":"search_term_string"}}],"inLanguage":"de"}]}},"_links":{"self":[{"href":"https:\/\/www.cabinet-magar.fr\/de\/wp-json\/wp\/v2\/posts\/653","targetHints":{"allow":["GET"]}}],"collection":[{"href":"https:\/\/www.cabinet-magar.fr\/de\/wp-json\/wp\/v2\/posts"}],"about":[{"href":"https:\/\/www.cabinet-magar.fr\/de\/wp-json\/wp\/v2\/types\/post"}],"replies":[{"embeddable":true,"href":"https:\/\/www.cabinet-magar.fr\/de\/wp-json\/wp\/v2\/comments?post=653"}],"version-history":[{"count":1,"href":"https:\/\/www.cabinet-magar.fr\/de\/wp-json\/wp\/v2\/posts\/653\/revisions"}],"predecessor-version":[{"id":3865,"href":"https:\/\/www.cabinet-magar.fr\/de\/wp-json\/wp\/v2\/posts\/653\/revisions\/3865"}],"wp:featuredmedia":[{"embeddable":true,"href":"https:\/\/www.cabinet-magar.fr\/de\/wp-json\/wp\/v2\/media\/3866"}],"wp:attachment":[{"href":"https:\/\/www.cabinet-magar.fr\/de\/wp-json\/wp\/v2\/media?parent=653"}],"wp:term":[{"taxonomy":"category","embeddable":true,"href":"https:\/\/www.cabinet-magar.fr\/de\/wp-json\/wp\/v2\/categories?post=653"},{"taxonomy":"post_tag","embeddable":true,"href":"https:\/\/www.cabinet-magar.fr\/de\/wp-json\/wp\/v2\/tags?post=653"}],"curies":[{"name":"wp","href":"https:\/\/api.w.org\/{rel}","templated":true}]}}