{"id":651,"date":"2021-02-01T05:45:00","date_gmt":"2021-02-01T04:45:00","guid":{"rendered":"https:\/\/www.cabinet-magar.fr\/constructeur-automobile-de-nouvelles-normes-daccessibilite-aux-personnes-a-mobilite-reduite\/"},"modified":"2021-04-11T03:00:05","modified_gmt":"2021-04-11T01:00:05","slug":"constructeur-automobile-de-nouvelles-normes-daccessibilite-aux-personnes-a-mobilite-reduite","status":"publish","type":"post","link":"https:\/\/www.cabinet-magar.fr\/de\/actualites\/constructeur-automobile-de-nouvelles-normes-daccessibilite-aux-personnes-a-mobilite-reduite\/","title":{"rendered":"Constructeur automobile : de nouvelles normes d\u2019accessibilit\u00e9 aux personnes \u00e0 mobilit\u00e9 r\u00e9duite"},"content":{"rendered":"<p >Les v\u00e9hicules commercialis\u00e9s par les constructeurs automobiles doivent respecter des normes d\u2019accessibilit\u00e9 pour les personnes \u00e0 mobilit\u00e9 r\u00e9duite. Celles-ci viennent de faire l\u2019objet de pr\u00e9cisions, applicables \u00e0 compter du 1er mars 2021. Lesquelles ?<\/p>\n<div>\n<h2>Accessibilit\u00e9 des personnes \u00e0 mobilit\u00e9 r\u00e9duite : attestation d\u2019am\u00e9nagement obligatoire !<\/h2>\n<p>A compter du 1er mars 2021, pour pouvoir mettre en circulation un v\u00e9hicule accessible aux personnes \u00e0 mobilit\u00e9 r\u00e9duite, il faudra d\u00e9tenir une attestation d&#8217;am\u00e9nagement \u00e9tablie par :<\/p>\n<ul>\n<li>le constructeur ;<\/li>\n<li>ou par la direction r\u00e9gionale et interd\u00e9partementale de l&#8217;\u00e9nergie et de l&#8217;environnement (DRIEE) ;<\/li>\n<li>ou par la direction r\u00e9gionale de l&#8217;environnement, de l&#8217;am\u00e9nagement et du logement (DREAL) ;<\/li>\n<li>ou par la direction de l&#8217;environnement, de l&#8217;am\u00e9nagement et du logement (DEAL).<\/li>\n<\/ul>\n<p>Elle devra \u00eatre conserv\u00e9e dans le v\u00e9hicule pour \u00eatre pr\u00e9sent\u00e9e lors des contr\u00f4les techniques p\u00e9riodiques ou \u00e0 toute r\u00e9quisition des forces de l\u2019ordre.<\/p>\n<p>Par ailleurs, de nouvelles prescriptions techniques d&#8217;accessibilit\u00e9 aux personnes \u00e0 mobilit\u00e9 r\u00e9duite seront applicables. Elles sont consultables \u00e0 l\u2019adresse suivante : https:\/\/www.legifrance.gouv.fr\/jorf\/id\/JORFTEXT000043032562.<\/p>\n<p>Source : Arr\u00eat\u00e9 du 29 d\u00e9cembre 2020 modifiant l&#8217;arr\u00eat\u00e9 du 23 ao\u00fbt 2013 relatif aux conditions d&#8217;accessibilit\u00e9 aux personnes \u00e0 mobilit\u00e9 r\u00e9duite des v\u00e9hicules terrestres \u00e0 moteur des cat\u00e9gories M1 et N1<\/p>\n<p><a href=\"https:\/\/www.weblex.fr\/weblex-actualite\/constructeur-automobile-de-nouvelles-normes-daccessibilite-aux-personnes-a-mobilite-reduite\" rel=\"nofollow noopener\" target=\"_blank\">Constructeur automobile : de nouvelles normes d\u2019accessibilit\u00e9 aux personnes \u00e0 mobilit\u00e9 r\u00e9duite<\/a> \u00a9 Copyright WebLex &#8211; 2021<\/p>\n<\/div>\n<p><img src='https:\/\/www.weblex.fr\/images\/flux_actus\/handicapvoiture.jpg'><\/p>\n","protected":false},"excerpt":{"rendered":"<p>Les v\u00e9hicules commercialis\u00e9s par les constructeurs automobiles doivent respecter des normes d\u2019accessibilit\u00e9 pour les personnes \u00e0 mobilit\u00e9 r\u00e9duite. Celles-ci viennent de faire l\u2019objet de pr\u00e9cisions, applicables \u00e0 compter du 1er mars 2021. Lesquelles ?<\/p>\n","protected":false},"author":0,"featured_media":3863,"comment_status":"open","ping_status":"closed","sticky":false,"template":"","format":"standard","meta":{"_acf_changed":false,"footnotes":""},"categories":[9,7],"tags":[],"class_list":["post-651","post","type-post","status-publish","format-standard","has-post-thumbnail","hentry","category-actu-juridique","category-actualites"],"acf":[],"yoast_head":"<!-- This site is optimized with the Yoast SEO plugin v27.2 - https:\/\/yoast.com\/product\/yoast-seo-wordpress\/ -->\n<title>Constructeur automobile : de nouvelles normes d\u2019accessibilit\u00e9 aux personnes \u00e0 mobilit\u00e9 r\u00e9duite - Cabinet Magar<\/title>\n<meta name=\"robots\" content=\"index, follow, max-snippet:-1, max-image-preview:large, max-video-preview:-1\" \/>\n<link rel=\"canonical\" href=\"https:\/\/www.cabinet-magar.fr\/actualites\/constructeur-automobile-de-nouvelles-normes-daccessibilite-aux-personnes-a-mobilite-reduite\/\" \/>\n<meta property=\"og:locale\" content=\"de_DE\" \/>\n<meta property=\"og:type\" content=\"article\" \/>\n<meta property=\"og:title\" content=\"Constructeur automobile : de nouvelles normes d\u2019accessibilit\u00e9 aux personnes \u00e0 mobilit\u00e9 r\u00e9duite - Cabinet Magar\" \/>\n<meta property=\"og:description\" content=\"Les v\u00e9hicules commercialis\u00e9s par les constructeurs automobiles doivent respecter des normes d\u2019accessibilit\u00e9 pour les personnes \u00e0 mobilit\u00e9 r\u00e9duite. Celles-ci viennent de faire l\u2019objet de pr\u00e9cisions, applicables \u00e0 compter du 1er mars 2021. Lesquelles ?\" \/>\n<meta property=\"og:url\" content=\"https:\/\/www.cabinet-magar.fr\/actualites\/constructeur-automobile-de-nouvelles-normes-daccessibilite-aux-personnes-a-mobilite-reduite\/\" \/>\n<meta property=\"og:site_name\" content=\"Cabinet Magar\" \/>\n<meta property=\"article:published_time\" content=\"2021-02-01T04:45:00+00:00\" \/>\n<meta property=\"article:modified_time\" content=\"2021-04-11T01:00:05+00:00\" \/>\n<meta property=\"og:image\" content=\"https:\/\/www.cabinet-magar.fr\/wp-content\/uploads\/2021\/04\/handicapvoiture.jpg\" \/>\n\t<meta property=\"og:image:width\" content=\"600\" \/>\n\t<meta property=\"og:image:height\" content=\"400\" \/>\n\t<meta property=\"og:image:type\" content=\"image\/jpeg\" \/>\n<meta name=\"twitter:card\" content=\"summary_large_image\" \/>\n<meta name=\"twitter:label1\" content=\"Gesch\u00e4tzte Lesezeit\" \/>\n\t<meta name=\"twitter:data1\" content=\"1\u00a0Minute\" \/>\n<script type=\"application\/ld+json\" class=\"yoast-schema-graph\">{\"@context\":\"https:\/\/schema.org\",\"@graph\":[{\"@type\":\"Article\",\"@id\":\"https:\/\/www.cabinet-magar.fr\/actualites\/constructeur-automobile-de-nouvelles-normes-daccessibilite-aux-personnes-a-mobilite-reduite\/#article\",\"isPartOf\":{\"@id\":\"https:\/\/www.cabinet-magar.fr\/actualites\/constructeur-automobile-de-nouvelles-normes-daccessibilite-aux-personnes-a-mobilite-reduite\/\"},\"author\":{\"name\":\"\",\"@id\":\"\"},\"headline\":\"Constructeur automobile : de nouvelles normes d\u2019accessibilit\u00e9 aux personnes \u00e0 mobilit\u00e9 r\u00e9duite\",\"datePublished\":\"2021-02-01T04:45:00+00:00\",\"dateModified\":\"2021-04-11T01:00:05+00:00\",\"mainEntityOfPage\":{\"@id\":\"https:\/\/www.cabinet-magar.fr\/actualites\/constructeur-automobile-de-nouvelles-normes-daccessibilite-aux-personnes-a-mobilite-reduite\/\"},\"wordCount\":248,\"commentCount\":0,\"image\":{\"@id\":\"https:\/\/www.cabinet-magar.fr\/actualites\/constructeur-automobile-de-nouvelles-normes-daccessibilite-aux-personnes-a-mobilite-reduite\/#primaryimage\"},\"thumbnailUrl\":\"https:\/\/www.cabinet-magar.fr\/wp-content\/uploads\/2021\/04\/handicapvoiture.jpg\",\"articleSection\":[\"Actu Juridique\",\"Actualit\u00e9s\"],\"inLanguage\":\"de\",\"potentialAction\":[{\"@type\":\"CommentAction\",\"name\":\"Comment\",\"target\":[\"https:\/\/www.cabinet-magar.fr\/actualites\/constructeur-automobile-de-nouvelles-normes-daccessibilite-aux-personnes-a-mobilite-reduite\/#respond\"]}]},{\"@type\":\"WebPage\",\"@id\":\"https:\/\/www.cabinet-magar.fr\/actualites\/constructeur-automobile-de-nouvelles-normes-daccessibilite-aux-personnes-a-mobilite-reduite\/\",\"url\":\"https:\/\/www.cabinet-magar.fr\/actualites\/constructeur-automobile-de-nouvelles-normes-daccessibilite-aux-personnes-a-mobilite-reduite\/\",\"name\":\"Constructeur automobile : de nouvelles normes d\u2019accessibilit\u00e9 aux personnes \u00e0 mobilit\u00e9 r\u00e9duite - Cabinet Magar\",\"isPartOf\":{\"@id\":\"https:\/\/www.cabinet-magar.fr\/#website\"},\"primaryImageOfPage\":{\"@id\":\"https:\/\/www.cabinet-magar.fr\/actualites\/constructeur-automobile-de-nouvelles-normes-daccessibilite-aux-personnes-a-mobilite-reduite\/#primaryimage\"},\"image\":{\"@id\":\"https:\/\/www.cabinet-magar.fr\/actualites\/constructeur-automobile-de-nouvelles-normes-daccessibilite-aux-personnes-a-mobilite-reduite\/#primaryimage\"},\"thumbnailUrl\":\"https:\/\/www.cabinet-magar.fr\/wp-content\/uploads\/2021\/04\/handicapvoiture.jpg\",\"datePublished\":\"2021-02-01T04:45:00+00:00\",\"dateModified\":\"2021-04-11T01:00:05+00:00\",\"author\":{\"@id\":\"\"},\"breadcrumb\":{\"@id\":\"https:\/\/www.cabinet-magar.fr\/actualites\/constructeur-automobile-de-nouvelles-normes-daccessibilite-aux-personnes-a-mobilite-reduite\/#breadcrumb\"},\"inLanguage\":\"de\",\"potentialAction\":[{\"@type\":\"ReadAction\",\"target\":[\"https:\/\/www.cabinet-magar.fr\/actualites\/constructeur-automobile-de-nouvelles-normes-daccessibilite-aux-personnes-a-mobilite-reduite\/\"]}]},{\"@type\":\"ImageObject\",\"inLanguage\":\"de\",\"@id\":\"https:\/\/www.cabinet-magar.fr\/actualites\/constructeur-automobile-de-nouvelles-normes-daccessibilite-aux-personnes-a-mobilite-reduite\/#primaryimage\",\"url\":\"https:\/\/www.cabinet-magar.fr\/wp-content\/uploads\/2021\/04\/handicapvoiture.jpg\",\"contentUrl\":\"https:\/\/www.cabinet-magar.fr\/wp-content\/uploads\/2021\/04\/handicapvoiture.jpg\",\"width\":600,\"height\":400},{\"@type\":\"BreadcrumbList\",\"@id\":\"https:\/\/www.cabinet-magar.fr\/actualites\/constructeur-automobile-de-nouvelles-normes-daccessibilite-aux-personnes-a-mobilite-reduite\/#breadcrumb\",\"itemListElement\":[{\"@type\":\"ListItem\",\"position\":1,\"name\":\"Accueil\",\"item\":\"https:\/\/www.cabinet-magar.fr\/de\/\"},{\"@type\":\"ListItem\",\"position\":2,\"name\":\"Constructeur automobile : de nouvelles normes d\u2019accessibilit\u00e9 aux personnes \u00e0 mobilit\u00e9 r\u00e9duite\"}]},{\"@type\":\"WebSite\",\"@id\":\"https:\/\/www.cabinet-magar.fr\/#website\",\"url\":\"https:\/\/www.cabinet-magar.fr\/\",\"name\":\"Cabinet Magar\",\"description\":\"\",\"potentialAction\":[{\"@type\":\"SearchAction\",\"target\":{\"@type\":\"EntryPoint\",\"urlTemplate\":\"https:\/\/www.cabinet-magar.fr\/?s={search_term_string}\"},\"query-input\":{\"@type\":\"PropertyValueSpecification\",\"valueRequired\":true,\"valueName\":\"search_term_string\"}}],\"inLanguage\":\"de\"}]}<\/script>\n<!-- \/ Yoast SEO plugin. -->","yoast_head_json":{"title":"Constructeur automobile : de nouvelles normes d\u2019accessibilit\u00e9 aux personnes \u00e0 mobilit\u00e9 r\u00e9duite - Cabinet Magar","robots":{"index":"index","follow":"follow","max-snippet":"max-snippet:-1","max-image-preview":"max-image-preview:large","max-video-preview":"max-video-preview:-1"},"canonical":"https:\/\/www.cabinet-magar.fr\/actualites\/constructeur-automobile-de-nouvelles-normes-daccessibilite-aux-personnes-a-mobilite-reduite\/","og_locale":"de_DE","og_type":"article","og_title":"Constructeur automobile : de nouvelles normes d\u2019accessibilit\u00e9 aux personnes \u00e0 mobilit\u00e9 r\u00e9duite - Cabinet Magar","og_description":"Les v\u00e9hicules commercialis\u00e9s par les constructeurs automobiles doivent respecter des normes d\u2019accessibilit\u00e9 pour les personnes \u00e0 mobilit\u00e9 r\u00e9duite. Celles-ci viennent de faire l\u2019objet de pr\u00e9cisions, applicables \u00e0 compter du 1er mars 2021. Lesquelles ?","og_url":"https:\/\/www.cabinet-magar.fr\/actualites\/constructeur-automobile-de-nouvelles-normes-daccessibilite-aux-personnes-a-mobilite-reduite\/","og_site_name":"Cabinet Magar","article_published_time":"2021-02-01T04:45:00+00:00","article_modified_time":"2021-04-11T01:00:05+00:00","og_image":[{"width":600,"height":400,"url":"https:\/\/www.cabinet-magar.fr\/wp-content\/uploads\/2021\/04\/handicapvoiture.jpg","type":"image\/jpeg"}],"twitter_card":"summary_large_image","twitter_misc":{"Gesch\u00e4tzte Lesezeit":"1\u00a0Minute"},"schema":{"@context":"https:\/\/schema.org","@graph":[{"@type":"Article","@id":"https:\/\/www.cabinet-magar.fr\/actualites\/constructeur-automobile-de-nouvelles-normes-daccessibilite-aux-personnes-a-mobilite-reduite\/#article","isPartOf":{"@id":"https:\/\/www.cabinet-magar.fr\/actualites\/constructeur-automobile-de-nouvelles-normes-daccessibilite-aux-personnes-a-mobilite-reduite\/"},"author":{"name":"","@id":""},"headline":"Constructeur automobile : de nouvelles normes d\u2019accessibilit\u00e9 aux personnes \u00e0 mobilit\u00e9 r\u00e9duite","datePublished":"2021-02-01T04:45:00+00:00","dateModified":"2021-04-11T01:00:05+00:00","mainEntityOfPage":{"@id":"https:\/\/www.cabinet-magar.fr\/actualites\/constructeur-automobile-de-nouvelles-normes-daccessibilite-aux-personnes-a-mobilite-reduite\/"},"wordCount":248,"commentCount":0,"image":{"@id":"https:\/\/www.cabinet-magar.fr\/actualites\/constructeur-automobile-de-nouvelles-normes-daccessibilite-aux-personnes-a-mobilite-reduite\/#primaryimage"},"thumbnailUrl":"https:\/\/www.cabinet-magar.fr\/wp-content\/uploads\/2021\/04\/handicapvoiture.jpg","articleSection":["Actu Juridique","Actualit\u00e9s"],"inLanguage":"de","potentialAction":[{"@type":"CommentAction","name":"Comment","target":["https:\/\/www.cabinet-magar.fr\/actualites\/constructeur-automobile-de-nouvelles-normes-daccessibilite-aux-personnes-a-mobilite-reduite\/#respond"]}]},{"@type":"WebPage","@id":"https:\/\/www.cabinet-magar.fr\/actualites\/constructeur-automobile-de-nouvelles-normes-daccessibilite-aux-personnes-a-mobilite-reduite\/","url":"https:\/\/www.cabinet-magar.fr\/actualites\/constructeur-automobile-de-nouvelles-normes-daccessibilite-aux-personnes-a-mobilite-reduite\/","name":"Constructeur automobile : de nouvelles normes d\u2019accessibilit\u00e9 aux personnes \u00e0 mobilit\u00e9 r\u00e9duite - Cabinet Magar","isPartOf":{"@id":"https:\/\/www.cabinet-magar.fr\/#website"},"primaryImageOfPage":{"@id":"https:\/\/www.cabinet-magar.fr\/actualites\/constructeur-automobile-de-nouvelles-normes-daccessibilite-aux-personnes-a-mobilite-reduite\/#primaryimage"},"image":{"@id":"https:\/\/www.cabinet-magar.fr\/actualites\/constructeur-automobile-de-nouvelles-normes-daccessibilite-aux-personnes-a-mobilite-reduite\/#primaryimage"},"thumbnailUrl":"https:\/\/www.cabinet-magar.fr\/wp-content\/uploads\/2021\/04\/handicapvoiture.jpg","datePublished":"2021-02-01T04:45:00+00:00","dateModified":"2021-04-11T01:00:05+00:00","author":{"@id":""},"breadcrumb":{"@id":"https:\/\/www.cabinet-magar.fr\/actualites\/constructeur-automobile-de-nouvelles-normes-daccessibilite-aux-personnes-a-mobilite-reduite\/#breadcrumb"},"inLanguage":"de","potentialAction":[{"@type":"ReadAction","target":["https:\/\/www.cabinet-magar.fr\/actualites\/constructeur-automobile-de-nouvelles-normes-daccessibilite-aux-personnes-a-mobilite-reduite\/"]}]},{"@type":"ImageObject","inLanguage":"de","@id":"https:\/\/www.cabinet-magar.fr\/actualites\/constructeur-automobile-de-nouvelles-normes-daccessibilite-aux-personnes-a-mobilite-reduite\/#primaryimage","url":"https:\/\/www.cabinet-magar.fr\/wp-content\/uploads\/2021\/04\/handicapvoiture.jpg","contentUrl":"https:\/\/www.cabinet-magar.fr\/wp-content\/uploads\/2021\/04\/handicapvoiture.jpg","width":600,"height":400},{"@type":"BreadcrumbList","@id":"https:\/\/www.cabinet-magar.fr\/actualites\/constructeur-automobile-de-nouvelles-normes-daccessibilite-aux-personnes-a-mobilite-reduite\/#breadcrumb","itemListElement":[{"@type":"ListItem","position":1,"name":"Accueil","item":"https:\/\/www.cabinet-magar.fr\/de\/"},{"@type":"ListItem","position":2,"name":"Constructeur automobile : de nouvelles normes d\u2019accessibilit\u00e9 aux personnes \u00e0 mobilit\u00e9 r\u00e9duite"}]},{"@type":"WebSite","@id":"https:\/\/www.cabinet-magar.fr\/#website","url":"https:\/\/www.cabinet-magar.fr\/","name":"Cabinet Magar","description":"","potentialAction":[{"@type":"SearchAction","target":{"@type":"EntryPoint","urlTemplate":"https:\/\/www.cabinet-magar.fr\/?s={search_term_string}"},"query-input":{"@type":"PropertyValueSpecification","valueRequired":true,"valueName":"search_term_string"}}],"inLanguage":"de"}]}},"_links":{"self":[{"href":"https:\/\/www.cabinet-magar.fr\/de\/wp-json\/wp\/v2\/posts\/651","targetHints":{"allow":["GET"]}}],"collection":[{"href":"https:\/\/www.cabinet-magar.fr\/de\/wp-json\/wp\/v2\/posts"}],"about":[{"href":"https:\/\/www.cabinet-magar.fr\/de\/wp-json\/wp\/v2\/types\/post"}],"replies":[{"embeddable":true,"href":"https:\/\/www.cabinet-magar.fr\/de\/wp-json\/wp\/v2\/comments?post=651"}],"version-history":[{"count":1,"href":"https:\/\/www.cabinet-magar.fr\/de\/wp-json\/wp\/v2\/posts\/651\/revisions"}],"predecessor-version":[{"id":3862,"href":"https:\/\/www.cabinet-magar.fr\/de\/wp-json\/wp\/v2\/posts\/651\/revisions\/3862"}],"wp:featuredmedia":[{"embeddable":true,"href":"https:\/\/www.cabinet-magar.fr\/de\/wp-json\/wp\/v2\/media\/3863"}],"wp:attachment":[{"href":"https:\/\/www.cabinet-magar.fr\/de\/wp-json\/wp\/v2\/media?parent=651"}],"wp:term":[{"taxonomy":"category","embeddable":true,"href":"https:\/\/www.cabinet-magar.fr\/de\/wp-json\/wp\/v2\/categories?post=651"},{"taxonomy":"post_tag","embeddable":true,"href":"https:\/\/www.cabinet-magar.fr\/de\/wp-json\/wp\/v2\/tags?post=651"}],"curies":[{"name":"wp","href":"https:\/\/api.w.org\/{rel}","templated":true}]}}