{"id":650,"date":"2021-02-01T05:45:00","date_gmt":"2021-02-01T04:45:00","guid":{"rendered":"https:\/\/www.cabinet-magar.fr\/coronavirus-covid-19-coronavirus-covid-19-et-aides-a-lembauche-quoi-de-neuf-pour-les-moins-de-26-ans\/"},"modified":"2021-04-11T03:00:01","modified_gmt":"2021-04-11T01:00:01","slug":"coronavirus-covid-19-coronavirus-covid-19-et-aides-a-lembauche-quoi-de-neuf-pour-les-moins-de-26-ans","status":"publish","type":"post","link":"https:\/\/www.cabinet-magar.fr\/de\/actualites\/coronavirus-covid-19-coronavirus-covid-19-et-aides-a-lembauche-quoi-de-neuf-pour-les-moins-de-26-ans\/","title":{"rendered":"Coronavirus (COVID-19) : Coronavirus (COVID-19) et aides \u00e0 l\u2019embauche : quoi de neuf pour les moins de 26 ans ?"},"content":{"rendered":"<p >Afin de favoriser l\u2019emploi des jeunes dans ce contexte de crise li\u00e9e \u00e0 la covid-19, le Gouvernement a cr\u00e9\u00e9 plusieurs aides financi\u00e8res \u00e0 l\u2019embauche, qui viennent d\u2019\u00eatre prolong\u00e9es. Jusqu\u2019\u00e0 quand ?<\/p>\n<div>\n<h2> Coronavirus (COVID-19) : prolongement des mesures exceptionnelles pour les moins de 26 ans !<\/h2>\n<ul>\n<li><strong> Prolongation du b\u00e9n\u00e9fice de l\u2019aide exceptionnelle \u00e0 l\u2019embauche de jeunes de moins de 26 ans<\/strong><\/li>\n<\/ul>\n<p>Pour rappel, certaines entreprises, \u00e0 l\u2019exception des particuliers employeurs, des \u00e9tablissements publics administratifs et industriels et commerciaux ainsi que des soci\u00e9t\u00e9s d\u2019\u00e9conomie mixte, peuvent b\u00e9n\u00e9ficier d\u2019une aide \u00e0 l\u2019embauche pour toute conclusion d\u2019un CDI ou d\u2019un CDD de plus de 3 mois avec un jeune de moins de 26 ans (\u00e0 la date de signature du contrat).<\/p>\n<p>Cette aide est d\u2019un montant de 4 000 \u20ac maximum par salari\u00e9 et par an, vers\u00e9e par tranches de 1 000 \u20ac maximum par trimestre. Ce montant proratis\u00e9 en cas de temps partiel.<\/p>\n<p>Le b\u00e9n\u00e9fice de cette aide, qui concernait jusqu\u2019\u00e0 pr\u00e9sent les contrats conclus entre 1er ao\u00fbt 2020 et le 31 janvier 2021, vient d\u2019\u00eatre prolong\u00e9 : sont d\u00e9sormais vis\u00e9s les contrats conclus jusqu\u2019au 31 mars 2021.<\/p>\n<p>A noter qu\u2019apr\u00e8s un CDD ayant ouvert droit au dispositif, l\u2019aide peut \u00eatre maintenue dans la limite du montant maximal, m\u00eame si le salari\u00e9 a d\u00e9j\u00e0 atteint l\u2019\u00e2ge de 26 ans si, avant le 31 mars 2021 :<\/p>\n<ul>\n<li>le contrat a \u00e9t\u00e9 renouvel\u00e9 pour au moins 3 mois ;<\/li>\n<li>le salari\u00e9 a \u00e9t\u00e9 embauch\u00e9 en CDI.<\/li>\n<\/ul>\n<p>Les conditions pour le b\u00e9n\u00e9fice de cette aide (plafond de r\u00e9mun\u00e9ration fix\u00e9 \u00e0 2 Smic, interdiction d\u2019avoir proc\u00e9d\u00e9 \u00e0 des licenciements pour motif \u00e9conomique pour le poste concern\u00e9\u2026) demeurent inchang\u00e9es.<\/p>\n<ul>\n<li><strong> Prolongation du b\u00e9n\u00e9fice du dispositif \u00ab emplois francs \u00bb pour les moins de 26 ans<\/strong><\/li>\n<\/ul>\n<p>Pour rappel, depuis le 1er avril 2018, le dispositif \u00ab d\u2019aide emplois francs \u00bb permet aux employeurs de b\u00e9n\u00e9ficier d\u2019une aide financi\u00e8re pour l\u2019embauche de salari\u00e9s provenant de quartiers prioritaires de la ville.<\/p>\n<p>Dans le cadre de ce dispositif et pour tenir compte de l\u2019urgence sanitaire, il a \u00e9t\u00e9 pr\u00e9vu le versement d\u2019une aide financi\u00e8re exceptionnelle au titre des contrats conclus entre le 15 octobre 2020 et le 31 janvier 2021 (inclus), pour le recrutement d&#8217;un salari\u00e9 de moins de 26 ans (\u00e0 la date de signature du contrat) en emploi franc \u00e0 temps complet.<\/p>\n<p>Le montant de cette aide est \u00e9gal \u00e0 :<\/p>\n<ul>\n<li>7 000 \u20ac pour la premi\u00e8re ann\u00e9e, puis 5 000 \u20ac pour les ann\u00e9es suivantes, dans la limite de 3 ans, pour un recrutement en contrat \u00e0 dur\u00e9e ind\u00e9termin\u00e9e ;<\/li>\n<li>5 500 \u20ac pour la premi\u00e8re ann\u00e9e, puis 2 500 \u20ac pour l&#8217;ann\u00e9e suivante, dans la limite de 2 ans, pour un recrutement en contrat \u00e0 dur\u00e9e d\u00e9termin\u00e9e d&#8217;au moins 6 mois.<\/li>\n<\/ul>\n<p>Le b\u00e9n\u00e9fice de cette aide vient \u00e9galement d\u2019\u00eatre prolong\u00e9 afin de viser l\u2019ensemble des contrats conclus jusqu\u2019au 31 mars 2021.<\/p>\n<p><a href=\"https:\/\/www.legifrance.gouv.fr\/jorf\/id\/JORFTEXT000043081099\" target=\"_blank\" rel=\"noopener\">Source : D\u00e9cret n\u00b0 2021-94 du 30 janvier 2021 relatif \u00e0 l&#8217;aide \u00e0 l&#8217;embauche des jeunes de moins de 26 ans et aux emplois francs<\/a><\/p>\n<p><a href=\"https:\/\/www.weblex.fr\/coronavirus-covid-19-coronavirus-covid-19-et-aides-a-lembauche-quoi-de-neuf-pour-les-moins-de-26-ans\" target=\"_blank\" rel=\"noopener\">Coronavirus (COVID-19) et aides \u00e0 l\u2019embauche : quoi de neuf pour les moins de 26 ans ?<\/a> \u00a9 Copyright WebLex &#8211; 2021<\/p>\n<\/div>\n<p><img src='https:\/\/www.weblex.fr\/images\/flux_actus\/jeuneentrepriseinnovante.jpg'><\/p>\n","protected":false},"excerpt":{"rendered":"<p>Afin de favoriser l\u2019emploi des jeunes dans ce contexte de crise li\u00e9e \u00e0 la covid-19, le Gouvernement a cr\u00e9\u00e9 plusieurs aides financi\u00e8res \u00e0 l\u2019embauche, qui viennent d\u2019\u00eatre prolong\u00e9es. Jusqu\u2019\u00e0 quand ?<\/p>\n","protected":false},"author":0,"featured_media":3861,"comment_status":"open","ping_status":"closed","sticky":false,"template":"","format":"standard","meta":{"_acf_changed":false,"footnotes":""},"categories":[8,7],"tags":[],"class_list":["post-650","post","type-post","status-publish","format-standard","has-post-thumbnail","hentry","category-actu-sociale","category-actualites"],"acf":[],"yoast_head":"<!-- This site is optimized with the Yoast SEO plugin v27.2 - https:\/\/yoast.com\/product\/yoast-seo-wordpress\/ -->\n<title>Coronavirus (COVID-19) : Coronavirus (COVID-19) et aides \u00e0 l\u2019embauche : quoi de neuf pour les moins de 26 ans ? - Cabinet Magar<\/title>\n<meta name=\"robots\" content=\"index, follow, max-snippet:-1, max-image-preview:large, max-video-preview:-1\" \/>\n<link rel=\"canonical\" href=\"https:\/\/www.cabinet-magar.fr\/actualites\/coronavirus-covid-19-coronavirus-covid-19-et-aides-a-lembauche-quoi-de-neuf-pour-les-moins-de-26-ans\/\" \/>\n<meta property=\"og:locale\" content=\"de_DE\" \/>\n<meta property=\"og:type\" content=\"article\" \/>\n<meta property=\"og:title\" content=\"Coronavirus (COVID-19) : Coronavirus (COVID-19) et aides \u00e0 l\u2019embauche : quoi de neuf pour les moins de 26 ans ? - Cabinet Magar\" \/>\n<meta property=\"og:description\" content=\"Afin de favoriser l\u2019emploi des jeunes dans ce contexte de crise li\u00e9e \u00e0 la covid-19, le Gouvernement a cr\u00e9\u00e9 plusieurs aides financi\u00e8res \u00e0 l\u2019embauche, qui viennent d\u2019\u00eatre prolong\u00e9es. Jusqu\u2019\u00e0 quand ?\" \/>\n<meta property=\"og:url\" content=\"https:\/\/www.cabinet-magar.fr\/actualites\/coronavirus-covid-19-coronavirus-covid-19-et-aides-a-lembauche-quoi-de-neuf-pour-les-moins-de-26-ans\/\" \/>\n<meta property=\"og:site_name\" content=\"Cabinet Magar\" \/>\n<meta property=\"article:published_time\" content=\"2021-02-01T04:45:00+00:00\" \/>\n<meta property=\"article:modified_time\" content=\"2021-04-11T01:00:01+00:00\" \/>\n<meta property=\"og:image\" content=\"https:\/\/www.cabinet-magar.fr\/wp-content\/uploads\/2021\/04\/jeuneentrepriseinnovante.jpg\" \/>\n\t<meta property=\"og:image:width\" content=\"600\" \/>\n\t<meta property=\"og:image:height\" content=\"400\" \/>\n\t<meta property=\"og:image:type\" content=\"image\/jpeg\" \/>\n<meta name=\"twitter:card\" content=\"summary_large_image\" \/>\n<meta name=\"twitter:label1\" content=\"Gesch\u00e4tzte Lesezeit\" \/>\n\t<meta name=\"twitter:data1\" content=\"3\u00a0Minuten\" \/>\n<script type=\"application\/ld+json\" class=\"yoast-schema-graph\">{\"@context\":\"https:\/\/schema.org\",\"@graph\":[{\"@type\":\"Article\",\"@id\":\"https:\/\/www.cabinet-magar.fr\/actualites\/coronavirus-covid-19-coronavirus-covid-19-et-aides-a-lembauche-quoi-de-neuf-pour-les-moins-de-26-ans\/#article\",\"isPartOf\":{\"@id\":\"https:\/\/www.cabinet-magar.fr\/actualites\/coronavirus-covid-19-coronavirus-covid-19-et-aides-a-lembauche-quoi-de-neuf-pour-les-moins-de-26-ans\/\"},\"author\":{\"name\":\"\",\"@id\":\"\"},\"headline\":\"Coronavirus (COVID-19) : Coronavirus (COVID-19) et aides \u00e0 l\u2019embauche : quoi de neuf pour les moins de 26 ans ?\",\"datePublished\":\"2021-02-01T04:45:00+00:00\",\"dateModified\":\"2021-04-11T01:00:01+00:00\",\"mainEntityOfPage\":{\"@id\":\"https:\/\/www.cabinet-magar.fr\/actualites\/coronavirus-covid-19-coronavirus-covid-19-et-aides-a-lembauche-quoi-de-neuf-pour-les-moins-de-26-ans\/\"},\"wordCount\":534,\"commentCount\":0,\"image\":{\"@id\":\"https:\/\/www.cabinet-magar.fr\/actualites\/coronavirus-covid-19-coronavirus-covid-19-et-aides-a-lembauche-quoi-de-neuf-pour-les-moins-de-26-ans\/#primaryimage\"},\"thumbnailUrl\":\"https:\/\/www.cabinet-magar.fr\/wp-content\/uploads\/2021\/04\/jeuneentrepriseinnovante.jpg\",\"articleSection\":[\"Actu Sociale\",\"Actualit\u00e9s\"],\"inLanguage\":\"de\",\"potentialAction\":[{\"@type\":\"CommentAction\",\"name\":\"Comment\",\"target\":[\"https:\/\/www.cabinet-magar.fr\/actualites\/coronavirus-covid-19-coronavirus-covid-19-et-aides-a-lembauche-quoi-de-neuf-pour-les-moins-de-26-ans\/#respond\"]}]},{\"@type\":\"WebPage\",\"@id\":\"https:\/\/www.cabinet-magar.fr\/actualites\/coronavirus-covid-19-coronavirus-covid-19-et-aides-a-lembauche-quoi-de-neuf-pour-les-moins-de-26-ans\/\",\"url\":\"https:\/\/www.cabinet-magar.fr\/actualites\/coronavirus-covid-19-coronavirus-covid-19-et-aides-a-lembauche-quoi-de-neuf-pour-les-moins-de-26-ans\/\",\"name\":\"Coronavirus (COVID-19) : Coronavirus (COVID-19) et aides \u00e0 l\u2019embauche : quoi de neuf pour les moins de 26 ans ? - Cabinet Magar\",\"isPartOf\":{\"@id\":\"https:\/\/www.cabinet-magar.fr\/#website\"},\"primaryImageOfPage\":{\"@id\":\"https:\/\/www.cabinet-magar.fr\/actualites\/coronavirus-covid-19-coronavirus-covid-19-et-aides-a-lembauche-quoi-de-neuf-pour-les-moins-de-26-ans\/#primaryimage\"},\"image\":{\"@id\":\"https:\/\/www.cabinet-magar.fr\/actualites\/coronavirus-covid-19-coronavirus-covid-19-et-aides-a-lembauche-quoi-de-neuf-pour-les-moins-de-26-ans\/#primaryimage\"},\"thumbnailUrl\":\"https:\/\/www.cabinet-magar.fr\/wp-content\/uploads\/2021\/04\/jeuneentrepriseinnovante.jpg\",\"datePublished\":\"2021-02-01T04:45:00+00:00\",\"dateModified\":\"2021-04-11T01:00:01+00:00\",\"author\":{\"@id\":\"\"},\"breadcrumb\":{\"@id\":\"https:\/\/www.cabinet-magar.fr\/actualites\/coronavirus-covid-19-coronavirus-covid-19-et-aides-a-lembauche-quoi-de-neuf-pour-les-moins-de-26-ans\/#breadcrumb\"},\"inLanguage\":\"de\",\"potentialAction\":[{\"@type\":\"ReadAction\",\"target\":[\"https:\/\/www.cabinet-magar.fr\/actualites\/coronavirus-covid-19-coronavirus-covid-19-et-aides-a-lembauche-quoi-de-neuf-pour-les-moins-de-26-ans\/\"]}]},{\"@type\":\"ImageObject\",\"inLanguage\":\"de\",\"@id\":\"https:\/\/www.cabinet-magar.fr\/actualites\/coronavirus-covid-19-coronavirus-covid-19-et-aides-a-lembauche-quoi-de-neuf-pour-les-moins-de-26-ans\/#primaryimage\",\"url\":\"https:\/\/www.cabinet-magar.fr\/wp-content\/uploads\/2021\/04\/jeuneentrepriseinnovante.jpg\",\"contentUrl\":\"https:\/\/www.cabinet-magar.fr\/wp-content\/uploads\/2021\/04\/jeuneentrepriseinnovante.jpg\",\"width\":600,\"height\":400},{\"@type\":\"BreadcrumbList\",\"@id\":\"https:\/\/www.cabinet-magar.fr\/actualites\/coronavirus-covid-19-coronavirus-covid-19-et-aides-a-lembauche-quoi-de-neuf-pour-les-moins-de-26-ans\/#breadcrumb\",\"itemListElement\":[{\"@type\":\"ListItem\",\"position\":1,\"name\":\"Accueil\",\"item\":\"https:\/\/www.cabinet-magar.fr\/de\/\"},{\"@type\":\"ListItem\",\"position\":2,\"name\":\"Coronavirus (COVID-19) : Coronavirus (COVID-19) et aides \u00e0 l\u2019embauche : quoi de neuf pour les moins de 26 ans ?\"}]},{\"@type\":\"WebSite\",\"@id\":\"https:\/\/www.cabinet-magar.fr\/#website\",\"url\":\"https:\/\/www.cabinet-magar.fr\/\",\"name\":\"Cabinet Magar\",\"description\":\"\",\"potentialAction\":[{\"@type\":\"SearchAction\",\"target\":{\"@type\":\"EntryPoint\",\"urlTemplate\":\"https:\/\/www.cabinet-magar.fr\/?s={search_term_string}\"},\"query-input\":{\"@type\":\"PropertyValueSpecification\",\"valueRequired\":true,\"valueName\":\"search_term_string\"}}],\"inLanguage\":\"de\"}]}<\/script>\n<!-- \/ Yoast SEO plugin. -->","yoast_head_json":{"title":"Coronavirus (COVID-19) : Coronavirus (COVID-19) et aides \u00e0 l\u2019embauche : quoi de neuf pour les moins de 26 ans ? - Cabinet Magar","robots":{"index":"index","follow":"follow","max-snippet":"max-snippet:-1","max-image-preview":"max-image-preview:large","max-video-preview":"max-video-preview:-1"},"canonical":"https:\/\/www.cabinet-magar.fr\/actualites\/coronavirus-covid-19-coronavirus-covid-19-et-aides-a-lembauche-quoi-de-neuf-pour-les-moins-de-26-ans\/","og_locale":"de_DE","og_type":"article","og_title":"Coronavirus (COVID-19) : Coronavirus (COVID-19) et aides \u00e0 l\u2019embauche : quoi de neuf pour les moins de 26 ans ? - Cabinet Magar","og_description":"Afin de favoriser l\u2019emploi des jeunes dans ce contexte de crise li\u00e9e \u00e0 la covid-19, le Gouvernement a cr\u00e9\u00e9 plusieurs aides financi\u00e8res \u00e0 l\u2019embauche, qui viennent d\u2019\u00eatre prolong\u00e9es. Jusqu\u2019\u00e0 quand ?","og_url":"https:\/\/www.cabinet-magar.fr\/actualites\/coronavirus-covid-19-coronavirus-covid-19-et-aides-a-lembauche-quoi-de-neuf-pour-les-moins-de-26-ans\/","og_site_name":"Cabinet Magar","article_published_time":"2021-02-01T04:45:00+00:00","article_modified_time":"2021-04-11T01:00:01+00:00","og_image":[{"width":600,"height":400,"url":"https:\/\/www.cabinet-magar.fr\/wp-content\/uploads\/2021\/04\/jeuneentrepriseinnovante.jpg","type":"image\/jpeg"}],"twitter_card":"summary_large_image","twitter_misc":{"Gesch\u00e4tzte Lesezeit":"3\u00a0Minuten"},"schema":{"@context":"https:\/\/schema.org","@graph":[{"@type":"Article","@id":"https:\/\/www.cabinet-magar.fr\/actualites\/coronavirus-covid-19-coronavirus-covid-19-et-aides-a-lembauche-quoi-de-neuf-pour-les-moins-de-26-ans\/#article","isPartOf":{"@id":"https:\/\/www.cabinet-magar.fr\/actualites\/coronavirus-covid-19-coronavirus-covid-19-et-aides-a-lembauche-quoi-de-neuf-pour-les-moins-de-26-ans\/"},"author":{"name":"","@id":""},"headline":"Coronavirus (COVID-19) : Coronavirus (COVID-19) et aides \u00e0 l\u2019embauche : quoi de neuf pour les moins de 26 ans ?","datePublished":"2021-02-01T04:45:00+00:00","dateModified":"2021-04-11T01:00:01+00:00","mainEntityOfPage":{"@id":"https:\/\/www.cabinet-magar.fr\/actualites\/coronavirus-covid-19-coronavirus-covid-19-et-aides-a-lembauche-quoi-de-neuf-pour-les-moins-de-26-ans\/"},"wordCount":534,"commentCount":0,"image":{"@id":"https:\/\/www.cabinet-magar.fr\/actualites\/coronavirus-covid-19-coronavirus-covid-19-et-aides-a-lembauche-quoi-de-neuf-pour-les-moins-de-26-ans\/#primaryimage"},"thumbnailUrl":"https:\/\/www.cabinet-magar.fr\/wp-content\/uploads\/2021\/04\/jeuneentrepriseinnovante.jpg","articleSection":["Actu Sociale","Actualit\u00e9s"],"inLanguage":"de","potentialAction":[{"@type":"CommentAction","name":"Comment","target":["https:\/\/www.cabinet-magar.fr\/actualites\/coronavirus-covid-19-coronavirus-covid-19-et-aides-a-lembauche-quoi-de-neuf-pour-les-moins-de-26-ans\/#respond"]}]},{"@type":"WebPage","@id":"https:\/\/www.cabinet-magar.fr\/actualites\/coronavirus-covid-19-coronavirus-covid-19-et-aides-a-lembauche-quoi-de-neuf-pour-les-moins-de-26-ans\/","url":"https:\/\/www.cabinet-magar.fr\/actualites\/coronavirus-covid-19-coronavirus-covid-19-et-aides-a-lembauche-quoi-de-neuf-pour-les-moins-de-26-ans\/","name":"Coronavirus (COVID-19) : Coronavirus (COVID-19) et aides \u00e0 l\u2019embauche : quoi de neuf pour les moins de 26 ans ? - Cabinet Magar","isPartOf":{"@id":"https:\/\/www.cabinet-magar.fr\/#website"},"primaryImageOfPage":{"@id":"https:\/\/www.cabinet-magar.fr\/actualites\/coronavirus-covid-19-coronavirus-covid-19-et-aides-a-lembauche-quoi-de-neuf-pour-les-moins-de-26-ans\/#primaryimage"},"image":{"@id":"https:\/\/www.cabinet-magar.fr\/actualites\/coronavirus-covid-19-coronavirus-covid-19-et-aides-a-lembauche-quoi-de-neuf-pour-les-moins-de-26-ans\/#primaryimage"},"thumbnailUrl":"https:\/\/www.cabinet-magar.fr\/wp-content\/uploads\/2021\/04\/jeuneentrepriseinnovante.jpg","datePublished":"2021-02-01T04:45:00+00:00","dateModified":"2021-04-11T01:00:01+00:00","author":{"@id":""},"breadcrumb":{"@id":"https:\/\/www.cabinet-magar.fr\/actualites\/coronavirus-covid-19-coronavirus-covid-19-et-aides-a-lembauche-quoi-de-neuf-pour-les-moins-de-26-ans\/#breadcrumb"},"inLanguage":"de","potentialAction":[{"@type":"ReadAction","target":["https:\/\/www.cabinet-magar.fr\/actualites\/coronavirus-covid-19-coronavirus-covid-19-et-aides-a-lembauche-quoi-de-neuf-pour-les-moins-de-26-ans\/"]}]},{"@type":"ImageObject","inLanguage":"de","@id":"https:\/\/www.cabinet-magar.fr\/actualites\/coronavirus-covid-19-coronavirus-covid-19-et-aides-a-lembauche-quoi-de-neuf-pour-les-moins-de-26-ans\/#primaryimage","url":"https:\/\/www.cabinet-magar.fr\/wp-content\/uploads\/2021\/04\/jeuneentrepriseinnovante.jpg","contentUrl":"https:\/\/www.cabinet-magar.fr\/wp-content\/uploads\/2021\/04\/jeuneentrepriseinnovante.jpg","width":600,"height":400},{"@type":"BreadcrumbList","@id":"https:\/\/www.cabinet-magar.fr\/actualites\/coronavirus-covid-19-coronavirus-covid-19-et-aides-a-lembauche-quoi-de-neuf-pour-les-moins-de-26-ans\/#breadcrumb","itemListElement":[{"@type":"ListItem","position":1,"name":"Accueil","item":"https:\/\/www.cabinet-magar.fr\/de\/"},{"@type":"ListItem","position":2,"name":"Coronavirus (COVID-19) : Coronavirus (COVID-19) et aides \u00e0 l\u2019embauche : quoi de neuf pour les moins de 26 ans ?"}]},{"@type":"WebSite","@id":"https:\/\/www.cabinet-magar.fr\/#website","url":"https:\/\/www.cabinet-magar.fr\/","name":"Cabinet Magar","description":"","potentialAction":[{"@type":"SearchAction","target":{"@type":"EntryPoint","urlTemplate":"https:\/\/www.cabinet-magar.fr\/?s={search_term_string}"},"query-input":{"@type":"PropertyValueSpecification","valueRequired":true,"valueName":"search_term_string"}}],"inLanguage":"de"}]}},"_links":{"self":[{"href":"https:\/\/www.cabinet-magar.fr\/de\/wp-json\/wp\/v2\/posts\/650","targetHints":{"allow":["GET"]}}],"collection":[{"href":"https:\/\/www.cabinet-magar.fr\/de\/wp-json\/wp\/v2\/posts"}],"about":[{"href":"https:\/\/www.cabinet-magar.fr\/de\/wp-json\/wp\/v2\/types\/post"}],"replies":[{"embeddable":true,"href":"https:\/\/www.cabinet-magar.fr\/de\/wp-json\/wp\/v2\/comments?post=650"}],"version-history":[{"count":1,"href":"https:\/\/www.cabinet-magar.fr\/de\/wp-json\/wp\/v2\/posts\/650\/revisions"}],"predecessor-version":[{"id":3860,"href":"https:\/\/www.cabinet-magar.fr\/de\/wp-json\/wp\/v2\/posts\/650\/revisions\/3860"}],"wp:featuredmedia":[{"embeddable":true,"href":"https:\/\/www.cabinet-magar.fr\/de\/wp-json\/wp\/v2\/media\/3861"}],"wp:attachment":[{"href":"https:\/\/www.cabinet-magar.fr\/de\/wp-json\/wp\/v2\/media?parent=650"}],"wp:term":[{"taxonomy":"category","embeddable":true,"href":"https:\/\/www.cabinet-magar.fr\/de\/wp-json\/wp\/v2\/categories?post=650"},{"taxonomy":"post_tag","embeddable":true,"href":"https:\/\/www.cabinet-magar.fr\/de\/wp-json\/wp\/v2\/tags?post=650"}],"curies":[{"name":"wp","href":"https:\/\/api.w.org\/{rel}","templated":true}]}}