{"id":521,"date":"2021-02-22T05:45:00","date_gmt":"2021-02-22T04:45:00","guid":{"rendered":"https:\/\/www.cabinet-magar.fr\/controle-urssaf-erreur-materielle-mise-en-demeure-irreguliere\/"},"modified":"2021-04-05T03:00:18","modified_gmt":"2021-04-05T01:00:18","slug":"controle-urssaf-erreur-materielle-mise-en-demeure-irreguliere","status":"publish","type":"post","link":"https:\/\/www.cabinet-magar.fr\/de\/actualites\/controle-urssaf-erreur-materielle-mise-en-demeure-irreguliere\/","title":{"rendered":"Contr\u00f4le Urssaf : erreur mat\u00e9rielle = mise en demeure irr\u00e9guli\u00e8re ?"},"content":{"rendered":"<p >\u00c0 la suite d\u2019un contr\u00f4le Urssaf, un employeur re\u00e7oit une lettre d\u2019observations, suivie d\u2019une mise en demeure. Une mise en demeure irr\u00e9guli\u00e8re pour l\u2019employeur qui rel\u00e8ve plusieurs anomalies\u2026 Mais pas pour l\u2019administration, pour qui il s\u2019agit d\u2019une simple erreur mat\u00e9rielle n\u2019affectant pas la validit\u00e9 du redressement. Qui a raison ?<\/p>\n<div>\n<h2> Erreur mat\u00e9rielle = mise en demeure r\u00e9guli\u00e8re !<\/h2>\n<p>\u00c0 la suite d\u2019un contr\u00f4le Urssaf, un employeur re\u00e7oit une lettre d\u2019observations, suivie d\u2019une mise en demeure. Apr\u00e8s une lecture attentive de cette derni\u00e8re, il rel\u00e8ve plusieurs anomalies rendant, selon lui, la proc\u00e9dure de redressement irr\u00e9guli\u00e8re\u2026<\/p>\n<p>Pour rappel, une mise en demeure de l&#8217;Urssaf doit pr\u00e9ciser la nature et le montant des cotisations r\u00e9clam\u00e9es ainsi que la p\u00e9riode \u00e0 laquelle elles se rapportent. En l\u2019absence d\u2019une de ces mentions, la mise en demeure est nulle, sans que soit exig\u00e9e la preuve d&#8217;un pr\u00e9judice.<\/p>\n<p>Ici, l\u2019employeur constate la pr\u00e9sence d\u2019une faute sur la date de notification de la lettre d\u2019observation, ce qui suffit, estime-t-il, \u00e0 rendre la proc\u00e9dure irr\u00e9guli\u00e8re !<\/p>\n<p>Mais pas pour l\u2019Urssaf, pour qui la mention de la mauvaise date r\u00e9sulte d\u2019une simple erreur mat\u00e9rielle qui n\u2019affecte en rien la possibilit\u00e9 pour l\u2019entreprise de se d\u00e9fendre, cette derni\u00e8re ayant bien \u00e9t\u00e9 destinataire de la lettre d\u2019observation.<\/p>\n<p>Si cette situation porte v\u00e9ritablement pr\u00e9judice \u00e0 l\u2019employeur, il lui appartient de le prouver, ce qu\u2019il ne fait pas\u2026<\/p>\n<p>Et le juge se range aux c\u00f4t\u00e9s de l\u2019Urssaf : la mise en demeure faisant bien r\u00e9f\u00e9rence \u00e0 la lettre d&#8217;observations, elle a effectivement permis \u00e0 l\u2019entreprise d&#8217;avoir connaissance de la nature, de la cause et de l&#8217;\u00e9tendue de son obligation. La proc\u00e9dure de redressement n\u2019est donc pas irr\u00e9guli\u00e8re !<\/p>\n<p>Source : Arr\u00eat de la Cour de Cassation, deuxi\u00e8me chambre civile, du 07 janvier 2021, n\u00b019-22921 (NP)<\/p>\n<p><a href=\"https:\/\/www.weblex.fr\/weblex-actualite\/controle-urssaf-erreur-materielle-mise-en-demeure-irreguliere\" target=\"_blank\" rel=\"noopener\">Mise en demeure : erreur (de l\u2019Urssaf) en votre faveur ? <\/a>\u00a9 Copyright WebLex &#8211; 2021<\/p>\n<\/div>\n<p><img src='https:\/\/www.weblex.fr\/images\/flux_actus\/controleurssaf.jpg'><\/p>\n","protected":false},"excerpt":{"rendered":"<p>\u00c0 la suite d\u2019un contr\u00f4le Urssaf, un employeur re\u00e7oit une lettre d\u2019observations, suivie d\u2019une mise en demeure. Une mise en demeure irr\u00e9guli\u00e8re pour l\u2019employeur qui rel\u00e8ve plusieurs anomalies\u2026 Mais pas pour l\u2019administration, pour qui il s\u2019agit d\u2019une simple erreur mat\u00e9rielle n\u2019affectant pas la validit\u00e9 du redressement. Qui a raison ?<\/p>\n","protected":false},"author":0,"featured_media":3626,"comment_status":"open","ping_status":"closed","sticky":false,"template":"","format":"standard","meta":{"_acf_changed":false,"footnotes":""},"categories":[8,7],"tags":[],"class_list":["post-521","post","type-post","status-publish","format-standard","has-post-thumbnail","hentry","category-actu-sociale","category-actualites"],"acf":[],"yoast_head":"<!-- This site is optimized with the Yoast SEO plugin v27.2 - https:\/\/yoast.com\/product\/yoast-seo-wordpress\/ -->\n<title>Contr\u00f4le Urssaf : erreur mat\u00e9rielle = mise en demeure irr\u00e9guli\u00e8re ? - Cabinet Magar<\/title>\n<meta name=\"robots\" content=\"index, follow, max-snippet:-1, max-image-preview:large, max-video-preview:-1\" \/>\n<link rel=\"canonical\" href=\"https:\/\/www.cabinet-magar.fr\/de\/actualites\/controle-urssaf-erreur-materielle-mise-en-demeure-irreguliere\/\" \/>\n<meta property=\"og:locale\" content=\"de_DE\" \/>\n<meta property=\"og:type\" content=\"article\" \/>\n<meta property=\"og:title\" content=\"Contr\u00f4le Urssaf : erreur mat\u00e9rielle = mise en demeure irr\u00e9guli\u00e8re ? - Cabinet Magar\" \/>\n<meta property=\"og:description\" content=\"\u00c0 la suite d\u2019un contr\u00f4le Urssaf, un employeur re\u00e7oit une lettre d\u2019observations, suivie d\u2019une mise en demeure. Une mise en demeure irr\u00e9guli\u00e8re pour l\u2019employeur qui rel\u00e8ve plusieurs anomalies\u2026 Mais pas pour l\u2019administration, pour qui il s\u2019agit d\u2019une simple erreur mat\u00e9rielle n\u2019affectant pas la validit\u00e9 du redressement. Qui a raison ?\" \/>\n<meta property=\"og:url\" content=\"https:\/\/www.cabinet-magar.fr\/de\/actualites\/controle-urssaf-erreur-materielle-mise-en-demeure-irreguliere\/\" \/>\n<meta property=\"og:site_name\" content=\"Cabinet Magar\" \/>\n<meta property=\"article:published_time\" content=\"2021-02-22T04:45:00+00:00\" \/>\n<meta property=\"article:modified_time\" content=\"2021-04-05T01:00:18+00:00\" \/>\n<meta property=\"og:image\" content=\"https:\/\/www.cabinet-magar.fr\/wp-content\/uploads\/2021\/04\/controleurssaf.jpg\" \/>\n\t<meta property=\"og:image:width\" content=\"600\" \/>\n\t<meta property=\"og:image:height\" content=\"400\" \/>\n\t<meta property=\"og:image:type\" content=\"image\/jpeg\" \/>\n<meta name=\"twitter:card\" content=\"summary_large_image\" \/>\n<meta name=\"twitter:label1\" content=\"Gesch\u00e4tzte Lesezeit\" \/>\n\t<meta name=\"twitter:data1\" content=\"2\u00a0Minuten\" \/>\n<script type=\"application\/ld+json\" class=\"yoast-schema-graph\">{\"@context\":\"https:\/\/schema.org\",\"@graph\":[{\"@type\":\"Article\",\"@id\":\"https:\/\/www.cabinet-magar.fr\/de\/actualites\/controle-urssaf-erreur-materielle-mise-en-demeure-irreguliere\/#article\",\"isPartOf\":{\"@id\":\"https:\/\/www.cabinet-magar.fr\/de\/actualites\/controle-urssaf-erreur-materielle-mise-en-demeure-irreguliere\/\"},\"author\":{\"name\":\"\",\"@id\":\"\"},\"headline\":\"Contr\u00f4le Urssaf : erreur mat\u00e9rielle = mise en demeure irr\u00e9guli\u00e8re ?\",\"datePublished\":\"2021-02-22T04:45:00+00:00\",\"dateModified\":\"2021-04-05T01:00:18+00:00\",\"mainEntityOfPage\":{\"@id\":\"https:\/\/www.cabinet-magar.fr\/de\/actualites\/controle-urssaf-erreur-materielle-mise-en-demeure-irreguliere\/\"},\"wordCount\":374,\"commentCount\":0,\"image\":{\"@id\":\"https:\/\/www.cabinet-magar.fr\/de\/actualites\/controle-urssaf-erreur-materielle-mise-en-demeure-irreguliere\/#primaryimage\"},\"thumbnailUrl\":\"https:\/\/www.cabinet-magar.fr\/wp-content\/uploads\/2021\/04\/controleurssaf.jpg\",\"articleSection\":[\"Actu Sociale\",\"Actualit\u00e9s\"],\"inLanguage\":\"de\",\"potentialAction\":[{\"@type\":\"CommentAction\",\"name\":\"Comment\",\"target\":[\"https:\/\/www.cabinet-magar.fr\/de\/actualites\/controle-urssaf-erreur-materielle-mise-en-demeure-irreguliere\/#respond\"]}]},{\"@type\":\"WebPage\",\"@id\":\"https:\/\/www.cabinet-magar.fr\/de\/actualites\/controle-urssaf-erreur-materielle-mise-en-demeure-irreguliere\/\",\"url\":\"https:\/\/www.cabinet-magar.fr\/de\/actualites\/controle-urssaf-erreur-materielle-mise-en-demeure-irreguliere\/\",\"name\":\"Contr\u00f4le Urssaf : erreur mat\u00e9rielle = mise en demeure irr\u00e9guli\u00e8re ? - Cabinet Magar\",\"isPartOf\":{\"@id\":\"https:\/\/www.cabinet-magar.fr\/#website\"},\"primaryImageOfPage\":{\"@id\":\"https:\/\/www.cabinet-magar.fr\/de\/actualites\/controle-urssaf-erreur-materielle-mise-en-demeure-irreguliere\/#primaryimage\"},\"image\":{\"@id\":\"https:\/\/www.cabinet-magar.fr\/de\/actualites\/controle-urssaf-erreur-materielle-mise-en-demeure-irreguliere\/#primaryimage\"},\"thumbnailUrl\":\"https:\/\/www.cabinet-magar.fr\/wp-content\/uploads\/2021\/04\/controleurssaf.jpg\",\"datePublished\":\"2021-02-22T04:45:00+00:00\",\"dateModified\":\"2021-04-05T01:00:18+00:00\",\"author\":{\"@id\":\"\"},\"breadcrumb\":{\"@id\":\"https:\/\/www.cabinet-magar.fr\/de\/actualites\/controle-urssaf-erreur-materielle-mise-en-demeure-irreguliere\/#breadcrumb\"},\"inLanguage\":\"de\",\"potentialAction\":[{\"@type\":\"ReadAction\",\"target\":[\"https:\/\/www.cabinet-magar.fr\/de\/actualites\/controle-urssaf-erreur-materielle-mise-en-demeure-irreguliere\/\"]}]},{\"@type\":\"ImageObject\",\"inLanguage\":\"de\",\"@id\":\"https:\/\/www.cabinet-magar.fr\/de\/actualites\/controle-urssaf-erreur-materielle-mise-en-demeure-irreguliere\/#primaryimage\",\"url\":\"https:\/\/www.cabinet-magar.fr\/wp-content\/uploads\/2021\/04\/controleurssaf.jpg\",\"contentUrl\":\"https:\/\/www.cabinet-magar.fr\/wp-content\/uploads\/2021\/04\/controleurssaf.jpg\",\"width\":600,\"height\":400},{\"@type\":\"BreadcrumbList\",\"@id\":\"https:\/\/www.cabinet-magar.fr\/de\/actualites\/controle-urssaf-erreur-materielle-mise-en-demeure-irreguliere\/#breadcrumb\",\"itemListElement\":[{\"@type\":\"ListItem\",\"position\":1,\"name\":\"Accueil\",\"item\":\"https:\/\/www.cabinet-magar.fr\/de\/\"},{\"@type\":\"ListItem\",\"position\":2,\"name\":\"Contr\u00f4le Urssaf : erreur mat\u00e9rielle = mise en demeure irr\u00e9guli\u00e8re ?\"}]},{\"@type\":\"WebSite\",\"@id\":\"https:\/\/www.cabinet-magar.fr\/#website\",\"url\":\"https:\/\/www.cabinet-magar.fr\/\",\"name\":\"Cabinet Magar\",\"description\":\"\",\"potentialAction\":[{\"@type\":\"SearchAction\",\"target\":{\"@type\":\"EntryPoint\",\"urlTemplate\":\"https:\/\/www.cabinet-magar.fr\/?s={search_term_string}\"},\"query-input\":{\"@type\":\"PropertyValueSpecification\",\"valueRequired\":true,\"valueName\":\"search_term_string\"}}],\"inLanguage\":\"de\"}]}<\/script>\n<!-- \/ Yoast SEO plugin. -->","yoast_head_json":{"title":"Contr\u00f4le Urssaf : erreur mat\u00e9rielle = mise en demeure irr\u00e9guli\u00e8re ? - Cabinet Magar","robots":{"index":"index","follow":"follow","max-snippet":"max-snippet:-1","max-image-preview":"max-image-preview:large","max-video-preview":"max-video-preview:-1"},"canonical":"https:\/\/www.cabinet-magar.fr\/de\/actualites\/controle-urssaf-erreur-materielle-mise-en-demeure-irreguliere\/","og_locale":"de_DE","og_type":"article","og_title":"Contr\u00f4le Urssaf : erreur mat\u00e9rielle = mise en demeure irr\u00e9guli\u00e8re ? - Cabinet Magar","og_description":"\u00c0 la suite d\u2019un contr\u00f4le Urssaf, un employeur re\u00e7oit une lettre d\u2019observations, suivie d\u2019une mise en demeure. Une mise en demeure irr\u00e9guli\u00e8re pour l\u2019employeur qui rel\u00e8ve plusieurs anomalies\u2026 Mais pas pour l\u2019administration, pour qui il s\u2019agit d\u2019une simple erreur mat\u00e9rielle n\u2019affectant pas la validit\u00e9 du redressement. Qui a raison ?","og_url":"https:\/\/www.cabinet-magar.fr\/de\/actualites\/controle-urssaf-erreur-materielle-mise-en-demeure-irreguliere\/","og_site_name":"Cabinet Magar","article_published_time":"2021-02-22T04:45:00+00:00","article_modified_time":"2021-04-05T01:00:18+00:00","og_image":[{"width":600,"height":400,"url":"https:\/\/www.cabinet-magar.fr\/wp-content\/uploads\/2021\/04\/controleurssaf.jpg","type":"image\/jpeg"}],"twitter_card":"summary_large_image","twitter_misc":{"Gesch\u00e4tzte Lesezeit":"2\u00a0Minuten"},"schema":{"@context":"https:\/\/schema.org","@graph":[{"@type":"Article","@id":"https:\/\/www.cabinet-magar.fr\/de\/actualites\/controle-urssaf-erreur-materielle-mise-en-demeure-irreguliere\/#article","isPartOf":{"@id":"https:\/\/www.cabinet-magar.fr\/de\/actualites\/controle-urssaf-erreur-materielle-mise-en-demeure-irreguliere\/"},"author":{"name":"","@id":""},"headline":"Contr\u00f4le Urssaf : erreur mat\u00e9rielle = mise en demeure irr\u00e9guli\u00e8re ?","datePublished":"2021-02-22T04:45:00+00:00","dateModified":"2021-04-05T01:00:18+00:00","mainEntityOfPage":{"@id":"https:\/\/www.cabinet-magar.fr\/de\/actualites\/controle-urssaf-erreur-materielle-mise-en-demeure-irreguliere\/"},"wordCount":374,"commentCount":0,"image":{"@id":"https:\/\/www.cabinet-magar.fr\/de\/actualites\/controle-urssaf-erreur-materielle-mise-en-demeure-irreguliere\/#primaryimage"},"thumbnailUrl":"https:\/\/www.cabinet-magar.fr\/wp-content\/uploads\/2021\/04\/controleurssaf.jpg","articleSection":["Actu Sociale","Actualit\u00e9s"],"inLanguage":"de","potentialAction":[{"@type":"CommentAction","name":"Comment","target":["https:\/\/www.cabinet-magar.fr\/de\/actualites\/controle-urssaf-erreur-materielle-mise-en-demeure-irreguliere\/#respond"]}]},{"@type":"WebPage","@id":"https:\/\/www.cabinet-magar.fr\/de\/actualites\/controle-urssaf-erreur-materielle-mise-en-demeure-irreguliere\/","url":"https:\/\/www.cabinet-magar.fr\/de\/actualites\/controle-urssaf-erreur-materielle-mise-en-demeure-irreguliere\/","name":"Contr\u00f4le Urssaf : erreur mat\u00e9rielle = mise en demeure irr\u00e9guli\u00e8re ? - Cabinet Magar","isPartOf":{"@id":"https:\/\/www.cabinet-magar.fr\/#website"},"primaryImageOfPage":{"@id":"https:\/\/www.cabinet-magar.fr\/de\/actualites\/controle-urssaf-erreur-materielle-mise-en-demeure-irreguliere\/#primaryimage"},"image":{"@id":"https:\/\/www.cabinet-magar.fr\/de\/actualites\/controle-urssaf-erreur-materielle-mise-en-demeure-irreguliere\/#primaryimage"},"thumbnailUrl":"https:\/\/www.cabinet-magar.fr\/wp-content\/uploads\/2021\/04\/controleurssaf.jpg","datePublished":"2021-02-22T04:45:00+00:00","dateModified":"2021-04-05T01:00:18+00:00","author":{"@id":""},"breadcrumb":{"@id":"https:\/\/www.cabinet-magar.fr\/de\/actualites\/controle-urssaf-erreur-materielle-mise-en-demeure-irreguliere\/#breadcrumb"},"inLanguage":"de","potentialAction":[{"@type":"ReadAction","target":["https:\/\/www.cabinet-magar.fr\/de\/actualites\/controle-urssaf-erreur-materielle-mise-en-demeure-irreguliere\/"]}]},{"@type":"ImageObject","inLanguage":"de","@id":"https:\/\/www.cabinet-magar.fr\/de\/actualites\/controle-urssaf-erreur-materielle-mise-en-demeure-irreguliere\/#primaryimage","url":"https:\/\/www.cabinet-magar.fr\/wp-content\/uploads\/2021\/04\/controleurssaf.jpg","contentUrl":"https:\/\/www.cabinet-magar.fr\/wp-content\/uploads\/2021\/04\/controleurssaf.jpg","width":600,"height":400},{"@type":"BreadcrumbList","@id":"https:\/\/www.cabinet-magar.fr\/de\/actualites\/controle-urssaf-erreur-materielle-mise-en-demeure-irreguliere\/#breadcrumb","itemListElement":[{"@type":"ListItem","position":1,"name":"Accueil","item":"https:\/\/www.cabinet-magar.fr\/de\/"},{"@type":"ListItem","position":2,"name":"Contr\u00f4le Urssaf : erreur mat\u00e9rielle = mise en demeure irr\u00e9guli\u00e8re ?"}]},{"@type":"WebSite","@id":"https:\/\/www.cabinet-magar.fr\/#website","url":"https:\/\/www.cabinet-magar.fr\/","name":"Cabinet Magar","description":"","potentialAction":[{"@type":"SearchAction","target":{"@type":"EntryPoint","urlTemplate":"https:\/\/www.cabinet-magar.fr\/?s={search_term_string}"},"query-input":{"@type":"PropertyValueSpecification","valueRequired":true,"valueName":"search_term_string"}}],"inLanguage":"de"}]}},"_links":{"self":[{"href":"https:\/\/www.cabinet-magar.fr\/de\/wp-json\/wp\/v2\/posts\/521","targetHints":{"allow":["GET"]}}],"collection":[{"href":"https:\/\/www.cabinet-magar.fr\/de\/wp-json\/wp\/v2\/posts"}],"about":[{"href":"https:\/\/www.cabinet-magar.fr\/de\/wp-json\/wp\/v2\/types\/post"}],"replies":[{"embeddable":true,"href":"https:\/\/www.cabinet-magar.fr\/de\/wp-json\/wp\/v2\/comments?post=521"}],"version-history":[{"count":1,"href":"https:\/\/www.cabinet-magar.fr\/de\/wp-json\/wp\/v2\/posts\/521\/revisions"}],"predecessor-version":[{"id":3625,"href":"https:\/\/www.cabinet-magar.fr\/de\/wp-json\/wp\/v2\/posts\/521\/revisions\/3625"}],"wp:featuredmedia":[{"embeddable":true,"href":"https:\/\/www.cabinet-magar.fr\/de\/wp-json\/wp\/v2\/media\/3626"}],"wp:attachment":[{"href":"https:\/\/www.cabinet-magar.fr\/de\/wp-json\/wp\/v2\/media?parent=521"}],"wp:term":[{"taxonomy":"category","embeddable":true,"href":"https:\/\/www.cabinet-magar.fr\/de\/wp-json\/wp\/v2\/categories?post=521"},{"taxonomy":"post_tag","embeddable":true,"href":"https:\/\/www.cabinet-magar.fr\/de\/wp-json\/wp\/v2\/tags?post=521"}],"curies":[{"name":"wp","href":"https:\/\/api.w.org\/{rel}","templated":true}]}}