{"id":485,"date":"2021-03-01T05:45:00","date_gmt":"2021-03-01T04:45:00","guid":{"rendered":"https:\/\/www.cabinet-magar.fr\/coronavirus-covid-19-de-nouvelles-mesures-pour-les-transfrontaliers-de-moselle\/"},"modified":"2021-04-02T03:01:20","modified_gmt":"2021-04-02T01:01:20","slug":"coronavirus-covid-19-de-nouvelles-mesures-pour-les-transfrontaliers-de-moselle","status":"publish","type":"post","link":"https:\/\/www.cabinet-magar.fr\/de\/actualites\/coronavirus-covid-19-de-nouvelles-mesures-pour-les-transfrontaliers-de-moselle\/","title":{"rendered":"Coronavirus (COVID-19) : de nouvelles mesures pour les transfrontaliers de Moselle"},"content":{"rendered":"<p >Pour faire face \u00e0 la crise sanitaire, de nouvelles mesures ont \u00e9t\u00e9 mises en place au niveau de la fronti\u00e8re avec l\u2019Allemagne, dans le d\u00e9partement de la Moselle. Quelles sont ces nouvelles mesures ?<\/p>\n<div>\n<h2>Coronavirus (COVID-19) : un renforcement des mesures \u00e0 la fronti\u00e8re franco-allemande<\/h2>\n<p>Pour renforcer la s\u00e9curit\u00e9 sanitaire des r\u00e9gions transfrontali\u00e8res tout en pr\u00e9servant la libre circulation, le Gouvernement a renforc\u00e9 les mesures \u00e0 la fronti\u00e8re franco-allemande dans le d\u00e9partement de la Moselle :<\/p>\n<ul>\n<li>un test PCR n\u00e9gatif de moins de 72h devra \u00eatre pr\u00e9sent\u00e9 par les frontaliers pour tous motifs autres que professionnels ;<\/li>\n<li>le t\u00e9l\u00e9travail devra \u00eatre privil\u00e9gi\u00e9 pour les travailleurs transfrontaliers ;<\/li>\n<li>les personnes traversant la fronti\u00e8re pour leurs activit\u00e9s professionnelles devront se soumettre \u00e0 un test hebdomadaire.<\/li>\n<\/ul>\n<p>Ces mesures sont appliqu\u00e9es \u00e0 partir du 1er mars 2021.<\/p>\n<p>Source : Communiqu\u00e9 de presse du Minist\u00e8re de la sant\u00e9 du 25 f\u00e9vrier 2021<\/p>\n<p><a href=\"https:\/\/www.weblex.fr\/weblex-actualite\/coronavirus-covid-19-de-nouvelles-mesures-pour-les-transfrontaliers-de-moselle\" target=\"_blank\" rel=\"noopener\">Coronavirus (COVID-19) : de nouvelles mesures pour les transfrontaliers de Moselle<\/a> \u00a9 Copyright WebLex &#8211; 2021<\/p>\n<\/div>\n<p><img src='https:\/\/www.weblex.fr\/images\/flux_actus\/francoallemand.jpg'><\/p>\n","protected":false},"excerpt":{"rendered":"<p>Pour faire face \u00e0 la crise sanitaire, de nouvelles mesures ont \u00e9t\u00e9 mises en place au niveau de la fronti\u00e8re avec l\u2019Allemagne, dans le d\u00e9partement de la Moselle. Quelles sont ces nouvelles mesures ?<\/p>\n","protected":false},"author":0,"featured_media":3560,"comment_status":"open","ping_status":"closed","sticky":false,"template":"","format":"standard","meta":{"_acf_changed":false,"footnotes":""},"categories":[9,7],"tags":[],"class_list":["post-485","post","type-post","status-publish","format-standard","has-post-thumbnail","hentry","category-actu-juridique","category-actualites"],"acf":[],"yoast_head":"<!-- This site is optimized with the Yoast SEO plugin v27.2 - https:\/\/yoast.com\/product\/yoast-seo-wordpress\/ -->\n<title>Coronavirus (COVID-19) : de nouvelles mesures pour les transfrontaliers de Moselle - Cabinet Magar<\/title>\n<meta name=\"robots\" content=\"index, follow, max-snippet:-1, max-image-preview:large, max-video-preview:-1\" \/>\n<link rel=\"canonical\" href=\"https:\/\/www.cabinet-magar.fr\/actualites\/coronavirus-covid-19-de-nouvelles-mesures-pour-les-transfrontaliers-de-moselle\/\" \/>\n<meta property=\"og:locale\" content=\"de_DE\" \/>\n<meta property=\"og:type\" content=\"article\" \/>\n<meta property=\"og:title\" content=\"Coronavirus (COVID-19) : de nouvelles mesures pour les transfrontaliers de Moselle - Cabinet Magar\" \/>\n<meta property=\"og:description\" content=\"Pour faire face \u00e0 la crise sanitaire, de nouvelles mesures ont \u00e9t\u00e9 mises en place au niveau de la fronti\u00e8re avec l\u2019Allemagne, dans le d\u00e9partement de la Moselle. Quelles sont ces nouvelles mesures ?\" \/>\n<meta property=\"og:url\" content=\"https:\/\/www.cabinet-magar.fr\/actualites\/coronavirus-covid-19-de-nouvelles-mesures-pour-les-transfrontaliers-de-moselle\/\" \/>\n<meta property=\"og:site_name\" content=\"Cabinet Magar\" \/>\n<meta property=\"article:published_time\" content=\"2021-03-01T04:45:00+00:00\" \/>\n<meta property=\"article:modified_time\" content=\"2021-04-02T01:01:20+00:00\" \/>\n<meta property=\"og:image\" content=\"https:\/\/www.cabinet-magar.fr\/wp-content\/uploads\/2021\/04\/francoallemand.jpg\" \/>\n\t<meta property=\"og:image:width\" content=\"600\" \/>\n\t<meta property=\"og:image:height\" content=\"400\" \/>\n\t<meta property=\"og:image:type\" content=\"image\/jpeg\" \/>\n<meta name=\"twitter:card\" content=\"summary_large_image\" \/>\n<meta name=\"twitter:label1\" content=\"Gesch\u00e4tzte Lesezeit\" \/>\n\t<meta name=\"twitter:data1\" content=\"1\u00a0Minute\" \/>\n<script type=\"application\/ld+json\" class=\"yoast-schema-graph\">{\"@context\":\"https:\/\/schema.org\",\"@graph\":[{\"@type\":\"Article\",\"@id\":\"https:\/\/www.cabinet-magar.fr\/actualites\/coronavirus-covid-19-de-nouvelles-mesures-pour-les-transfrontaliers-de-moselle\/#article\",\"isPartOf\":{\"@id\":\"https:\/\/www.cabinet-magar.fr\/actualites\/coronavirus-covid-19-de-nouvelles-mesures-pour-les-transfrontaliers-de-moselle\/\"},\"author\":{\"name\":\"\",\"@id\":\"\"},\"headline\":\"Coronavirus (COVID-19) : de nouvelles mesures pour les transfrontaliers de Moselle\",\"datePublished\":\"2021-03-01T04:45:00+00:00\",\"dateModified\":\"2021-04-02T01:01:20+00:00\",\"mainEntityOfPage\":{\"@id\":\"https:\/\/www.cabinet-magar.fr\/actualites\/coronavirus-covid-19-de-nouvelles-mesures-pour-les-transfrontaliers-de-moselle\/\"},\"wordCount\":176,\"commentCount\":0,\"image\":{\"@id\":\"https:\/\/www.cabinet-magar.fr\/actualites\/coronavirus-covid-19-de-nouvelles-mesures-pour-les-transfrontaliers-de-moselle\/#primaryimage\"},\"thumbnailUrl\":\"https:\/\/www.cabinet-magar.fr\/wp-content\/uploads\/2021\/04\/francoallemand.jpg\",\"articleSection\":[\"Actu Juridique\",\"Actualit\u00e9s\"],\"inLanguage\":\"de\",\"potentialAction\":[{\"@type\":\"CommentAction\",\"name\":\"Comment\",\"target\":[\"https:\/\/www.cabinet-magar.fr\/actualites\/coronavirus-covid-19-de-nouvelles-mesures-pour-les-transfrontaliers-de-moselle\/#respond\"]}]},{\"@type\":\"WebPage\",\"@id\":\"https:\/\/www.cabinet-magar.fr\/actualites\/coronavirus-covid-19-de-nouvelles-mesures-pour-les-transfrontaliers-de-moselle\/\",\"url\":\"https:\/\/www.cabinet-magar.fr\/actualites\/coronavirus-covid-19-de-nouvelles-mesures-pour-les-transfrontaliers-de-moselle\/\",\"name\":\"Coronavirus (COVID-19) : de nouvelles mesures pour les transfrontaliers de Moselle - Cabinet Magar\",\"isPartOf\":{\"@id\":\"https:\/\/www.cabinet-magar.fr\/#website\"},\"primaryImageOfPage\":{\"@id\":\"https:\/\/www.cabinet-magar.fr\/actualites\/coronavirus-covid-19-de-nouvelles-mesures-pour-les-transfrontaliers-de-moselle\/#primaryimage\"},\"image\":{\"@id\":\"https:\/\/www.cabinet-magar.fr\/actualites\/coronavirus-covid-19-de-nouvelles-mesures-pour-les-transfrontaliers-de-moselle\/#primaryimage\"},\"thumbnailUrl\":\"https:\/\/www.cabinet-magar.fr\/wp-content\/uploads\/2021\/04\/francoallemand.jpg\",\"datePublished\":\"2021-03-01T04:45:00+00:00\",\"dateModified\":\"2021-04-02T01:01:20+00:00\",\"author\":{\"@id\":\"\"},\"breadcrumb\":{\"@id\":\"https:\/\/www.cabinet-magar.fr\/actualites\/coronavirus-covid-19-de-nouvelles-mesures-pour-les-transfrontaliers-de-moselle\/#breadcrumb\"},\"inLanguage\":\"de\",\"potentialAction\":[{\"@type\":\"ReadAction\",\"target\":[\"https:\/\/www.cabinet-magar.fr\/actualites\/coronavirus-covid-19-de-nouvelles-mesures-pour-les-transfrontaliers-de-moselle\/\"]}]},{\"@type\":\"ImageObject\",\"inLanguage\":\"de\",\"@id\":\"https:\/\/www.cabinet-magar.fr\/actualites\/coronavirus-covid-19-de-nouvelles-mesures-pour-les-transfrontaliers-de-moselle\/#primaryimage\",\"url\":\"https:\/\/www.cabinet-magar.fr\/wp-content\/uploads\/2021\/04\/francoallemand.jpg\",\"contentUrl\":\"https:\/\/www.cabinet-magar.fr\/wp-content\/uploads\/2021\/04\/francoallemand.jpg\",\"width\":600,\"height\":400},{\"@type\":\"BreadcrumbList\",\"@id\":\"https:\/\/www.cabinet-magar.fr\/actualites\/coronavirus-covid-19-de-nouvelles-mesures-pour-les-transfrontaliers-de-moselle\/#breadcrumb\",\"itemListElement\":[{\"@type\":\"ListItem\",\"position\":1,\"name\":\"Accueil\",\"item\":\"https:\/\/www.cabinet-magar.fr\/de\/\"},{\"@type\":\"ListItem\",\"position\":2,\"name\":\"Coronavirus (COVID-19) : de nouvelles mesures pour les transfrontaliers de Moselle\"}]},{\"@type\":\"WebSite\",\"@id\":\"https:\/\/www.cabinet-magar.fr\/#website\",\"url\":\"https:\/\/www.cabinet-magar.fr\/\",\"name\":\"Cabinet Magar\",\"description\":\"\",\"potentialAction\":[{\"@type\":\"SearchAction\",\"target\":{\"@type\":\"EntryPoint\",\"urlTemplate\":\"https:\/\/www.cabinet-magar.fr\/?s={search_term_string}\"},\"query-input\":{\"@type\":\"PropertyValueSpecification\",\"valueRequired\":true,\"valueName\":\"search_term_string\"}}],\"inLanguage\":\"de\"}]}<\/script>\n<!-- \/ Yoast SEO plugin. -->","yoast_head_json":{"title":"Coronavirus (COVID-19) : de nouvelles mesures pour les transfrontaliers de Moselle - Cabinet Magar","robots":{"index":"index","follow":"follow","max-snippet":"max-snippet:-1","max-image-preview":"max-image-preview:large","max-video-preview":"max-video-preview:-1"},"canonical":"https:\/\/www.cabinet-magar.fr\/actualites\/coronavirus-covid-19-de-nouvelles-mesures-pour-les-transfrontaliers-de-moselle\/","og_locale":"de_DE","og_type":"article","og_title":"Coronavirus (COVID-19) : de nouvelles mesures pour les transfrontaliers de Moselle - Cabinet Magar","og_description":"Pour faire face \u00e0 la crise sanitaire, de nouvelles mesures ont \u00e9t\u00e9 mises en place au niveau de la fronti\u00e8re avec l\u2019Allemagne, dans le d\u00e9partement de la Moselle. Quelles sont ces nouvelles mesures ?","og_url":"https:\/\/www.cabinet-magar.fr\/actualites\/coronavirus-covid-19-de-nouvelles-mesures-pour-les-transfrontaliers-de-moselle\/","og_site_name":"Cabinet Magar","article_published_time":"2021-03-01T04:45:00+00:00","article_modified_time":"2021-04-02T01:01:20+00:00","og_image":[{"width":600,"height":400,"url":"https:\/\/www.cabinet-magar.fr\/wp-content\/uploads\/2021\/04\/francoallemand.jpg","type":"image\/jpeg"}],"twitter_card":"summary_large_image","twitter_misc":{"Gesch\u00e4tzte Lesezeit":"1\u00a0Minute"},"schema":{"@context":"https:\/\/schema.org","@graph":[{"@type":"Article","@id":"https:\/\/www.cabinet-magar.fr\/actualites\/coronavirus-covid-19-de-nouvelles-mesures-pour-les-transfrontaliers-de-moselle\/#article","isPartOf":{"@id":"https:\/\/www.cabinet-magar.fr\/actualites\/coronavirus-covid-19-de-nouvelles-mesures-pour-les-transfrontaliers-de-moselle\/"},"author":{"name":"","@id":""},"headline":"Coronavirus (COVID-19) : de nouvelles mesures pour les transfrontaliers de Moselle","datePublished":"2021-03-01T04:45:00+00:00","dateModified":"2021-04-02T01:01:20+00:00","mainEntityOfPage":{"@id":"https:\/\/www.cabinet-magar.fr\/actualites\/coronavirus-covid-19-de-nouvelles-mesures-pour-les-transfrontaliers-de-moselle\/"},"wordCount":176,"commentCount":0,"image":{"@id":"https:\/\/www.cabinet-magar.fr\/actualites\/coronavirus-covid-19-de-nouvelles-mesures-pour-les-transfrontaliers-de-moselle\/#primaryimage"},"thumbnailUrl":"https:\/\/www.cabinet-magar.fr\/wp-content\/uploads\/2021\/04\/francoallemand.jpg","articleSection":["Actu Juridique","Actualit\u00e9s"],"inLanguage":"de","potentialAction":[{"@type":"CommentAction","name":"Comment","target":["https:\/\/www.cabinet-magar.fr\/actualites\/coronavirus-covid-19-de-nouvelles-mesures-pour-les-transfrontaliers-de-moselle\/#respond"]}]},{"@type":"WebPage","@id":"https:\/\/www.cabinet-magar.fr\/actualites\/coronavirus-covid-19-de-nouvelles-mesures-pour-les-transfrontaliers-de-moselle\/","url":"https:\/\/www.cabinet-magar.fr\/actualites\/coronavirus-covid-19-de-nouvelles-mesures-pour-les-transfrontaliers-de-moselle\/","name":"Coronavirus (COVID-19) : de nouvelles mesures pour les transfrontaliers de Moselle - Cabinet Magar","isPartOf":{"@id":"https:\/\/www.cabinet-magar.fr\/#website"},"primaryImageOfPage":{"@id":"https:\/\/www.cabinet-magar.fr\/actualites\/coronavirus-covid-19-de-nouvelles-mesures-pour-les-transfrontaliers-de-moselle\/#primaryimage"},"image":{"@id":"https:\/\/www.cabinet-magar.fr\/actualites\/coronavirus-covid-19-de-nouvelles-mesures-pour-les-transfrontaliers-de-moselle\/#primaryimage"},"thumbnailUrl":"https:\/\/www.cabinet-magar.fr\/wp-content\/uploads\/2021\/04\/francoallemand.jpg","datePublished":"2021-03-01T04:45:00+00:00","dateModified":"2021-04-02T01:01:20+00:00","author":{"@id":""},"breadcrumb":{"@id":"https:\/\/www.cabinet-magar.fr\/actualites\/coronavirus-covid-19-de-nouvelles-mesures-pour-les-transfrontaliers-de-moselle\/#breadcrumb"},"inLanguage":"de","potentialAction":[{"@type":"ReadAction","target":["https:\/\/www.cabinet-magar.fr\/actualites\/coronavirus-covid-19-de-nouvelles-mesures-pour-les-transfrontaliers-de-moselle\/"]}]},{"@type":"ImageObject","inLanguage":"de","@id":"https:\/\/www.cabinet-magar.fr\/actualites\/coronavirus-covid-19-de-nouvelles-mesures-pour-les-transfrontaliers-de-moselle\/#primaryimage","url":"https:\/\/www.cabinet-magar.fr\/wp-content\/uploads\/2021\/04\/francoallemand.jpg","contentUrl":"https:\/\/www.cabinet-magar.fr\/wp-content\/uploads\/2021\/04\/francoallemand.jpg","width":600,"height":400},{"@type":"BreadcrumbList","@id":"https:\/\/www.cabinet-magar.fr\/actualites\/coronavirus-covid-19-de-nouvelles-mesures-pour-les-transfrontaliers-de-moselle\/#breadcrumb","itemListElement":[{"@type":"ListItem","position":1,"name":"Accueil","item":"https:\/\/www.cabinet-magar.fr\/de\/"},{"@type":"ListItem","position":2,"name":"Coronavirus (COVID-19) : de nouvelles mesures pour les transfrontaliers de Moselle"}]},{"@type":"WebSite","@id":"https:\/\/www.cabinet-magar.fr\/#website","url":"https:\/\/www.cabinet-magar.fr\/","name":"Cabinet Magar","description":"","potentialAction":[{"@type":"SearchAction","target":{"@type":"EntryPoint","urlTemplate":"https:\/\/www.cabinet-magar.fr\/?s={search_term_string}"},"query-input":{"@type":"PropertyValueSpecification","valueRequired":true,"valueName":"search_term_string"}}],"inLanguage":"de"}]}},"_links":{"self":[{"href":"https:\/\/www.cabinet-magar.fr\/de\/wp-json\/wp\/v2\/posts\/485","targetHints":{"allow":["GET"]}}],"collection":[{"href":"https:\/\/www.cabinet-magar.fr\/de\/wp-json\/wp\/v2\/posts"}],"about":[{"href":"https:\/\/www.cabinet-magar.fr\/de\/wp-json\/wp\/v2\/types\/post"}],"replies":[{"embeddable":true,"href":"https:\/\/www.cabinet-magar.fr\/de\/wp-json\/wp\/v2\/comments?post=485"}],"version-history":[{"count":1,"href":"https:\/\/www.cabinet-magar.fr\/de\/wp-json\/wp\/v2\/posts\/485\/revisions"}],"predecessor-version":[{"id":3559,"href":"https:\/\/www.cabinet-magar.fr\/de\/wp-json\/wp\/v2\/posts\/485\/revisions\/3559"}],"wp:featuredmedia":[{"embeddable":true,"href":"https:\/\/www.cabinet-magar.fr\/de\/wp-json\/wp\/v2\/media\/3560"}],"wp:attachment":[{"href":"https:\/\/www.cabinet-magar.fr\/de\/wp-json\/wp\/v2\/media?parent=485"}],"wp:term":[{"taxonomy":"category","embeddable":true,"href":"https:\/\/www.cabinet-magar.fr\/de\/wp-json\/wp\/v2\/categories?post=485"},{"taxonomy":"post_tag","embeddable":true,"href":"https:\/\/www.cabinet-magar.fr\/de\/wp-json\/wp\/v2\/tags?post=485"}],"curies":[{"name":"wp","href":"https:\/\/api.w.org\/{rel}","templated":true}]}}