{"id":484,"date":"2021-03-01T05:45:00","date_gmt":"2021-03-01T04:45:00","guid":{"rendered":"https:\/\/www.cabinet-magar.fr\/re2020-lentree-en-vigueur-repoussee\/"},"modified":"2021-04-02T03:01:16","modified_gmt":"2021-04-02T01:01:16","slug":"re2020-lentree-en-vigueur-repoussee","status":"publish","type":"post","link":"https:\/\/www.cabinet-magar.fr\/de\/actualites\/re2020-lentree-en-vigueur-repoussee\/","title":{"rendered":"RE2020 : l\u2019entr\u00e9e en vigueur repouss\u00e9e !"},"content":{"rendered":"<p >La volont\u00e9 de r\u00e9duire la production de gaz \u00e0 effet de serre g\u00e9n\u00e9r\u00e9s par les activit\u00e9s humaines s\u2019accro\u00eet de plus en plus. Le Gouvernement a r\u00e9cemment pr\u00e9sent\u00e9 la future r\u00e9glementation concernant les b\u00e2timents neufs. Que faut-il retenir ?<\/p>\n<div>\n<h2>RE2020 : des pr\u00e9cisions sur son entr\u00e9e en vigueur<\/h2>\n<p>Le Gouvernement a r\u00e9cemment apport\u00e9 des pr\u00e9cisions sur la future r\u00e9glementation (RE2020) qui a pour ambition de permettre la r\u00e9duction des gaz \u00e0 effet de serre g\u00e9n\u00e9r\u00e9s par la construction de b\u00e2timents neufs.<\/p>\n<p>En raison de la crise sanitaire, l\u2019entr\u00e9e en vigueur de cette r\u00e8glementation est repouss\u00e9e au 1er janvier 2022 (au lieu du 1er juillet 2021). En cons\u00e9quence les autres \u00e9ch\u00e9ances de la RE2020 seront \u00e9galement d\u00e9cal\u00e9es.<\/p>\n<p>Si les objectifs fix\u00e9s par la RE2020 restent inchang\u00e9s\u2026<\/p>\n<ul>\n<li>construction de b\u00e2timents consommant moins et utilisant des \u00e9nergies moins carbon\u00e9es ;<\/li>\n<li>transition vers des constructions bas-carbone ;<\/li>\n<li>construction de b\u00e2timents plus agr\u00e9ables lors des fortes chaleurs.<\/li>\n<\/ul>\n<p>\u2026certaines pr\u00e9cisions sont apport\u00e9es en mati\u00e8re de construction et notamment sur l\u2018utilisation des mat\u00e9riaux :<\/p>\n<ul>\n<li>place croissante du bois et des mat\u00e9riaux biosourc\u00e9s ;<\/li>\n<li>diversification des modes constructifs et favorisation de la mixit\u00e9 des mat\u00e9riaux ;<\/li>\n<li>encouragement du recours aux mat\u00e9riaux g\u00e9osourc\u00e9s (pierres de taille et terre crue) et aux mat\u00e9riaux plus usuels (brique et b\u00e9ton notamment) qui se seront d\u00e9carbon\u00e9s.<\/li>\n<\/ul>\n<p>Source : Communiqu\u00e9 de presse du minist\u00e8re de la transition \u00e9cologique du 18 f\u00e9vrier 2021<\/p>\n<p><a href=\"https:\/\/www.weblex.fr\/weblex-actualite\/re2020-lentree-en-vigueur-repoussee\" target=\"_blank\" rel=\"noopener\">RE2020 : c\u2019est pas pour tout de suite !<\/a> \u00a9 Copyright WebLex &#8211; 2021<\/p>\n<\/div>\n<p><img src='https:\/\/www.weblex.fr\/images\/flux_actus\/maisonecologie.jpg'><\/p>\n","protected":false},"excerpt":{"rendered":"<p>La volont\u00e9 de r\u00e9duire la production de gaz \u00e0 effet de serre g\u00e9n\u00e9r\u00e9s par les activit\u00e9s humaines s\u2019accro\u00eet de plus en plus. Le Gouvernement a r\u00e9cemment pr\u00e9sent\u00e9 la future r\u00e9glementation concernant les b\u00e2timents neufs. Que faut-il retenir ?<\/p>\n","protected":false},"author":0,"featured_media":3558,"comment_status":"open","ping_status":"closed","sticky":false,"template":"","format":"standard","meta":{"_acf_changed":false,"footnotes":""},"categories":[9,7],"tags":[],"class_list":["post-484","post","type-post","status-publish","format-standard","has-post-thumbnail","hentry","category-actu-juridique","category-actualites"],"acf":[],"yoast_head":"<!-- This site is optimized with the Yoast SEO plugin v27.2 - https:\/\/yoast.com\/product\/yoast-seo-wordpress\/ -->\n<title>RE2020 : l\u2019entr\u00e9e en vigueur repouss\u00e9e ! - Cabinet Magar<\/title>\n<meta name=\"robots\" content=\"index, follow, max-snippet:-1, max-image-preview:large, max-video-preview:-1\" \/>\n<link rel=\"canonical\" href=\"https:\/\/www.cabinet-magar.fr\/actualites\/re2020-lentree-en-vigueur-repoussee\/\" \/>\n<meta property=\"og:locale\" content=\"de_DE\" \/>\n<meta property=\"og:type\" content=\"article\" \/>\n<meta property=\"og:title\" content=\"RE2020 : l\u2019entr\u00e9e en vigueur repouss\u00e9e ! - Cabinet Magar\" \/>\n<meta property=\"og:description\" content=\"La volont\u00e9 de r\u00e9duire la production de gaz \u00e0 effet de serre g\u00e9n\u00e9r\u00e9s par les activit\u00e9s humaines s\u2019accro\u00eet de plus en plus. Le Gouvernement a r\u00e9cemment pr\u00e9sent\u00e9 la future r\u00e9glementation concernant les b\u00e2timents neufs. Que faut-il retenir ?\" \/>\n<meta property=\"og:url\" content=\"https:\/\/www.cabinet-magar.fr\/actualites\/re2020-lentree-en-vigueur-repoussee\/\" \/>\n<meta property=\"og:site_name\" content=\"Cabinet Magar\" \/>\n<meta property=\"article:published_time\" content=\"2021-03-01T04:45:00+00:00\" \/>\n<meta property=\"article:modified_time\" content=\"2021-04-02T01:01:16+00:00\" \/>\n<meta property=\"og:image\" content=\"https:\/\/www.cabinet-magar.fr\/wp-content\/uploads\/2021\/04\/maisonecologie.jpg\" \/>\n\t<meta property=\"og:image:width\" content=\"600\" \/>\n\t<meta property=\"og:image:height\" content=\"400\" \/>\n\t<meta property=\"og:image:type\" content=\"image\/jpeg\" \/>\n<meta name=\"twitter:card\" content=\"summary_large_image\" \/>\n<meta name=\"twitter:label1\" content=\"Gesch\u00e4tzte Lesezeit\" \/>\n\t<meta name=\"twitter:data1\" content=\"1\u00a0Minute\" \/>\n<script type=\"application\/ld+json\" class=\"yoast-schema-graph\">{\"@context\":\"https:\/\/schema.org\",\"@graph\":[{\"@type\":\"Article\",\"@id\":\"https:\/\/www.cabinet-magar.fr\/actualites\/re2020-lentree-en-vigueur-repoussee\/#article\",\"isPartOf\":{\"@id\":\"https:\/\/www.cabinet-magar.fr\/actualites\/re2020-lentree-en-vigueur-repoussee\/\"},\"author\":{\"name\":\"\",\"@id\":\"\"},\"headline\":\"RE2020 : l\u2019entr\u00e9e en vigueur repouss\u00e9e !\",\"datePublished\":\"2021-03-01T04:45:00+00:00\",\"dateModified\":\"2021-04-02T01:01:16+00:00\",\"mainEntityOfPage\":{\"@id\":\"https:\/\/www.cabinet-magar.fr\/actualites\/re2020-lentree-en-vigueur-repoussee\/\"},\"wordCount\":284,\"commentCount\":0,\"image\":{\"@id\":\"https:\/\/www.cabinet-magar.fr\/actualites\/re2020-lentree-en-vigueur-repoussee\/#primaryimage\"},\"thumbnailUrl\":\"https:\/\/www.cabinet-magar.fr\/wp-content\/uploads\/2021\/04\/maisonecologie.jpg\",\"articleSection\":[\"Actu Juridique\",\"Actualit\u00e9s\"],\"inLanguage\":\"de\",\"potentialAction\":[{\"@type\":\"CommentAction\",\"name\":\"Comment\",\"target\":[\"https:\/\/www.cabinet-magar.fr\/actualites\/re2020-lentree-en-vigueur-repoussee\/#respond\"]}]},{\"@type\":\"WebPage\",\"@id\":\"https:\/\/www.cabinet-magar.fr\/actualites\/re2020-lentree-en-vigueur-repoussee\/\",\"url\":\"https:\/\/www.cabinet-magar.fr\/actualites\/re2020-lentree-en-vigueur-repoussee\/\",\"name\":\"RE2020 : l\u2019entr\u00e9e en vigueur repouss\u00e9e ! - Cabinet Magar\",\"isPartOf\":{\"@id\":\"https:\/\/www.cabinet-magar.fr\/#website\"},\"primaryImageOfPage\":{\"@id\":\"https:\/\/www.cabinet-magar.fr\/actualites\/re2020-lentree-en-vigueur-repoussee\/#primaryimage\"},\"image\":{\"@id\":\"https:\/\/www.cabinet-magar.fr\/actualites\/re2020-lentree-en-vigueur-repoussee\/#primaryimage\"},\"thumbnailUrl\":\"https:\/\/www.cabinet-magar.fr\/wp-content\/uploads\/2021\/04\/maisonecologie.jpg\",\"datePublished\":\"2021-03-01T04:45:00+00:00\",\"dateModified\":\"2021-04-02T01:01:16+00:00\",\"author\":{\"@id\":\"\"},\"breadcrumb\":{\"@id\":\"https:\/\/www.cabinet-magar.fr\/actualites\/re2020-lentree-en-vigueur-repoussee\/#breadcrumb\"},\"inLanguage\":\"de\",\"potentialAction\":[{\"@type\":\"ReadAction\",\"target\":[\"https:\/\/www.cabinet-magar.fr\/actualites\/re2020-lentree-en-vigueur-repoussee\/\"]}]},{\"@type\":\"ImageObject\",\"inLanguage\":\"de\",\"@id\":\"https:\/\/www.cabinet-magar.fr\/actualites\/re2020-lentree-en-vigueur-repoussee\/#primaryimage\",\"url\":\"https:\/\/www.cabinet-magar.fr\/wp-content\/uploads\/2021\/04\/maisonecologie.jpg\",\"contentUrl\":\"https:\/\/www.cabinet-magar.fr\/wp-content\/uploads\/2021\/04\/maisonecologie.jpg\",\"width\":600,\"height\":400},{\"@type\":\"BreadcrumbList\",\"@id\":\"https:\/\/www.cabinet-magar.fr\/actualites\/re2020-lentree-en-vigueur-repoussee\/#breadcrumb\",\"itemListElement\":[{\"@type\":\"ListItem\",\"position\":1,\"name\":\"Accueil\",\"item\":\"https:\/\/www.cabinet-magar.fr\/de\/\"},{\"@type\":\"ListItem\",\"position\":2,\"name\":\"RE2020 : l\u2019entr\u00e9e en vigueur repouss\u00e9e !\"}]},{\"@type\":\"WebSite\",\"@id\":\"https:\/\/www.cabinet-magar.fr\/#website\",\"url\":\"https:\/\/www.cabinet-magar.fr\/\",\"name\":\"Cabinet Magar\",\"description\":\"\",\"potentialAction\":[{\"@type\":\"SearchAction\",\"target\":{\"@type\":\"EntryPoint\",\"urlTemplate\":\"https:\/\/www.cabinet-magar.fr\/?s={search_term_string}\"},\"query-input\":{\"@type\":\"PropertyValueSpecification\",\"valueRequired\":true,\"valueName\":\"search_term_string\"}}],\"inLanguage\":\"de\"}]}<\/script>\n<!-- \/ Yoast SEO plugin. -->","yoast_head_json":{"title":"RE2020 : l\u2019entr\u00e9e en vigueur repouss\u00e9e ! - Cabinet Magar","robots":{"index":"index","follow":"follow","max-snippet":"max-snippet:-1","max-image-preview":"max-image-preview:large","max-video-preview":"max-video-preview:-1"},"canonical":"https:\/\/www.cabinet-magar.fr\/actualites\/re2020-lentree-en-vigueur-repoussee\/","og_locale":"de_DE","og_type":"article","og_title":"RE2020 : l\u2019entr\u00e9e en vigueur repouss\u00e9e ! - Cabinet Magar","og_description":"La volont\u00e9 de r\u00e9duire la production de gaz \u00e0 effet de serre g\u00e9n\u00e9r\u00e9s par les activit\u00e9s humaines s\u2019accro\u00eet de plus en plus. Le Gouvernement a r\u00e9cemment pr\u00e9sent\u00e9 la future r\u00e9glementation concernant les b\u00e2timents neufs. Que faut-il retenir ?","og_url":"https:\/\/www.cabinet-magar.fr\/actualites\/re2020-lentree-en-vigueur-repoussee\/","og_site_name":"Cabinet Magar","article_published_time":"2021-03-01T04:45:00+00:00","article_modified_time":"2021-04-02T01:01:16+00:00","og_image":[{"width":600,"height":400,"url":"https:\/\/www.cabinet-magar.fr\/wp-content\/uploads\/2021\/04\/maisonecologie.jpg","type":"image\/jpeg"}],"twitter_card":"summary_large_image","twitter_misc":{"Gesch\u00e4tzte Lesezeit":"1\u00a0Minute"},"schema":{"@context":"https:\/\/schema.org","@graph":[{"@type":"Article","@id":"https:\/\/www.cabinet-magar.fr\/actualites\/re2020-lentree-en-vigueur-repoussee\/#article","isPartOf":{"@id":"https:\/\/www.cabinet-magar.fr\/actualites\/re2020-lentree-en-vigueur-repoussee\/"},"author":{"name":"","@id":""},"headline":"RE2020 : l\u2019entr\u00e9e en vigueur repouss\u00e9e !","datePublished":"2021-03-01T04:45:00+00:00","dateModified":"2021-04-02T01:01:16+00:00","mainEntityOfPage":{"@id":"https:\/\/www.cabinet-magar.fr\/actualites\/re2020-lentree-en-vigueur-repoussee\/"},"wordCount":284,"commentCount":0,"image":{"@id":"https:\/\/www.cabinet-magar.fr\/actualites\/re2020-lentree-en-vigueur-repoussee\/#primaryimage"},"thumbnailUrl":"https:\/\/www.cabinet-magar.fr\/wp-content\/uploads\/2021\/04\/maisonecologie.jpg","articleSection":["Actu Juridique","Actualit\u00e9s"],"inLanguage":"de","potentialAction":[{"@type":"CommentAction","name":"Comment","target":["https:\/\/www.cabinet-magar.fr\/actualites\/re2020-lentree-en-vigueur-repoussee\/#respond"]}]},{"@type":"WebPage","@id":"https:\/\/www.cabinet-magar.fr\/actualites\/re2020-lentree-en-vigueur-repoussee\/","url":"https:\/\/www.cabinet-magar.fr\/actualites\/re2020-lentree-en-vigueur-repoussee\/","name":"RE2020 : l\u2019entr\u00e9e en vigueur repouss\u00e9e ! - Cabinet Magar","isPartOf":{"@id":"https:\/\/www.cabinet-magar.fr\/#website"},"primaryImageOfPage":{"@id":"https:\/\/www.cabinet-magar.fr\/actualites\/re2020-lentree-en-vigueur-repoussee\/#primaryimage"},"image":{"@id":"https:\/\/www.cabinet-magar.fr\/actualites\/re2020-lentree-en-vigueur-repoussee\/#primaryimage"},"thumbnailUrl":"https:\/\/www.cabinet-magar.fr\/wp-content\/uploads\/2021\/04\/maisonecologie.jpg","datePublished":"2021-03-01T04:45:00+00:00","dateModified":"2021-04-02T01:01:16+00:00","author":{"@id":""},"breadcrumb":{"@id":"https:\/\/www.cabinet-magar.fr\/actualites\/re2020-lentree-en-vigueur-repoussee\/#breadcrumb"},"inLanguage":"de","potentialAction":[{"@type":"ReadAction","target":["https:\/\/www.cabinet-magar.fr\/actualites\/re2020-lentree-en-vigueur-repoussee\/"]}]},{"@type":"ImageObject","inLanguage":"de","@id":"https:\/\/www.cabinet-magar.fr\/actualites\/re2020-lentree-en-vigueur-repoussee\/#primaryimage","url":"https:\/\/www.cabinet-magar.fr\/wp-content\/uploads\/2021\/04\/maisonecologie.jpg","contentUrl":"https:\/\/www.cabinet-magar.fr\/wp-content\/uploads\/2021\/04\/maisonecologie.jpg","width":600,"height":400},{"@type":"BreadcrumbList","@id":"https:\/\/www.cabinet-magar.fr\/actualites\/re2020-lentree-en-vigueur-repoussee\/#breadcrumb","itemListElement":[{"@type":"ListItem","position":1,"name":"Accueil","item":"https:\/\/www.cabinet-magar.fr\/de\/"},{"@type":"ListItem","position":2,"name":"RE2020 : l\u2019entr\u00e9e en vigueur repouss\u00e9e !"}]},{"@type":"WebSite","@id":"https:\/\/www.cabinet-magar.fr\/#website","url":"https:\/\/www.cabinet-magar.fr\/","name":"Cabinet Magar","description":"","potentialAction":[{"@type":"SearchAction","target":{"@type":"EntryPoint","urlTemplate":"https:\/\/www.cabinet-magar.fr\/?s={search_term_string}"},"query-input":{"@type":"PropertyValueSpecification","valueRequired":true,"valueName":"search_term_string"}}],"inLanguage":"de"}]}},"_links":{"self":[{"href":"https:\/\/www.cabinet-magar.fr\/de\/wp-json\/wp\/v2\/posts\/484","targetHints":{"allow":["GET"]}}],"collection":[{"href":"https:\/\/www.cabinet-magar.fr\/de\/wp-json\/wp\/v2\/posts"}],"about":[{"href":"https:\/\/www.cabinet-magar.fr\/de\/wp-json\/wp\/v2\/types\/post"}],"replies":[{"embeddable":true,"href":"https:\/\/www.cabinet-magar.fr\/de\/wp-json\/wp\/v2\/comments?post=484"}],"version-history":[{"count":1,"href":"https:\/\/www.cabinet-magar.fr\/de\/wp-json\/wp\/v2\/posts\/484\/revisions"}],"predecessor-version":[{"id":3557,"href":"https:\/\/www.cabinet-magar.fr\/de\/wp-json\/wp\/v2\/posts\/484\/revisions\/3557"}],"wp:featuredmedia":[{"embeddable":true,"href":"https:\/\/www.cabinet-magar.fr\/de\/wp-json\/wp\/v2\/media\/3558"}],"wp:attachment":[{"href":"https:\/\/www.cabinet-magar.fr\/de\/wp-json\/wp\/v2\/media?parent=484"}],"wp:term":[{"taxonomy":"category","embeddable":true,"href":"https:\/\/www.cabinet-magar.fr\/de\/wp-json\/wp\/v2\/categories?post=484"},{"taxonomy":"post_tag","embeddable":true,"href":"https:\/\/www.cabinet-magar.fr\/de\/wp-json\/wp\/v2\/tags?post=484"}],"curies":[{"name":"wp","href":"https:\/\/api.w.org\/{rel}","templated":true}]}}