{"id":482,"date":"2021-03-01T05:45:00","date_gmt":"2021-03-01T04:45:00","guid":{"rendered":"https:\/\/www.cabinet-magar.fr\/credit-dimpot-sur-les-1ers-abonnements-a-un-journal-cest-pour-quand\/"},"modified":"2021-04-02T03:01:05","modified_gmt":"2021-04-02T01:01:05","slug":"credit-dimpot-sur-les-1ers-abonnements-a-un-journal-cest-pour-quand","status":"publish","type":"post","link":"https:\/\/www.cabinet-magar.fr\/de\/actualites\/credit-dimpot-sur-les-1ers-abonnements-a-un-journal-cest-pour-quand\/","title":{"rendered":"Cr\u00e9dit d\u2019imp\u00f4t sur les 1ers abonnements \u00e0 un journal : c\u2019est pour quand ?"},"content":{"rendered":"<p >Cr\u00e9\u00e9 en 2020 pour soutenir le secteur de la presse dans le contexte de crise \u00e9conomique, le cr\u00e9dit d\u2019imp\u00f4t sur les 1ers abonnements \u00e0 un journal n\u2019est toujours pas mis en place \u00e0 ce jour. Pourquoi ?<\/p>\n<div>\n<h2> Il faut attendre la r\u00e9ponse de la Commission europ\u00e9enne !<\/h2>\n<p>Pour m\u00e9moire, jusqu\u2019au 31 d\u00e9cembre 2022, les particuliers qui souscrivent un 1er abonnement \u00e0 une publication de p\u00e9riodicit\u00e9 trimestrielle au maximum ou \u00e0 un service de presse en ligne d&#8217;information politique et g\u00e9n\u00e9rale peuvent, toutes conditions remplies, b\u00e9n\u00e9ficier d\u2019un cr\u00e9dit d\u2019imp\u00f4t \u00e9gal \u00e0 30 % de leur d\u00e9pense.<\/p>\n<p>Toutefois, cet avantage fiscal ne s\u2019appliquera qu\u2019aux abonnements souscrits \u00e0 compter d\u2019une date fix\u00e9e par D\u00e9cret (non encore paru \u00e0 ce jour), et au plus tard 1 mois apr\u00e8s la r\u00e9ception par le Gouvernement de la r\u00e9ponse de la Commission europ\u00e9enne sur la conformit\u00e9 de ce cr\u00e9dit d\u2019imp\u00f4t \u00e0 la r\u00e9glementation europ\u00e9enne en mati\u00e8re d\u2019aides d\u2019Etat.<\/p>\n<p>Notez qu\u2019\u00e0 r\u00e9ception de cette r\u00e9ponse, une fois le cr\u00e9dit d\u2019imp\u00f4t effectivement applicable, l\u2019administration fiscale publiera rapidement une instruction qui apportera toutes les pr\u00e9cisions n\u00e9cessaires \u00e0 la mise en place effective de ce dispositif.<\/p>\n<p><span style=\"text-decoration: underline;\">Source :<\/span> R\u00e9ponse minist\u00e9rielle Van Heghe du 18 f\u00e9vrier 2021, S\u00e9nat, n\u00b020092<\/p>\n<p><a title=\"Cr\u00e9dit d\u2019imp\u00f4t sur les 1ers abonnements \u00e0 un journal : c\u2019est pour quand ?\" href=\"https:\/\/www.weblex.fr\/weblex-actualite\/credit-dimpot-sur-les-1ers-abonnements-a-un-journal-cest-pour-quand\" rel=\"nofollow noopener\" target=\"_blank\">Cr\u00e9dit d\u2019imp\u00f4t sur les 1ers abonnements \u00e0 un journal : c\u2019est pour quand ? <\/a>\u00a9 Copyright WebLex &#8211; 2021<\/p>\n<\/div>\n<p><img src='https:\/\/www.weblex.fr\/images\/flux_actus\/presse3.jpg'><\/p>\n","protected":false},"excerpt":{"rendered":"<p>Cr\u00e9\u00e9 en 2020 pour soutenir le secteur de la presse dans le contexte de crise \u00e9conomique, le cr\u00e9dit d\u2019imp\u00f4t sur les 1ers abonnements \u00e0 un journal n\u2019est toujours pas mis en place \u00e0 ce jour. Pourquoi ?<\/p>\n","protected":false},"author":0,"featured_media":3554,"comment_status":"open","ping_status":"closed","sticky":false,"template":"","format":"standard","meta":{"_acf_changed":false,"footnotes":""},"categories":[7,10],"tags":[],"class_list":["post-482","post","type-post","status-publish","format-standard","has-post-thumbnail","hentry","category-actualites","category-le-coin-du-dirigeant"],"acf":[],"yoast_head":"<!-- This site is optimized with the Yoast SEO plugin v27.2 - https:\/\/yoast.com\/product\/yoast-seo-wordpress\/ -->\n<title>Cr\u00e9dit d\u2019imp\u00f4t sur les 1ers abonnements \u00e0 un journal : c\u2019est pour quand ? - Cabinet Magar<\/title>\n<meta name=\"robots\" content=\"index, follow, max-snippet:-1, max-image-preview:large, max-video-preview:-1\" \/>\n<link rel=\"canonical\" href=\"https:\/\/www.cabinet-magar.fr\/actualites\/credit-dimpot-sur-les-1ers-abonnements-a-un-journal-cest-pour-quand\/\" \/>\n<meta property=\"og:locale\" content=\"de_DE\" \/>\n<meta property=\"og:type\" content=\"article\" \/>\n<meta property=\"og:title\" content=\"Cr\u00e9dit d\u2019imp\u00f4t sur les 1ers abonnements \u00e0 un journal : c\u2019est pour quand ? - Cabinet Magar\" \/>\n<meta property=\"og:description\" content=\"Cr\u00e9\u00e9 en 2020 pour soutenir le secteur de la presse dans le contexte de crise \u00e9conomique, le cr\u00e9dit d\u2019imp\u00f4t sur les 1ers abonnements \u00e0 un journal n\u2019est toujours pas mis en place \u00e0 ce jour. Pourquoi ?\" \/>\n<meta property=\"og:url\" content=\"https:\/\/www.cabinet-magar.fr\/actualites\/credit-dimpot-sur-les-1ers-abonnements-a-un-journal-cest-pour-quand\/\" \/>\n<meta property=\"og:site_name\" content=\"Cabinet Magar\" \/>\n<meta property=\"article:published_time\" content=\"2021-03-01T04:45:00+00:00\" \/>\n<meta property=\"article:modified_time\" content=\"2021-04-02T01:01:05+00:00\" \/>\n<meta property=\"og:image\" content=\"https:\/\/www.cabinet-magar.fr\/wp-content\/uploads\/2021\/04\/presse3.jpg\" \/>\n\t<meta property=\"og:image:width\" content=\"600\" \/>\n\t<meta property=\"og:image:height\" content=\"400\" \/>\n\t<meta property=\"og:image:type\" content=\"image\/jpeg\" \/>\n<meta name=\"twitter:card\" content=\"summary_large_image\" \/>\n<meta name=\"twitter:label1\" content=\"Gesch\u00e4tzte Lesezeit\" \/>\n\t<meta name=\"twitter:data1\" content=\"1\u00a0Minute\" \/>\n<script type=\"application\/ld+json\" class=\"yoast-schema-graph\">{\"@context\":\"https:\/\/schema.org\",\"@graph\":[{\"@type\":\"Article\",\"@id\":\"https:\/\/www.cabinet-magar.fr\/actualites\/credit-dimpot-sur-les-1ers-abonnements-a-un-journal-cest-pour-quand\/#article\",\"isPartOf\":{\"@id\":\"https:\/\/www.cabinet-magar.fr\/actualites\/credit-dimpot-sur-les-1ers-abonnements-a-un-journal-cest-pour-quand\/\"},\"author\":{\"name\":\"\",\"@id\":\"\"},\"headline\":\"Cr\u00e9dit d\u2019imp\u00f4t sur les 1ers abonnements \u00e0 un journal : c\u2019est pour quand ?\",\"datePublished\":\"2021-03-01T04:45:00+00:00\",\"dateModified\":\"2021-04-02T01:01:05+00:00\",\"mainEntityOfPage\":{\"@id\":\"https:\/\/www.cabinet-magar.fr\/actualites\/credit-dimpot-sur-les-1ers-abonnements-a-un-journal-cest-pour-quand\/\"},\"wordCount\":259,\"commentCount\":0,\"image\":{\"@id\":\"https:\/\/www.cabinet-magar.fr\/actualites\/credit-dimpot-sur-les-1ers-abonnements-a-un-journal-cest-pour-quand\/#primaryimage\"},\"thumbnailUrl\":\"https:\/\/www.cabinet-magar.fr\/wp-content\/uploads\/2021\/04\/presse3.jpg\",\"articleSection\":[\"Actualit\u00e9s\",\"Le coin du dirigeant\"],\"inLanguage\":\"de\",\"potentialAction\":[{\"@type\":\"CommentAction\",\"name\":\"Comment\",\"target\":[\"https:\/\/www.cabinet-magar.fr\/actualites\/credit-dimpot-sur-les-1ers-abonnements-a-un-journal-cest-pour-quand\/#respond\"]}]},{\"@type\":\"WebPage\",\"@id\":\"https:\/\/www.cabinet-magar.fr\/actualites\/credit-dimpot-sur-les-1ers-abonnements-a-un-journal-cest-pour-quand\/\",\"url\":\"https:\/\/www.cabinet-magar.fr\/actualites\/credit-dimpot-sur-les-1ers-abonnements-a-un-journal-cest-pour-quand\/\",\"name\":\"Cr\u00e9dit d\u2019imp\u00f4t sur les 1ers abonnements \u00e0 un journal : c\u2019est pour quand ? - Cabinet Magar\",\"isPartOf\":{\"@id\":\"https:\/\/www.cabinet-magar.fr\/#website\"},\"primaryImageOfPage\":{\"@id\":\"https:\/\/www.cabinet-magar.fr\/actualites\/credit-dimpot-sur-les-1ers-abonnements-a-un-journal-cest-pour-quand\/#primaryimage\"},\"image\":{\"@id\":\"https:\/\/www.cabinet-magar.fr\/actualites\/credit-dimpot-sur-les-1ers-abonnements-a-un-journal-cest-pour-quand\/#primaryimage\"},\"thumbnailUrl\":\"https:\/\/www.cabinet-magar.fr\/wp-content\/uploads\/2021\/04\/presse3.jpg\",\"datePublished\":\"2021-03-01T04:45:00+00:00\",\"dateModified\":\"2021-04-02T01:01:05+00:00\",\"author\":{\"@id\":\"\"},\"breadcrumb\":{\"@id\":\"https:\/\/www.cabinet-magar.fr\/actualites\/credit-dimpot-sur-les-1ers-abonnements-a-un-journal-cest-pour-quand\/#breadcrumb\"},\"inLanguage\":\"de\",\"potentialAction\":[{\"@type\":\"ReadAction\",\"target\":[\"https:\/\/www.cabinet-magar.fr\/actualites\/credit-dimpot-sur-les-1ers-abonnements-a-un-journal-cest-pour-quand\/\"]}]},{\"@type\":\"ImageObject\",\"inLanguage\":\"de\",\"@id\":\"https:\/\/www.cabinet-magar.fr\/actualites\/credit-dimpot-sur-les-1ers-abonnements-a-un-journal-cest-pour-quand\/#primaryimage\",\"url\":\"https:\/\/www.cabinet-magar.fr\/wp-content\/uploads\/2021\/04\/presse3.jpg\",\"contentUrl\":\"https:\/\/www.cabinet-magar.fr\/wp-content\/uploads\/2021\/04\/presse3.jpg\",\"width\":600,\"height\":400},{\"@type\":\"BreadcrumbList\",\"@id\":\"https:\/\/www.cabinet-magar.fr\/actualites\/credit-dimpot-sur-les-1ers-abonnements-a-un-journal-cest-pour-quand\/#breadcrumb\",\"itemListElement\":[{\"@type\":\"ListItem\",\"position\":1,\"name\":\"Accueil\",\"item\":\"https:\/\/www.cabinet-magar.fr\/de\/\"},{\"@type\":\"ListItem\",\"position\":2,\"name\":\"Cr\u00e9dit d\u2019imp\u00f4t sur les 1ers abonnements \u00e0 un journal : c\u2019est pour quand ?\"}]},{\"@type\":\"WebSite\",\"@id\":\"https:\/\/www.cabinet-magar.fr\/#website\",\"url\":\"https:\/\/www.cabinet-magar.fr\/\",\"name\":\"Cabinet Magar\",\"description\":\"\",\"potentialAction\":[{\"@type\":\"SearchAction\",\"target\":{\"@type\":\"EntryPoint\",\"urlTemplate\":\"https:\/\/www.cabinet-magar.fr\/?s={search_term_string}\"},\"query-input\":{\"@type\":\"PropertyValueSpecification\",\"valueRequired\":true,\"valueName\":\"search_term_string\"}}],\"inLanguage\":\"de\"}]}<\/script>\n<!-- \/ Yoast SEO plugin. -->","yoast_head_json":{"title":"Cr\u00e9dit d\u2019imp\u00f4t sur les 1ers abonnements \u00e0 un journal : c\u2019est pour quand ? - Cabinet Magar","robots":{"index":"index","follow":"follow","max-snippet":"max-snippet:-1","max-image-preview":"max-image-preview:large","max-video-preview":"max-video-preview:-1"},"canonical":"https:\/\/www.cabinet-magar.fr\/actualites\/credit-dimpot-sur-les-1ers-abonnements-a-un-journal-cest-pour-quand\/","og_locale":"de_DE","og_type":"article","og_title":"Cr\u00e9dit d\u2019imp\u00f4t sur les 1ers abonnements \u00e0 un journal : c\u2019est pour quand ? - Cabinet Magar","og_description":"Cr\u00e9\u00e9 en 2020 pour soutenir le secteur de la presse dans le contexte de crise \u00e9conomique, le cr\u00e9dit d\u2019imp\u00f4t sur les 1ers abonnements \u00e0 un journal n\u2019est toujours pas mis en place \u00e0 ce jour. Pourquoi ?","og_url":"https:\/\/www.cabinet-magar.fr\/actualites\/credit-dimpot-sur-les-1ers-abonnements-a-un-journal-cest-pour-quand\/","og_site_name":"Cabinet Magar","article_published_time":"2021-03-01T04:45:00+00:00","article_modified_time":"2021-04-02T01:01:05+00:00","og_image":[{"width":600,"height":400,"url":"https:\/\/www.cabinet-magar.fr\/wp-content\/uploads\/2021\/04\/presse3.jpg","type":"image\/jpeg"}],"twitter_card":"summary_large_image","twitter_misc":{"Gesch\u00e4tzte Lesezeit":"1\u00a0Minute"},"schema":{"@context":"https:\/\/schema.org","@graph":[{"@type":"Article","@id":"https:\/\/www.cabinet-magar.fr\/actualites\/credit-dimpot-sur-les-1ers-abonnements-a-un-journal-cest-pour-quand\/#article","isPartOf":{"@id":"https:\/\/www.cabinet-magar.fr\/actualites\/credit-dimpot-sur-les-1ers-abonnements-a-un-journal-cest-pour-quand\/"},"author":{"name":"","@id":""},"headline":"Cr\u00e9dit d\u2019imp\u00f4t sur les 1ers abonnements \u00e0 un journal : c\u2019est pour quand ?","datePublished":"2021-03-01T04:45:00+00:00","dateModified":"2021-04-02T01:01:05+00:00","mainEntityOfPage":{"@id":"https:\/\/www.cabinet-magar.fr\/actualites\/credit-dimpot-sur-les-1ers-abonnements-a-un-journal-cest-pour-quand\/"},"wordCount":259,"commentCount":0,"image":{"@id":"https:\/\/www.cabinet-magar.fr\/actualites\/credit-dimpot-sur-les-1ers-abonnements-a-un-journal-cest-pour-quand\/#primaryimage"},"thumbnailUrl":"https:\/\/www.cabinet-magar.fr\/wp-content\/uploads\/2021\/04\/presse3.jpg","articleSection":["Actualit\u00e9s","Le coin du dirigeant"],"inLanguage":"de","potentialAction":[{"@type":"CommentAction","name":"Comment","target":["https:\/\/www.cabinet-magar.fr\/actualites\/credit-dimpot-sur-les-1ers-abonnements-a-un-journal-cest-pour-quand\/#respond"]}]},{"@type":"WebPage","@id":"https:\/\/www.cabinet-magar.fr\/actualites\/credit-dimpot-sur-les-1ers-abonnements-a-un-journal-cest-pour-quand\/","url":"https:\/\/www.cabinet-magar.fr\/actualites\/credit-dimpot-sur-les-1ers-abonnements-a-un-journal-cest-pour-quand\/","name":"Cr\u00e9dit d\u2019imp\u00f4t sur les 1ers abonnements \u00e0 un journal : c\u2019est pour quand ? - Cabinet Magar","isPartOf":{"@id":"https:\/\/www.cabinet-magar.fr\/#website"},"primaryImageOfPage":{"@id":"https:\/\/www.cabinet-magar.fr\/actualites\/credit-dimpot-sur-les-1ers-abonnements-a-un-journal-cest-pour-quand\/#primaryimage"},"image":{"@id":"https:\/\/www.cabinet-magar.fr\/actualites\/credit-dimpot-sur-les-1ers-abonnements-a-un-journal-cest-pour-quand\/#primaryimage"},"thumbnailUrl":"https:\/\/www.cabinet-magar.fr\/wp-content\/uploads\/2021\/04\/presse3.jpg","datePublished":"2021-03-01T04:45:00+00:00","dateModified":"2021-04-02T01:01:05+00:00","author":{"@id":""},"breadcrumb":{"@id":"https:\/\/www.cabinet-magar.fr\/actualites\/credit-dimpot-sur-les-1ers-abonnements-a-un-journal-cest-pour-quand\/#breadcrumb"},"inLanguage":"de","potentialAction":[{"@type":"ReadAction","target":["https:\/\/www.cabinet-magar.fr\/actualites\/credit-dimpot-sur-les-1ers-abonnements-a-un-journal-cest-pour-quand\/"]}]},{"@type":"ImageObject","inLanguage":"de","@id":"https:\/\/www.cabinet-magar.fr\/actualites\/credit-dimpot-sur-les-1ers-abonnements-a-un-journal-cest-pour-quand\/#primaryimage","url":"https:\/\/www.cabinet-magar.fr\/wp-content\/uploads\/2021\/04\/presse3.jpg","contentUrl":"https:\/\/www.cabinet-magar.fr\/wp-content\/uploads\/2021\/04\/presse3.jpg","width":600,"height":400},{"@type":"BreadcrumbList","@id":"https:\/\/www.cabinet-magar.fr\/actualites\/credit-dimpot-sur-les-1ers-abonnements-a-un-journal-cest-pour-quand\/#breadcrumb","itemListElement":[{"@type":"ListItem","position":1,"name":"Accueil","item":"https:\/\/www.cabinet-magar.fr\/de\/"},{"@type":"ListItem","position":2,"name":"Cr\u00e9dit d\u2019imp\u00f4t sur les 1ers abonnements \u00e0 un journal : c\u2019est pour quand ?"}]},{"@type":"WebSite","@id":"https:\/\/www.cabinet-magar.fr\/#website","url":"https:\/\/www.cabinet-magar.fr\/","name":"Cabinet Magar","description":"","potentialAction":[{"@type":"SearchAction","target":{"@type":"EntryPoint","urlTemplate":"https:\/\/www.cabinet-magar.fr\/?s={search_term_string}"},"query-input":{"@type":"PropertyValueSpecification","valueRequired":true,"valueName":"search_term_string"}}],"inLanguage":"de"}]}},"_links":{"self":[{"href":"https:\/\/www.cabinet-magar.fr\/de\/wp-json\/wp\/v2\/posts\/482","targetHints":{"allow":["GET"]}}],"collection":[{"href":"https:\/\/www.cabinet-magar.fr\/de\/wp-json\/wp\/v2\/posts"}],"about":[{"href":"https:\/\/www.cabinet-magar.fr\/de\/wp-json\/wp\/v2\/types\/post"}],"replies":[{"embeddable":true,"href":"https:\/\/www.cabinet-magar.fr\/de\/wp-json\/wp\/v2\/comments?post=482"}],"version-history":[{"count":1,"href":"https:\/\/www.cabinet-magar.fr\/de\/wp-json\/wp\/v2\/posts\/482\/revisions"}],"predecessor-version":[{"id":3553,"href":"https:\/\/www.cabinet-magar.fr\/de\/wp-json\/wp\/v2\/posts\/482\/revisions\/3553"}],"wp:featuredmedia":[{"embeddable":true,"href":"https:\/\/www.cabinet-magar.fr\/de\/wp-json\/wp\/v2\/media\/3554"}],"wp:attachment":[{"href":"https:\/\/www.cabinet-magar.fr\/de\/wp-json\/wp\/v2\/media?parent=482"}],"wp:term":[{"taxonomy":"category","embeddable":true,"href":"https:\/\/www.cabinet-magar.fr\/de\/wp-json\/wp\/v2\/categories?post=482"},{"taxonomy":"post_tag","embeddable":true,"href":"https:\/\/www.cabinet-magar.fr\/de\/wp-json\/wp\/v2\/tags?post=482"}],"curies":[{"name":"wp","href":"https:\/\/api.w.org\/{rel}","templated":true}]}}