{"id":481,"date":"2021-03-01T05:45:00","date_gmt":"2021-03-01T04:45:00","guid":{"rendered":"https:\/\/www.cabinet-magar.fr\/dirigeant-de-societe-et-fautes-de-gestion-quelle-est-letendue-de-votre-responsabilite\/"},"modified":"2021-04-02T03:01:00","modified_gmt":"2021-04-02T01:01:00","slug":"dirigeant-de-societe-et-fautes-de-gestion-quelle-est-letendue-de-votre-responsabilite","status":"publish","type":"post","link":"https:\/\/www.cabinet-magar.fr\/de\/actualites\/dirigeant-de-societe-et-fautes-de-gestion-quelle-est-letendue-de-votre-responsabilite\/","title":{"rendered":"Dirigeant de soci\u00e9t\u00e9 et fautes de gestion : quelle est l\u2019\u00e9tendue de votre responsabilit\u00e9 ?"},"content":{"rendered":"<p >A la suite de la mise en liquidation judiciaire de sa soci\u00e9t\u00e9, un dirigeant est condamn\u00e9, en raison de diverses fautes de gestion, \u00e0 payer l\u2019int\u00e9gralit\u00e9 des dettes de la soci\u00e9t\u00e9. \u00ab Une partie des dettes seulement \u00bb, conteste l\u2019int\u00e9ress\u00e9\u2026 A tort ou \u00e0 raison ?<\/p>\n<div>\n<h2>Fautes de gestion du dirigeant : une condamnation (trop ?) lourde ?<\/h2>\n<p>A la suite de difficult\u00e9s financi\u00e8res, une soci\u00e9t\u00e9 est plac\u00e9e en liquidation judiciaire.<\/p>\n<p>Une situation r\u00e9sultant des fautes de gestion de son dirigeant, estime le liquidateur, qui d\u00e9cide d\u2019engager \u00e0 son encontre une \u00ab action en comblement de passif \u00bb.<\/p>\n<p>Pour m\u00e9moire, on parle \u00ab d\u2019action en comblement de passif \u00bb, lorsque le dirigeant d\u2019une soci\u00e9t\u00e9 plac\u00e9e en liquidation judiciaire est personnellement poursuivi pour des fautes de gestion qui ont contribu\u00e9 \u00e0 aggraver les dettes (le \u00ab passif \u00bb) de la soci\u00e9t\u00e9.<\/p>\n<p>Dans ce cadre, il peut \u00eatre condamn\u00e9 \u00e0 r\u00e9gler tout ou partie des dettes de la soci\u00e9t\u00e9.<\/p>\n<p>Et dans cette affaire, le dirigeant est justement condamn\u00e9 \u00e0 r\u00e9gler l\u2019int\u00e9gralit\u00e9 des dettes de la soci\u00e9t\u00e9\u2026<\/p>\n<p>\u2026ce qu\u2019il conteste, rappelant que le patrimoine de la soci\u00e9t\u00e9 est certes constitu\u00e9 de dettes, mais \u00e9galement de certains biens (constituant son \u00ab actif \u00bb), dont la valeur aurait d\u00fb \u00eatre d\u00e9duite du montant des dettes qu\u2019il a \u00e9t\u00e9 condamn\u00e9 \u00e0 r\u00e9gler.<\/p>\n<p>Ce que confirme le juge : le montant de la condamnation du dirigeant d\u2019une soci\u00e9t\u00e9 mise en liquidation judiciaire ne peut exc\u00e9der celui de \u00ab l\u2019insuffisance de son actif \u00bb, qui doit n\u00e9cessairement \u00eatre calcul\u00e9 en d\u00e9duisant du montant des dettes de la soci\u00e9t\u00e9 le montant de son \u00ab actif \u00bb.<\/p>\n<p>Ce qui n\u2019a pas \u00e9t\u00e9 le cas ici\u2026<\/p>\n<p>Source : Arr\u00eat de la Cour de cassation, du 17 f\u00e9vrier 2021, n\u00b0 16-27541 (NP)<\/p>\n<p>Dirigeant de soci\u00e9t\u00e9 et fautes de gestion : quelle est l\u2019\u00e9tendue de votre responsabilit\u00e9 ? \u00a9 Copyright WebLex &#8211; 2021<\/p>\n<\/div>\n<p><img src='https:\/\/www.weblex.fr\/images\/flux_actus\/societemission.jpg'><\/p>\n","protected":false},"excerpt":{"rendered":"<p>A la suite de la mise en liquidation judiciaire de sa soci\u00e9t\u00e9, un dirigeant est condamn\u00e9, en raison de diverses fautes de gestion, \u00e0 payer l\u2019int\u00e9gralit\u00e9 des dettes de la soci\u00e9t\u00e9. \u00ab Une partie des dettes seulement \u00bb, conteste l\u2019int\u00e9ress\u00e9\u2026 A tort ou \u00e0 raison ?<\/p>\n","protected":false},"author":0,"featured_media":3552,"comment_status":"open","ping_status":"closed","sticky":false,"template":"","format":"standard","meta":{"_acf_changed":false,"footnotes":""},"categories":[7,10],"tags":[],"class_list":["post-481","post","type-post","status-publish","format-standard","has-post-thumbnail","hentry","category-actualites","category-le-coin-du-dirigeant"],"acf":[],"yoast_head":"<!-- This site is optimized with the Yoast SEO plugin v27.2 - https:\/\/yoast.com\/product\/yoast-seo-wordpress\/ -->\n<title>Dirigeant de soci\u00e9t\u00e9 et fautes de gestion : quelle est l\u2019\u00e9tendue de votre responsabilit\u00e9 ? - Cabinet Magar<\/title>\n<meta name=\"robots\" content=\"index, follow, max-snippet:-1, max-image-preview:large, max-video-preview:-1\" \/>\n<link rel=\"canonical\" href=\"https:\/\/www.cabinet-magar.fr\/de\/actualites\/dirigeant-de-societe-et-fautes-de-gestion-quelle-est-letendue-de-votre-responsabilite\/\" \/>\n<meta property=\"og:locale\" content=\"de_DE\" \/>\n<meta property=\"og:type\" content=\"article\" \/>\n<meta property=\"og:title\" content=\"Dirigeant de soci\u00e9t\u00e9 et fautes de gestion : quelle est l\u2019\u00e9tendue de votre responsabilit\u00e9 ? - Cabinet Magar\" \/>\n<meta property=\"og:description\" content=\"A la suite de la mise en liquidation judiciaire de sa soci\u00e9t\u00e9, un dirigeant est condamn\u00e9, en raison de diverses fautes de gestion, \u00e0 payer l\u2019int\u00e9gralit\u00e9 des dettes de la soci\u00e9t\u00e9. \u00ab Une partie des dettes seulement \u00bb, conteste l\u2019int\u00e9ress\u00e9\u2026 A tort ou \u00e0 raison ?\" \/>\n<meta property=\"og:url\" content=\"https:\/\/www.cabinet-magar.fr\/de\/actualites\/dirigeant-de-societe-et-fautes-de-gestion-quelle-est-letendue-de-votre-responsabilite\/\" \/>\n<meta property=\"og:site_name\" content=\"Cabinet Magar\" \/>\n<meta property=\"article:published_time\" content=\"2021-03-01T04:45:00+00:00\" \/>\n<meta property=\"article:modified_time\" content=\"2021-04-02T01:01:00+00:00\" \/>\n<meta property=\"og:image\" content=\"https:\/\/www.cabinet-magar.fr\/wp-content\/uploads\/2021\/04\/societemission.jpg\" \/>\n\t<meta property=\"og:image:width\" content=\"600\" \/>\n\t<meta property=\"og:image:height\" content=\"400\" \/>\n\t<meta property=\"og:image:type\" content=\"image\/jpeg\" \/>\n<meta name=\"twitter:card\" content=\"summary_large_image\" \/>\n<meta name=\"twitter:label1\" content=\"Gesch\u00e4tzte Lesezeit\" \/>\n\t<meta name=\"twitter:data1\" content=\"2\u00a0Minuten\" \/>\n<script type=\"application\/ld+json\" class=\"yoast-schema-graph\">{\"@context\":\"https:\/\/schema.org\",\"@graph\":[{\"@type\":\"Article\",\"@id\":\"https:\/\/www.cabinet-magar.fr\/de\/actualites\/dirigeant-de-societe-et-fautes-de-gestion-quelle-est-letendue-de-votre-responsabilite\/#article\",\"isPartOf\":{\"@id\":\"https:\/\/www.cabinet-magar.fr\/de\/actualites\/dirigeant-de-societe-et-fautes-de-gestion-quelle-est-letendue-de-votre-responsabilite\/\"},\"author\":{\"name\":\"\",\"@id\":\"\"},\"headline\":\"Dirigeant de soci\u00e9t\u00e9 et fautes de gestion : quelle est l\u2019\u00e9tendue de votre responsabilit\u00e9 ?\",\"datePublished\":\"2021-03-01T04:45:00+00:00\",\"dateModified\":\"2021-04-02T01:01:00+00:00\",\"mainEntityOfPage\":{\"@id\":\"https:\/\/www.cabinet-magar.fr\/de\/actualites\/dirigeant-de-societe-et-fautes-de-gestion-quelle-est-letendue-de-votre-responsabilite\/\"},\"wordCount\":334,\"commentCount\":0,\"image\":{\"@id\":\"https:\/\/www.cabinet-magar.fr\/de\/actualites\/dirigeant-de-societe-et-fautes-de-gestion-quelle-est-letendue-de-votre-responsabilite\/#primaryimage\"},\"thumbnailUrl\":\"https:\/\/www.cabinet-magar.fr\/wp-content\/uploads\/2021\/04\/societemission.jpg\",\"articleSection\":[\"Actualit\u00e9s\",\"Le coin du dirigeant\"],\"inLanguage\":\"de\",\"potentialAction\":[{\"@type\":\"CommentAction\",\"name\":\"Comment\",\"target\":[\"https:\/\/www.cabinet-magar.fr\/de\/actualites\/dirigeant-de-societe-et-fautes-de-gestion-quelle-est-letendue-de-votre-responsabilite\/#respond\"]}]},{\"@type\":\"WebPage\",\"@id\":\"https:\/\/www.cabinet-magar.fr\/de\/actualites\/dirigeant-de-societe-et-fautes-de-gestion-quelle-est-letendue-de-votre-responsabilite\/\",\"url\":\"https:\/\/www.cabinet-magar.fr\/de\/actualites\/dirigeant-de-societe-et-fautes-de-gestion-quelle-est-letendue-de-votre-responsabilite\/\",\"name\":\"Dirigeant de soci\u00e9t\u00e9 et fautes de gestion : quelle est l\u2019\u00e9tendue de votre responsabilit\u00e9 ? - Cabinet Magar\",\"isPartOf\":{\"@id\":\"https:\/\/www.cabinet-magar.fr\/#website\"},\"primaryImageOfPage\":{\"@id\":\"https:\/\/www.cabinet-magar.fr\/de\/actualites\/dirigeant-de-societe-et-fautes-de-gestion-quelle-est-letendue-de-votre-responsabilite\/#primaryimage\"},\"image\":{\"@id\":\"https:\/\/www.cabinet-magar.fr\/de\/actualites\/dirigeant-de-societe-et-fautes-de-gestion-quelle-est-letendue-de-votre-responsabilite\/#primaryimage\"},\"thumbnailUrl\":\"https:\/\/www.cabinet-magar.fr\/wp-content\/uploads\/2021\/04\/societemission.jpg\",\"datePublished\":\"2021-03-01T04:45:00+00:00\",\"dateModified\":\"2021-04-02T01:01:00+00:00\",\"author\":{\"@id\":\"\"},\"breadcrumb\":{\"@id\":\"https:\/\/www.cabinet-magar.fr\/de\/actualites\/dirigeant-de-societe-et-fautes-de-gestion-quelle-est-letendue-de-votre-responsabilite\/#breadcrumb\"},\"inLanguage\":\"de\",\"potentialAction\":[{\"@type\":\"ReadAction\",\"target\":[\"https:\/\/www.cabinet-magar.fr\/de\/actualites\/dirigeant-de-societe-et-fautes-de-gestion-quelle-est-letendue-de-votre-responsabilite\/\"]}]},{\"@type\":\"ImageObject\",\"inLanguage\":\"de\",\"@id\":\"https:\/\/www.cabinet-magar.fr\/de\/actualites\/dirigeant-de-societe-et-fautes-de-gestion-quelle-est-letendue-de-votre-responsabilite\/#primaryimage\",\"url\":\"https:\/\/www.cabinet-magar.fr\/wp-content\/uploads\/2021\/04\/societemission.jpg\",\"contentUrl\":\"https:\/\/www.cabinet-magar.fr\/wp-content\/uploads\/2021\/04\/societemission.jpg\",\"width\":600,\"height\":400},{\"@type\":\"BreadcrumbList\",\"@id\":\"https:\/\/www.cabinet-magar.fr\/de\/actualites\/dirigeant-de-societe-et-fautes-de-gestion-quelle-est-letendue-de-votre-responsabilite\/#breadcrumb\",\"itemListElement\":[{\"@type\":\"ListItem\",\"position\":1,\"name\":\"Accueil\",\"item\":\"https:\/\/www.cabinet-magar.fr\/de\/\"},{\"@type\":\"ListItem\",\"position\":2,\"name\":\"Dirigeant de soci\u00e9t\u00e9 et fautes de gestion : quelle est l\u2019\u00e9tendue de votre responsabilit\u00e9 ?\"}]},{\"@type\":\"WebSite\",\"@id\":\"https:\/\/www.cabinet-magar.fr\/#website\",\"url\":\"https:\/\/www.cabinet-magar.fr\/\",\"name\":\"Cabinet Magar\",\"description\":\"\",\"potentialAction\":[{\"@type\":\"SearchAction\",\"target\":{\"@type\":\"EntryPoint\",\"urlTemplate\":\"https:\/\/www.cabinet-magar.fr\/?s={search_term_string}\"},\"query-input\":{\"@type\":\"PropertyValueSpecification\",\"valueRequired\":true,\"valueName\":\"search_term_string\"}}],\"inLanguage\":\"de\"}]}<\/script>\n<!-- \/ Yoast SEO plugin. -->","yoast_head_json":{"title":"Dirigeant de soci\u00e9t\u00e9 et fautes de gestion : quelle est l\u2019\u00e9tendue de votre responsabilit\u00e9 ? - Cabinet Magar","robots":{"index":"index","follow":"follow","max-snippet":"max-snippet:-1","max-image-preview":"max-image-preview:large","max-video-preview":"max-video-preview:-1"},"canonical":"https:\/\/www.cabinet-magar.fr\/de\/actualites\/dirigeant-de-societe-et-fautes-de-gestion-quelle-est-letendue-de-votre-responsabilite\/","og_locale":"de_DE","og_type":"article","og_title":"Dirigeant de soci\u00e9t\u00e9 et fautes de gestion : quelle est l\u2019\u00e9tendue de votre responsabilit\u00e9 ? - Cabinet Magar","og_description":"A la suite de la mise en liquidation judiciaire de sa soci\u00e9t\u00e9, un dirigeant est condamn\u00e9, en raison de diverses fautes de gestion, \u00e0 payer l\u2019int\u00e9gralit\u00e9 des dettes de la soci\u00e9t\u00e9. \u00ab Une partie des dettes seulement \u00bb, conteste l\u2019int\u00e9ress\u00e9\u2026 A tort ou \u00e0 raison ?","og_url":"https:\/\/www.cabinet-magar.fr\/de\/actualites\/dirigeant-de-societe-et-fautes-de-gestion-quelle-est-letendue-de-votre-responsabilite\/","og_site_name":"Cabinet Magar","article_published_time":"2021-03-01T04:45:00+00:00","article_modified_time":"2021-04-02T01:01:00+00:00","og_image":[{"width":600,"height":400,"url":"https:\/\/www.cabinet-magar.fr\/wp-content\/uploads\/2021\/04\/societemission.jpg","type":"image\/jpeg"}],"twitter_card":"summary_large_image","twitter_misc":{"Gesch\u00e4tzte Lesezeit":"2\u00a0Minuten"},"schema":{"@context":"https:\/\/schema.org","@graph":[{"@type":"Article","@id":"https:\/\/www.cabinet-magar.fr\/de\/actualites\/dirigeant-de-societe-et-fautes-de-gestion-quelle-est-letendue-de-votre-responsabilite\/#article","isPartOf":{"@id":"https:\/\/www.cabinet-magar.fr\/de\/actualites\/dirigeant-de-societe-et-fautes-de-gestion-quelle-est-letendue-de-votre-responsabilite\/"},"author":{"name":"","@id":""},"headline":"Dirigeant de soci\u00e9t\u00e9 et fautes de gestion : quelle est l\u2019\u00e9tendue de votre responsabilit\u00e9 ?","datePublished":"2021-03-01T04:45:00+00:00","dateModified":"2021-04-02T01:01:00+00:00","mainEntityOfPage":{"@id":"https:\/\/www.cabinet-magar.fr\/de\/actualites\/dirigeant-de-societe-et-fautes-de-gestion-quelle-est-letendue-de-votre-responsabilite\/"},"wordCount":334,"commentCount":0,"image":{"@id":"https:\/\/www.cabinet-magar.fr\/de\/actualites\/dirigeant-de-societe-et-fautes-de-gestion-quelle-est-letendue-de-votre-responsabilite\/#primaryimage"},"thumbnailUrl":"https:\/\/www.cabinet-magar.fr\/wp-content\/uploads\/2021\/04\/societemission.jpg","articleSection":["Actualit\u00e9s","Le coin du dirigeant"],"inLanguage":"de","potentialAction":[{"@type":"CommentAction","name":"Comment","target":["https:\/\/www.cabinet-magar.fr\/de\/actualites\/dirigeant-de-societe-et-fautes-de-gestion-quelle-est-letendue-de-votre-responsabilite\/#respond"]}]},{"@type":"WebPage","@id":"https:\/\/www.cabinet-magar.fr\/de\/actualites\/dirigeant-de-societe-et-fautes-de-gestion-quelle-est-letendue-de-votre-responsabilite\/","url":"https:\/\/www.cabinet-magar.fr\/de\/actualites\/dirigeant-de-societe-et-fautes-de-gestion-quelle-est-letendue-de-votre-responsabilite\/","name":"Dirigeant de soci\u00e9t\u00e9 et fautes de gestion : quelle est l\u2019\u00e9tendue de votre responsabilit\u00e9 ? - Cabinet Magar","isPartOf":{"@id":"https:\/\/www.cabinet-magar.fr\/#website"},"primaryImageOfPage":{"@id":"https:\/\/www.cabinet-magar.fr\/de\/actualites\/dirigeant-de-societe-et-fautes-de-gestion-quelle-est-letendue-de-votre-responsabilite\/#primaryimage"},"image":{"@id":"https:\/\/www.cabinet-magar.fr\/de\/actualites\/dirigeant-de-societe-et-fautes-de-gestion-quelle-est-letendue-de-votre-responsabilite\/#primaryimage"},"thumbnailUrl":"https:\/\/www.cabinet-magar.fr\/wp-content\/uploads\/2021\/04\/societemission.jpg","datePublished":"2021-03-01T04:45:00+00:00","dateModified":"2021-04-02T01:01:00+00:00","author":{"@id":""},"breadcrumb":{"@id":"https:\/\/www.cabinet-magar.fr\/de\/actualites\/dirigeant-de-societe-et-fautes-de-gestion-quelle-est-letendue-de-votre-responsabilite\/#breadcrumb"},"inLanguage":"de","potentialAction":[{"@type":"ReadAction","target":["https:\/\/www.cabinet-magar.fr\/de\/actualites\/dirigeant-de-societe-et-fautes-de-gestion-quelle-est-letendue-de-votre-responsabilite\/"]}]},{"@type":"ImageObject","inLanguage":"de","@id":"https:\/\/www.cabinet-magar.fr\/de\/actualites\/dirigeant-de-societe-et-fautes-de-gestion-quelle-est-letendue-de-votre-responsabilite\/#primaryimage","url":"https:\/\/www.cabinet-magar.fr\/wp-content\/uploads\/2021\/04\/societemission.jpg","contentUrl":"https:\/\/www.cabinet-magar.fr\/wp-content\/uploads\/2021\/04\/societemission.jpg","width":600,"height":400},{"@type":"BreadcrumbList","@id":"https:\/\/www.cabinet-magar.fr\/de\/actualites\/dirigeant-de-societe-et-fautes-de-gestion-quelle-est-letendue-de-votre-responsabilite\/#breadcrumb","itemListElement":[{"@type":"ListItem","position":1,"name":"Accueil","item":"https:\/\/www.cabinet-magar.fr\/de\/"},{"@type":"ListItem","position":2,"name":"Dirigeant de soci\u00e9t\u00e9 et fautes de gestion : quelle est l\u2019\u00e9tendue de votre responsabilit\u00e9 ?"}]},{"@type":"WebSite","@id":"https:\/\/www.cabinet-magar.fr\/#website","url":"https:\/\/www.cabinet-magar.fr\/","name":"Cabinet Magar","description":"","potentialAction":[{"@type":"SearchAction","target":{"@type":"EntryPoint","urlTemplate":"https:\/\/www.cabinet-magar.fr\/?s={search_term_string}"},"query-input":{"@type":"PropertyValueSpecification","valueRequired":true,"valueName":"search_term_string"}}],"inLanguage":"de"}]}},"_links":{"self":[{"href":"https:\/\/www.cabinet-magar.fr\/de\/wp-json\/wp\/v2\/posts\/481","targetHints":{"allow":["GET"]}}],"collection":[{"href":"https:\/\/www.cabinet-magar.fr\/de\/wp-json\/wp\/v2\/posts"}],"about":[{"href":"https:\/\/www.cabinet-magar.fr\/de\/wp-json\/wp\/v2\/types\/post"}],"replies":[{"embeddable":true,"href":"https:\/\/www.cabinet-magar.fr\/de\/wp-json\/wp\/v2\/comments?post=481"}],"version-history":[{"count":1,"href":"https:\/\/www.cabinet-magar.fr\/de\/wp-json\/wp\/v2\/posts\/481\/revisions"}],"predecessor-version":[{"id":3551,"href":"https:\/\/www.cabinet-magar.fr\/de\/wp-json\/wp\/v2\/posts\/481\/revisions\/3551"}],"wp:featuredmedia":[{"embeddable":true,"href":"https:\/\/www.cabinet-magar.fr\/de\/wp-json\/wp\/v2\/media\/3552"}],"wp:attachment":[{"href":"https:\/\/www.cabinet-magar.fr\/de\/wp-json\/wp\/v2\/media?parent=481"}],"wp:term":[{"taxonomy":"category","embeddable":true,"href":"https:\/\/www.cabinet-magar.fr\/de\/wp-json\/wp\/v2\/categories?post=481"},{"taxonomy":"post_tag","embeddable":true,"href":"https:\/\/www.cabinet-magar.fr\/de\/wp-json\/wp\/v2\/tags?post=481"}],"curies":[{"name":"wp","href":"https:\/\/api.w.org\/{rel}","templated":true}]}}