{"id":476,"date":"2021-03-01T05:57:00","date_gmt":"2021-03-01T04:57:00","guid":{"rendered":"https:\/\/www.cabinet-magar.fr\/coronavirus-covid-19-et-activite-partielle-quoi-de-neuf-pour-les-secteurs-s1-et-s1-bis-en-mars-2021\/"},"modified":"2021-04-02T03:00:38","modified_gmt":"2021-04-02T01:00:38","slug":"coronavirus-covid-19-et-activite-partielle-quoi-de-neuf-pour-les-secteurs-s1-et-s1-bis-en-mars-2021","status":"publish","type":"post","link":"https:\/\/www.cabinet-magar.fr\/de\/actualites\/coronavirus-covid-19-et-activite-partielle-quoi-de-neuf-pour-les-secteurs-s1-et-s1-bis-en-mars-2021\/","title":{"rendered":"Coronavirus (COVID-19) et activit\u00e9 partielle : quoi de neuf pour les secteurs S1 et S1 bis en mars 2021 ?"},"content":{"rendered":"<p >Depuis mars 2020, pour faire face \u00e0 l\u2019\u00e9pid\u00e9mie de covid-19, le dispositif d\u2019activit\u00e9 partielle a connu de nombreux changements, notamment concernant la majoration du taux de l\u2019allocation d\u2019activit\u00e9 partielle. Ainsi, les secteurs \u00e9ligibles \u00e0 cette majoration sont \u00e0 nouveau mis \u00e0 jour\u2026<\/p>\n<div>\n<h2>Coronavirus (COVID-19) : mise \u00e0 jour du secteur S1 bis le 28 f\u00e9vrier 2021 !<\/h2>\n<p>Pour rappel, le taux de l\u2019allocation d\u2019activit\u00e9 partielle est major\u00e9 pour les entreprises les plus durement touch\u00e9es par la crise li\u00e9e \u00e0 l\u2019\u00e9pid\u00e9mie de covid-19. Il est ainsi port\u00e9 \u00e0 70 % de la r\u00e9mun\u00e9ration horaire brute du salari\u00e9 plac\u00e9 en activit\u00e9 partielle.<\/p>\n<p>Peuvent donc pr\u00e9tendre \u00e0 ce taux major\u00e9 :<\/p>\n<ul>\n<li>les employeurs qui exercent leur activit\u00e9 principale dans les secteurs S1 ;<\/li>\n<li>les employeurs qui exercent leur activit\u00e9 principale dans les secteurs S1 bis, d\u00e8s lors qu&#8217;ils ont subi une diminution de chiffre d&#8217;affaires d&#8217;au moins 80 % durant la p\u00e9riode comprise entre le 15 mars et le 15 mai 2020 ;<\/li>\n<li>les employeurs dont l&#8217;activit\u00e9 principale implique l&#8217;accueil du public et est interrompue, partiellement ou totalement, du fait de la propagation de l&#8217;\u00e9pid\u00e9mie de covid-19 et des mesures mises en place pour y faire face, et uniquement pendant la dur\u00e9e durant laquelle leur activit\u00e9 est interrompue dans ces conditions.<\/li>\n<\/ul>\n<ul>\n<li><strong><span style=\"text-decoration: underline;\">Actualisation des activit\u00e9s des secteurs S1 et S1 bis<\/span><\/strong><\/li>\n<\/ul>\n<p>La liste des secteurs S1 et S1 bis est r\u00e9guli\u00e8rement mise \u00e0 jour.<\/p>\n<p>Les nouvelles entr\u00e9es en secteur S1 bis au 28 f\u00e9vrier 2021 sont les suivantes :<\/p>\n<ul>\n<li>commer\u00e7ants r\u00e9alisant au moins 50 % de leur chiffre d&#8217;affaires par la vente de leurs produits ou services sur les foires et salons ;<\/li>\n<li>exploitations agricoles des fili\u00e8res dites festives lorsqu&#8217;au moins 50 % du chiffre d&#8217;affaires est r\u00e9alis\u00e9 avec une ou des entreprises du secteur de la chasse ;<\/li>\n<li>commerce de d\u00e9tail d&#8217;articles de sport en magasin sp\u00e9cialis\u00e9 lorsqu&#8217;au moins 50 % du chiffre d&#8217;affaires est r\u00e9alis\u00e9 dans la vente au d\u00e9tail de skis et de chaussures de ski ;<\/li>\n<li>fabrication de mat\u00e9riel de levage et de manutention lorsqu&#8217;au moins 50 % du chiffre d&#8217;affaires est r\u00e9alis\u00e9 avec une personne morale qui exploite des remont\u00e9es m\u00e9caniques ;<\/li>\n<li>fabrication de charpentes et autres menuiseries lorsqu&#8217;au moins 50 % du chiffre d&#8217;affaires est r\u00e9alis\u00e9 avec une personne morale qui exploite des remont\u00e9es m\u00e9caniques ;<\/li>\n<li>services d&#8217;architecture lorsqu&#8217;au moins 50 % du chiffre d&#8217;affaires est r\u00e9alis\u00e9 avec une personne morale qui exploite des remont\u00e9es m\u00e9caniques ;<\/li>\n<li>activit\u00e9s d&#8217;ing\u00e9nierie lorsqu&#8217;au moins 50 % du chiffre d&#8217;affaires est r\u00e9alis\u00e9 avec une personne morale qui exploite des remont\u00e9es m\u00e9caniques ;<\/li>\n<li>fabrication d&#8217;autres articles en caoutchouc lorsqu&#8217;au moins 50 % du chiffre d&#8217;affaires est r\u00e9alis\u00e9 avec une personne morale qui exploite des remont\u00e9es m\u00e9caniques ;<\/li>\n<li>r\u00e9paration de machines et \u00e9quipements m\u00e9caniques lorsqu&#8217;au moins 50 % du chiffre d&#8217;affaires est r\u00e9alis\u00e9 avec une personne morale qui exploite des remont\u00e9es m\u00e9caniques ;<\/li>\n<li>fabrication d&#8217;autres machines d&#8217;usage g\u00e9n\u00e9ral lorsqu&#8217;au moins 50 % du chiffre d&#8217;affaires est r\u00e9alis\u00e9 avec une personne morale qui exploite des remont\u00e9es m\u00e9caniques ;<\/li>\n<li>installation de machines et \u00e9quipements m\u00e9caniques lorsqu&#8217;au moins 50 % du chiffre d&#8217;affaires est r\u00e9alis\u00e9 avec une personne morale qui exploite des remont\u00e9es m\u00e9caniques ;<\/li>\n<li>interm\u00e9diaire du commerce en vins ayant la qualit\u00e9 d&#8217;entrepositaire agr\u00e9\u00e9 au sens de la r\u00e8glementation fiscale ;<\/li>\n<li>commer\u00e7ant de gros en vins ayant la qualit\u00e9 d&#8217;entrepositaire agr\u00e9\u00e9 au sens de la r\u00e8glementation fiscale ;<\/li>\n<li>interm\u00e9diaire du commerce en spiritueux exer\u00e7ant une activit\u00e9 de distillation ;<\/li>\n<li>commer\u00e7ant de gros en spiritueux exer\u00e7ant une activit\u00e9 de distillation.<\/li>\n<\/ul>\n<\/div>\n<p>Sources :<\/p>\n<ul>\n<li>D\u00e9cret n\u00b0 2021-221 du 26 f\u00e9vrier 2021 modifiant le d\u00e9cret n\u00b0 2020-1316 du 30 octobre 2020 relatif \u00e0 l&#8217;activit\u00e9 partielle et au dispositif d&#8217;activit\u00e9 partielle sp\u00e9cifique en cas de r\u00e9duction d&#8217;activit\u00e9 durable<\/li>\n<li>D\u00e9cret n\u00b0 2021-225 du 26 f\u00e9vrier 2021 relatif \u00e0 la d\u00e9termination des taux de l&#8217;allocation d&#8217;activit\u00e9 partielle<\/li>\n<\/ul>\n<p><a href=\"https:\/\/www.weblex.fr\/weblex-actualite\/coronavirus-covid-19-et-activite-partielle-quoi-de-neuf-pour-les-secteurs-s1-et-s1-bis-en-mars-2021\" target=\"_blank\" rel=\"noopener\">Coronavirus (COVID-19) et activit\u00e9 partielle : quoi de neuf pour les secteurs S1 et S1 bis en mars 2021 ?<\/a> \u00a9 Copyright WebLex &#8211; 2021<\/p>\n<p><img src='https:\/\/www.weblex.fr\/images\/flux_actus\/telesiege.jpg'><\/p>\n","protected":false},"excerpt":{"rendered":"<p>Depuis mars 2020, pour faire face \u00e0 l\u2019\u00e9pid\u00e9mie de covid-19, le dispositif d\u2019activit\u00e9 partielle a connu de nombreux changements, notamment concernant la majoration du taux de l\u2019allocation d\u2019activit\u00e9 partielle. Ainsi, les secteurs \u00e9ligibles \u00e0 cette majoration sont \u00e0 nouveau mis \u00e0 jour\u2026<\/p>\n","protected":false},"author":0,"featured_media":3542,"comment_status":"open","ping_status":"closed","sticky":false,"template":"","format":"standard","meta":{"_acf_changed":false,"footnotes":""},"categories":[8,7],"tags":[],"class_list":["post-476","post","type-post","status-publish","format-standard","has-post-thumbnail","hentry","category-actu-sociale","category-actualites"],"acf":[],"yoast_head":"<!-- This site is optimized with the Yoast SEO plugin v27.2 - https:\/\/yoast.com\/product\/yoast-seo-wordpress\/ -->\n<title>Coronavirus (COVID-19) et activit\u00e9 partielle : quoi de neuf pour les secteurs S1 et S1 bis en mars 2021 ? - Cabinet Magar<\/title>\n<meta name=\"robots\" content=\"index, follow, max-snippet:-1, max-image-preview:large, max-video-preview:-1\" \/>\n<link rel=\"canonical\" href=\"https:\/\/www.cabinet-magar.fr\/actualites\/coronavirus-covid-19-et-activite-partielle-quoi-de-neuf-pour-les-secteurs-s1-et-s1-bis-en-mars-2021\/\" \/>\n<meta property=\"og:locale\" content=\"de_DE\" \/>\n<meta property=\"og:type\" content=\"article\" \/>\n<meta property=\"og:title\" content=\"Coronavirus (COVID-19) et activit\u00e9 partielle : quoi de neuf pour les secteurs S1 et S1 bis en mars 2021 ? - Cabinet Magar\" \/>\n<meta property=\"og:description\" content=\"Depuis mars 2020, pour faire face \u00e0 l\u2019\u00e9pid\u00e9mie de covid-19, le dispositif d\u2019activit\u00e9 partielle a connu de nombreux changements, notamment concernant la majoration du taux de l\u2019allocation d\u2019activit\u00e9 partielle. Ainsi, les secteurs \u00e9ligibles \u00e0 cette majoration sont \u00e0 nouveau mis \u00e0 jour\u2026\" \/>\n<meta property=\"og:url\" content=\"https:\/\/www.cabinet-magar.fr\/actualites\/coronavirus-covid-19-et-activite-partielle-quoi-de-neuf-pour-les-secteurs-s1-et-s1-bis-en-mars-2021\/\" \/>\n<meta property=\"og:site_name\" content=\"Cabinet Magar\" \/>\n<meta property=\"article:published_time\" content=\"2021-03-01T04:57:00+00:00\" \/>\n<meta property=\"article:modified_time\" content=\"2021-04-02T01:00:38+00:00\" \/>\n<meta property=\"og:image\" content=\"https:\/\/www.cabinet-magar.fr\/wp-content\/uploads\/2021\/04\/telesiege.jpg\" \/>\n\t<meta property=\"og:image:width\" content=\"600\" \/>\n\t<meta property=\"og:image:height\" content=\"400\" \/>\n\t<meta property=\"og:image:type\" content=\"image\/jpeg\" \/>\n<meta name=\"twitter:card\" content=\"summary_large_image\" \/>\n<meta name=\"twitter:label1\" content=\"Gesch\u00e4tzte Lesezeit\" \/>\n\t<meta name=\"twitter:data1\" content=\"3\u00a0Minuten\" \/>\n<script type=\"application\/ld+json\" class=\"yoast-schema-graph\">{\"@context\":\"https:\/\/schema.org\",\"@graph\":[{\"@type\":\"Article\",\"@id\":\"https:\/\/www.cabinet-magar.fr\/actualites\/coronavirus-covid-19-et-activite-partielle-quoi-de-neuf-pour-les-secteurs-s1-et-s1-bis-en-mars-2021\/#article\",\"isPartOf\":{\"@id\":\"https:\/\/www.cabinet-magar.fr\/actualites\/coronavirus-covid-19-et-activite-partielle-quoi-de-neuf-pour-les-secteurs-s1-et-s1-bis-en-mars-2021\/\"},\"author\":{\"name\":\"\",\"@id\":\"\"},\"headline\":\"Coronavirus (COVID-19) et activit\u00e9 partielle : quoi de neuf pour les secteurs S1 et S1 bis en mars 2021 ?\",\"datePublished\":\"2021-03-01T04:57:00+00:00\",\"dateModified\":\"2021-04-02T01:00:38+00:00\",\"mainEntityOfPage\":{\"@id\":\"https:\/\/www.cabinet-magar.fr\/actualites\/coronavirus-covid-19-et-activite-partielle-quoi-de-neuf-pour-les-secteurs-s1-et-s1-bis-en-mars-2021\/\"},\"wordCount\":709,\"commentCount\":0,\"image\":{\"@id\":\"https:\/\/www.cabinet-magar.fr\/actualites\/coronavirus-covid-19-et-activite-partielle-quoi-de-neuf-pour-les-secteurs-s1-et-s1-bis-en-mars-2021\/#primaryimage\"},\"thumbnailUrl\":\"https:\/\/www.cabinet-magar.fr\/wp-content\/uploads\/2021\/04\/telesiege.jpg\",\"articleSection\":[\"Actu Sociale\",\"Actualit\u00e9s\"],\"inLanguage\":\"de\",\"potentialAction\":[{\"@type\":\"CommentAction\",\"name\":\"Comment\",\"target\":[\"https:\/\/www.cabinet-magar.fr\/actualites\/coronavirus-covid-19-et-activite-partielle-quoi-de-neuf-pour-les-secteurs-s1-et-s1-bis-en-mars-2021\/#respond\"]}]},{\"@type\":\"WebPage\",\"@id\":\"https:\/\/www.cabinet-magar.fr\/actualites\/coronavirus-covid-19-et-activite-partielle-quoi-de-neuf-pour-les-secteurs-s1-et-s1-bis-en-mars-2021\/\",\"url\":\"https:\/\/www.cabinet-magar.fr\/actualites\/coronavirus-covid-19-et-activite-partielle-quoi-de-neuf-pour-les-secteurs-s1-et-s1-bis-en-mars-2021\/\",\"name\":\"Coronavirus (COVID-19) et activit\u00e9 partielle : quoi de neuf pour les secteurs S1 et S1 bis en mars 2021 ? - Cabinet Magar\",\"isPartOf\":{\"@id\":\"https:\/\/www.cabinet-magar.fr\/#website\"},\"primaryImageOfPage\":{\"@id\":\"https:\/\/www.cabinet-magar.fr\/actualites\/coronavirus-covid-19-et-activite-partielle-quoi-de-neuf-pour-les-secteurs-s1-et-s1-bis-en-mars-2021\/#primaryimage\"},\"image\":{\"@id\":\"https:\/\/www.cabinet-magar.fr\/actualites\/coronavirus-covid-19-et-activite-partielle-quoi-de-neuf-pour-les-secteurs-s1-et-s1-bis-en-mars-2021\/#primaryimage\"},\"thumbnailUrl\":\"https:\/\/www.cabinet-magar.fr\/wp-content\/uploads\/2021\/04\/telesiege.jpg\",\"datePublished\":\"2021-03-01T04:57:00+00:00\",\"dateModified\":\"2021-04-02T01:00:38+00:00\",\"author\":{\"@id\":\"\"},\"breadcrumb\":{\"@id\":\"https:\/\/www.cabinet-magar.fr\/actualites\/coronavirus-covid-19-et-activite-partielle-quoi-de-neuf-pour-les-secteurs-s1-et-s1-bis-en-mars-2021\/#breadcrumb\"},\"inLanguage\":\"de\",\"potentialAction\":[{\"@type\":\"ReadAction\",\"target\":[\"https:\/\/www.cabinet-magar.fr\/actualites\/coronavirus-covid-19-et-activite-partielle-quoi-de-neuf-pour-les-secteurs-s1-et-s1-bis-en-mars-2021\/\"]}]},{\"@type\":\"ImageObject\",\"inLanguage\":\"de\",\"@id\":\"https:\/\/www.cabinet-magar.fr\/actualites\/coronavirus-covid-19-et-activite-partielle-quoi-de-neuf-pour-les-secteurs-s1-et-s1-bis-en-mars-2021\/#primaryimage\",\"url\":\"https:\/\/www.cabinet-magar.fr\/wp-content\/uploads\/2021\/04\/telesiege.jpg\",\"contentUrl\":\"https:\/\/www.cabinet-magar.fr\/wp-content\/uploads\/2021\/04\/telesiege.jpg\",\"width\":600,\"height\":400},{\"@type\":\"BreadcrumbList\",\"@id\":\"https:\/\/www.cabinet-magar.fr\/actualites\/coronavirus-covid-19-et-activite-partielle-quoi-de-neuf-pour-les-secteurs-s1-et-s1-bis-en-mars-2021\/#breadcrumb\",\"itemListElement\":[{\"@type\":\"ListItem\",\"position\":1,\"name\":\"Accueil\",\"item\":\"https:\/\/www.cabinet-magar.fr\/de\/\"},{\"@type\":\"ListItem\",\"position\":2,\"name\":\"Coronavirus (COVID-19) et activit\u00e9 partielle : quoi de neuf pour les secteurs S1 et S1 bis en mars 2021 ?\"}]},{\"@type\":\"WebSite\",\"@id\":\"https:\/\/www.cabinet-magar.fr\/#website\",\"url\":\"https:\/\/www.cabinet-magar.fr\/\",\"name\":\"Cabinet Magar\",\"description\":\"\",\"potentialAction\":[{\"@type\":\"SearchAction\",\"target\":{\"@type\":\"EntryPoint\",\"urlTemplate\":\"https:\/\/www.cabinet-magar.fr\/?s={search_term_string}\"},\"query-input\":{\"@type\":\"PropertyValueSpecification\",\"valueRequired\":true,\"valueName\":\"search_term_string\"}}],\"inLanguage\":\"de\"}]}<\/script>\n<!-- \/ Yoast SEO plugin. -->","yoast_head_json":{"title":"Coronavirus (COVID-19) et activit\u00e9 partielle : quoi de neuf pour les secteurs S1 et S1 bis en mars 2021 ? - Cabinet Magar","robots":{"index":"index","follow":"follow","max-snippet":"max-snippet:-1","max-image-preview":"max-image-preview:large","max-video-preview":"max-video-preview:-1"},"canonical":"https:\/\/www.cabinet-magar.fr\/actualites\/coronavirus-covid-19-et-activite-partielle-quoi-de-neuf-pour-les-secteurs-s1-et-s1-bis-en-mars-2021\/","og_locale":"de_DE","og_type":"article","og_title":"Coronavirus (COVID-19) et activit\u00e9 partielle : quoi de neuf pour les secteurs S1 et S1 bis en mars 2021 ? - Cabinet Magar","og_description":"Depuis mars 2020, pour faire face \u00e0 l\u2019\u00e9pid\u00e9mie de covid-19, le dispositif d\u2019activit\u00e9 partielle a connu de nombreux changements, notamment concernant la majoration du taux de l\u2019allocation d\u2019activit\u00e9 partielle. Ainsi, les secteurs \u00e9ligibles \u00e0 cette majoration sont \u00e0 nouveau mis \u00e0 jour\u2026","og_url":"https:\/\/www.cabinet-magar.fr\/actualites\/coronavirus-covid-19-et-activite-partielle-quoi-de-neuf-pour-les-secteurs-s1-et-s1-bis-en-mars-2021\/","og_site_name":"Cabinet Magar","article_published_time":"2021-03-01T04:57:00+00:00","article_modified_time":"2021-04-02T01:00:38+00:00","og_image":[{"width":600,"height":400,"url":"https:\/\/www.cabinet-magar.fr\/wp-content\/uploads\/2021\/04\/telesiege.jpg","type":"image\/jpeg"}],"twitter_card":"summary_large_image","twitter_misc":{"Gesch\u00e4tzte Lesezeit":"3\u00a0Minuten"},"schema":{"@context":"https:\/\/schema.org","@graph":[{"@type":"Article","@id":"https:\/\/www.cabinet-magar.fr\/actualites\/coronavirus-covid-19-et-activite-partielle-quoi-de-neuf-pour-les-secteurs-s1-et-s1-bis-en-mars-2021\/#article","isPartOf":{"@id":"https:\/\/www.cabinet-magar.fr\/actualites\/coronavirus-covid-19-et-activite-partielle-quoi-de-neuf-pour-les-secteurs-s1-et-s1-bis-en-mars-2021\/"},"author":{"name":"","@id":""},"headline":"Coronavirus (COVID-19) et activit\u00e9 partielle : quoi de neuf pour les secteurs S1 et S1 bis en mars 2021 ?","datePublished":"2021-03-01T04:57:00+00:00","dateModified":"2021-04-02T01:00:38+00:00","mainEntityOfPage":{"@id":"https:\/\/www.cabinet-magar.fr\/actualites\/coronavirus-covid-19-et-activite-partielle-quoi-de-neuf-pour-les-secteurs-s1-et-s1-bis-en-mars-2021\/"},"wordCount":709,"commentCount":0,"image":{"@id":"https:\/\/www.cabinet-magar.fr\/actualites\/coronavirus-covid-19-et-activite-partielle-quoi-de-neuf-pour-les-secteurs-s1-et-s1-bis-en-mars-2021\/#primaryimage"},"thumbnailUrl":"https:\/\/www.cabinet-magar.fr\/wp-content\/uploads\/2021\/04\/telesiege.jpg","articleSection":["Actu Sociale","Actualit\u00e9s"],"inLanguage":"de","potentialAction":[{"@type":"CommentAction","name":"Comment","target":["https:\/\/www.cabinet-magar.fr\/actualites\/coronavirus-covid-19-et-activite-partielle-quoi-de-neuf-pour-les-secteurs-s1-et-s1-bis-en-mars-2021\/#respond"]}]},{"@type":"WebPage","@id":"https:\/\/www.cabinet-magar.fr\/actualites\/coronavirus-covid-19-et-activite-partielle-quoi-de-neuf-pour-les-secteurs-s1-et-s1-bis-en-mars-2021\/","url":"https:\/\/www.cabinet-magar.fr\/actualites\/coronavirus-covid-19-et-activite-partielle-quoi-de-neuf-pour-les-secteurs-s1-et-s1-bis-en-mars-2021\/","name":"Coronavirus (COVID-19) et activit\u00e9 partielle : quoi de neuf pour les secteurs S1 et S1 bis en mars 2021 ? - Cabinet Magar","isPartOf":{"@id":"https:\/\/www.cabinet-magar.fr\/#website"},"primaryImageOfPage":{"@id":"https:\/\/www.cabinet-magar.fr\/actualites\/coronavirus-covid-19-et-activite-partielle-quoi-de-neuf-pour-les-secteurs-s1-et-s1-bis-en-mars-2021\/#primaryimage"},"image":{"@id":"https:\/\/www.cabinet-magar.fr\/actualites\/coronavirus-covid-19-et-activite-partielle-quoi-de-neuf-pour-les-secteurs-s1-et-s1-bis-en-mars-2021\/#primaryimage"},"thumbnailUrl":"https:\/\/www.cabinet-magar.fr\/wp-content\/uploads\/2021\/04\/telesiege.jpg","datePublished":"2021-03-01T04:57:00+00:00","dateModified":"2021-04-02T01:00:38+00:00","author":{"@id":""},"breadcrumb":{"@id":"https:\/\/www.cabinet-magar.fr\/actualites\/coronavirus-covid-19-et-activite-partielle-quoi-de-neuf-pour-les-secteurs-s1-et-s1-bis-en-mars-2021\/#breadcrumb"},"inLanguage":"de","potentialAction":[{"@type":"ReadAction","target":["https:\/\/www.cabinet-magar.fr\/actualites\/coronavirus-covid-19-et-activite-partielle-quoi-de-neuf-pour-les-secteurs-s1-et-s1-bis-en-mars-2021\/"]}]},{"@type":"ImageObject","inLanguage":"de","@id":"https:\/\/www.cabinet-magar.fr\/actualites\/coronavirus-covid-19-et-activite-partielle-quoi-de-neuf-pour-les-secteurs-s1-et-s1-bis-en-mars-2021\/#primaryimage","url":"https:\/\/www.cabinet-magar.fr\/wp-content\/uploads\/2021\/04\/telesiege.jpg","contentUrl":"https:\/\/www.cabinet-magar.fr\/wp-content\/uploads\/2021\/04\/telesiege.jpg","width":600,"height":400},{"@type":"BreadcrumbList","@id":"https:\/\/www.cabinet-magar.fr\/actualites\/coronavirus-covid-19-et-activite-partielle-quoi-de-neuf-pour-les-secteurs-s1-et-s1-bis-en-mars-2021\/#breadcrumb","itemListElement":[{"@type":"ListItem","position":1,"name":"Accueil","item":"https:\/\/www.cabinet-magar.fr\/de\/"},{"@type":"ListItem","position":2,"name":"Coronavirus (COVID-19) et activit\u00e9 partielle : quoi de neuf pour les secteurs S1 et S1 bis en mars 2021 ?"}]},{"@type":"WebSite","@id":"https:\/\/www.cabinet-magar.fr\/#website","url":"https:\/\/www.cabinet-magar.fr\/","name":"Cabinet Magar","description":"","potentialAction":[{"@type":"SearchAction","target":{"@type":"EntryPoint","urlTemplate":"https:\/\/www.cabinet-magar.fr\/?s={search_term_string}"},"query-input":{"@type":"PropertyValueSpecification","valueRequired":true,"valueName":"search_term_string"}}],"inLanguage":"de"}]}},"_links":{"self":[{"href":"https:\/\/www.cabinet-magar.fr\/de\/wp-json\/wp\/v2\/posts\/476","targetHints":{"allow":["GET"]}}],"collection":[{"href":"https:\/\/www.cabinet-magar.fr\/de\/wp-json\/wp\/v2\/posts"}],"about":[{"href":"https:\/\/www.cabinet-magar.fr\/de\/wp-json\/wp\/v2\/types\/post"}],"replies":[{"embeddable":true,"href":"https:\/\/www.cabinet-magar.fr\/de\/wp-json\/wp\/v2\/comments?post=476"}],"version-history":[{"count":1,"href":"https:\/\/www.cabinet-magar.fr\/de\/wp-json\/wp\/v2\/posts\/476\/revisions"}],"predecessor-version":[{"id":3541,"href":"https:\/\/www.cabinet-magar.fr\/de\/wp-json\/wp\/v2\/posts\/476\/revisions\/3541"}],"wp:featuredmedia":[{"embeddable":true,"href":"https:\/\/www.cabinet-magar.fr\/de\/wp-json\/wp\/v2\/media\/3542"}],"wp:attachment":[{"href":"https:\/\/www.cabinet-magar.fr\/de\/wp-json\/wp\/v2\/media?parent=476"}],"wp:term":[{"taxonomy":"category","embeddable":true,"href":"https:\/\/www.cabinet-magar.fr\/de\/wp-json\/wp\/v2\/categories?post=476"},{"taxonomy":"post_tag","embeddable":true,"href":"https:\/\/www.cabinet-magar.fr\/de\/wp-json\/wp\/v2\/tags?post=476"}],"curies":[{"name":"wp","href":"https:\/\/api.w.org\/{rel}","templated":true}]}}