{"id":474,"date":"2021-03-01T06:00:00","date_gmt":"2021-03-01T05:00:00","guid":{"rendered":"https:\/\/www.cabinet-magar.fr\/coronavirus-covid-19-et-activite-partielle-la-baisse-des-indemnites-et-allocations-reportee-en-avril-2021\/"},"modified":"2021-04-02T03:00:29","modified_gmt":"2021-04-02T01:00:29","slug":"coronavirus-covid-19-et-activite-partielle-la-baisse-des-indemnites-et-allocations-reportee-en-avril-2021","status":"publish","type":"post","link":"https:\/\/www.cabinet-magar.fr\/de\/actualites\/coronavirus-covid-19-et-activite-partielle-la-baisse-des-indemnites-et-allocations-reportee-en-avril-2021\/","title":{"rendered":"Coronavirus (COVID-19) et activit\u00e9 partielle : la baisse des indemnit\u00e9s et allocations report\u00e9e en avril 2021 ?"},"content":{"rendered":"<p >Depuis mars 2020, le dispositif d\u2019activit\u00e9 partielle a \u00e9t\u00e9 largement d\u00e9ploy\u00e9 afin d\u2019aider les entreprises \u00e0 faire face \u00e0 la crise sanitaire. L\u2019employeur qui le met en place doit verser une indemnit\u00e9 au salari\u00e9 plac\u00e9 en activit\u00e9 partielle et re\u00e7oit en retour une allocation. Leurs taux sont suppos\u00e9s baisser. A partir de quand ?<\/p>\n<div>\n<h2> Coronavirus (COVID-19) : quid de l\u2019indemnit\u00e9 d\u2019activit\u00e9 partielle ?<\/h2>\n<ul>\n<li><strong> La baisse de l\u2019indemnit\u00e9 est de nouveau report\u00e9e ! <\/strong><\/li>\n<\/ul>\n<p>Pour rappel, l\u2019employeur doit verser au salari\u00e9 plac\u00e9 en activit\u00e9 partielle une indemnit\u00e9 horaire correspondant \u00e0 une fraction de sa r\u00e9mun\u00e9ration brute servant d&#8217;assiette au calcul de l&#8217;indemnit\u00e9 de cong\u00e9s pay\u00e9s (selon la r\u00e8gle du maintien de salaire, et non pas selon la r\u00e8gle du 1\/10e des r\u00e9mun\u00e9rations), ramen\u00e9e \u00e0 la dur\u00e9e mentionn\u00e9e au contrat de travail si le contrat est \u00e0 temps partiel.<\/p>\n<p>Le taux de l\u2019indemnit\u00e9 d\u2019activit\u00e9 partielle vers\u00e9e au salari\u00e9 devait passer de 70 % \u00e0 60 % \u00e0 partir du 1er janvier 2021, puis du 1er mars 2021. Toutefois, le taux de 70 % a \u00e9t\u00e9 maintenu et continue de l\u2019\u00eatre jusqu\u2019au 31 mars 2021.<\/p>\n<p>Ainsi, les heures ch\u00f4m\u00e9es au titre de l\u2019activit\u00e9 partielle \u00e0 compter du 1er avril 2021 seront indemnis\u00e9es \u00e0 hauteur de 60 % de la r\u00e9mun\u00e9ration ant\u00e9rieure brute du salari\u00e9.<\/p>\n<p>Toutefois, le taux de 70 % de l\u2019indemnit\u00e9 reste maintenu jusqu\u2019au 30 avril 2021, pour les salari\u00e9s exer\u00e7ant leur activit\u00e9 dans l\u2019un des secteurs prot\u00e9g\u00e9s (S1 ou S1 bis).<\/p>\n<ul>\n<li><strong> Plafonnement de l\u2019indemnit\u00e9 d\u2019activit\u00e9 partielle<\/strong><\/li>\n<\/ul>\n<p>A compter du 1er avril 2021, l&#8217;indemnit\u00e9 nette vers\u00e9e par l&#8217;employeur ne pourra exc\u00e9der la r\u00e9mun\u00e9ration nette horaire habituelle du salari\u00e9.<\/p>\n<p>Pour votre information, l&#8217;indemnit\u00e9 et la r\u00e9mun\u00e9ration nettes doivent s\u2019appr\u00e9cier apr\u00e8s d\u00e9duction des cotisations et contributions obligatoires retenues par l&#8217;employeur.<\/p>\n<h2> Coronavirus (COVID-19) : quid de l\u2019allocation d\u2019activit\u00e9 partielle ?<\/h2>\n<ul>\n<li><strong> L\u2019application du taux major\u00e9 est prolong\u00e9e jusqu\u2019au 31 mars 2021 <\/strong><\/li>\n<\/ul>\n<p>Pour rappel, lorsque le placement en activit\u00e9 partielle du salari\u00e9 est autoris\u00e9, l\u2019Etat verse une allocation \u00e0 l\u2019employeur correspondant \u00e0 60 % de la r\u00e9mun\u00e9ration du salari\u00e9, dans la limite de 4,5 Smic. L\u2019employeur doit donc assumer les 10 % restants sur l\u2019indemnit\u00e9 \u00e0 verser au salari\u00e9.<\/p>\n<p>Toutefois, les secteurs faisant l\u2019objet de restrictions l\u00e9gislatives ou r\u00e9glementaires particuli\u00e8res en raison de la crise sanitaire continuent \u00e0 b\u00e9n\u00e9ficier d\u2019une prise en charge major\u00e9e (70 % de la r\u00e9mun\u00e9ration brute du salari\u00e9 plafonn\u00e9e \u00e0 4,5 Smic). Les entreprises b\u00e9n\u00e9ficiaires de cette mesure de soutien renforc\u00e9 sont divis\u00e9es en 2 cat\u00e9gories :<\/p>\n<ul>\n<li>celles des secteurs S1, et notamment de l\u2019h\u00f4tellerie, restauration, caf\u00e9s, tourisme, \u00e9v\u00e9nementiel, sport, culture qui sont les plus durablement affect\u00e9es car soumises \u00e0 des restrictions d\u2019activit\u00e9 allant au-del\u00e0 du 11 mai 2020 (vous pouvez consulter la liste, <a href=\"https:\/\/www.weblex.fr\/images\/docs\/Annexe-activitepartielle-S1S1bis022021.pdf\" target=\"_blank\" rel=\"noopener\">ici<\/a>) ;<\/li>\n<li>celles dont les activit\u00e9s se situent en amont ou en aval de ces secteurs S1 (vous pouvez consulter la liste des secteurs S1 bis, <a href=\"https:\/\/www.weblex.fr\/images\/docs\/Annexe-activitepartielle-S1S1bis022021.pdf\" target=\"_blank\" rel=\"noopener\">ici<\/a>), \u00e0 condition qu\u2019elles aient subi une perte de chiffre d\u2019affaires de 80% durant la p\u00e9riode s\u2019\u00e9tendant du 15 mars au 15 mai 2020, cette diminution \u00e9tant appr\u00e9ci\u00e9e :<\/li>\n<\/ul>\n<ul>\n<li>\u25cb soit par rapport au chiffre d&#8217;affaires constat\u00e9 au cours de la m\u00eame p\u00e9riode de l&#8217;ann\u00e9e pr\u00e9c\u00e9dente,<\/li>\n<li>\u25cb soit, s&#8217;ils le souhaitent, par rapport au chiffre d&#8217;affaires mensuel moyen de l&#8217;ann\u00e9e 2019 ramen\u00e9 sur 2 mois,<\/li>\n<li>\u25cb soit, pour les employeurs des structures cr\u00e9\u00e9es apr\u00e8s le 15 mars 2019, par rapport au chiffre d&#8217;affaires mensuel moyen sur la p\u00e9riode comprise entre la date de cr\u00e9ation de la structure et le 15 mars 2020 ramen\u00e9 sur 2 mois.<\/li>\n<\/ul>\n<p>Le taux de l\u2019allocation d\u2019activit\u00e9 partielle vers\u00e9e \u00e0 l\u2019employeur pour chaque salari\u00e9 concern\u00e9 devait passer \u00e0 36 % de sa r\u00e9mun\u00e9ration horaire brute, limit\u00e9e \u00e0 4,5 Smic horaire au 1er mars 2021. D\u00e8s lors, le taux horaire de l\u2019allocation d\u2019activit\u00e9 partielle vers\u00e9e \u00e0 l\u2019employeur pour chaque salari\u00e9 concern\u00e9 ne pourrait pas \u00eatre inf\u00e9rieur \u00e0 7,30 \u20ac au lieu de 8,11 \u20ac actuellement.<\/p>\n<p>Cependant, le gouvernement a choisi de maintenir les taux de 60 % et de 70 % (selon la situation de l\u2019entreprise) jusqu\u2019au 31 mars 2021.<\/p>\n<ul>\n<li><strong> Allocation d\u2019activit\u00e9 partielle et attestation de l\u2019expert-comptable <\/strong><\/li>\n<\/ul>\n<p>Pour rappel, pour certaines entreprises relevant des secteurs S1 bis, le b\u00e9n\u00e9fice du taux de l\u2019allocation d\u2019activit\u00e9 partielle \u00e0 70 % de la r\u00e9mun\u00e9ration brute du salari\u00e9 suppose que la demande d&#8217;indemnisation adress\u00e9e \u00e0 l&#8217;autorit\u00e9 administrative soit accompagn\u00e9e d&#8217;une d\u00e9claration sur l&#8217;honneur indiquant que l&#8217;entreprise dispose d\u2019une attestation d\u2019un expert-comptable, tiers de confiance, mentionnant qu\u2019elle remplit les conditions requises.<\/p>\n<p>Sont concern\u00e9es les entreprises cit\u00e9es aux lignes 90 \u00e0 118 du tableau concernant les secteurs S1 bis, consultable <a href=\"https:\/\/www.weblex.fr\/images\/docs\/Annexe-activitepartielle-S1S1bis022021.pdf\" target=\"_blank\" rel=\"noopener\">ici<\/a>.<\/p>\n<p>Le b\u00e9n\u00e9fice du taux de l\u2019allocation partielle \u00e0 70 % ayant \u00e9t\u00e9 prolong\u00e9 jusqu\u2019au 31 mars 2021, le gouvernement est \u00e9galement venu prolonger la pr\u00e9sentation de l\u2019attestation d\u2019un expert-comptable, le cas \u00e9ch\u00e9ant, jusqu\u2019\u00e0 la m\u00eame date.<\/p>\n<p>Sources :<\/p>\n<ul>\n<li>D\u00e9cret n\u00b0 2021-221 du 26 f\u00e9vrier 2021 modifiant le d\u00e9cret n\u00b0 2020-1316 du 30 octobre 2020 relatif \u00e0 l&#8217;activit\u00e9 partielle et au dispositif d&#8217;activit\u00e9 partielle sp\u00e9cifique en cas de r\u00e9duction d&#8217;activit\u00e9 durable<\/li>\n<li>D\u00e9cret n\u00b0 2021-225 du 26 f\u00e9vrier 2021 relatif \u00e0 la d\u00e9termination des taux de l&#8217;allocation d&#8217;activit\u00e9 partielle<\/li>\n<\/ul>\n<p><a href=\"https:\/\/www.weblex.fr\/weblex-actualite\/coronavirus-covid-19-et-activite-partielle-la-baisse-des-indemnites-et-allocations-reportee-en-avril-2021\" target=\"_blank\" rel=\"noopener\">Coronavirus (COVID-19) et activit\u00e9 partielle : la baisse des indemnit\u00e9s et allocations report\u00e9e en avril 2021 ?<\/a> \u00a9 Copyright WebLex &#8211; 2021<\/p>\n<\/div>\n<p><img src='https:\/\/www.weblex.fr\/images\/flux_actus\/aidefinanciere5.jpg'><\/p>\n","protected":false},"excerpt":{"rendered":"<p>Depuis mars 2020, le dispositif d\u2019activit\u00e9 partielle a \u00e9t\u00e9 largement d\u00e9ploy\u00e9 afin d\u2019aider les entreprises \u00e0 faire face \u00e0 la crise sanitaire. L\u2019employeur qui le met en place doit verser une indemnit\u00e9 au salari\u00e9 plac\u00e9 en activit\u00e9 partielle et re\u00e7oit en retour une allocation. Leurs taux sont suppos\u00e9s baisser. A partir de quand ?<\/p>\n","protected":false},"author":0,"featured_media":3427,"comment_status":"open","ping_status":"closed","sticky":false,"template":"","format":"standard","meta":{"_acf_changed":false,"footnotes":""},"categories":[8,7],"tags":[],"class_list":["post-474","post","type-post","status-publish","format-standard","has-post-thumbnail","hentry","category-actu-sociale","category-actualites"],"acf":[],"yoast_head":"<!-- This site is optimized with the Yoast SEO plugin v27.2 - https:\/\/yoast.com\/product\/yoast-seo-wordpress\/ -->\n<title>Coronavirus (COVID-19) et activit\u00e9 partielle : la baisse des indemnit\u00e9s et allocations report\u00e9e en avril 2021 ? - Cabinet Magar<\/title>\n<meta name=\"robots\" content=\"index, follow, max-snippet:-1, max-image-preview:large, max-video-preview:-1\" \/>\n<link rel=\"canonical\" href=\"https:\/\/www.cabinet-magar.fr\/actualites\/coronavirus-covid-19-et-activite-partielle-la-baisse-des-indemnites-et-allocations-reportee-en-avril-2021\/\" \/>\n<meta property=\"og:locale\" content=\"de_DE\" \/>\n<meta property=\"og:type\" content=\"article\" \/>\n<meta property=\"og:title\" content=\"Coronavirus (COVID-19) et activit\u00e9 partielle : la baisse des indemnit\u00e9s et allocations report\u00e9e en avril 2021 ? - Cabinet Magar\" \/>\n<meta property=\"og:description\" content=\"Depuis mars 2020, le dispositif d\u2019activit\u00e9 partielle a \u00e9t\u00e9 largement d\u00e9ploy\u00e9 afin d\u2019aider les entreprises \u00e0 faire face \u00e0 la crise sanitaire. L\u2019employeur qui le met en place doit verser une indemnit\u00e9 au salari\u00e9 plac\u00e9 en activit\u00e9 partielle et re\u00e7oit en retour une allocation. Leurs taux sont suppos\u00e9s baisser. A partir de quand ?\" \/>\n<meta property=\"og:url\" content=\"https:\/\/www.cabinet-magar.fr\/actualites\/coronavirus-covid-19-et-activite-partielle-la-baisse-des-indemnites-et-allocations-reportee-en-avril-2021\/\" \/>\n<meta property=\"og:site_name\" content=\"Cabinet Magar\" \/>\n<meta property=\"article:published_time\" content=\"2021-03-01T05:00:00+00:00\" \/>\n<meta property=\"article:modified_time\" content=\"2021-04-02T01:00:29+00:00\" \/>\n<meta property=\"og:image\" content=\"https:\/\/www.cabinet-magar.fr\/wp-content\/uploads\/2021\/03\/aidefinanciere5.jpg\" \/>\n\t<meta property=\"og:image:width\" content=\"600\" \/>\n\t<meta property=\"og:image:height\" content=\"400\" \/>\n\t<meta property=\"og:image:type\" content=\"image\/jpeg\" \/>\n<meta name=\"twitter:card\" content=\"summary_large_image\" \/>\n<meta name=\"twitter:label1\" content=\"Gesch\u00e4tzte Lesezeit\" \/>\n\t<meta name=\"twitter:data1\" content=\"4\u00a0Minuten\" \/>\n<script type=\"application\/ld+json\" class=\"yoast-schema-graph\">{\"@context\":\"https:\/\/schema.org\",\"@graph\":[{\"@type\":\"Article\",\"@id\":\"https:\/\/www.cabinet-magar.fr\/actualites\/coronavirus-covid-19-et-activite-partielle-la-baisse-des-indemnites-et-allocations-reportee-en-avril-2021\/#article\",\"isPartOf\":{\"@id\":\"https:\/\/www.cabinet-magar.fr\/actualites\/coronavirus-covid-19-et-activite-partielle-la-baisse-des-indemnites-et-allocations-reportee-en-avril-2021\/\"},\"author\":{\"name\":\"\",\"@id\":\"\"},\"headline\":\"Coronavirus (COVID-19) et activit\u00e9 partielle : la baisse des indemnit\u00e9s et allocations report\u00e9e en avril 2021 ?\",\"datePublished\":\"2021-03-01T05:00:00+00:00\",\"dateModified\":\"2021-04-02T01:00:29+00:00\",\"mainEntityOfPage\":{\"@id\":\"https:\/\/www.cabinet-magar.fr\/actualites\/coronavirus-covid-19-et-activite-partielle-la-baisse-des-indemnites-et-allocations-reportee-en-avril-2021\/\"},\"wordCount\":927,\"commentCount\":0,\"image\":{\"@id\":\"https:\/\/www.cabinet-magar.fr\/actualites\/coronavirus-covid-19-et-activite-partielle-la-baisse-des-indemnites-et-allocations-reportee-en-avril-2021\/#primaryimage\"},\"thumbnailUrl\":\"https:\/\/www.cabinet-magar.fr\/wp-content\/uploads\/2021\/03\/aidefinanciere5.jpg\",\"articleSection\":[\"Actu Sociale\",\"Actualit\u00e9s\"],\"inLanguage\":\"de\",\"potentialAction\":[{\"@type\":\"CommentAction\",\"name\":\"Comment\",\"target\":[\"https:\/\/www.cabinet-magar.fr\/actualites\/coronavirus-covid-19-et-activite-partielle-la-baisse-des-indemnites-et-allocations-reportee-en-avril-2021\/#respond\"]}]},{\"@type\":\"WebPage\",\"@id\":\"https:\/\/www.cabinet-magar.fr\/actualites\/coronavirus-covid-19-et-activite-partielle-la-baisse-des-indemnites-et-allocations-reportee-en-avril-2021\/\",\"url\":\"https:\/\/www.cabinet-magar.fr\/actualites\/coronavirus-covid-19-et-activite-partielle-la-baisse-des-indemnites-et-allocations-reportee-en-avril-2021\/\",\"name\":\"Coronavirus (COVID-19) et activit\u00e9 partielle : la baisse des indemnit\u00e9s et allocations report\u00e9e en avril 2021 ? - Cabinet Magar\",\"isPartOf\":{\"@id\":\"https:\/\/www.cabinet-magar.fr\/#website\"},\"primaryImageOfPage\":{\"@id\":\"https:\/\/www.cabinet-magar.fr\/actualites\/coronavirus-covid-19-et-activite-partielle-la-baisse-des-indemnites-et-allocations-reportee-en-avril-2021\/#primaryimage\"},\"image\":{\"@id\":\"https:\/\/www.cabinet-magar.fr\/actualites\/coronavirus-covid-19-et-activite-partielle-la-baisse-des-indemnites-et-allocations-reportee-en-avril-2021\/#primaryimage\"},\"thumbnailUrl\":\"https:\/\/www.cabinet-magar.fr\/wp-content\/uploads\/2021\/03\/aidefinanciere5.jpg\",\"datePublished\":\"2021-03-01T05:00:00+00:00\",\"dateModified\":\"2021-04-02T01:00:29+00:00\",\"author\":{\"@id\":\"\"},\"breadcrumb\":{\"@id\":\"https:\/\/www.cabinet-magar.fr\/actualites\/coronavirus-covid-19-et-activite-partielle-la-baisse-des-indemnites-et-allocations-reportee-en-avril-2021\/#breadcrumb\"},\"inLanguage\":\"de\",\"potentialAction\":[{\"@type\":\"ReadAction\",\"target\":[\"https:\/\/www.cabinet-magar.fr\/actualites\/coronavirus-covid-19-et-activite-partielle-la-baisse-des-indemnites-et-allocations-reportee-en-avril-2021\/\"]}]},{\"@type\":\"ImageObject\",\"inLanguage\":\"de\",\"@id\":\"https:\/\/www.cabinet-magar.fr\/actualites\/coronavirus-covid-19-et-activite-partielle-la-baisse-des-indemnites-et-allocations-reportee-en-avril-2021\/#primaryimage\",\"url\":\"https:\/\/www.cabinet-magar.fr\/wp-content\/uploads\/2021\/03\/aidefinanciere5.jpg\",\"contentUrl\":\"https:\/\/www.cabinet-magar.fr\/wp-content\/uploads\/2021\/03\/aidefinanciere5.jpg\",\"width\":600,\"height\":400},{\"@type\":\"BreadcrumbList\",\"@id\":\"https:\/\/www.cabinet-magar.fr\/actualites\/coronavirus-covid-19-et-activite-partielle-la-baisse-des-indemnites-et-allocations-reportee-en-avril-2021\/#breadcrumb\",\"itemListElement\":[{\"@type\":\"ListItem\",\"position\":1,\"name\":\"Accueil\",\"item\":\"https:\/\/www.cabinet-magar.fr\/de\/\"},{\"@type\":\"ListItem\",\"position\":2,\"name\":\"Coronavirus (COVID-19) et activit\u00e9 partielle : la baisse des indemnit\u00e9s et allocations report\u00e9e en avril 2021 ?\"}]},{\"@type\":\"WebSite\",\"@id\":\"https:\/\/www.cabinet-magar.fr\/#website\",\"url\":\"https:\/\/www.cabinet-magar.fr\/\",\"name\":\"Cabinet Magar\",\"description\":\"\",\"potentialAction\":[{\"@type\":\"SearchAction\",\"target\":{\"@type\":\"EntryPoint\",\"urlTemplate\":\"https:\/\/www.cabinet-magar.fr\/?s={search_term_string}\"},\"query-input\":{\"@type\":\"PropertyValueSpecification\",\"valueRequired\":true,\"valueName\":\"search_term_string\"}}],\"inLanguage\":\"de\"}]}<\/script>\n<!-- \/ Yoast SEO plugin. -->","yoast_head_json":{"title":"Coronavirus (COVID-19) et activit\u00e9 partielle : la baisse des indemnit\u00e9s et allocations report\u00e9e en avril 2021 ? - Cabinet Magar","robots":{"index":"index","follow":"follow","max-snippet":"max-snippet:-1","max-image-preview":"max-image-preview:large","max-video-preview":"max-video-preview:-1"},"canonical":"https:\/\/www.cabinet-magar.fr\/actualites\/coronavirus-covid-19-et-activite-partielle-la-baisse-des-indemnites-et-allocations-reportee-en-avril-2021\/","og_locale":"de_DE","og_type":"article","og_title":"Coronavirus (COVID-19) et activit\u00e9 partielle : la baisse des indemnit\u00e9s et allocations report\u00e9e en avril 2021 ? - Cabinet Magar","og_description":"Depuis mars 2020, le dispositif d\u2019activit\u00e9 partielle a \u00e9t\u00e9 largement d\u00e9ploy\u00e9 afin d\u2019aider les entreprises \u00e0 faire face \u00e0 la crise sanitaire. L\u2019employeur qui le met en place doit verser une indemnit\u00e9 au salari\u00e9 plac\u00e9 en activit\u00e9 partielle et re\u00e7oit en retour une allocation. Leurs taux sont suppos\u00e9s baisser. A partir de quand ?","og_url":"https:\/\/www.cabinet-magar.fr\/actualites\/coronavirus-covid-19-et-activite-partielle-la-baisse-des-indemnites-et-allocations-reportee-en-avril-2021\/","og_site_name":"Cabinet Magar","article_published_time":"2021-03-01T05:00:00+00:00","article_modified_time":"2021-04-02T01:00:29+00:00","og_image":[{"width":600,"height":400,"url":"https:\/\/www.cabinet-magar.fr\/wp-content\/uploads\/2021\/03\/aidefinanciere5.jpg","type":"image\/jpeg"}],"twitter_card":"summary_large_image","twitter_misc":{"Gesch\u00e4tzte Lesezeit":"4\u00a0Minuten"},"schema":{"@context":"https:\/\/schema.org","@graph":[{"@type":"Article","@id":"https:\/\/www.cabinet-magar.fr\/actualites\/coronavirus-covid-19-et-activite-partielle-la-baisse-des-indemnites-et-allocations-reportee-en-avril-2021\/#article","isPartOf":{"@id":"https:\/\/www.cabinet-magar.fr\/actualites\/coronavirus-covid-19-et-activite-partielle-la-baisse-des-indemnites-et-allocations-reportee-en-avril-2021\/"},"author":{"name":"","@id":""},"headline":"Coronavirus (COVID-19) et activit\u00e9 partielle : la baisse des indemnit\u00e9s et allocations report\u00e9e en avril 2021 ?","datePublished":"2021-03-01T05:00:00+00:00","dateModified":"2021-04-02T01:00:29+00:00","mainEntityOfPage":{"@id":"https:\/\/www.cabinet-magar.fr\/actualites\/coronavirus-covid-19-et-activite-partielle-la-baisse-des-indemnites-et-allocations-reportee-en-avril-2021\/"},"wordCount":927,"commentCount":0,"image":{"@id":"https:\/\/www.cabinet-magar.fr\/actualites\/coronavirus-covid-19-et-activite-partielle-la-baisse-des-indemnites-et-allocations-reportee-en-avril-2021\/#primaryimage"},"thumbnailUrl":"https:\/\/www.cabinet-magar.fr\/wp-content\/uploads\/2021\/03\/aidefinanciere5.jpg","articleSection":["Actu Sociale","Actualit\u00e9s"],"inLanguage":"de","potentialAction":[{"@type":"CommentAction","name":"Comment","target":["https:\/\/www.cabinet-magar.fr\/actualites\/coronavirus-covid-19-et-activite-partielle-la-baisse-des-indemnites-et-allocations-reportee-en-avril-2021\/#respond"]}]},{"@type":"WebPage","@id":"https:\/\/www.cabinet-magar.fr\/actualites\/coronavirus-covid-19-et-activite-partielle-la-baisse-des-indemnites-et-allocations-reportee-en-avril-2021\/","url":"https:\/\/www.cabinet-magar.fr\/actualites\/coronavirus-covid-19-et-activite-partielle-la-baisse-des-indemnites-et-allocations-reportee-en-avril-2021\/","name":"Coronavirus (COVID-19) et activit\u00e9 partielle : la baisse des indemnit\u00e9s et allocations report\u00e9e en avril 2021 ? - Cabinet Magar","isPartOf":{"@id":"https:\/\/www.cabinet-magar.fr\/#website"},"primaryImageOfPage":{"@id":"https:\/\/www.cabinet-magar.fr\/actualites\/coronavirus-covid-19-et-activite-partielle-la-baisse-des-indemnites-et-allocations-reportee-en-avril-2021\/#primaryimage"},"image":{"@id":"https:\/\/www.cabinet-magar.fr\/actualites\/coronavirus-covid-19-et-activite-partielle-la-baisse-des-indemnites-et-allocations-reportee-en-avril-2021\/#primaryimage"},"thumbnailUrl":"https:\/\/www.cabinet-magar.fr\/wp-content\/uploads\/2021\/03\/aidefinanciere5.jpg","datePublished":"2021-03-01T05:00:00+00:00","dateModified":"2021-04-02T01:00:29+00:00","author":{"@id":""},"breadcrumb":{"@id":"https:\/\/www.cabinet-magar.fr\/actualites\/coronavirus-covid-19-et-activite-partielle-la-baisse-des-indemnites-et-allocations-reportee-en-avril-2021\/#breadcrumb"},"inLanguage":"de","potentialAction":[{"@type":"ReadAction","target":["https:\/\/www.cabinet-magar.fr\/actualites\/coronavirus-covid-19-et-activite-partielle-la-baisse-des-indemnites-et-allocations-reportee-en-avril-2021\/"]}]},{"@type":"ImageObject","inLanguage":"de","@id":"https:\/\/www.cabinet-magar.fr\/actualites\/coronavirus-covid-19-et-activite-partielle-la-baisse-des-indemnites-et-allocations-reportee-en-avril-2021\/#primaryimage","url":"https:\/\/www.cabinet-magar.fr\/wp-content\/uploads\/2021\/03\/aidefinanciere5.jpg","contentUrl":"https:\/\/www.cabinet-magar.fr\/wp-content\/uploads\/2021\/03\/aidefinanciere5.jpg","width":600,"height":400},{"@type":"BreadcrumbList","@id":"https:\/\/www.cabinet-magar.fr\/actualites\/coronavirus-covid-19-et-activite-partielle-la-baisse-des-indemnites-et-allocations-reportee-en-avril-2021\/#breadcrumb","itemListElement":[{"@type":"ListItem","position":1,"name":"Accueil","item":"https:\/\/www.cabinet-magar.fr\/de\/"},{"@type":"ListItem","position":2,"name":"Coronavirus (COVID-19) et activit\u00e9 partielle : la baisse des indemnit\u00e9s et allocations report\u00e9e en avril 2021 ?"}]},{"@type":"WebSite","@id":"https:\/\/www.cabinet-magar.fr\/#website","url":"https:\/\/www.cabinet-magar.fr\/","name":"Cabinet Magar","description":"","potentialAction":[{"@type":"SearchAction","target":{"@type":"EntryPoint","urlTemplate":"https:\/\/www.cabinet-magar.fr\/?s={search_term_string}"},"query-input":{"@type":"PropertyValueSpecification","valueRequired":true,"valueName":"search_term_string"}}],"inLanguage":"de"}]}},"_links":{"self":[{"href":"https:\/\/www.cabinet-magar.fr\/de\/wp-json\/wp\/v2\/posts\/474","targetHints":{"allow":["GET"]}}],"collection":[{"href":"https:\/\/www.cabinet-magar.fr\/de\/wp-json\/wp\/v2\/posts"}],"about":[{"href":"https:\/\/www.cabinet-magar.fr\/de\/wp-json\/wp\/v2\/types\/post"}],"replies":[{"embeddable":true,"href":"https:\/\/www.cabinet-magar.fr\/de\/wp-json\/wp\/v2\/comments?post=474"}],"version-history":[{"count":1,"href":"https:\/\/www.cabinet-magar.fr\/de\/wp-json\/wp\/v2\/posts\/474\/revisions"}],"predecessor-version":[{"id":3538,"href":"https:\/\/www.cabinet-magar.fr\/de\/wp-json\/wp\/v2\/posts\/474\/revisions\/3538"}],"wp:featuredmedia":[{"embeddable":true,"href":"https:\/\/www.cabinet-magar.fr\/de\/wp-json\/wp\/v2\/media\/3427"}],"wp:attachment":[{"href":"https:\/\/www.cabinet-magar.fr\/de\/wp-json\/wp\/v2\/media?parent=474"}],"wp:term":[{"taxonomy":"category","embeddable":true,"href":"https:\/\/www.cabinet-magar.fr\/de\/wp-json\/wp\/v2\/categories?post=474"},{"taxonomy":"post_tag","embeddable":true,"href":"https:\/\/www.cabinet-magar.fr\/de\/wp-json\/wp\/v2\/tags?post=474"}],"curies":[{"name":"wp","href":"https:\/\/api.w.org\/{rel}","templated":true}]}}