{"id":473,"date":"2021-03-01T06:45:00","date_gmt":"2021-03-01T05:45:00","guid":{"rendered":"https:\/\/www.cabinet-magar.fr\/contrat-intermittent-un-accord-collectif-necessaire\/"},"modified":"2021-04-02T03:00:25","modified_gmt":"2021-04-02T01:00:25","slug":"contrat-intermittent-un-accord-collectif-necessaire","status":"publish","type":"post","link":"https:\/\/www.cabinet-magar.fr\/de\/actualites\/contrat-intermittent-un-accord-collectif-necessaire\/","title":{"rendered":"Contrat intermittent : un accord collectif n\u00e9cessaire"},"content":{"rendered":"<p >La possibilit\u00e9 de recourir au contrat de travail intermittent doit \u00eatre pr\u00e9vue par un accord d\u2019entreprise ou d\u2019\u00e9tablissement ou, \u00e0 d\u00e9faut, par une convention ou un accord collectif \u00e9tendu par arr\u00eat\u00e9 minist\u00e9riel\u2026 n\u00e9cessairement conclu pr\u00e9alablement \u00e0 la signature du contrat de travail ?<\/p>\n<div>\n<h2> Contrat intermittent : permis par un accord collectif<\/h2>\n<p>Une entreprise d\u2019accueil de l\u2019enfant emploie une salari\u00e9e en qualit\u00e9 de garde d\u2019enfant \u00e0 domicile. Mais parce que son activit\u00e9 comporte une alternance de p\u00e9riodes de travail et de p\u00e9riodes non travaill\u00e9es, elles signent un CDI intermittent.<\/p>\n<p>Sauf que le contrat de travail a \u00e9t\u00e9 sign\u00e9 en l\u2019absence de tout accord collectif autorisant le contrat intermittent, remarque la salari\u00e9e qui r\u00e9clame d\u00e8s lors la requalification de son contrat de travail en CDI \u00e0 temps complet.<\/p>\n<p>Ce que refuse l\u2019employeur : si le contrat a certes \u00e9t\u00e9 sign\u00e9 en l\u2019absence d\u2019accord collectif le permettant, un accord de branche l\u2019autorisant a \u00e9t\u00e9 conclu l\u2019ann\u00e9e suivant la signature du contrat de travail. Cet accord r\u00e9gularise donc, selon lui, le contrat intermittent.<\/p>\n<p>Faux, r\u00e9torque le juge : le contrat de travail intermittent conclu en l&#8217;absence d&#8217;accord collectif est illicite et doit \u00eatre requalifi\u00e9 en contrat de travail \u00e0 temps complet, peu importe qu\u2019une convention collective ait ult\u00e9rieurement autoris\u00e9 le recours \u00e0 un tel contrat, d\u00e8s lors qu\u2019un nouveau contrat de travail, conforme \u00e0 ses stipulations, n\u2019est pas conclu.<\/p>\n<p><span style=\"text-decoration: underline;\">Source :<\/span> Arr\u00eat de la Cour de Cassation, chambre sociale, du 17 f\u00e9vrier 2021, n\u00b0 19-15765 (NP)<\/p>\n<p><a title=\"Contrat intermittent : un accord sinon rien !\" href=\"https:\/\/www.weblex.fr\/weblex-actualite\/contrat-intermittent-un-accord-collectif-necessaire\" rel=\"nofollow noopener\" target=\"_blank\">Contrat intermittent : un accord sinon rien !<\/a> \u00a9 Copyright WebLex &#8211; 2021<\/p>\n<\/div>\n<p><img src='https:\/\/www.weblex.fr\/images\/flux_actus\/intermittent.jpg'><\/p>\n","protected":false},"excerpt":{"rendered":"<p>La possibilit\u00e9 de recourir au contrat de travail intermittent doit \u00eatre pr\u00e9vue par un accord d\u2019entreprise ou d\u2019\u00e9tablissement ou, \u00e0 d\u00e9faut, par une convention ou un accord collectif \u00e9tendu par arr\u00eat\u00e9 minist\u00e9riel\u2026 n\u00e9cessairement conclu pr\u00e9alablement \u00e0 la signature du contrat de travail ?<\/p>\n","protected":false},"author":0,"featured_media":3537,"comment_status":"open","ping_status":"closed","sticky":false,"template":"","format":"standard","meta":{"_acf_changed":false,"footnotes":""},"categories":[8,7],"tags":[],"class_list":["post-473","post","type-post","status-publish","format-standard","has-post-thumbnail","hentry","category-actu-sociale","category-actualites"],"acf":[],"yoast_head":"<!-- This site is optimized with the Yoast SEO plugin v27.2 - https:\/\/yoast.com\/product\/yoast-seo-wordpress\/ -->\n<title>Contrat intermittent : un accord collectif n\u00e9cessaire - Cabinet Magar<\/title>\n<meta name=\"robots\" content=\"index, follow, max-snippet:-1, max-image-preview:large, max-video-preview:-1\" \/>\n<link rel=\"canonical\" href=\"https:\/\/www.cabinet-magar.fr\/actualites\/contrat-intermittent-un-accord-collectif-necessaire\/\" \/>\n<meta property=\"og:locale\" content=\"de_DE\" \/>\n<meta property=\"og:type\" content=\"article\" \/>\n<meta property=\"og:title\" content=\"Contrat intermittent : un accord collectif n\u00e9cessaire - Cabinet Magar\" \/>\n<meta property=\"og:description\" content=\"La possibilit\u00e9 de recourir au contrat de travail intermittent doit \u00eatre pr\u00e9vue par un accord d\u2019entreprise ou d\u2019\u00e9tablissement ou, \u00e0 d\u00e9faut, par une convention ou un accord collectif \u00e9tendu par arr\u00eat\u00e9 minist\u00e9riel\u2026 n\u00e9cessairement conclu pr\u00e9alablement \u00e0 la signature du contrat de travail ?\" \/>\n<meta property=\"og:url\" content=\"https:\/\/www.cabinet-magar.fr\/actualites\/contrat-intermittent-un-accord-collectif-necessaire\/\" \/>\n<meta property=\"og:site_name\" content=\"Cabinet Magar\" \/>\n<meta property=\"article:published_time\" content=\"2021-03-01T05:45:00+00:00\" \/>\n<meta property=\"article:modified_time\" content=\"2021-04-02T01:00:25+00:00\" \/>\n<meta property=\"og:image\" content=\"https:\/\/www.cabinet-magar.fr\/wp-content\/uploads\/2021\/04\/intermittent.jpg\" \/>\n\t<meta property=\"og:image:width\" content=\"600\" \/>\n\t<meta property=\"og:image:height\" content=\"400\" \/>\n\t<meta property=\"og:image:type\" content=\"image\/jpeg\" \/>\n<meta name=\"twitter:card\" content=\"summary_large_image\" \/>\n<meta name=\"twitter:label1\" content=\"Gesch\u00e4tzte Lesezeit\" \/>\n\t<meta name=\"twitter:data1\" content=\"1\u00a0Minute\" \/>\n<script type=\"application\/ld+json\" class=\"yoast-schema-graph\">{\"@context\":\"https:\/\/schema.org\",\"@graph\":[{\"@type\":\"Article\",\"@id\":\"https:\/\/www.cabinet-magar.fr\/actualites\/contrat-intermittent-un-accord-collectif-necessaire\/#article\",\"isPartOf\":{\"@id\":\"https:\/\/www.cabinet-magar.fr\/actualites\/contrat-intermittent-un-accord-collectif-necessaire\/\"},\"author\":{\"name\":\"\",\"@id\":\"\"},\"headline\":\"Contrat intermittent : un accord collectif n\u00e9cessaire\",\"datePublished\":\"2021-03-01T05:45:00+00:00\",\"dateModified\":\"2021-04-02T01:00:25+00:00\",\"mainEntityOfPage\":{\"@id\":\"https:\/\/www.cabinet-magar.fr\/actualites\/contrat-intermittent-un-accord-collectif-necessaire\/\"},\"wordCount\":280,\"commentCount\":0,\"image\":{\"@id\":\"https:\/\/www.cabinet-magar.fr\/actualites\/contrat-intermittent-un-accord-collectif-necessaire\/#primaryimage\"},\"thumbnailUrl\":\"https:\/\/www.cabinet-magar.fr\/wp-content\/uploads\/2021\/04\/intermittent.jpg\",\"articleSection\":[\"Actu Sociale\",\"Actualit\u00e9s\"],\"inLanguage\":\"de\",\"potentialAction\":[{\"@type\":\"CommentAction\",\"name\":\"Comment\",\"target\":[\"https:\/\/www.cabinet-magar.fr\/actualites\/contrat-intermittent-un-accord-collectif-necessaire\/#respond\"]}]},{\"@type\":\"WebPage\",\"@id\":\"https:\/\/www.cabinet-magar.fr\/actualites\/contrat-intermittent-un-accord-collectif-necessaire\/\",\"url\":\"https:\/\/www.cabinet-magar.fr\/actualites\/contrat-intermittent-un-accord-collectif-necessaire\/\",\"name\":\"Contrat intermittent : un accord collectif n\u00e9cessaire - Cabinet Magar\",\"isPartOf\":{\"@id\":\"https:\/\/www.cabinet-magar.fr\/#website\"},\"primaryImageOfPage\":{\"@id\":\"https:\/\/www.cabinet-magar.fr\/actualites\/contrat-intermittent-un-accord-collectif-necessaire\/#primaryimage\"},\"image\":{\"@id\":\"https:\/\/www.cabinet-magar.fr\/actualites\/contrat-intermittent-un-accord-collectif-necessaire\/#primaryimage\"},\"thumbnailUrl\":\"https:\/\/www.cabinet-magar.fr\/wp-content\/uploads\/2021\/04\/intermittent.jpg\",\"datePublished\":\"2021-03-01T05:45:00+00:00\",\"dateModified\":\"2021-04-02T01:00:25+00:00\",\"author\":{\"@id\":\"\"},\"breadcrumb\":{\"@id\":\"https:\/\/www.cabinet-magar.fr\/actualites\/contrat-intermittent-un-accord-collectif-necessaire\/#breadcrumb\"},\"inLanguage\":\"de\",\"potentialAction\":[{\"@type\":\"ReadAction\",\"target\":[\"https:\/\/www.cabinet-magar.fr\/actualites\/contrat-intermittent-un-accord-collectif-necessaire\/\"]}]},{\"@type\":\"ImageObject\",\"inLanguage\":\"de\",\"@id\":\"https:\/\/www.cabinet-magar.fr\/actualites\/contrat-intermittent-un-accord-collectif-necessaire\/#primaryimage\",\"url\":\"https:\/\/www.cabinet-magar.fr\/wp-content\/uploads\/2021\/04\/intermittent.jpg\",\"contentUrl\":\"https:\/\/www.cabinet-magar.fr\/wp-content\/uploads\/2021\/04\/intermittent.jpg\",\"width\":600,\"height\":400},{\"@type\":\"BreadcrumbList\",\"@id\":\"https:\/\/www.cabinet-magar.fr\/actualites\/contrat-intermittent-un-accord-collectif-necessaire\/#breadcrumb\",\"itemListElement\":[{\"@type\":\"ListItem\",\"position\":1,\"name\":\"Accueil\",\"item\":\"https:\/\/www.cabinet-magar.fr\/de\/\"},{\"@type\":\"ListItem\",\"position\":2,\"name\":\"Contrat intermittent : un accord collectif n\u00e9cessaire\"}]},{\"@type\":\"WebSite\",\"@id\":\"https:\/\/www.cabinet-magar.fr\/#website\",\"url\":\"https:\/\/www.cabinet-magar.fr\/\",\"name\":\"Cabinet Magar\",\"description\":\"\",\"potentialAction\":[{\"@type\":\"SearchAction\",\"target\":{\"@type\":\"EntryPoint\",\"urlTemplate\":\"https:\/\/www.cabinet-magar.fr\/?s={search_term_string}\"},\"query-input\":{\"@type\":\"PropertyValueSpecification\",\"valueRequired\":true,\"valueName\":\"search_term_string\"}}],\"inLanguage\":\"de\"}]}<\/script>\n<!-- \/ Yoast SEO plugin. -->","yoast_head_json":{"title":"Contrat intermittent : un accord collectif n\u00e9cessaire - Cabinet Magar","robots":{"index":"index","follow":"follow","max-snippet":"max-snippet:-1","max-image-preview":"max-image-preview:large","max-video-preview":"max-video-preview:-1"},"canonical":"https:\/\/www.cabinet-magar.fr\/actualites\/contrat-intermittent-un-accord-collectif-necessaire\/","og_locale":"de_DE","og_type":"article","og_title":"Contrat intermittent : un accord collectif n\u00e9cessaire - Cabinet Magar","og_description":"La possibilit\u00e9 de recourir au contrat de travail intermittent doit \u00eatre pr\u00e9vue par un accord d\u2019entreprise ou d\u2019\u00e9tablissement ou, \u00e0 d\u00e9faut, par une convention ou un accord collectif \u00e9tendu par arr\u00eat\u00e9 minist\u00e9riel\u2026 n\u00e9cessairement conclu pr\u00e9alablement \u00e0 la signature du contrat de travail ?","og_url":"https:\/\/www.cabinet-magar.fr\/actualites\/contrat-intermittent-un-accord-collectif-necessaire\/","og_site_name":"Cabinet Magar","article_published_time":"2021-03-01T05:45:00+00:00","article_modified_time":"2021-04-02T01:00:25+00:00","og_image":[{"width":600,"height":400,"url":"https:\/\/www.cabinet-magar.fr\/wp-content\/uploads\/2021\/04\/intermittent.jpg","type":"image\/jpeg"}],"twitter_card":"summary_large_image","twitter_misc":{"Gesch\u00e4tzte Lesezeit":"1\u00a0Minute"},"schema":{"@context":"https:\/\/schema.org","@graph":[{"@type":"Article","@id":"https:\/\/www.cabinet-magar.fr\/actualites\/contrat-intermittent-un-accord-collectif-necessaire\/#article","isPartOf":{"@id":"https:\/\/www.cabinet-magar.fr\/actualites\/contrat-intermittent-un-accord-collectif-necessaire\/"},"author":{"name":"","@id":""},"headline":"Contrat intermittent : un accord collectif n\u00e9cessaire","datePublished":"2021-03-01T05:45:00+00:00","dateModified":"2021-04-02T01:00:25+00:00","mainEntityOfPage":{"@id":"https:\/\/www.cabinet-magar.fr\/actualites\/contrat-intermittent-un-accord-collectif-necessaire\/"},"wordCount":280,"commentCount":0,"image":{"@id":"https:\/\/www.cabinet-magar.fr\/actualites\/contrat-intermittent-un-accord-collectif-necessaire\/#primaryimage"},"thumbnailUrl":"https:\/\/www.cabinet-magar.fr\/wp-content\/uploads\/2021\/04\/intermittent.jpg","articleSection":["Actu Sociale","Actualit\u00e9s"],"inLanguage":"de","potentialAction":[{"@type":"CommentAction","name":"Comment","target":["https:\/\/www.cabinet-magar.fr\/actualites\/contrat-intermittent-un-accord-collectif-necessaire\/#respond"]}]},{"@type":"WebPage","@id":"https:\/\/www.cabinet-magar.fr\/actualites\/contrat-intermittent-un-accord-collectif-necessaire\/","url":"https:\/\/www.cabinet-magar.fr\/actualites\/contrat-intermittent-un-accord-collectif-necessaire\/","name":"Contrat intermittent : un accord collectif n\u00e9cessaire - Cabinet Magar","isPartOf":{"@id":"https:\/\/www.cabinet-magar.fr\/#website"},"primaryImageOfPage":{"@id":"https:\/\/www.cabinet-magar.fr\/actualites\/contrat-intermittent-un-accord-collectif-necessaire\/#primaryimage"},"image":{"@id":"https:\/\/www.cabinet-magar.fr\/actualites\/contrat-intermittent-un-accord-collectif-necessaire\/#primaryimage"},"thumbnailUrl":"https:\/\/www.cabinet-magar.fr\/wp-content\/uploads\/2021\/04\/intermittent.jpg","datePublished":"2021-03-01T05:45:00+00:00","dateModified":"2021-04-02T01:00:25+00:00","author":{"@id":""},"breadcrumb":{"@id":"https:\/\/www.cabinet-magar.fr\/actualites\/contrat-intermittent-un-accord-collectif-necessaire\/#breadcrumb"},"inLanguage":"de","potentialAction":[{"@type":"ReadAction","target":["https:\/\/www.cabinet-magar.fr\/actualites\/contrat-intermittent-un-accord-collectif-necessaire\/"]}]},{"@type":"ImageObject","inLanguage":"de","@id":"https:\/\/www.cabinet-magar.fr\/actualites\/contrat-intermittent-un-accord-collectif-necessaire\/#primaryimage","url":"https:\/\/www.cabinet-magar.fr\/wp-content\/uploads\/2021\/04\/intermittent.jpg","contentUrl":"https:\/\/www.cabinet-magar.fr\/wp-content\/uploads\/2021\/04\/intermittent.jpg","width":600,"height":400},{"@type":"BreadcrumbList","@id":"https:\/\/www.cabinet-magar.fr\/actualites\/contrat-intermittent-un-accord-collectif-necessaire\/#breadcrumb","itemListElement":[{"@type":"ListItem","position":1,"name":"Accueil","item":"https:\/\/www.cabinet-magar.fr\/de\/"},{"@type":"ListItem","position":2,"name":"Contrat intermittent : un accord collectif n\u00e9cessaire"}]},{"@type":"WebSite","@id":"https:\/\/www.cabinet-magar.fr\/#website","url":"https:\/\/www.cabinet-magar.fr\/","name":"Cabinet Magar","description":"","potentialAction":[{"@type":"SearchAction","target":{"@type":"EntryPoint","urlTemplate":"https:\/\/www.cabinet-magar.fr\/?s={search_term_string}"},"query-input":{"@type":"PropertyValueSpecification","valueRequired":true,"valueName":"search_term_string"}}],"inLanguage":"de"}]}},"_links":{"self":[{"href":"https:\/\/www.cabinet-magar.fr\/de\/wp-json\/wp\/v2\/posts\/473","targetHints":{"allow":["GET"]}}],"collection":[{"href":"https:\/\/www.cabinet-magar.fr\/de\/wp-json\/wp\/v2\/posts"}],"about":[{"href":"https:\/\/www.cabinet-magar.fr\/de\/wp-json\/wp\/v2\/types\/post"}],"replies":[{"embeddable":true,"href":"https:\/\/www.cabinet-magar.fr\/de\/wp-json\/wp\/v2\/comments?post=473"}],"version-history":[{"count":1,"href":"https:\/\/www.cabinet-magar.fr\/de\/wp-json\/wp\/v2\/posts\/473\/revisions"}],"predecessor-version":[{"id":3536,"href":"https:\/\/www.cabinet-magar.fr\/de\/wp-json\/wp\/v2\/posts\/473\/revisions\/3536"}],"wp:featuredmedia":[{"embeddable":true,"href":"https:\/\/www.cabinet-magar.fr\/de\/wp-json\/wp\/v2\/media\/3537"}],"wp:attachment":[{"href":"https:\/\/www.cabinet-magar.fr\/de\/wp-json\/wp\/v2\/media?parent=473"}],"wp:term":[{"taxonomy":"category","embeddable":true,"href":"https:\/\/www.cabinet-magar.fr\/de\/wp-json\/wp\/v2\/categories?post=473"},{"taxonomy":"post_tag","embeddable":true,"href":"https:\/\/www.cabinet-magar.fr\/de\/wp-json\/wp\/v2\/tags?post=473"}],"curies":[{"name":"wp","href":"https:\/\/api.w.org\/{rel}","templated":true}]}}