{"id":472,"date":"2021-03-02T05:45:00","date_gmt":"2021-03-02T04:45:00","guid":{"rendered":"https:\/\/www.cabinet-magar.fr\/studio-mis-a-disposition-par-lemployeur-astreinte-ou-temps-de-travail-effectif\/"},"modified":"2021-04-02T03:00:21","modified_gmt":"2021-04-02T01:00:21","slug":"studio-mis-a-disposition-par-lemployeur-astreinte-ou-temps-de-travail-effectif","status":"publish","type":"post","link":"https:\/\/www.cabinet-magar.fr\/de\/actualites\/studio-mis-a-disposition-par-lemployeur-astreinte-ou-temps-de-travail-effectif\/","title":{"rendered":"Studio mis \u00e0 disposition par l\u2019employeur : astreinte ou temps de travail effectif ?"},"content":{"rendered":"<p >Parce qu\u2019elle est occasionnellement tenue de passer la nuit sur son lieu de travail, notamment pour r\u00e9pondre au t\u00e9l\u00e9phone, la r\u00e9ceptionniste d\u2019un h\u00f4tel r\u00e9clame le paiement d\u2019un rappel de salaire. Ce que conteste son employeur pour qui la salari\u00e9e n\u2019a fait qu\u2019assumer une simple astreinte, \u00e9tant libre de vaquer \u00e0 ses occupations personnelles. Qui a raison ?<\/p>\n<div>\n<h2> Intervention en cas de n\u00e9cessit\u00e9 = astreinte !<\/h2>\n<p>Une salari\u00e9e, employ\u00e9e dans un h\u00f4tel, r\u00e9clame le paiement d\u2019un rappel de salaire : pour les besoins de ses fonctions, elle a, \u00e0 plusieurs reprises, d\u00fb passer la nuit dans un studio situ\u00e9 dans l\u2019h\u00f4tel, o\u00f9 elle \u00e9tait notamment tenue de r\u00e9pondre au t\u00e9l\u00e9phone\u2026 Ce qui s\u2019apparente, selon elle, \u00e0 du temps de travail effectif !<\/p>\n<p>Ce que conteste l\u2019employeur, pour qui il s\u2019agit d\u2019une simple astreinte, la pr\u00e9sence de la salari\u00e9e dans ce studio lui permettant d\u2019intervenir ponctuellement pour effectuer un travail au service de l\u2019entreprise (r\u00e9pondre au t\u00e9l\u00e9phone).<\/p>\n<p>Ce que confirme le juge : l\u2019obligation pour la salari\u00e9e d\u2019intervenir seulement en cas de n\u00e9cessit\u00e9 prouve bien qu\u2019elle \u00e9tait simplement d\u2019astreinte.<\/p>\n<p>La seule pr\u00e9sence d\u2019un t\u00e9l\u00e9phone fixe ne suffisant pas \u00e0 d\u00e9montrer le fait qu\u2019elle ne pouvait pas vaquer librement \u00e0 ses occupations personnelles, sa demande doit \u00eatre rejet\u00e9e.<\/p>\n<p>Source : Arr\u00eat de la Cour de Cassation, chambre sociale, du 17 f\u00e9vrier 2021, n\u00b0 19-23.367 (NP)<\/p>\n<p><a href=\"https:\/\/www.weblex.fr\/weblex-actualite\/studio-mis-a-disposition-par-lemployeur-astreinte-ou-temps-de-travail-effectif\" target=\"_blank\" rel=\"noopener\">Cauchemar \u00e0 l\u2019h\u00f4tel : astreinte ou temps de travail effectif ?<\/a> \u00a9 Copyright WebLex &#8211; 2021<\/p>\n<\/div>\n<p><img src='https:\/\/www.weblex.fr\/images\/flux_actus\/hotelvide.jpg'><\/p>\n","protected":false},"excerpt":{"rendered":"<p>Parce qu\u2019elle est occasionnellement tenue de passer la nuit sur son lieu de travail, notamment pour r\u00e9pondre au t\u00e9l\u00e9phone, la r\u00e9ceptionniste d\u2019un h\u00f4tel r\u00e9clame le paiement d\u2019un rappel de salaire. Ce que conteste son employeur pour qui la salari\u00e9e n\u2019a fait qu\u2019assumer une simple astreinte, \u00e9tant libre de vaquer \u00e0 ses occupations personnelles. Qui a raison ?<\/p>\n","protected":false},"author":0,"featured_media":3535,"comment_status":"open","ping_status":"closed","sticky":false,"template":"","format":"standard","meta":{"_acf_changed":false,"footnotes":""},"categories":[8,7],"tags":[],"class_list":["post-472","post","type-post","status-publish","format-standard","has-post-thumbnail","hentry","category-actu-sociale","category-actualites"],"acf":[],"yoast_head":"<!-- This site is optimized with the Yoast SEO plugin v27.2 - https:\/\/yoast.com\/product\/yoast-seo-wordpress\/ -->\n<title>Studio mis \u00e0 disposition par l\u2019employeur : astreinte ou temps de travail effectif ? - Cabinet Magar<\/title>\n<meta name=\"robots\" content=\"index, follow, max-snippet:-1, max-image-preview:large, max-video-preview:-1\" \/>\n<link rel=\"canonical\" href=\"https:\/\/www.cabinet-magar.fr\/actualites\/studio-mis-a-disposition-par-lemployeur-astreinte-ou-temps-de-travail-effectif\/\" \/>\n<meta property=\"og:locale\" content=\"de_DE\" \/>\n<meta property=\"og:type\" content=\"article\" \/>\n<meta property=\"og:title\" content=\"Studio mis \u00e0 disposition par l\u2019employeur : astreinte ou temps de travail effectif ? - Cabinet Magar\" \/>\n<meta property=\"og:description\" content=\"Parce qu\u2019elle est occasionnellement tenue de passer la nuit sur son lieu de travail, notamment pour r\u00e9pondre au t\u00e9l\u00e9phone, la r\u00e9ceptionniste d\u2019un h\u00f4tel r\u00e9clame le paiement d\u2019un rappel de salaire. Ce que conteste son employeur pour qui la salari\u00e9e n\u2019a fait qu\u2019assumer une simple astreinte, \u00e9tant libre de vaquer \u00e0 ses occupations personnelles. Qui a raison ?\" \/>\n<meta property=\"og:url\" content=\"https:\/\/www.cabinet-magar.fr\/actualites\/studio-mis-a-disposition-par-lemployeur-astreinte-ou-temps-de-travail-effectif\/\" \/>\n<meta property=\"og:site_name\" content=\"Cabinet Magar\" \/>\n<meta property=\"article:published_time\" content=\"2021-03-02T04:45:00+00:00\" \/>\n<meta property=\"article:modified_time\" content=\"2021-04-02T01:00:21+00:00\" \/>\n<meta property=\"og:image\" content=\"https:\/\/www.cabinet-magar.fr\/wp-content\/uploads\/2021\/04\/hotelvide.jpg\" \/>\n\t<meta property=\"og:image:width\" content=\"600\" \/>\n\t<meta property=\"og:image:height\" content=\"400\" \/>\n\t<meta property=\"og:image:type\" content=\"image\/jpeg\" \/>\n<meta name=\"twitter:card\" content=\"summary_large_image\" \/>\n<meta name=\"twitter:label1\" content=\"Gesch\u00e4tzte Lesezeit\" \/>\n\t<meta name=\"twitter:data1\" content=\"1\u00a0Minute\" \/>\n<script type=\"application\/ld+json\" class=\"yoast-schema-graph\">{\"@context\":\"https:\/\/schema.org\",\"@graph\":[{\"@type\":\"Article\",\"@id\":\"https:\/\/www.cabinet-magar.fr\/actualites\/studio-mis-a-disposition-par-lemployeur-astreinte-ou-temps-de-travail-effectif\/#article\",\"isPartOf\":{\"@id\":\"https:\/\/www.cabinet-magar.fr\/actualites\/studio-mis-a-disposition-par-lemployeur-astreinte-ou-temps-de-travail-effectif\/\"},\"author\":{\"name\":\"\",\"@id\":\"\"},\"headline\":\"Studio mis \u00e0 disposition par l\u2019employeur : astreinte ou temps de travail effectif ?\",\"datePublished\":\"2021-03-02T04:45:00+00:00\",\"dateModified\":\"2021-04-02T01:00:21+00:00\",\"mainEntityOfPage\":{\"@id\":\"https:\/\/www.cabinet-magar.fr\/actualites\/studio-mis-a-disposition-par-lemployeur-astreinte-ou-temps-de-travail-effectif\/\"},\"wordCount\":282,\"commentCount\":0,\"image\":{\"@id\":\"https:\/\/www.cabinet-magar.fr\/actualites\/studio-mis-a-disposition-par-lemployeur-astreinte-ou-temps-de-travail-effectif\/#primaryimage\"},\"thumbnailUrl\":\"https:\/\/www.cabinet-magar.fr\/wp-content\/uploads\/2021\/04\/hotelvide.jpg\",\"articleSection\":[\"Actu Sociale\",\"Actualit\u00e9s\"],\"inLanguage\":\"de\",\"potentialAction\":[{\"@type\":\"CommentAction\",\"name\":\"Comment\",\"target\":[\"https:\/\/www.cabinet-magar.fr\/actualites\/studio-mis-a-disposition-par-lemployeur-astreinte-ou-temps-de-travail-effectif\/#respond\"]}]},{\"@type\":\"WebPage\",\"@id\":\"https:\/\/www.cabinet-magar.fr\/actualites\/studio-mis-a-disposition-par-lemployeur-astreinte-ou-temps-de-travail-effectif\/\",\"url\":\"https:\/\/www.cabinet-magar.fr\/actualites\/studio-mis-a-disposition-par-lemployeur-astreinte-ou-temps-de-travail-effectif\/\",\"name\":\"Studio mis \u00e0 disposition par l\u2019employeur : astreinte ou temps de travail effectif ? - Cabinet Magar\",\"isPartOf\":{\"@id\":\"https:\/\/www.cabinet-magar.fr\/#website\"},\"primaryImageOfPage\":{\"@id\":\"https:\/\/www.cabinet-magar.fr\/actualites\/studio-mis-a-disposition-par-lemployeur-astreinte-ou-temps-de-travail-effectif\/#primaryimage\"},\"image\":{\"@id\":\"https:\/\/www.cabinet-magar.fr\/actualites\/studio-mis-a-disposition-par-lemployeur-astreinte-ou-temps-de-travail-effectif\/#primaryimage\"},\"thumbnailUrl\":\"https:\/\/www.cabinet-magar.fr\/wp-content\/uploads\/2021\/04\/hotelvide.jpg\",\"datePublished\":\"2021-03-02T04:45:00+00:00\",\"dateModified\":\"2021-04-02T01:00:21+00:00\",\"author\":{\"@id\":\"\"},\"breadcrumb\":{\"@id\":\"https:\/\/www.cabinet-magar.fr\/actualites\/studio-mis-a-disposition-par-lemployeur-astreinte-ou-temps-de-travail-effectif\/#breadcrumb\"},\"inLanguage\":\"de\",\"potentialAction\":[{\"@type\":\"ReadAction\",\"target\":[\"https:\/\/www.cabinet-magar.fr\/actualites\/studio-mis-a-disposition-par-lemployeur-astreinte-ou-temps-de-travail-effectif\/\"]}]},{\"@type\":\"ImageObject\",\"inLanguage\":\"de\",\"@id\":\"https:\/\/www.cabinet-magar.fr\/actualites\/studio-mis-a-disposition-par-lemployeur-astreinte-ou-temps-de-travail-effectif\/#primaryimage\",\"url\":\"https:\/\/www.cabinet-magar.fr\/wp-content\/uploads\/2021\/04\/hotelvide.jpg\",\"contentUrl\":\"https:\/\/www.cabinet-magar.fr\/wp-content\/uploads\/2021\/04\/hotelvide.jpg\",\"width\":600,\"height\":400},{\"@type\":\"BreadcrumbList\",\"@id\":\"https:\/\/www.cabinet-magar.fr\/actualites\/studio-mis-a-disposition-par-lemployeur-astreinte-ou-temps-de-travail-effectif\/#breadcrumb\",\"itemListElement\":[{\"@type\":\"ListItem\",\"position\":1,\"name\":\"Accueil\",\"item\":\"https:\/\/www.cabinet-magar.fr\/de\/\"},{\"@type\":\"ListItem\",\"position\":2,\"name\":\"Studio mis \u00e0 disposition par l\u2019employeur : astreinte ou temps de travail effectif ?\"}]},{\"@type\":\"WebSite\",\"@id\":\"https:\/\/www.cabinet-magar.fr\/#website\",\"url\":\"https:\/\/www.cabinet-magar.fr\/\",\"name\":\"Cabinet Magar\",\"description\":\"\",\"potentialAction\":[{\"@type\":\"SearchAction\",\"target\":{\"@type\":\"EntryPoint\",\"urlTemplate\":\"https:\/\/www.cabinet-magar.fr\/?s={search_term_string}\"},\"query-input\":{\"@type\":\"PropertyValueSpecification\",\"valueRequired\":true,\"valueName\":\"search_term_string\"}}],\"inLanguage\":\"de\"}]}<\/script>\n<!-- \/ Yoast SEO plugin. -->","yoast_head_json":{"title":"Studio mis \u00e0 disposition par l\u2019employeur : astreinte ou temps de travail effectif ? - Cabinet Magar","robots":{"index":"index","follow":"follow","max-snippet":"max-snippet:-1","max-image-preview":"max-image-preview:large","max-video-preview":"max-video-preview:-1"},"canonical":"https:\/\/www.cabinet-magar.fr\/actualites\/studio-mis-a-disposition-par-lemployeur-astreinte-ou-temps-de-travail-effectif\/","og_locale":"de_DE","og_type":"article","og_title":"Studio mis \u00e0 disposition par l\u2019employeur : astreinte ou temps de travail effectif ? - Cabinet Magar","og_description":"Parce qu\u2019elle est occasionnellement tenue de passer la nuit sur son lieu de travail, notamment pour r\u00e9pondre au t\u00e9l\u00e9phone, la r\u00e9ceptionniste d\u2019un h\u00f4tel r\u00e9clame le paiement d\u2019un rappel de salaire. Ce que conteste son employeur pour qui la salari\u00e9e n\u2019a fait qu\u2019assumer une simple astreinte, \u00e9tant libre de vaquer \u00e0 ses occupations personnelles. Qui a raison ?","og_url":"https:\/\/www.cabinet-magar.fr\/actualites\/studio-mis-a-disposition-par-lemployeur-astreinte-ou-temps-de-travail-effectif\/","og_site_name":"Cabinet Magar","article_published_time":"2021-03-02T04:45:00+00:00","article_modified_time":"2021-04-02T01:00:21+00:00","og_image":[{"width":600,"height":400,"url":"https:\/\/www.cabinet-magar.fr\/wp-content\/uploads\/2021\/04\/hotelvide.jpg","type":"image\/jpeg"}],"twitter_card":"summary_large_image","twitter_misc":{"Gesch\u00e4tzte Lesezeit":"1\u00a0Minute"},"schema":{"@context":"https:\/\/schema.org","@graph":[{"@type":"Article","@id":"https:\/\/www.cabinet-magar.fr\/actualites\/studio-mis-a-disposition-par-lemployeur-astreinte-ou-temps-de-travail-effectif\/#article","isPartOf":{"@id":"https:\/\/www.cabinet-magar.fr\/actualites\/studio-mis-a-disposition-par-lemployeur-astreinte-ou-temps-de-travail-effectif\/"},"author":{"name":"","@id":""},"headline":"Studio mis \u00e0 disposition par l\u2019employeur : astreinte ou temps de travail effectif ?","datePublished":"2021-03-02T04:45:00+00:00","dateModified":"2021-04-02T01:00:21+00:00","mainEntityOfPage":{"@id":"https:\/\/www.cabinet-magar.fr\/actualites\/studio-mis-a-disposition-par-lemployeur-astreinte-ou-temps-de-travail-effectif\/"},"wordCount":282,"commentCount":0,"image":{"@id":"https:\/\/www.cabinet-magar.fr\/actualites\/studio-mis-a-disposition-par-lemployeur-astreinte-ou-temps-de-travail-effectif\/#primaryimage"},"thumbnailUrl":"https:\/\/www.cabinet-magar.fr\/wp-content\/uploads\/2021\/04\/hotelvide.jpg","articleSection":["Actu Sociale","Actualit\u00e9s"],"inLanguage":"de","potentialAction":[{"@type":"CommentAction","name":"Comment","target":["https:\/\/www.cabinet-magar.fr\/actualites\/studio-mis-a-disposition-par-lemployeur-astreinte-ou-temps-de-travail-effectif\/#respond"]}]},{"@type":"WebPage","@id":"https:\/\/www.cabinet-magar.fr\/actualites\/studio-mis-a-disposition-par-lemployeur-astreinte-ou-temps-de-travail-effectif\/","url":"https:\/\/www.cabinet-magar.fr\/actualites\/studio-mis-a-disposition-par-lemployeur-astreinte-ou-temps-de-travail-effectif\/","name":"Studio mis \u00e0 disposition par l\u2019employeur : astreinte ou temps de travail effectif ? - Cabinet Magar","isPartOf":{"@id":"https:\/\/www.cabinet-magar.fr\/#website"},"primaryImageOfPage":{"@id":"https:\/\/www.cabinet-magar.fr\/actualites\/studio-mis-a-disposition-par-lemployeur-astreinte-ou-temps-de-travail-effectif\/#primaryimage"},"image":{"@id":"https:\/\/www.cabinet-magar.fr\/actualites\/studio-mis-a-disposition-par-lemployeur-astreinte-ou-temps-de-travail-effectif\/#primaryimage"},"thumbnailUrl":"https:\/\/www.cabinet-magar.fr\/wp-content\/uploads\/2021\/04\/hotelvide.jpg","datePublished":"2021-03-02T04:45:00+00:00","dateModified":"2021-04-02T01:00:21+00:00","author":{"@id":""},"breadcrumb":{"@id":"https:\/\/www.cabinet-magar.fr\/actualites\/studio-mis-a-disposition-par-lemployeur-astreinte-ou-temps-de-travail-effectif\/#breadcrumb"},"inLanguage":"de","potentialAction":[{"@type":"ReadAction","target":["https:\/\/www.cabinet-magar.fr\/actualites\/studio-mis-a-disposition-par-lemployeur-astreinte-ou-temps-de-travail-effectif\/"]}]},{"@type":"ImageObject","inLanguage":"de","@id":"https:\/\/www.cabinet-magar.fr\/actualites\/studio-mis-a-disposition-par-lemployeur-astreinte-ou-temps-de-travail-effectif\/#primaryimage","url":"https:\/\/www.cabinet-magar.fr\/wp-content\/uploads\/2021\/04\/hotelvide.jpg","contentUrl":"https:\/\/www.cabinet-magar.fr\/wp-content\/uploads\/2021\/04\/hotelvide.jpg","width":600,"height":400},{"@type":"BreadcrumbList","@id":"https:\/\/www.cabinet-magar.fr\/actualites\/studio-mis-a-disposition-par-lemployeur-astreinte-ou-temps-de-travail-effectif\/#breadcrumb","itemListElement":[{"@type":"ListItem","position":1,"name":"Accueil","item":"https:\/\/www.cabinet-magar.fr\/de\/"},{"@type":"ListItem","position":2,"name":"Studio mis \u00e0 disposition par l\u2019employeur : astreinte ou temps de travail effectif ?"}]},{"@type":"WebSite","@id":"https:\/\/www.cabinet-magar.fr\/#website","url":"https:\/\/www.cabinet-magar.fr\/","name":"Cabinet Magar","description":"","potentialAction":[{"@type":"SearchAction","target":{"@type":"EntryPoint","urlTemplate":"https:\/\/www.cabinet-magar.fr\/?s={search_term_string}"},"query-input":{"@type":"PropertyValueSpecification","valueRequired":true,"valueName":"search_term_string"}}],"inLanguage":"de"}]}},"_links":{"self":[{"href":"https:\/\/www.cabinet-magar.fr\/de\/wp-json\/wp\/v2\/posts\/472","targetHints":{"allow":["GET"]}}],"collection":[{"href":"https:\/\/www.cabinet-magar.fr\/de\/wp-json\/wp\/v2\/posts"}],"about":[{"href":"https:\/\/www.cabinet-magar.fr\/de\/wp-json\/wp\/v2\/types\/post"}],"replies":[{"embeddable":true,"href":"https:\/\/www.cabinet-magar.fr\/de\/wp-json\/wp\/v2\/comments?post=472"}],"version-history":[{"count":1,"href":"https:\/\/www.cabinet-magar.fr\/de\/wp-json\/wp\/v2\/posts\/472\/revisions"}],"predecessor-version":[{"id":3534,"href":"https:\/\/www.cabinet-magar.fr\/de\/wp-json\/wp\/v2\/posts\/472\/revisions\/3534"}],"wp:featuredmedia":[{"embeddable":true,"href":"https:\/\/www.cabinet-magar.fr\/de\/wp-json\/wp\/v2\/media\/3535"}],"wp:attachment":[{"href":"https:\/\/www.cabinet-magar.fr\/de\/wp-json\/wp\/v2\/media?parent=472"}],"wp:term":[{"taxonomy":"category","embeddable":true,"href":"https:\/\/www.cabinet-magar.fr\/de\/wp-json\/wp\/v2\/categories?post=472"},{"taxonomy":"post_tag","embeddable":true,"href":"https:\/\/www.cabinet-magar.fr\/de\/wp-json\/wp\/v2\/tags?post=472"}],"curies":[{"name":"wp","href":"https:\/\/api.w.org\/{rel}","templated":true}]}}