{"id":471,"date":"2021-03-02T05:46:00","date_gmt":"2021-03-02T04:46:00","guid":{"rendered":"https:\/\/www.cabinet-magar.fr\/travailleurs-frontaliers-une-exoneration-dimpot-pour-vos-heures-supplementaires\/"},"modified":"2021-04-02T03:00:18","modified_gmt":"2021-04-02T01:00:18","slug":"travailleurs-frontaliers-une-exoneration-dimpot-pour-vos-heures-supplementaires","status":"publish","type":"post","link":"https:\/\/www.cabinet-magar.fr\/de\/actualites\/travailleurs-frontaliers-une-exoneration-dimpot-pour-vos-heures-supplementaires\/","title":{"rendered":"Travailleurs frontaliers : une exon\u00e9ration d\u2019imp\u00f4t pour vos heures suppl\u00e9mentaires ?"},"content":{"rendered":"<p >Depuis le 1er janvier 2019, les sommes vers\u00e9es au titre des heures suppl\u00e9mentaires effectu\u00e9es par un salari\u00e9 sont exon\u00e9r\u00e9es d\u2019imp\u00f4t sur le revenu dans la limite annuelle de 5 000 \u20ac. Cette exon\u00e9ration profite-t-elle aux travailleurs frontaliers ? R\u00e9ponse\u2026<\/p>\n<div>\n<h2> Travailleurs frontaliers : une exon\u00e9ration d\u2019imp\u00f4t pour vos heures suppl\u00e9mentaires !<\/h2>\n<p>Depuis le 1er janvier 2019, les heures suppl\u00e9mentaires b\u00e9n\u00e9ficient d\u2019une exon\u00e9ration d\u2019imp\u00f4t sur le revenu dans la limite annuelle de 5 000 \u20ac par an et par salari\u00e9.<\/p>\n<p>Le Gouvernement vient de pr\u00e9ciser que cette exon\u00e9ration s\u2019applique \u00e9galement aux salari\u00e9s frontaliers qui r\u00e9sident en France et travaillent dans des pays auxquels la France est li\u00e9e par des conventions fiscales pr\u00e9voyant l\u2019imposition en France des r\u00e9mun\u00e9rations du travail, pour les heures qu\u2019ils effectuent au-del\u00e0 de la dur\u00e9e l\u00e9gale du travail telle que pr\u00e9vue dans l\u2019Etat o\u00f9 ils exercent leur activit\u00e9.<\/p>\n<p>Dans le cas o\u00f9 l\u2019Etat en question ne fixe pas de dur\u00e9e l\u00e9gale de travail, il faut se r\u00e9f\u00e9rer \u00e0 la dur\u00e9e pr\u00e9vue par une convention ou un accord professionnel ou interprofessionnel. Si ces documents fixent une dur\u00e9e de travail hebdomadaire inf\u00e9rieure \u00e0 35 heures, seules les heures effectu\u00e9es au-del\u00e0 de 35 heure sont exon\u00e9r\u00e9es.<\/p>\n<p>Notez enfin que cette exon\u00e9ration d\u2019imp\u00f4t profite aussi :<\/p>\n<ul>\n<li>aux personnes qui r\u00e9sident en France et qui travaillent \u00e0 Monaco ;<\/li>\n<li>aux Fran\u00e7ais qui r\u00e9sident et travaillent \u00e0 Monaco mais qui, au regard de la convention fiscale franco-mon\u00e9gasque, sont soumis \u00e0 l\u2019imp\u00f4t sur le revenu en France.<\/li>\n<\/ul>\n<p>Pour m\u00e9moire, rappelons que dans le cadre de la crise sanitaire, le plafond de 5 000 \u20ac est port\u00e9 \u00e0 7 500 \u20ac pour les heures suppl\u00e9mentaires effectu\u00e9es entre le 16 mars 2020 et la fin de l\u2019\u00e9tat d\u2019urgence sanitaire. Concernant les heures travaill\u00e9es hors de la p\u00e9riode de l\u2019\u00e9tat d\u2019urgence sanitaire, la limite annuelle d\u2019exon\u00e9ration reste fix\u00e9e \u00e0 5 000 \u20ac.<\/p>\n<p>Source : R\u00e9ponse minist\u00e9rielle Reitzer du 22 d\u00e9cembre 2020, Assembl\u00e9e nationale, n\u00b030208<\/p>\n<p><a href=\"https:\/\/www.weblex.fr\/weblex-actualite\/travailleurs-frontaliers-une-exoneration-dimpot-pour-vos-heures-supplementaires\" target=\"_blank\" rel=\"noopener\">Travailleurs frontaliers : une exon\u00e9ration d\u2019imp\u00f4t pour vos heures suppl\u00e9mentaires ?<\/a> \u00a9 Copyright WebLex &#8211; 2021<\/p>\n<\/div>\n<p><img src='https:\/\/www.weblex.fr\/images\/flux_actus\/frontalier.jpg'><\/p>\n","protected":false},"excerpt":{"rendered":"<p>Depuis le 1er janvier 2019, les sommes vers\u00e9es au titre des heures suppl\u00e9mentaires effectu\u00e9es par un salari\u00e9 sont exon\u00e9r\u00e9es d\u2019imp\u00f4t sur le revenu dans la limite annuelle de 5 000 \u20ac. Cette exon\u00e9ration profite-t-elle aux travailleurs frontaliers ? R\u00e9ponse\u2026<\/p>\n","protected":false},"author":0,"featured_media":3533,"comment_status":"open","ping_status":"closed","sticky":false,"template":"","format":"standard","meta":{"_acf_changed":false,"footnotes":""},"categories":[11,7],"tags":[],"class_list":["post-471","post","type-post","status-publish","format-standard","has-post-thumbnail","hentry","category-actu-fiscale","category-actualites"],"acf":[],"yoast_head":"<!-- This site is optimized with the Yoast SEO plugin v27.2 - https:\/\/yoast.com\/product\/yoast-seo-wordpress\/ -->\n<title>Travailleurs frontaliers : une exon\u00e9ration d\u2019imp\u00f4t pour vos heures suppl\u00e9mentaires ? - Cabinet Magar<\/title>\n<meta name=\"robots\" content=\"index, follow, max-snippet:-1, max-image-preview:large, max-video-preview:-1\" \/>\n<link rel=\"canonical\" href=\"https:\/\/www.cabinet-magar.fr\/actualites\/travailleurs-frontaliers-une-exoneration-dimpot-pour-vos-heures-supplementaires\/\" \/>\n<meta property=\"og:locale\" content=\"de_DE\" \/>\n<meta property=\"og:type\" content=\"article\" \/>\n<meta property=\"og:title\" content=\"Travailleurs frontaliers : une exon\u00e9ration d\u2019imp\u00f4t pour vos heures suppl\u00e9mentaires ? - Cabinet Magar\" \/>\n<meta property=\"og:description\" content=\"Depuis le 1er janvier 2019, les sommes vers\u00e9es au titre des heures suppl\u00e9mentaires effectu\u00e9es par un salari\u00e9 sont exon\u00e9r\u00e9es d\u2019imp\u00f4t sur le revenu dans la limite annuelle de 5 000 \u20ac. Cette exon\u00e9ration profite-t-elle aux travailleurs frontaliers ? R\u00e9ponse\u2026\" \/>\n<meta property=\"og:url\" content=\"https:\/\/www.cabinet-magar.fr\/actualites\/travailleurs-frontaliers-une-exoneration-dimpot-pour-vos-heures-supplementaires\/\" \/>\n<meta property=\"og:site_name\" content=\"Cabinet Magar\" \/>\n<meta property=\"article:published_time\" content=\"2021-03-02T04:46:00+00:00\" \/>\n<meta property=\"article:modified_time\" content=\"2021-04-02T01:00:18+00:00\" \/>\n<meta property=\"og:image\" content=\"https:\/\/www.cabinet-magar.fr\/wp-content\/uploads\/2021\/04\/frontalier.jpg\" \/>\n\t<meta property=\"og:image:width\" content=\"600\" \/>\n\t<meta property=\"og:image:height\" content=\"400\" \/>\n\t<meta property=\"og:image:type\" content=\"image\/jpeg\" \/>\n<meta name=\"twitter:card\" content=\"summary_large_image\" \/>\n<meta name=\"twitter:label1\" content=\"Gesch\u00e4tzte Lesezeit\" \/>\n\t<meta name=\"twitter:data1\" content=\"2\u00a0Minuten\" \/>\n<script type=\"application\/ld+json\" class=\"yoast-schema-graph\">{\"@context\":\"https:\/\/schema.org\",\"@graph\":[{\"@type\":\"Article\",\"@id\":\"https:\/\/www.cabinet-magar.fr\/actualites\/travailleurs-frontaliers-une-exoneration-dimpot-pour-vos-heures-supplementaires\/#article\",\"isPartOf\":{\"@id\":\"https:\/\/www.cabinet-magar.fr\/actualites\/travailleurs-frontaliers-une-exoneration-dimpot-pour-vos-heures-supplementaires\/\"},\"author\":{\"name\":\"\",\"@id\":\"\"},\"headline\":\"Travailleurs frontaliers : une exon\u00e9ration d\u2019imp\u00f4t pour vos heures suppl\u00e9mentaires ?\",\"datePublished\":\"2021-03-02T04:46:00+00:00\",\"dateModified\":\"2021-04-02T01:00:18+00:00\",\"mainEntityOfPage\":{\"@id\":\"https:\/\/www.cabinet-magar.fr\/actualites\/travailleurs-frontaliers-une-exoneration-dimpot-pour-vos-heures-supplementaires\/\"},\"wordCount\":380,\"commentCount\":0,\"image\":{\"@id\":\"https:\/\/www.cabinet-magar.fr\/actualites\/travailleurs-frontaliers-une-exoneration-dimpot-pour-vos-heures-supplementaires\/#primaryimage\"},\"thumbnailUrl\":\"https:\/\/www.cabinet-magar.fr\/wp-content\/uploads\/2021\/04\/frontalier.jpg\",\"articleSection\":[\"Actu Fiscale\",\"Actualit\u00e9s\"],\"inLanguage\":\"de\",\"potentialAction\":[{\"@type\":\"CommentAction\",\"name\":\"Comment\",\"target\":[\"https:\/\/www.cabinet-magar.fr\/actualites\/travailleurs-frontaliers-une-exoneration-dimpot-pour-vos-heures-supplementaires\/#respond\"]}]},{\"@type\":\"WebPage\",\"@id\":\"https:\/\/www.cabinet-magar.fr\/actualites\/travailleurs-frontaliers-une-exoneration-dimpot-pour-vos-heures-supplementaires\/\",\"url\":\"https:\/\/www.cabinet-magar.fr\/actualites\/travailleurs-frontaliers-une-exoneration-dimpot-pour-vos-heures-supplementaires\/\",\"name\":\"Travailleurs frontaliers : une exon\u00e9ration d\u2019imp\u00f4t pour vos heures suppl\u00e9mentaires ? - Cabinet Magar\",\"isPartOf\":{\"@id\":\"https:\/\/www.cabinet-magar.fr\/#website\"},\"primaryImageOfPage\":{\"@id\":\"https:\/\/www.cabinet-magar.fr\/actualites\/travailleurs-frontaliers-une-exoneration-dimpot-pour-vos-heures-supplementaires\/#primaryimage\"},\"image\":{\"@id\":\"https:\/\/www.cabinet-magar.fr\/actualites\/travailleurs-frontaliers-une-exoneration-dimpot-pour-vos-heures-supplementaires\/#primaryimage\"},\"thumbnailUrl\":\"https:\/\/www.cabinet-magar.fr\/wp-content\/uploads\/2021\/04\/frontalier.jpg\",\"datePublished\":\"2021-03-02T04:46:00+00:00\",\"dateModified\":\"2021-04-02T01:00:18+00:00\",\"author\":{\"@id\":\"\"},\"breadcrumb\":{\"@id\":\"https:\/\/www.cabinet-magar.fr\/actualites\/travailleurs-frontaliers-une-exoneration-dimpot-pour-vos-heures-supplementaires\/#breadcrumb\"},\"inLanguage\":\"de\",\"potentialAction\":[{\"@type\":\"ReadAction\",\"target\":[\"https:\/\/www.cabinet-magar.fr\/actualites\/travailleurs-frontaliers-une-exoneration-dimpot-pour-vos-heures-supplementaires\/\"]}]},{\"@type\":\"ImageObject\",\"inLanguage\":\"de\",\"@id\":\"https:\/\/www.cabinet-magar.fr\/actualites\/travailleurs-frontaliers-une-exoneration-dimpot-pour-vos-heures-supplementaires\/#primaryimage\",\"url\":\"https:\/\/www.cabinet-magar.fr\/wp-content\/uploads\/2021\/04\/frontalier.jpg\",\"contentUrl\":\"https:\/\/www.cabinet-magar.fr\/wp-content\/uploads\/2021\/04\/frontalier.jpg\",\"width\":600,\"height\":400},{\"@type\":\"BreadcrumbList\",\"@id\":\"https:\/\/www.cabinet-magar.fr\/actualites\/travailleurs-frontaliers-une-exoneration-dimpot-pour-vos-heures-supplementaires\/#breadcrumb\",\"itemListElement\":[{\"@type\":\"ListItem\",\"position\":1,\"name\":\"Accueil\",\"item\":\"https:\/\/www.cabinet-magar.fr\/de\/\"},{\"@type\":\"ListItem\",\"position\":2,\"name\":\"Travailleurs frontaliers : une exon\u00e9ration d\u2019imp\u00f4t pour vos heures suppl\u00e9mentaires ?\"}]},{\"@type\":\"WebSite\",\"@id\":\"https:\/\/www.cabinet-magar.fr\/#website\",\"url\":\"https:\/\/www.cabinet-magar.fr\/\",\"name\":\"Cabinet Magar\",\"description\":\"\",\"potentialAction\":[{\"@type\":\"SearchAction\",\"target\":{\"@type\":\"EntryPoint\",\"urlTemplate\":\"https:\/\/www.cabinet-magar.fr\/?s={search_term_string}\"},\"query-input\":{\"@type\":\"PropertyValueSpecification\",\"valueRequired\":true,\"valueName\":\"search_term_string\"}}],\"inLanguage\":\"de\"}]}<\/script>\n<!-- \/ Yoast SEO plugin. -->","yoast_head_json":{"title":"Travailleurs frontaliers : une exon\u00e9ration d\u2019imp\u00f4t pour vos heures suppl\u00e9mentaires ? - Cabinet Magar","robots":{"index":"index","follow":"follow","max-snippet":"max-snippet:-1","max-image-preview":"max-image-preview:large","max-video-preview":"max-video-preview:-1"},"canonical":"https:\/\/www.cabinet-magar.fr\/actualites\/travailleurs-frontaliers-une-exoneration-dimpot-pour-vos-heures-supplementaires\/","og_locale":"de_DE","og_type":"article","og_title":"Travailleurs frontaliers : une exon\u00e9ration d\u2019imp\u00f4t pour vos heures suppl\u00e9mentaires ? - Cabinet Magar","og_description":"Depuis le 1er janvier 2019, les sommes vers\u00e9es au titre des heures suppl\u00e9mentaires effectu\u00e9es par un salari\u00e9 sont exon\u00e9r\u00e9es d\u2019imp\u00f4t sur le revenu dans la limite annuelle de 5 000 \u20ac. Cette exon\u00e9ration profite-t-elle aux travailleurs frontaliers ? R\u00e9ponse\u2026","og_url":"https:\/\/www.cabinet-magar.fr\/actualites\/travailleurs-frontaliers-une-exoneration-dimpot-pour-vos-heures-supplementaires\/","og_site_name":"Cabinet Magar","article_published_time":"2021-03-02T04:46:00+00:00","article_modified_time":"2021-04-02T01:00:18+00:00","og_image":[{"width":600,"height":400,"url":"https:\/\/www.cabinet-magar.fr\/wp-content\/uploads\/2021\/04\/frontalier.jpg","type":"image\/jpeg"}],"twitter_card":"summary_large_image","twitter_misc":{"Gesch\u00e4tzte Lesezeit":"2\u00a0Minuten"},"schema":{"@context":"https:\/\/schema.org","@graph":[{"@type":"Article","@id":"https:\/\/www.cabinet-magar.fr\/actualites\/travailleurs-frontaliers-une-exoneration-dimpot-pour-vos-heures-supplementaires\/#article","isPartOf":{"@id":"https:\/\/www.cabinet-magar.fr\/actualites\/travailleurs-frontaliers-une-exoneration-dimpot-pour-vos-heures-supplementaires\/"},"author":{"name":"","@id":""},"headline":"Travailleurs frontaliers : une exon\u00e9ration d\u2019imp\u00f4t pour vos heures suppl\u00e9mentaires ?","datePublished":"2021-03-02T04:46:00+00:00","dateModified":"2021-04-02T01:00:18+00:00","mainEntityOfPage":{"@id":"https:\/\/www.cabinet-magar.fr\/actualites\/travailleurs-frontaliers-une-exoneration-dimpot-pour-vos-heures-supplementaires\/"},"wordCount":380,"commentCount":0,"image":{"@id":"https:\/\/www.cabinet-magar.fr\/actualites\/travailleurs-frontaliers-une-exoneration-dimpot-pour-vos-heures-supplementaires\/#primaryimage"},"thumbnailUrl":"https:\/\/www.cabinet-magar.fr\/wp-content\/uploads\/2021\/04\/frontalier.jpg","articleSection":["Actu Fiscale","Actualit\u00e9s"],"inLanguage":"de","potentialAction":[{"@type":"CommentAction","name":"Comment","target":["https:\/\/www.cabinet-magar.fr\/actualites\/travailleurs-frontaliers-une-exoneration-dimpot-pour-vos-heures-supplementaires\/#respond"]}]},{"@type":"WebPage","@id":"https:\/\/www.cabinet-magar.fr\/actualites\/travailleurs-frontaliers-une-exoneration-dimpot-pour-vos-heures-supplementaires\/","url":"https:\/\/www.cabinet-magar.fr\/actualites\/travailleurs-frontaliers-une-exoneration-dimpot-pour-vos-heures-supplementaires\/","name":"Travailleurs frontaliers : une exon\u00e9ration d\u2019imp\u00f4t pour vos heures suppl\u00e9mentaires ? - Cabinet Magar","isPartOf":{"@id":"https:\/\/www.cabinet-magar.fr\/#website"},"primaryImageOfPage":{"@id":"https:\/\/www.cabinet-magar.fr\/actualites\/travailleurs-frontaliers-une-exoneration-dimpot-pour-vos-heures-supplementaires\/#primaryimage"},"image":{"@id":"https:\/\/www.cabinet-magar.fr\/actualites\/travailleurs-frontaliers-une-exoneration-dimpot-pour-vos-heures-supplementaires\/#primaryimage"},"thumbnailUrl":"https:\/\/www.cabinet-magar.fr\/wp-content\/uploads\/2021\/04\/frontalier.jpg","datePublished":"2021-03-02T04:46:00+00:00","dateModified":"2021-04-02T01:00:18+00:00","author":{"@id":""},"breadcrumb":{"@id":"https:\/\/www.cabinet-magar.fr\/actualites\/travailleurs-frontaliers-une-exoneration-dimpot-pour-vos-heures-supplementaires\/#breadcrumb"},"inLanguage":"de","potentialAction":[{"@type":"ReadAction","target":["https:\/\/www.cabinet-magar.fr\/actualites\/travailleurs-frontaliers-une-exoneration-dimpot-pour-vos-heures-supplementaires\/"]}]},{"@type":"ImageObject","inLanguage":"de","@id":"https:\/\/www.cabinet-magar.fr\/actualites\/travailleurs-frontaliers-une-exoneration-dimpot-pour-vos-heures-supplementaires\/#primaryimage","url":"https:\/\/www.cabinet-magar.fr\/wp-content\/uploads\/2021\/04\/frontalier.jpg","contentUrl":"https:\/\/www.cabinet-magar.fr\/wp-content\/uploads\/2021\/04\/frontalier.jpg","width":600,"height":400},{"@type":"BreadcrumbList","@id":"https:\/\/www.cabinet-magar.fr\/actualites\/travailleurs-frontaliers-une-exoneration-dimpot-pour-vos-heures-supplementaires\/#breadcrumb","itemListElement":[{"@type":"ListItem","position":1,"name":"Accueil","item":"https:\/\/www.cabinet-magar.fr\/de\/"},{"@type":"ListItem","position":2,"name":"Travailleurs frontaliers : une exon\u00e9ration d\u2019imp\u00f4t pour vos heures suppl\u00e9mentaires ?"}]},{"@type":"WebSite","@id":"https:\/\/www.cabinet-magar.fr\/#website","url":"https:\/\/www.cabinet-magar.fr\/","name":"Cabinet Magar","description":"","potentialAction":[{"@type":"SearchAction","target":{"@type":"EntryPoint","urlTemplate":"https:\/\/www.cabinet-magar.fr\/?s={search_term_string}"},"query-input":{"@type":"PropertyValueSpecification","valueRequired":true,"valueName":"search_term_string"}}],"inLanguage":"de"}]}},"_links":{"self":[{"href":"https:\/\/www.cabinet-magar.fr\/de\/wp-json\/wp\/v2\/posts\/471","targetHints":{"allow":["GET"]}}],"collection":[{"href":"https:\/\/www.cabinet-magar.fr\/de\/wp-json\/wp\/v2\/posts"}],"about":[{"href":"https:\/\/www.cabinet-magar.fr\/de\/wp-json\/wp\/v2\/types\/post"}],"replies":[{"embeddable":true,"href":"https:\/\/www.cabinet-magar.fr\/de\/wp-json\/wp\/v2\/comments?post=471"}],"version-history":[{"count":1,"href":"https:\/\/www.cabinet-magar.fr\/de\/wp-json\/wp\/v2\/posts\/471\/revisions"}],"predecessor-version":[{"id":3532,"href":"https:\/\/www.cabinet-magar.fr\/de\/wp-json\/wp\/v2\/posts\/471\/revisions\/3532"}],"wp:featuredmedia":[{"embeddable":true,"href":"https:\/\/www.cabinet-magar.fr\/de\/wp-json\/wp\/v2\/media\/3533"}],"wp:attachment":[{"href":"https:\/\/www.cabinet-magar.fr\/de\/wp-json\/wp\/v2\/media?parent=471"}],"wp:term":[{"taxonomy":"category","embeddable":true,"href":"https:\/\/www.cabinet-magar.fr\/de\/wp-json\/wp\/v2\/categories?post=471"},{"taxonomy":"post_tag","embeddable":true,"href":"https:\/\/www.cabinet-magar.fr\/de\/wp-json\/wp\/v2\/tags?post=471"}],"curies":[{"name":"wp","href":"https:\/\/api.w.org\/{rel}","templated":true}]}}