{"id":470,"date":"2021-03-02T05:47:00","date_gmt":"2021-03-02T04:47:00","guid":{"rendered":"https:\/\/www.cabinet-magar.fr\/recepisse-de-consignation-cest-fini\/"},"modified":"2021-04-02T03:00:15","modified_gmt":"2021-04-02T01:00:15","slug":"recepisse-de-consignation-cest-fini","status":"publish","type":"post","link":"https:\/\/www.cabinet-magar.fr\/de\/actualites\/recepisse-de-consignation-cest-fini\/","title":{"rendered":"R\u00e9c\u00e9piss\u00e9 de consignation : c\u2019est fini !"},"content":{"rendered":"<p >Le r\u00e9c\u00e9piss\u00e9 de consignation, remis aux personnes exer\u00e7ant une activit\u00e9 lucrative sur la voie ou dans un lieu public n\u2019ayant pas de domicile ou de r\u00e9sidence fixe en France depuis plus de 6 mois en contrepartie du d\u00e9p\u00f4t, aupr\u00e8s de l\u2019administration fiscale, d\u2019une somme en garantie des imp\u00f4ts et taxes dont elles sont redevables est d\u00e9finitivement supprim\u00e9. Arr\u00eat sur image\u2026<\/p>\n<div>\n<h2> Un document qui n\u2019est plus d\u00e9livr\u00e9 depuis le 8 d\u00e9cembre 2020<\/h2>\n<p>Jusqu\u2019\u00e0 pr\u00e9sent, les personnes qui exer\u00e7aient une activit\u00e9 lucrative sur la voie ou dans un lieu public sans avoir en France de domicile ou de r\u00e9sidence fixe depuis plus de 6 mois devaient :<\/p>\n<ul>\n<li>se faire conna\u00eetre de l&#8217;administration fiscale ;<\/li>\n<li>et d\u00e9poser trimestriellement dans un service des imp\u00f4ts des entreprises une somme en garantie du recouvrement des imp\u00f4ts et taxes dont elles \u00e9taient redevables.<\/li>\n<\/ul>\n<p>En contrepartie, il leur \u00e9tait remis un r\u00e9c\u00e9piss\u00e9 de consignation, muni d\u2019une photographie, devant \u00eatre pr\u00e9sent\u00e9 \u00e0 toute personne habilit\u00e9e sur simple demande.<\/p>\n<p>Par mesure de simplification, il \u00e9tait possible d\u2019obtenir ce m\u00eame r\u00e9c\u00e9piss\u00e9 sans avoir \u00e0 avancer de garantie, en justifiant du respect de ses obligations d\u00e9claratives en mati\u00e8re fiscale et du r\u00e8glement de ses imp\u00f4ts et taxes.<\/p>\n<p>Mais, parce que cette obligation n\u2019existait pas pour d\u2019autres cat\u00e9gories de commer\u00e7ants, et parce qu\u2019elle constituait une charge tant pour les usagers que pour l\u2019administration fiscale, les dispositions relatives au r\u00e9c\u00e9piss\u00e9 de consignation ont \u00e9t\u00e9 supprim\u00e9es le 8 d\u00e9cembre 2020.<\/p>\n<p>Les personnes concern\u00e9es sont d\u00e9sormais invit\u00e9es \u00e0 se procurer aupr\u00e8s des services comp\u00e9tents un extrait Kbis pour justifier de leur inscription au registre du commerce et des soci\u00e9t\u00e9s (RCS) et prouver leur existence l\u00e9gale.<\/p>\n<p>Source : Actualit\u00e9 du 17 f\u00e9vrier 2021 sur le site Internet des imp\u00f4ts (impots.gouv.fr)<\/p>\n<p><a href=\"https:\/\/www.weblex.fr\/weblex-actualite\/recepisse-de-consignation-cest-fini\" target=\"_blank\" rel=\"noopener\">R\u00e9c\u00e9piss\u00e9 de consignation : c\u2019est fini !<\/a> \u00a9 Copyright WebLex &#8211; 2021<\/p>\n<\/div>\n<p><img src='https:\/\/www.weblex.fr\/images\/flux_actus\/fin.jpg'><\/p>\n","protected":false},"excerpt":{"rendered":"<p>Le r\u00e9c\u00e9piss\u00e9 de consignation, remis aux personnes exer\u00e7ant une activit\u00e9 lucrative sur la voie ou dans un lieu public n\u2019ayant pas de domicile ou de r\u00e9sidence fixe en France depuis plus de 6 mois en contrepartie du d\u00e9p\u00f4t, aupr\u00e8s de l\u2019administration fiscale, d\u2019une somme en garantie des imp\u00f4ts et taxes dont elles sont redevables est d\u00e9finitivement supprim\u00e9. Arr\u00eat sur image\u2026<\/p>\n","protected":false},"author":0,"featured_media":3531,"comment_status":"open","ping_status":"closed","sticky":false,"template":"","format":"standard","meta":{"_acf_changed":false,"footnotes":""},"categories":[11,7],"tags":[],"class_list":["post-470","post","type-post","status-publish","format-standard","has-post-thumbnail","hentry","category-actu-fiscale","category-actualites"],"acf":[],"yoast_head":"<!-- This site is optimized with the Yoast SEO plugin v27.2 - https:\/\/yoast.com\/product\/yoast-seo-wordpress\/ -->\n<title>R\u00e9c\u00e9piss\u00e9 de consignation : c\u2019est fini ! - Cabinet Magar<\/title>\n<meta name=\"robots\" content=\"index, follow, max-snippet:-1, max-image-preview:large, max-video-preview:-1\" \/>\n<link rel=\"canonical\" href=\"https:\/\/www.cabinet-magar.fr\/actualites\/recepisse-de-consignation-cest-fini\/\" \/>\n<meta property=\"og:locale\" content=\"de_DE\" \/>\n<meta property=\"og:type\" content=\"article\" \/>\n<meta property=\"og:title\" content=\"R\u00e9c\u00e9piss\u00e9 de consignation : c\u2019est fini ! - Cabinet Magar\" \/>\n<meta property=\"og:description\" content=\"Le r\u00e9c\u00e9piss\u00e9 de consignation, remis aux personnes exer\u00e7ant une activit\u00e9 lucrative sur la voie ou dans un lieu public n\u2019ayant pas de domicile ou de r\u00e9sidence fixe en France depuis plus de 6 mois en contrepartie du d\u00e9p\u00f4t, aupr\u00e8s de l\u2019administration fiscale, d\u2019une somme en garantie des imp\u00f4ts et taxes dont elles sont redevables est d\u00e9finitivement supprim\u00e9. Arr\u00eat sur image\u2026\" \/>\n<meta property=\"og:url\" content=\"https:\/\/www.cabinet-magar.fr\/actualites\/recepisse-de-consignation-cest-fini\/\" \/>\n<meta property=\"og:site_name\" content=\"Cabinet Magar\" \/>\n<meta property=\"article:published_time\" content=\"2021-03-02T04:47:00+00:00\" \/>\n<meta property=\"article:modified_time\" content=\"2021-04-02T01:00:15+00:00\" \/>\n<meta property=\"og:image\" content=\"https:\/\/www.cabinet-magar.fr\/wp-content\/uploads\/2021\/04\/fin.jpg\" \/>\n\t<meta property=\"og:image:width\" content=\"600\" \/>\n\t<meta property=\"og:image:height\" content=\"400\" \/>\n\t<meta property=\"og:image:type\" content=\"image\/jpeg\" \/>\n<meta name=\"twitter:card\" content=\"summary_large_image\" \/>\n<meta name=\"twitter:label1\" content=\"Gesch\u00e4tzte Lesezeit\" \/>\n\t<meta name=\"twitter:data1\" content=\"2\u00a0Minuten\" \/>\n<script type=\"application\/ld+json\" class=\"yoast-schema-graph\">{\"@context\":\"https:\/\/schema.org\",\"@graph\":[{\"@type\":\"Article\",\"@id\":\"https:\/\/www.cabinet-magar.fr\/actualites\/recepisse-de-consignation-cest-fini\/#article\",\"isPartOf\":{\"@id\":\"https:\/\/www.cabinet-magar.fr\/actualites\/recepisse-de-consignation-cest-fini\/\"},\"author\":{\"name\":\"\",\"@id\":\"\"},\"headline\":\"R\u00e9c\u00e9piss\u00e9 de consignation : c\u2019est fini !\",\"datePublished\":\"2021-03-02T04:47:00+00:00\",\"dateModified\":\"2021-04-02T01:00:15+00:00\",\"mainEntityOfPage\":{\"@id\":\"https:\/\/www.cabinet-magar.fr\/actualites\/recepisse-de-consignation-cest-fini\/\"},\"wordCount\":347,\"commentCount\":0,\"image\":{\"@id\":\"https:\/\/www.cabinet-magar.fr\/actualites\/recepisse-de-consignation-cest-fini\/#primaryimage\"},\"thumbnailUrl\":\"https:\/\/www.cabinet-magar.fr\/wp-content\/uploads\/2021\/04\/fin.jpg\",\"articleSection\":[\"Actu Fiscale\",\"Actualit\u00e9s\"],\"inLanguage\":\"de\",\"potentialAction\":[{\"@type\":\"CommentAction\",\"name\":\"Comment\",\"target\":[\"https:\/\/www.cabinet-magar.fr\/actualites\/recepisse-de-consignation-cest-fini\/#respond\"]}]},{\"@type\":\"WebPage\",\"@id\":\"https:\/\/www.cabinet-magar.fr\/actualites\/recepisse-de-consignation-cest-fini\/\",\"url\":\"https:\/\/www.cabinet-magar.fr\/actualites\/recepisse-de-consignation-cest-fini\/\",\"name\":\"R\u00e9c\u00e9piss\u00e9 de consignation : c\u2019est fini ! - Cabinet Magar\",\"isPartOf\":{\"@id\":\"https:\/\/www.cabinet-magar.fr\/#website\"},\"primaryImageOfPage\":{\"@id\":\"https:\/\/www.cabinet-magar.fr\/actualites\/recepisse-de-consignation-cest-fini\/#primaryimage\"},\"image\":{\"@id\":\"https:\/\/www.cabinet-magar.fr\/actualites\/recepisse-de-consignation-cest-fini\/#primaryimage\"},\"thumbnailUrl\":\"https:\/\/www.cabinet-magar.fr\/wp-content\/uploads\/2021\/04\/fin.jpg\",\"datePublished\":\"2021-03-02T04:47:00+00:00\",\"dateModified\":\"2021-04-02T01:00:15+00:00\",\"author\":{\"@id\":\"\"},\"breadcrumb\":{\"@id\":\"https:\/\/www.cabinet-magar.fr\/actualites\/recepisse-de-consignation-cest-fini\/#breadcrumb\"},\"inLanguage\":\"de\",\"potentialAction\":[{\"@type\":\"ReadAction\",\"target\":[\"https:\/\/www.cabinet-magar.fr\/actualites\/recepisse-de-consignation-cest-fini\/\"]}]},{\"@type\":\"ImageObject\",\"inLanguage\":\"de\",\"@id\":\"https:\/\/www.cabinet-magar.fr\/actualites\/recepisse-de-consignation-cest-fini\/#primaryimage\",\"url\":\"https:\/\/www.cabinet-magar.fr\/wp-content\/uploads\/2021\/04\/fin.jpg\",\"contentUrl\":\"https:\/\/www.cabinet-magar.fr\/wp-content\/uploads\/2021\/04\/fin.jpg\",\"width\":600,\"height\":400},{\"@type\":\"BreadcrumbList\",\"@id\":\"https:\/\/www.cabinet-magar.fr\/actualites\/recepisse-de-consignation-cest-fini\/#breadcrumb\",\"itemListElement\":[{\"@type\":\"ListItem\",\"position\":1,\"name\":\"Accueil\",\"item\":\"https:\/\/www.cabinet-magar.fr\/de\/\"},{\"@type\":\"ListItem\",\"position\":2,\"name\":\"R\u00e9c\u00e9piss\u00e9 de consignation : c\u2019est fini !\"}]},{\"@type\":\"WebSite\",\"@id\":\"https:\/\/www.cabinet-magar.fr\/#website\",\"url\":\"https:\/\/www.cabinet-magar.fr\/\",\"name\":\"Cabinet Magar\",\"description\":\"\",\"potentialAction\":[{\"@type\":\"SearchAction\",\"target\":{\"@type\":\"EntryPoint\",\"urlTemplate\":\"https:\/\/www.cabinet-magar.fr\/?s={search_term_string}\"},\"query-input\":{\"@type\":\"PropertyValueSpecification\",\"valueRequired\":true,\"valueName\":\"search_term_string\"}}],\"inLanguage\":\"de\"}]}<\/script>\n<!-- \/ Yoast SEO plugin. -->","yoast_head_json":{"title":"R\u00e9c\u00e9piss\u00e9 de consignation : c\u2019est fini ! - Cabinet Magar","robots":{"index":"index","follow":"follow","max-snippet":"max-snippet:-1","max-image-preview":"max-image-preview:large","max-video-preview":"max-video-preview:-1"},"canonical":"https:\/\/www.cabinet-magar.fr\/actualites\/recepisse-de-consignation-cest-fini\/","og_locale":"de_DE","og_type":"article","og_title":"R\u00e9c\u00e9piss\u00e9 de consignation : c\u2019est fini ! - Cabinet Magar","og_description":"Le r\u00e9c\u00e9piss\u00e9 de consignation, remis aux personnes exer\u00e7ant une activit\u00e9 lucrative sur la voie ou dans un lieu public n\u2019ayant pas de domicile ou de r\u00e9sidence fixe en France depuis plus de 6 mois en contrepartie du d\u00e9p\u00f4t, aupr\u00e8s de l\u2019administration fiscale, d\u2019une somme en garantie des imp\u00f4ts et taxes dont elles sont redevables est d\u00e9finitivement supprim\u00e9. Arr\u00eat sur image\u2026","og_url":"https:\/\/www.cabinet-magar.fr\/actualites\/recepisse-de-consignation-cest-fini\/","og_site_name":"Cabinet Magar","article_published_time":"2021-03-02T04:47:00+00:00","article_modified_time":"2021-04-02T01:00:15+00:00","og_image":[{"width":600,"height":400,"url":"https:\/\/www.cabinet-magar.fr\/wp-content\/uploads\/2021\/04\/fin.jpg","type":"image\/jpeg"}],"twitter_card":"summary_large_image","twitter_misc":{"Gesch\u00e4tzte Lesezeit":"2\u00a0Minuten"},"schema":{"@context":"https:\/\/schema.org","@graph":[{"@type":"Article","@id":"https:\/\/www.cabinet-magar.fr\/actualites\/recepisse-de-consignation-cest-fini\/#article","isPartOf":{"@id":"https:\/\/www.cabinet-magar.fr\/actualites\/recepisse-de-consignation-cest-fini\/"},"author":{"name":"","@id":""},"headline":"R\u00e9c\u00e9piss\u00e9 de consignation : c\u2019est fini !","datePublished":"2021-03-02T04:47:00+00:00","dateModified":"2021-04-02T01:00:15+00:00","mainEntityOfPage":{"@id":"https:\/\/www.cabinet-magar.fr\/actualites\/recepisse-de-consignation-cest-fini\/"},"wordCount":347,"commentCount":0,"image":{"@id":"https:\/\/www.cabinet-magar.fr\/actualites\/recepisse-de-consignation-cest-fini\/#primaryimage"},"thumbnailUrl":"https:\/\/www.cabinet-magar.fr\/wp-content\/uploads\/2021\/04\/fin.jpg","articleSection":["Actu Fiscale","Actualit\u00e9s"],"inLanguage":"de","potentialAction":[{"@type":"CommentAction","name":"Comment","target":["https:\/\/www.cabinet-magar.fr\/actualites\/recepisse-de-consignation-cest-fini\/#respond"]}]},{"@type":"WebPage","@id":"https:\/\/www.cabinet-magar.fr\/actualites\/recepisse-de-consignation-cest-fini\/","url":"https:\/\/www.cabinet-magar.fr\/actualites\/recepisse-de-consignation-cest-fini\/","name":"R\u00e9c\u00e9piss\u00e9 de consignation : c\u2019est fini ! - Cabinet Magar","isPartOf":{"@id":"https:\/\/www.cabinet-magar.fr\/#website"},"primaryImageOfPage":{"@id":"https:\/\/www.cabinet-magar.fr\/actualites\/recepisse-de-consignation-cest-fini\/#primaryimage"},"image":{"@id":"https:\/\/www.cabinet-magar.fr\/actualites\/recepisse-de-consignation-cest-fini\/#primaryimage"},"thumbnailUrl":"https:\/\/www.cabinet-magar.fr\/wp-content\/uploads\/2021\/04\/fin.jpg","datePublished":"2021-03-02T04:47:00+00:00","dateModified":"2021-04-02T01:00:15+00:00","author":{"@id":""},"breadcrumb":{"@id":"https:\/\/www.cabinet-magar.fr\/actualites\/recepisse-de-consignation-cest-fini\/#breadcrumb"},"inLanguage":"de","potentialAction":[{"@type":"ReadAction","target":["https:\/\/www.cabinet-magar.fr\/actualites\/recepisse-de-consignation-cest-fini\/"]}]},{"@type":"ImageObject","inLanguage":"de","@id":"https:\/\/www.cabinet-magar.fr\/actualites\/recepisse-de-consignation-cest-fini\/#primaryimage","url":"https:\/\/www.cabinet-magar.fr\/wp-content\/uploads\/2021\/04\/fin.jpg","contentUrl":"https:\/\/www.cabinet-magar.fr\/wp-content\/uploads\/2021\/04\/fin.jpg","width":600,"height":400},{"@type":"BreadcrumbList","@id":"https:\/\/www.cabinet-magar.fr\/actualites\/recepisse-de-consignation-cest-fini\/#breadcrumb","itemListElement":[{"@type":"ListItem","position":1,"name":"Accueil","item":"https:\/\/www.cabinet-magar.fr\/de\/"},{"@type":"ListItem","position":2,"name":"R\u00e9c\u00e9piss\u00e9 de consignation : c\u2019est fini !"}]},{"@type":"WebSite","@id":"https:\/\/www.cabinet-magar.fr\/#website","url":"https:\/\/www.cabinet-magar.fr\/","name":"Cabinet Magar","description":"","potentialAction":[{"@type":"SearchAction","target":{"@type":"EntryPoint","urlTemplate":"https:\/\/www.cabinet-magar.fr\/?s={search_term_string}"},"query-input":{"@type":"PropertyValueSpecification","valueRequired":true,"valueName":"search_term_string"}}],"inLanguage":"de"}]}},"_links":{"self":[{"href":"https:\/\/www.cabinet-magar.fr\/de\/wp-json\/wp\/v2\/posts\/470","targetHints":{"allow":["GET"]}}],"collection":[{"href":"https:\/\/www.cabinet-magar.fr\/de\/wp-json\/wp\/v2\/posts"}],"about":[{"href":"https:\/\/www.cabinet-magar.fr\/de\/wp-json\/wp\/v2\/types\/post"}],"replies":[{"embeddable":true,"href":"https:\/\/www.cabinet-magar.fr\/de\/wp-json\/wp\/v2\/comments?post=470"}],"version-history":[{"count":1,"href":"https:\/\/www.cabinet-magar.fr\/de\/wp-json\/wp\/v2\/posts\/470\/revisions"}],"predecessor-version":[{"id":3530,"href":"https:\/\/www.cabinet-magar.fr\/de\/wp-json\/wp\/v2\/posts\/470\/revisions\/3530"}],"wp:featuredmedia":[{"embeddable":true,"href":"https:\/\/www.cabinet-magar.fr\/de\/wp-json\/wp\/v2\/media\/3531"}],"wp:attachment":[{"href":"https:\/\/www.cabinet-magar.fr\/de\/wp-json\/wp\/v2\/media?parent=470"}],"wp:term":[{"taxonomy":"category","embeddable":true,"href":"https:\/\/www.cabinet-magar.fr\/de\/wp-json\/wp\/v2\/categories?post=470"},{"taxonomy":"post_tag","embeddable":true,"href":"https:\/\/www.cabinet-magar.fr\/de\/wp-json\/wp\/v2\/tags?post=470"}],"curies":[{"name":"wp","href":"https:\/\/api.w.org\/{rel}","templated":true}]}}