{"id":469,"date":"2021-03-02T05:48:00","date_gmt":"2021-03-02T04:48:00","guid":{"rendered":"https:\/\/www.cabinet-magar.fr\/association-et-reseaux-sociaux-moderez-vos-propos\/"},"modified":"2021-04-02T03:00:12","modified_gmt":"2021-04-02T01:00:12","slug":"association-et-reseaux-sociaux-moderez-vos-propos","status":"publish","type":"post","link":"https:\/\/www.cabinet-magar.fr\/de\/actualites\/association-et-reseaux-sociaux-moderez-vos-propos\/","title":{"rendered":"Association et r\u00e9seaux sociaux : \u00ab mod\u00e9rez vos propos \u00bb"},"content":{"rendered":"<p >La dissolution d\u2019une association peut \u00eatre ordonn\u00e9e notamment dans l\u2019hypoth\u00e8se o\u00f9 les propos qu\u2019elle tient sont assimilables \u00e0 des provocations \u00e0 la haine ou \u00e0 la violence. C\u2019est justement ce que vient de rappeler le juge\u2026<\/p>\n<div>\n<h2> Associations : attention aux propos tenus sur les r\u00e9seaux sociaux<\/h2>\n<p>Pour m\u00e9moire, les associations peuvent faire l\u2019objet d\u2019une dissolution administrative, notamment dans les cas o\u00f9 les propos qu\u2019elles tiennent sont assimil\u00e9s \u00e0 des provocations \u00e0 la discrimination, \u00e0 la haine ou \u00e0 la violence.<\/p>\n<p>Cette r\u00e8gle vient d\u2019\u00eatre rappel\u00e9e par le juge : dans cette affaire, le pr\u00e9sident d\u2019une association, responsable de sa communication, avait publi\u00e9 divers messages provoquant \u00e0 la discrimination, \u00e0 la haine ou \u00e0 la violence sur les comptes des r\u00e9seaux sociaux de l\u2019association, et avait personnellement pris position en faveur d\u2019actes de terrorisme.<\/p>\n<p>Estimant qu\u2019il s\u2019agissait l\u00e0 de propos imputables \u00e0 l\u2019association elle-m\u00eame, le juge a prononc\u00e9 sa dissolution.<\/p>\n<p>Source : Arr\u00eat du Conseil d\u2019Etat du 25 novembre 2020, n\u00b0 445774<\/p>\n<p><a href=\"https:\/\/www.weblex.fr\/weblex-actualite\/association-et-reseaux-sociaux-moderez-vos-propos\" target=\"_blank\" rel=\"noopener\">Association et r\u00e9seaux sociaux : \u00ab mod\u00e9rez vos propos \u00bb<\/a> \u00a9 Copyright WebLex &#8211; 2021<\/p>\n<\/div>\n<p><img src='https:\/\/www.weblex.fr\/images\/flux_actus\/association1.jpg'><\/p>\n","protected":false},"excerpt":{"rendered":"<p>La dissolution d\u2019une association peut \u00eatre ordonn\u00e9e notamment dans l\u2019hypoth\u00e8se o\u00f9 les propos qu\u2019elle tient sont assimilables \u00e0 des provocations \u00e0 la haine ou \u00e0 la violence. C\u2019est justement ce que vient de rappeler le juge\u2026<\/p>\n","protected":false},"author":0,"featured_media":3529,"comment_status":"open","ping_status":"closed","sticky":false,"template":"","format":"standard","meta":{"_acf_changed":false,"footnotes":""},"categories":[9,7],"tags":[],"class_list":["post-469","post","type-post","status-publish","format-standard","has-post-thumbnail","hentry","category-actu-juridique","category-actualites"],"acf":[],"yoast_head":"<!-- This site is optimized with the Yoast SEO plugin v27.2 - https:\/\/yoast.com\/product\/yoast-seo-wordpress\/ -->\n<title>Association et r\u00e9seaux sociaux : \u00ab mod\u00e9rez vos propos \u00bb - Cabinet Magar<\/title>\n<meta name=\"robots\" content=\"index, follow, max-snippet:-1, max-image-preview:large, max-video-preview:-1\" \/>\n<link rel=\"canonical\" href=\"https:\/\/www.cabinet-magar.fr\/actualites\/association-et-reseaux-sociaux-moderez-vos-propos\/\" \/>\n<meta property=\"og:locale\" content=\"de_DE\" \/>\n<meta property=\"og:type\" content=\"article\" \/>\n<meta property=\"og:title\" content=\"Association et r\u00e9seaux sociaux : \u00ab mod\u00e9rez vos propos \u00bb - Cabinet Magar\" \/>\n<meta property=\"og:description\" content=\"La dissolution d\u2019une association peut \u00eatre ordonn\u00e9e notamment dans l\u2019hypoth\u00e8se o\u00f9 les propos qu\u2019elle tient sont assimilables \u00e0 des provocations \u00e0 la haine ou \u00e0 la violence. C\u2019est justement ce que vient de rappeler le juge\u2026\" \/>\n<meta property=\"og:url\" content=\"https:\/\/www.cabinet-magar.fr\/actualites\/association-et-reseaux-sociaux-moderez-vos-propos\/\" \/>\n<meta property=\"og:site_name\" content=\"Cabinet Magar\" \/>\n<meta property=\"article:published_time\" content=\"2021-03-02T04:48:00+00:00\" \/>\n<meta property=\"article:modified_time\" content=\"2021-04-02T01:00:12+00:00\" \/>\n<meta property=\"og:image\" content=\"https:\/\/www.cabinet-magar.fr\/wp-content\/uploads\/2021\/04\/association1.jpg\" \/>\n\t<meta property=\"og:image:width\" content=\"600\" \/>\n\t<meta property=\"og:image:height\" content=\"400\" \/>\n\t<meta property=\"og:image:type\" content=\"image\/jpeg\" \/>\n<meta name=\"twitter:card\" content=\"summary_large_image\" \/>\n<meta name=\"twitter:label1\" content=\"Gesch\u00e4tzte Lesezeit\" \/>\n\t<meta name=\"twitter:data1\" content=\"1\u00a0Minute\" \/>\n<script type=\"application\/ld+json\" class=\"yoast-schema-graph\">{\"@context\":\"https:\/\/schema.org\",\"@graph\":[{\"@type\":\"Article\",\"@id\":\"https:\/\/www.cabinet-magar.fr\/actualites\/association-et-reseaux-sociaux-moderez-vos-propos\/#article\",\"isPartOf\":{\"@id\":\"https:\/\/www.cabinet-magar.fr\/actualites\/association-et-reseaux-sociaux-moderez-vos-propos\/\"},\"author\":{\"name\":\"\",\"@id\":\"\"},\"headline\":\"Association et r\u00e9seaux sociaux : \u00ab mod\u00e9rez vos propos \u00bb\",\"datePublished\":\"2021-03-02T04:48:00+00:00\",\"dateModified\":\"2021-04-02T01:00:12+00:00\",\"mainEntityOfPage\":{\"@id\":\"https:\/\/www.cabinet-magar.fr\/actualites\/association-et-reseaux-sociaux-moderez-vos-propos\/\"},\"wordCount\":191,\"commentCount\":0,\"image\":{\"@id\":\"https:\/\/www.cabinet-magar.fr\/actualites\/association-et-reseaux-sociaux-moderez-vos-propos\/#primaryimage\"},\"thumbnailUrl\":\"https:\/\/www.cabinet-magar.fr\/wp-content\/uploads\/2021\/04\/association1.jpg\",\"articleSection\":[\"Actu Juridique\",\"Actualit\u00e9s\"],\"inLanguage\":\"de\",\"potentialAction\":[{\"@type\":\"CommentAction\",\"name\":\"Comment\",\"target\":[\"https:\/\/www.cabinet-magar.fr\/actualites\/association-et-reseaux-sociaux-moderez-vos-propos\/#respond\"]}]},{\"@type\":\"WebPage\",\"@id\":\"https:\/\/www.cabinet-magar.fr\/actualites\/association-et-reseaux-sociaux-moderez-vos-propos\/\",\"url\":\"https:\/\/www.cabinet-magar.fr\/actualites\/association-et-reseaux-sociaux-moderez-vos-propos\/\",\"name\":\"Association et r\u00e9seaux sociaux : \u00ab mod\u00e9rez vos propos \u00bb - Cabinet Magar\",\"isPartOf\":{\"@id\":\"https:\/\/www.cabinet-magar.fr\/#website\"},\"primaryImageOfPage\":{\"@id\":\"https:\/\/www.cabinet-magar.fr\/actualites\/association-et-reseaux-sociaux-moderez-vos-propos\/#primaryimage\"},\"image\":{\"@id\":\"https:\/\/www.cabinet-magar.fr\/actualites\/association-et-reseaux-sociaux-moderez-vos-propos\/#primaryimage\"},\"thumbnailUrl\":\"https:\/\/www.cabinet-magar.fr\/wp-content\/uploads\/2021\/04\/association1.jpg\",\"datePublished\":\"2021-03-02T04:48:00+00:00\",\"dateModified\":\"2021-04-02T01:00:12+00:00\",\"author\":{\"@id\":\"\"},\"breadcrumb\":{\"@id\":\"https:\/\/www.cabinet-magar.fr\/actualites\/association-et-reseaux-sociaux-moderez-vos-propos\/#breadcrumb\"},\"inLanguage\":\"de\",\"potentialAction\":[{\"@type\":\"ReadAction\",\"target\":[\"https:\/\/www.cabinet-magar.fr\/actualites\/association-et-reseaux-sociaux-moderez-vos-propos\/\"]}]},{\"@type\":\"ImageObject\",\"inLanguage\":\"de\",\"@id\":\"https:\/\/www.cabinet-magar.fr\/actualites\/association-et-reseaux-sociaux-moderez-vos-propos\/#primaryimage\",\"url\":\"https:\/\/www.cabinet-magar.fr\/wp-content\/uploads\/2021\/04\/association1.jpg\",\"contentUrl\":\"https:\/\/www.cabinet-magar.fr\/wp-content\/uploads\/2021\/04\/association1.jpg\",\"width\":600,\"height\":400},{\"@type\":\"BreadcrumbList\",\"@id\":\"https:\/\/www.cabinet-magar.fr\/actualites\/association-et-reseaux-sociaux-moderez-vos-propos\/#breadcrumb\",\"itemListElement\":[{\"@type\":\"ListItem\",\"position\":1,\"name\":\"Accueil\",\"item\":\"https:\/\/www.cabinet-magar.fr\/de\/\"},{\"@type\":\"ListItem\",\"position\":2,\"name\":\"Association et r\u00e9seaux sociaux : \u00ab mod\u00e9rez vos propos \u00bb\"}]},{\"@type\":\"WebSite\",\"@id\":\"https:\/\/www.cabinet-magar.fr\/#website\",\"url\":\"https:\/\/www.cabinet-magar.fr\/\",\"name\":\"Cabinet Magar\",\"description\":\"\",\"potentialAction\":[{\"@type\":\"SearchAction\",\"target\":{\"@type\":\"EntryPoint\",\"urlTemplate\":\"https:\/\/www.cabinet-magar.fr\/?s={search_term_string}\"},\"query-input\":{\"@type\":\"PropertyValueSpecification\",\"valueRequired\":true,\"valueName\":\"search_term_string\"}}],\"inLanguage\":\"de\"}]}<\/script>\n<!-- \/ Yoast SEO plugin. -->","yoast_head_json":{"title":"Association et r\u00e9seaux sociaux : \u00ab mod\u00e9rez vos propos \u00bb - Cabinet Magar","robots":{"index":"index","follow":"follow","max-snippet":"max-snippet:-1","max-image-preview":"max-image-preview:large","max-video-preview":"max-video-preview:-1"},"canonical":"https:\/\/www.cabinet-magar.fr\/actualites\/association-et-reseaux-sociaux-moderez-vos-propos\/","og_locale":"de_DE","og_type":"article","og_title":"Association et r\u00e9seaux sociaux : \u00ab mod\u00e9rez vos propos \u00bb - Cabinet Magar","og_description":"La dissolution d\u2019une association peut \u00eatre ordonn\u00e9e notamment dans l\u2019hypoth\u00e8se o\u00f9 les propos qu\u2019elle tient sont assimilables \u00e0 des provocations \u00e0 la haine ou \u00e0 la violence. C\u2019est justement ce que vient de rappeler le juge\u2026","og_url":"https:\/\/www.cabinet-magar.fr\/actualites\/association-et-reseaux-sociaux-moderez-vos-propos\/","og_site_name":"Cabinet Magar","article_published_time":"2021-03-02T04:48:00+00:00","article_modified_time":"2021-04-02T01:00:12+00:00","og_image":[{"width":600,"height":400,"url":"https:\/\/www.cabinet-magar.fr\/wp-content\/uploads\/2021\/04\/association1.jpg","type":"image\/jpeg"}],"twitter_card":"summary_large_image","twitter_misc":{"Gesch\u00e4tzte Lesezeit":"1\u00a0Minute"},"schema":{"@context":"https:\/\/schema.org","@graph":[{"@type":"Article","@id":"https:\/\/www.cabinet-magar.fr\/actualites\/association-et-reseaux-sociaux-moderez-vos-propos\/#article","isPartOf":{"@id":"https:\/\/www.cabinet-magar.fr\/actualites\/association-et-reseaux-sociaux-moderez-vos-propos\/"},"author":{"name":"","@id":""},"headline":"Association et r\u00e9seaux sociaux : \u00ab mod\u00e9rez vos propos \u00bb","datePublished":"2021-03-02T04:48:00+00:00","dateModified":"2021-04-02T01:00:12+00:00","mainEntityOfPage":{"@id":"https:\/\/www.cabinet-magar.fr\/actualites\/association-et-reseaux-sociaux-moderez-vos-propos\/"},"wordCount":191,"commentCount":0,"image":{"@id":"https:\/\/www.cabinet-magar.fr\/actualites\/association-et-reseaux-sociaux-moderez-vos-propos\/#primaryimage"},"thumbnailUrl":"https:\/\/www.cabinet-magar.fr\/wp-content\/uploads\/2021\/04\/association1.jpg","articleSection":["Actu Juridique","Actualit\u00e9s"],"inLanguage":"de","potentialAction":[{"@type":"CommentAction","name":"Comment","target":["https:\/\/www.cabinet-magar.fr\/actualites\/association-et-reseaux-sociaux-moderez-vos-propos\/#respond"]}]},{"@type":"WebPage","@id":"https:\/\/www.cabinet-magar.fr\/actualites\/association-et-reseaux-sociaux-moderez-vos-propos\/","url":"https:\/\/www.cabinet-magar.fr\/actualites\/association-et-reseaux-sociaux-moderez-vos-propos\/","name":"Association et r\u00e9seaux sociaux : \u00ab mod\u00e9rez vos propos \u00bb - Cabinet Magar","isPartOf":{"@id":"https:\/\/www.cabinet-magar.fr\/#website"},"primaryImageOfPage":{"@id":"https:\/\/www.cabinet-magar.fr\/actualites\/association-et-reseaux-sociaux-moderez-vos-propos\/#primaryimage"},"image":{"@id":"https:\/\/www.cabinet-magar.fr\/actualites\/association-et-reseaux-sociaux-moderez-vos-propos\/#primaryimage"},"thumbnailUrl":"https:\/\/www.cabinet-magar.fr\/wp-content\/uploads\/2021\/04\/association1.jpg","datePublished":"2021-03-02T04:48:00+00:00","dateModified":"2021-04-02T01:00:12+00:00","author":{"@id":""},"breadcrumb":{"@id":"https:\/\/www.cabinet-magar.fr\/actualites\/association-et-reseaux-sociaux-moderez-vos-propos\/#breadcrumb"},"inLanguage":"de","potentialAction":[{"@type":"ReadAction","target":["https:\/\/www.cabinet-magar.fr\/actualites\/association-et-reseaux-sociaux-moderez-vos-propos\/"]}]},{"@type":"ImageObject","inLanguage":"de","@id":"https:\/\/www.cabinet-magar.fr\/actualites\/association-et-reseaux-sociaux-moderez-vos-propos\/#primaryimage","url":"https:\/\/www.cabinet-magar.fr\/wp-content\/uploads\/2021\/04\/association1.jpg","contentUrl":"https:\/\/www.cabinet-magar.fr\/wp-content\/uploads\/2021\/04\/association1.jpg","width":600,"height":400},{"@type":"BreadcrumbList","@id":"https:\/\/www.cabinet-magar.fr\/actualites\/association-et-reseaux-sociaux-moderez-vos-propos\/#breadcrumb","itemListElement":[{"@type":"ListItem","position":1,"name":"Accueil","item":"https:\/\/www.cabinet-magar.fr\/de\/"},{"@type":"ListItem","position":2,"name":"Association et r\u00e9seaux sociaux : \u00ab mod\u00e9rez vos propos \u00bb"}]},{"@type":"WebSite","@id":"https:\/\/www.cabinet-magar.fr\/#website","url":"https:\/\/www.cabinet-magar.fr\/","name":"Cabinet Magar","description":"","potentialAction":[{"@type":"SearchAction","target":{"@type":"EntryPoint","urlTemplate":"https:\/\/www.cabinet-magar.fr\/?s={search_term_string}"},"query-input":{"@type":"PropertyValueSpecification","valueRequired":true,"valueName":"search_term_string"}}],"inLanguage":"de"}]}},"_links":{"self":[{"href":"https:\/\/www.cabinet-magar.fr\/de\/wp-json\/wp\/v2\/posts\/469","targetHints":{"allow":["GET"]}}],"collection":[{"href":"https:\/\/www.cabinet-magar.fr\/de\/wp-json\/wp\/v2\/posts"}],"about":[{"href":"https:\/\/www.cabinet-magar.fr\/de\/wp-json\/wp\/v2\/types\/post"}],"replies":[{"embeddable":true,"href":"https:\/\/www.cabinet-magar.fr\/de\/wp-json\/wp\/v2\/comments?post=469"}],"version-history":[{"count":1,"href":"https:\/\/www.cabinet-magar.fr\/de\/wp-json\/wp\/v2\/posts\/469\/revisions"}],"predecessor-version":[{"id":3528,"href":"https:\/\/www.cabinet-magar.fr\/de\/wp-json\/wp\/v2\/posts\/469\/revisions\/3528"}],"wp:featuredmedia":[{"embeddable":true,"href":"https:\/\/www.cabinet-magar.fr\/de\/wp-json\/wp\/v2\/media\/3529"}],"wp:attachment":[{"href":"https:\/\/www.cabinet-magar.fr\/de\/wp-json\/wp\/v2\/media?parent=469"}],"wp:term":[{"taxonomy":"category","embeddable":true,"href":"https:\/\/www.cabinet-magar.fr\/de\/wp-json\/wp\/v2\/categories?post=469"},{"taxonomy":"post_tag","embeddable":true,"href":"https:\/\/www.cabinet-magar.fr\/de\/wp-json\/wp\/v2\/tags?post=469"}],"curies":[{"name":"wp","href":"https:\/\/api.w.org\/{rel}","templated":true}]}}