{"id":468,"date":"2021-03-02T05:49:00","date_gmt":"2021-03-02T04:49:00","guid":{"rendered":"https:\/\/www.cabinet-magar.fr\/responsabilite-du-franchise-responsabilite-du-franchiseur\/"},"modified":"2021-04-02T03:00:09","modified_gmt":"2021-04-02T01:00:09","slug":"responsabilite-du-franchise-responsabilite-du-franchiseur","status":"publish","type":"post","link":"https:\/\/www.cabinet-magar.fr\/de\/actualites\/responsabilite-du-franchise-responsabilite-du-franchiseur\/","title":{"rendered":"Responsabilit\u00e9 du franchis\u00e9 = responsabilit\u00e9 du franchiseur ?"},"content":{"rendered":"<p >M\u00e9content du cong\u00e9lateur de voiture qu\u2019il vient d\u2019acheter, un consommateur d\u00e9cide d\u2019engager la responsabilit\u00e9 du vendeur de celui-ci, mais \u00e9galement de son franchiseur. Une demande irrecevable, selon ce dernier\u2026 \u00e0 tort ou \u00e0 raison ?<\/p>\n<div>\n<h2> Franchiseur : attention \u00e0 vos obligations !<\/h2>\n<p>Un consommateur ach\u00e8te un cong\u00e9lateur de voiture sur le site Internet d\u2019un professionnel, qui s\u2019av\u00e8re \u00eatre un franchiseur. Il retire ensuite son achat aupr\u00e8s d\u2019un franchis\u00e9, puis tente, sans succ\u00e8s, d\u2019exercer son droit de r\u00e9tractation\u2026<\/p>\n<p>M\u00e9content de l\u2019\u00e9chec de sa d\u00e9marche, le consommateur d\u00e9cide alors d\u2019engager la responsabilit\u00e9 du franchis\u00e9, aupr\u00e8s duquel il a retir\u00e9 le bien, mais \u00e9galement de son franchiseur.<\/p>\n<p>A tort, selon ce dernier, qui pr\u00e9cise qu\u2019il n\u2019est pas responsable des contrats conclus entre son franchis\u00e9 et le client\u2026 ce que pr\u00e9cisent bien ses conditions de vente sur Internet.<\/p>\n<p>\u00ab Peu importe \u00bb, r\u00e9torque le juge, qui rappelle que dans cette situation, le consommateur a pass\u00e9 sa commande sur le site Internet du franchiseur, et que celui-ci n\u2019a pas respect\u00e9 les r\u00e8gles relatives au respect du droit de r\u00e9tractation du consommateur.<\/p>\n<p>D\u00e8s lors, il doit, au m\u00eame titre que le franchis\u00e9, \u00eatre tenu solidairement responsable de la situation.<\/p>\n<p>Pour rappel, la franchise est un mode d\u2019organisation commerciale qui permet \u00e0 des entrepreneurs (franchis\u00e9s) de vendre un produit ou un service qui a \u00e9t\u00e9 d\u00e9velopp\u00e9 par un fournisseur (franchiseur).<\/p>\n<p>Ce dernier apporte son savoir-faire, sa marque, son enseigne et son assistance commerciale et\/ou technique aux franchis\u00e9s.<\/p>\n<p>Source : Arr\u00eat de la Cour de cassation, 1\u00e8re chambre civile, du 17 f\u00e9vrier 2021, n\u00b0 19-20380 (NP)<\/p>\n<p><a href=\"https:\/\/www.weblex.fr\/weblex-actualite\/responsabilite-du-franchise-responsabilite-du-franchiseur\" target=\"_blank\" rel=\"noopener\">Responsabilit\u00e9 du franchis\u00e9 = responsabilit\u00e9 du franchiseur ?<\/a> \u00a9 Copyright WebLex &#8211; 2021<\/p>\n<\/div>\n<p><img src='https:\/\/www.weblex.fr\/images\/flux_actus\/franchisedialogue.jpg'><\/p>\n","protected":false},"excerpt":{"rendered":"<p>M\u00e9content du cong\u00e9lateur de voiture qu\u2019il vient d\u2019acheter, un consommateur d\u00e9cide d\u2019engager la responsabilit\u00e9 du vendeur de celui-ci, mais \u00e9galement de son franchiseur. Une demande irrecevable, selon ce dernier\u2026 \u00e0 tort ou \u00e0 raison ?<\/p>\n","protected":false},"author":0,"featured_media":3527,"comment_status":"open","ping_status":"closed","sticky":false,"template":"","format":"standard","meta":{"_acf_changed":false,"footnotes":""},"categories":[9,7],"tags":[],"class_list":["post-468","post","type-post","status-publish","format-standard","has-post-thumbnail","hentry","category-actu-juridique","category-actualites"],"acf":[],"yoast_head":"<!-- This site is optimized with the Yoast SEO plugin v27.2 - https:\/\/yoast.com\/product\/yoast-seo-wordpress\/ -->\n<title>Responsabilit\u00e9 du franchis\u00e9 = responsabilit\u00e9 du franchiseur ? - Cabinet Magar<\/title>\n<meta name=\"robots\" content=\"index, follow, max-snippet:-1, max-image-preview:large, max-video-preview:-1\" \/>\n<link rel=\"canonical\" href=\"https:\/\/www.cabinet-magar.fr\/actualites\/responsabilite-du-franchise-responsabilite-du-franchiseur\/\" \/>\n<meta property=\"og:locale\" content=\"de_DE\" \/>\n<meta property=\"og:type\" content=\"article\" \/>\n<meta property=\"og:title\" content=\"Responsabilit\u00e9 du franchis\u00e9 = responsabilit\u00e9 du franchiseur ? - Cabinet Magar\" \/>\n<meta property=\"og:description\" content=\"M\u00e9content du cong\u00e9lateur de voiture qu\u2019il vient d\u2019acheter, un consommateur d\u00e9cide d\u2019engager la responsabilit\u00e9 du vendeur de celui-ci, mais \u00e9galement de son franchiseur. Une demande irrecevable, selon ce dernier\u2026 \u00e0 tort ou \u00e0 raison ?\" \/>\n<meta property=\"og:url\" content=\"https:\/\/www.cabinet-magar.fr\/actualites\/responsabilite-du-franchise-responsabilite-du-franchiseur\/\" \/>\n<meta property=\"og:site_name\" content=\"Cabinet Magar\" \/>\n<meta property=\"article:published_time\" content=\"2021-03-02T04:49:00+00:00\" \/>\n<meta property=\"article:modified_time\" content=\"2021-04-02T01:00:09+00:00\" \/>\n<meta property=\"og:image\" content=\"https:\/\/www.cabinet-magar.fr\/wp-content\/uploads\/2021\/04\/franchisedialogue.jpg\" \/>\n\t<meta property=\"og:image:width\" content=\"600\" \/>\n\t<meta property=\"og:image:height\" content=\"400\" \/>\n\t<meta property=\"og:image:type\" content=\"image\/jpeg\" \/>\n<meta name=\"twitter:card\" content=\"summary_large_image\" \/>\n<meta name=\"twitter:label1\" content=\"Gesch\u00e4tzte Lesezeit\" \/>\n\t<meta name=\"twitter:data1\" content=\"1\u00a0Minute\" \/>\n<script type=\"application\/ld+json\" class=\"yoast-schema-graph\">{\"@context\":\"https:\/\/schema.org\",\"@graph\":[{\"@type\":\"Article\",\"@id\":\"https:\/\/www.cabinet-magar.fr\/actualites\/responsabilite-du-franchise-responsabilite-du-franchiseur\/#article\",\"isPartOf\":{\"@id\":\"https:\/\/www.cabinet-magar.fr\/actualites\/responsabilite-du-franchise-responsabilite-du-franchiseur\/\"},\"author\":{\"name\":\"\",\"@id\":\"\"},\"headline\":\"Responsabilit\u00e9 du franchis\u00e9 = responsabilit\u00e9 du franchiseur ?\",\"datePublished\":\"2021-03-02T04:49:00+00:00\",\"dateModified\":\"2021-04-02T01:00:09+00:00\",\"mainEntityOfPage\":{\"@id\":\"https:\/\/www.cabinet-magar.fr\/actualites\/responsabilite-du-franchise-responsabilite-du-franchiseur\/\"},\"wordCount\":300,\"commentCount\":0,\"image\":{\"@id\":\"https:\/\/www.cabinet-magar.fr\/actualites\/responsabilite-du-franchise-responsabilite-du-franchiseur\/#primaryimage\"},\"thumbnailUrl\":\"https:\/\/www.cabinet-magar.fr\/wp-content\/uploads\/2021\/04\/franchisedialogue.jpg\",\"articleSection\":[\"Actu Juridique\",\"Actualit\u00e9s\"],\"inLanguage\":\"de\",\"potentialAction\":[{\"@type\":\"CommentAction\",\"name\":\"Comment\",\"target\":[\"https:\/\/www.cabinet-magar.fr\/actualites\/responsabilite-du-franchise-responsabilite-du-franchiseur\/#respond\"]}]},{\"@type\":\"WebPage\",\"@id\":\"https:\/\/www.cabinet-magar.fr\/actualites\/responsabilite-du-franchise-responsabilite-du-franchiseur\/\",\"url\":\"https:\/\/www.cabinet-magar.fr\/actualites\/responsabilite-du-franchise-responsabilite-du-franchiseur\/\",\"name\":\"Responsabilit\u00e9 du franchis\u00e9 = responsabilit\u00e9 du franchiseur ? - Cabinet Magar\",\"isPartOf\":{\"@id\":\"https:\/\/www.cabinet-magar.fr\/#website\"},\"primaryImageOfPage\":{\"@id\":\"https:\/\/www.cabinet-magar.fr\/actualites\/responsabilite-du-franchise-responsabilite-du-franchiseur\/#primaryimage\"},\"image\":{\"@id\":\"https:\/\/www.cabinet-magar.fr\/actualites\/responsabilite-du-franchise-responsabilite-du-franchiseur\/#primaryimage\"},\"thumbnailUrl\":\"https:\/\/www.cabinet-magar.fr\/wp-content\/uploads\/2021\/04\/franchisedialogue.jpg\",\"datePublished\":\"2021-03-02T04:49:00+00:00\",\"dateModified\":\"2021-04-02T01:00:09+00:00\",\"author\":{\"@id\":\"\"},\"breadcrumb\":{\"@id\":\"https:\/\/www.cabinet-magar.fr\/actualites\/responsabilite-du-franchise-responsabilite-du-franchiseur\/#breadcrumb\"},\"inLanguage\":\"de\",\"potentialAction\":[{\"@type\":\"ReadAction\",\"target\":[\"https:\/\/www.cabinet-magar.fr\/actualites\/responsabilite-du-franchise-responsabilite-du-franchiseur\/\"]}]},{\"@type\":\"ImageObject\",\"inLanguage\":\"de\",\"@id\":\"https:\/\/www.cabinet-magar.fr\/actualites\/responsabilite-du-franchise-responsabilite-du-franchiseur\/#primaryimage\",\"url\":\"https:\/\/www.cabinet-magar.fr\/wp-content\/uploads\/2021\/04\/franchisedialogue.jpg\",\"contentUrl\":\"https:\/\/www.cabinet-magar.fr\/wp-content\/uploads\/2021\/04\/franchisedialogue.jpg\",\"width\":600,\"height\":400},{\"@type\":\"BreadcrumbList\",\"@id\":\"https:\/\/www.cabinet-magar.fr\/actualites\/responsabilite-du-franchise-responsabilite-du-franchiseur\/#breadcrumb\",\"itemListElement\":[{\"@type\":\"ListItem\",\"position\":1,\"name\":\"Accueil\",\"item\":\"https:\/\/www.cabinet-magar.fr\/de\/\"},{\"@type\":\"ListItem\",\"position\":2,\"name\":\"Responsabilit\u00e9 du franchis\u00e9 = responsabilit\u00e9 du franchiseur ?\"}]},{\"@type\":\"WebSite\",\"@id\":\"https:\/\/www.cabinet-magar.fr\/#website\",\"url\":\"https:\/\/www.cabinet-magar.fr\/\",\"name\":\"Cabinet Magar\",\"description\":\"\",\"potentialAction\":[{\"@type\":\"SearchAction\",\"target\":{\"@type\":\"EntryPoint\",\"urlTemplate\":\"https:\/\/www.cabinet-magar.fr\/?s={search_term_string}\"},\"query-input\":{\"@type\":\"PropertyValueSpecification\",\"valueRequired\":true,\"valueName\":\"search_term_string\"}}],\"inLanguage\":\"de\"}]}<\/script>\n<!-- \/ Yoast SEO plugin. -->","yoast_head_json":{"title":"Responsabilit\u00e9 du franchis\u00e9 = responsabilit\u00e9 du franchiseur ? - Cabinet Magar","robots":{"index":"index","follow":"follow","max-snippet":"max-snippet:-1","max-image-preview":"max-image-preview:large","max-video-preview":"max-video-preview:-1"},"canonical":"https:\/\/www.cabinet-magar.fr\/actualites\/responsabilite-du-franchise-responsabilite-du-franchiseur\/","og_locale":"de_DE","og_type":"article","og_title":"Responsabilit\u00e9 du franchis\u00e9 = responsabilit\u00e9 du franchiseur ? - Cabinet Magar","og_description":"M\u00e9content du cong\u00e9lateur de voiture qu\u2019il vient d\u2019acheter, un consommateur d\u00e9cide d\u2019engager la responsabilit\u00e9 du vendeur de celui-ci, mais \u00e9galement de son franchiseur. Une demande irrecevable, selon ce dernier\u2026 \u00e0 tort ou \u00e0 raison ?","og_url":"https:\/\/www.cabinet-magar.fr\/actualites\/responsabilite-du-franchise-responsabilite-du-franchiseur\/","og_site_name":"Cabinet Magar","article_published_time":"2021-03-02T04:49:00+00:00","article_modified_time":"2021-04-02T01:00:09+00:00","og_image":[{"width":600,"height":400,"url":"https:\/\/www.cabinet-magar.fr\/wp-content\/uploads\/2021\/04\/franchisedialogue.jpg","type":"image\/jpeg"}],"twitter_card":"summary_large_image","twitter_misc":{"Gesch\u00e4tzte Lesezeit":"1\u00a0Minute"},"schema":{"@context":"https:\/\/schema.org","@graph":[{"@type":"Article","@id":"https:\/\/www.cabinet-magar.fr\/actualites\/responsabilite-du-franchise-responsabilite-du-franchiseur\/#article","isPartOf":{"@id":"https:\/\/www.cabinet-magar.fr\/actualites\/responsabilite-du-franchise-responsabilite-du-franchiseur\/"},"author":{"name":"","@id":""},"headline":"Responsabilit\u00e9 du franchis\u00e9 = responsabilit\u00e9 du franchiseur ?","datePublished":"2021-03-02T04:49:00+00:00","dateModified":"2021-04-02T01:00:09+00:00","mainEntityOfPage":{"@id":"https:\/\/www.cabinet-magar.fr\/actualites\/responsabilite-du-franchise-responsabilite-du-franchiseur\/"},"wordCount":300,"commentCount":0,"image":{"@id":"https:\/\/www.cabinet-magar.fr\/actualites\/responsabilite-du-franchise-responsabilite-du-franchiseur\/#primaryimage"},"thumbnailUrl":"https:\/\/www.cabinet-magar.fr\/wp-content\/uploads\/2021\/04\/franchisedialogue.jpg","articleSection":["Actu Juridique","Actualit\u00e9s"],"inLanguage":"de","potentialAction":[{"@type":"CommentAction","name":"Comment","target":["https:\/\/www.cabinet-magar.fr\/actualites\/responsabilite-du-franchise-responsabilite-du-franchiseur\/#respond"]}]},{"@type":"WebPage","@id":"https:\/\/www.cabinet-magar.fr\/actualites\/responsabilite-du-franchise-responsabilite-du-franchiseur\/","url":"https:\/\/www.cabinet-magar.fr\/actualites\/responsabilite-du-franchise-responsabilite-du-franchiseur\/","name":"Responsabilit\u00e9 du franchis\u00e9 = responsabilit\u00e9 du franchiseur ? - Cabinet Magar","isPartOf":{"@id":"https:\/\/www.cabinet-magar.fr\/#website"},"primaryImageOfPage":{"@id":"https:\/\/www.cabinet-magar.fr\/actualites\/responsabilite-du-franchise-responsabilite-du-franchiseur\/#primaryimage"},"image":{"@id":"https:\/\/www.cabinet-magar.fr\/actualites\/responsabilite-du-franchise-responsabilite-du-franchiseur\/#primaryimage"},"thumbnailUrl":"https:\/\/www.cabinet-magar.fr\/wp-content\/uploads\/2021\/04\/franchisedialogue.jpg","datePublished":"2021-03-02T04:49:00+00:00","dateModified":"2021-04-02T01:00:09+00:00","author":{"@id":""},"breadcrumb":{"@id":"https:\/\/www.cabinet-magar.fr\/actualites\/responsabilite-du-franchise-responsabilite-du-franchiseur\/#breadcrumb"},"inLanguage":"de","potentialAction":[{"@type":"ReadAction","target":["https:\/\/www.cabinet-magar.fr\/actualites\/responsabilite-du-franchise-responsabilite-du-franchiseur\/"]}]},{"@type":"ImageObject","inLanguage":"de","@id":"https:\/\/www.cabinet-magar.fr\/actualites\/responsabilite-du-franchise-responsabilite-du-franchiseur\/#primaryimage","url":"https:\/\/www.cabinet-magar.fr\/wp-content\/uploads\/2021\/04\/franchisedialogue.jpg","contentUrl":"https:\/\/www.cabinet-magar.fr\/wp-content\/uploads\/2021\/04\/franchisedialogue.jpg","width":600,"height":400},{"@type":"BreadcrumbList","@id":"https:\/\/www.cabinet-magar.fr\/actualites\/responsabilite-du-franchise-responsabilite-du-franchiseur\/#breadcrumb","itemListElement":[{"@type":"ListItem","position":1,"name":"Accueil","item":"https:\/\/www.cabinet-magar.fr\/de\/"},{"@type":"ListItem","position":2,"name":"Responsabilit\u00e9 du franchis\u00e9 = responsabilit\u00e9 du franchiseur ?"}]},{"@type":"WebSite","@id":"https:\/\/www.cabinet-magar.fr\/#website","url":"https:\/\/www.cabinet-magar.fr\/","name":"Cabinet Magar","description":"","potentialAction":[{"@type":"SearchAction","target":{"@type":"EntryPoint","urlTemplate":"https:\/\/www.cabinet-magar.fr\/?s={search_term_string}"},"query-input":{"@type":"PropertyValueSpecification","valueRequired":true,"valueName":"search_term_string"}}],"inLanguage":"de"}]}},"_links":{"self":[{"href":"https:\/\/www.cabinet-magar.fr\/de\/wp-json\/wp\/v2\/posts\/468","targetHints":{"allow":["GET"]}}],"collection":[{"href":"https:\/\/www.cabinet-magar.fr\/de\/wp-json\/wp\/v2\/posts"}],"about":[{"href":"https:\/\/www.cabinet-magar.fr\/de\/wp-json\/wp\/v2\/types\/post"}],"replies":[{"embeddable":true,"href":"https:\/\/www.cabinet-magar.fr\/de\/wp-json\/wp\/v2\/comments?post=468"}],"version-history":[{"count":1,"href":"https:\/\/www.cabinet-magar.fr\/de\/wp-json\/wp\/v2\/posts\/468\/revisions"}],"predecessor-version":[{"id":3526,"href":"https:\/\/www.cabinet-magar.fr\/de\/wp-json\/wp\/v2\/posts\/468\/revisions\/3526"}],"wp:featuredmedia":[{"embeddable":true,"href":"https:\/\/www.cabinet-magar.fr\/de\/wp-json\/wp\/v2\/media\/3527"}],"wp:attachment":[{"href":"https:\/\/www.cabinet-magar.fr\/de\/wp-json\/wp\/v2\/media?parent=468"}],"wp:term":[{"taxonomy":"category","embeddable":true,"href":"https:\/\/www.cabinet-magar.fr\/de\/wp-json\/wp\/v2\/categories?post=468"},{"taxonomy":"post_tag","embeddable":true,"href":"https:\/\/www.cabinet-magar.fr\/de\/wp-json\/wp\/v2\/tags?post=468"}],"curies":[{"name":"wp","href":"https:\/\/api.w.org\/{rel}","templated":true}]}}