{"id":467,"date":"2021-03-02T05:50:00","date_gmt":"2021-03-02T04:50:00","guid":{"rendered":"https:\/\/www.cabinet-magar.fr\/bail-rural-quand-un-exploitant-empeche-son-bailleur-dacceder-a-son-bois\/"},"modified":"2021-04-02T03:00:04","modified_gmt":"2021-04-02T01:00:04","slug":"bail-rural-quand-un-exploitant-empeche-son-bailleur-dacceder-a-son-bois","status":"publish","type":"post","link":"https:\/\/www.cabinet-magar.fr\/de\/actualites\/bail-rural-quand-un-exploitant-empeche-son-bailleur-dacceder-a-son-bois\/","title":{"rendered":"Bail rural : quand un exploitant emp\u00eache son bailleur d\u2019acc\u00e9der \u00e0 son bois"},"content":{"rendered":"<p >Lorsqu\u2019un exploitant agricole compromet l\u2019exploitation du fonds qu\u2019il loue, le bailleur peut d\u00e9cider de mettre fin au bail. Le juge vient pr\u00e9ciser les conditions d\u2019application de cette r\u00e9glementation\u2026<\/p>\n<div>\n<h2>Bail rural : non-renouvellement pour atteinte \u00e0 la bonne exploitation d\u2019un fonds<\/h2>\n<p>Apr\u00e8s avoir mis en location l\u2019un de ces terrains, un bailleur s\u2019aper\u00e7oit que l\u2019exploitation de celui-ci par le locataire rend difficile l\u2019acc\u00e8s \u00e0 son bois et consid\u00e8re qu\u2019il compromet sa propre exploitation.<\/p>\n<p>Celui-ci d\u00e9cide donc de ne pas renouveler le bail rural.<\/p>\n<p>Le locataire admet que l\u2019acc\u00e8s au bois est devenu plus difficile pour le bailleur \u00e0 cause de ses agissements. Toutefois, parce qu\u2019il respecte ses obligations pr\u00e9vues dans le contrat, la r\u00e9siliation du bail n\u2019est pas justifi\u00e9e.<\/p>\n<p>Ce que le juge confirme en rappelant que le refus de renouvellement d\u2019un bail rural est possible lorsque les agissements de l\u2019exploitant agricole sont de nature \u00e0 compromettre la bonne exploitation du fonds. Cela ne s\u2019applique pas lorsque ces agissements compromettent l\u2019exploitation d\u2019un autre fonds que celui concern\u00e9 par le bail (ici celui du bailleur).<\/p>\n<\/div>\n<p>Source : Arr\u00eat de la cour de cassation, 3e chambre civile, du 18 f\u00e9vrier 2021, n\u00b020-10915 (NP)<\/p>\n<p><a href=\"https:\/\/www.weblex.fr\/weblex-actualite\/bail-rural-quand-un-exploitant-empeche-son-bailleur-dacceder-a-son-bois\" target=\"_blank\" rel=\"noopener\">Bail rural : \u00ab nous n\u2019irons plus au bois\u2026 \u00bb<\/a> \u00a9 Copyright WebLex &#8211; 2021<\/p>\n<p><img src='https:\/\/www.weblex.fr\/images\/flux_actus\/bois.jpg'><\/p>\n","protected":false},"excerpt":{"rendered":"<p>Lorsqu\u2019un exploitant agricole compromet l\u2019exploitation du fonds qu\u2019il loue, le bailleur peut d\u00e9cider de mettre fin au bail. Le juge vient pr\u00e9ciser les conditions d\u2019application de cette r\u00e9glementation\u2026<\/p>\n","protected":false},"author":0,"featured_media":3388,"comment_status":"open","ping_status":"closed","sticky":false,"template":"","format":"standard","meta":{"_acf_changed":false,"footnotes":""},"categories":[9,7],"tags":[],"class_list":["post-467","post","type-post","status-publish","format-standard","has-post-thumbnail","hentry","category-actu-juridique","category-actualites"],"acf":[],"yoast_head":"<!-- This site is optimized with the Yoast SEO plugin v27.2 - https:\/\/yoast.com\/product\/yoast-seo-wordpress\/ -->\n<title>Bail rural : quand un exploitant emp\u00eache son bailleur d\u2019acc\u00e9der \u00e0 son bois - Cabinet Magar<\/title>\n<meta name=\"robots\" content=\"index, follow, max-snippet:-1, max-image-preview:large, max-video-preview:-1\" \/>\n<link rel=\"canonical\" href=\"https:\/\/www.cabinet-magar.fr\/actualites\/bail-rural-quand-un-exploitant-empeche-son-bailleur-dacceder-a-son-bois\/\" \/>\n<meta property=\"og:locale\" content=\"de_DE\" \/>\n<meta property=\"og:type\" content=\"article\" \/>\n<meta property=\"og:title\" content=\"Bail rural : quand un exploitant emp\u00eache son bailleur d\u2019acc\u00e9der \u00e0 son bois - Cabinet Magar\" \/>\n<meta property=\"og:description\" content=\"Lorsqu\u2019un exploitant agricole compromet l\u2019exploitation du fonds qu\u2019il loue, le bailleur peut d\u00e9cider de mettre fin au bail. Le juge vient pr\u00e9ciser les conditions d\u2019application de cette r\u00e9glementation\u2026\" \/>\n<meta property=\"og:url\" content=\"https:\/\/www.cabinet-magar.fr\/actualites\/bail-rural-quand-un-exploitant-empeche-son-bailleur-dacceder-a-son-bois\/\" \/>\n<meta property=\"og:site_name\" content=\"Cabinet Magar\" \/>\n<meta property=\"article:published_time\" content=\"2021-03-02T04:50:00+00:00\" \/>\n<meta property=\"article:modified_time\" content=\"2021-04-02T01:00:04+00:00\" \/>\n<meta property=\"og:image\" content=\"https:\/\/www.cabinet-magar.fr\/wp-content\/uploads\/2021\/03\/bois.jpg\" \/>\n\t<meta property=\"og:image:width\" content=\"600\" \/>\n\t<meta property=\"og:image:height\" content=\"400\" \/>\n\t<meta property=\"og:image:type\" content=\"image\/jpeg\" \/>\n<meta name=\"twitter:card\" content=\"summary_large_image\" \/>\n<meta name=\"twitter:label1\" content=\"Gesch\u00e4tzte Lesezeit\" \/>\n\t<meta name=\"twitter:data1\" content=\"1\u00a0Minute\" \/>\n<script type=\"application\/ld+json\" class=\"yoast-schema-graph\">{\"@context\":\"https:\/\/schema.org\",\"@graph\":[{\"@type\":\"Article\",\"@id\":\"https:\/\/www.cabinet-magar.fr\/actualites\/bail-rural-quand-un-exploitant-empeche-son-bailleur-dacceder-a-son-bois\/#article\",\"isPartOf\":{\"@id\":\"https:\/\/www.cabinet-magar.fr\/actualites\/bail-rural-quand-un-exploitant-empeche-son-bailleur-dacceder-a-son-bois\/\"},\"author\":{\"name\":\"\",\"@id\":\"\"},\"headline\":\"Bail rural : quand un exploitant emp\u00eache son bailleur d\u2019acc\u00e9der \u00e0 son bois\",\"datePublished\":\"2021-03-02T04:50:00+00:00\",\"dateModified\":\"2021-04-02T01:00:04+00:00\",\"mainEntityOfPage\":{\"@id\":\"https:\/\/www.cabinet-magar.fr\/actualites\/bail-rural-quand-un-exploitant-empeche-son-bailleur-dacceder-a-son-bois\/\"},\"wordCount\":240,\"commentCount\":0,\"image\":{\"@id\":\"https:\/\/www.cabinet-magar.fr\/actualites\/bail-rural-quand-un-exploitant-empeche-son-bailleur-dacceder-a-son-bois\/#primaryimage\"},\"thumbnailUrl\":\"https:\/\/www.cabinet-magar.fr\/wp-content\/uploads\/2021\/03\/bois.jpg\",\"articleSection\":[\"Actu Juridique\",\"Actualit\u00e9s\"],\"inLanguage\":\"de\",\"potentialAction\":[{\"@type\":\"CommentAction\",\"name\":\"Comment\",\"target\":[\"https:\/\/www.cabinet-magar.fr\/actualites\/bail-rural-quand-un-exploitant-empeche-son-bailleur-dacceder-a-son-bois\/#respond\"]}]},{\"@type\":\"WebPage\",\"@id\":\"https:\/\/www.cabinet-magar.fr\/actualites\/bail-rural-quand-un-exploitant-empeche-son-bailleur-dacceder-a-son-bois\/\",\"url\":\"https:\/\/www.cabinet-magar.fr\/actualites\/bail-rural-quand-un-exploitant-empeche-son-bailleur-dacceder-a-son-bois\/\",\"name\":\"Bail rural : quand un exploitant emp\u00eache son bailleur d\u2019acc\u00e9der \u00e0 son bois - Cabinet Magar\",\"isPartOf\":{\"@id\":\"https:\/\/www.cabinet-magar.fr\/#website\"},\"primaryImageOfPage\":{\"@id\":\"https:\/\/www.cabinet-magar.fr\/actualites\/bail-rural-quand-un-exploitant-empeche-son-bailleur-dacceder-a-son-bois\/#primaryimage\"},\"image\":{\"@id\":\"https:\/\/www.cabinet-magar.fr\/actualites\/bail-rural-quand-un-exploitant-empeche-son-bailleur-dacceder-a-son-bois\/#primaryimage\"},\"thumbnailUrl\":\"https:\/\/www.cabinet-magar.fr\/wp-content\/uploads\/2021\/03\/bois.jpg\",\"datePublished\":\"2021-03-02T04:50:00+00:00\",\"dateModified\":\"2021-04-02T01:00:04+00:00\",\"author\":{\"@id\":\"\"},\"breadcrumb\":{\"@id\":\"https:\/\/www.cabinet-magar.fr\/actualites\/bail-rural-quand-un-exploitant-empeche-son-bailleur-dacceder-a-son-bois\/#breadcrumb\"},\"inLanguage\":\"de\",\"potentialAction\":[{\"@type\":\"ReadAction\",\"target\":[\"https:\/\/www.cabinet-magar.fr\/actualites\/bail-rural-quand-un-exploitant-empeche-son-bailleur-dacceder-a-son-bois\/\"]}]},{\"@type\":\"ImageObject\",\"inLanguage\":\"de\",\"@id\":\"https:\/\/www.cabinet-magar.fr\/actualites\/bail-rural-quand-un-exploitant-empeche-son-bailleur-dacceder-a-son-bois\/#primaryimage\",\"url\":\"https:\/\/www.cabinet-magar.fr\/wp-content\/uploads\/2021\/03\/bois.jpg\",\"contentUrl\":\"https:\/\/www.cabinet-magar.fr\/wp-content\/uploads\/2021\/03\/bois.jpg\",\"width\":600,\"height\":400},{\"@type\":\"BreadcrumbList\",\"@id\":\"https:\/\/www.cabinet-magar.fr\/actualites\/bail-rural-quand-un-exploitant-empeche-son-bailleur-dacceder-a-son-bois\/#breadcrumb\",\"itemListElement\":[{\"@type\":\"ListItem\",\"position\":1,\"name\":\"Accueil\",\"item\":\"https:\/\/www.cabinet-magar.fr\/de\/\"},{\"@type\":\"ListItem\",\"position\":2,\"name\":\"Bail rural : quand un exploitant emp\u00eache son bailleur d\u2019acc\u00e9der \u00e0 son bois\"}]},{\"@type\":\"WebSite\",\"@id\":\"https:\/\/www.cabinet-magar.fr\/#website\",\"url\":\"https:\/\/www.cabinet-magar.fr\/\",\"name\":\"Cabinet Magar\",\"description\":\"\",\"potentialAction\":[{\"@type\":\"SearchAction\",\"target\":{\"@type\":\"EntryPoint\",\"urlTemplate\":\"https:\/\/www.cabinet-magar.fr\/?s={search_term_string}\"},\"query-input\":{\"@type\":\"PropertyValueSpecification\",\"valueRequired\":true,\"valueName\":\"search_term_string\"}}],\"inLanguage\":\"de\"}]}<\/script>\n<!-- \/ Yoast SEO plugin. -->","yoast_head_json":{"title":"Bail rural : quand un exploitant emp\u00eache son bailleur d\u2019acc\u00e9der \u00e0 son bois - Cabinet Magar","robots":{"index":"index","follow":"follow","max-snippet":"max-snippet:-1","max-image-preview":"max-image-preview:large","max-video-preview":"max-video-preview:-1"},"canonical":"https:\/\/www.cabinet-magar.fr\/actualites\/bail-rural-quand-un-exploitant-empeche-son-bailleur-dacceder-a-son-bois\/","og_locale":"de_DE","og_type":"article","og_title":"Bail rural : quand un exploitant emp\u00eache son bailleur d\u2019acc\u00e9der \u00e0 son bois - Cabinet Magar","og_description":"Lorsqu\u2019un exploitant agricole compromet l\u2019exploitation du fonds qu\u2019il loue, le bailleur peut d\u00e9cider de mettre fin au bail. Le juge vient pr\u00e9ciser les conditions d\u2019application de cette r\u00e9glementation\u2026","og_url":"https:\/\/www.cabinet-magar.fr\/actualites\/bail-rural-quand-un-exploitant-empeche-son-bailleur-dacceder-a-son-bois\/","og_site_name":"Cabinet Magar","article_published_time":"2021-03-02T04:50:00+00:00","article_modified_time":"2021-04-02T01:00:04+00:00","og_image":[{"width":600,"height":400,"url":"https:\/\/www.cabinet-magar.fr\/wp-content\/uploads\/2021\/03\/bois.jpg","type":"image\/jpeg"}],"twitter_card":"summary_large_image","twitter_misc":{"Gesch\u00e4tzte Lesezeit":"1\u00a0Minute"},"schema":{"@context":"https:\/\/schema.org","@graph":[{"@type":"Article","@id":"https:\/\/www.cabinet-magar.fr\/actualites\/bail-rural-quand-un-exploitant-empeche-son-bailleur-dacceder-a-son-bois\/#article","isPartOf":{"@id":"https:\/\/www.cabinet-magar.fr\/actualites\/bail-rural-quand-un-exploitant-empeche-son-bailleur-dacceder-a-son-bois\/"},"author":{"name":"","@id":""},"headline":"Bail rural : quand un exploitant emp\u00eache son bailleur d\u2019acc\u00e9der \u00e0 son bois","datePublished":"2021-03-02T04:50:00+00:00","dateModified":"2021-04-02T01:00:04+00:00","mainEntityOfPage":{"@id":"https:\/\/www.cabinet-magar.fr\/actualites\/bail-rural-quand-un-exploitant-empeche-son-bailleur-dacceder-a-son-bois\/"},"wordCount":240,"commentCount":0,"image":{"@id":"https:\/\/www.cabinet-magar.fr\/actualites\/bail-rural-quand-un-exploitant-empeche-son-bailleur-dacceder-a-son-bois\/#primaryimage"},"thumbnailUrl":"https:\/\/www.cabinet-magar.fr\/wp-content\/uploads\/2021\/03\/bois.jpg","articleSection":["Actu Juridique","Actualit\u00e9s"],"inLanguage":"de","potentialAction":[{"@type":"CommentAction","name":"Comment","target":["https:\/\/www.cabinet-magar.fr\/actualites\/bail-rural-quand-un-exploitant-empeche-son-bailleur-dacceder-a-son-bois\/#respond"]}]},{"@type":"WebPage","@id":"https:\/\/www.cabinet-magar.fr\/actualites\/bail-rural-quand-un-exploitant-empeche-son-bailleur-dacceder-a-son-bois\/","url":"https:\/\/www.cabinet-magar.fr\/actualites\/bail-rural-quand-un-exploitant-empeche-son-bailleur-dacceder-a-son-bois\/","name":"Bail rural : quand un exploitant emp\u00eache son bailleur d\u2019acc\u00e9der \u00e0 son bois - Cabinet Magar","isPartOf":{"@id":"https:\/\/www.cabinet-magar.fr\/#website"},"primaryImageOfPage":{"@id":"https:\/\/www.cabinet-magar.fr\/actualites\/bail-rural-quand-un-exploitant-empeche-son-bailleur-dacceder-a-son-bois\/#primaryimage"},"image":{"@id":"https:\/\/www.cabinet-magar.fr\/actualites\/bail-rural-quand-un-exploitant-empeche-son-bailleur-dacceder-a-son-bois\/#primaryimage"},"thumbnailUrl":"https:\/\/www.cabinet-magar.fr\/wp-content\/uploads\/2021\/03\/bois.jpg","datePublished":"2021-03-02T04:50:00+00:00","dateModified":"2021-04-02T01:00:04+00:00","author":{"@id":""},"breadcrumb":{"@id":"https:\/\/www.cabinet-magar.fr\/actualites\/bail-rural-quand-un-exploitant-empeche-son-bailleur-dacceder-a-son-bois\/#breadcrumb"},"inLanguage":"de","potentialAction":[{"@type":"ReadAction","target":["https:\/\/www.cabinet-magar.fr\/actualites\/bail-rural-quand-un-exploitant-empeche-son-bailleur-dacceder-a-son-bois\/"]}]},{"@type":"ImageObject","inLanguage":"de","@id":"https:\/\/www.cabinet-magar.fr\/actualites\/bail-rural-quand-un-exploitant-empeche-son-bailleur-dacceder-a-son-bois\/#primaryimage","url":"https:\/\/www.cabinet-magar.fr\/wp-content\/uploads\/2021\/03\/bois.jpg","contentUrl":"https:\/\/www.cabinet-magar.fr\/wp-content\/uploads\/2021\/03\/bois.jpg","width":600,"height":400},{"@type":"BreadcrumbList","@id":"https:\/\/www.cabinet-magar.fr\/actualites\/bail-rural-quand-un-exploitant-empeche-son-bailleur-dacceder-a-son-bois\/#breadcrumb","itemListElement":[{"@type":"ListItem","position":1,"name":"Accueil","item":"https:\/\/www.cabinet-magar.fr\/de\/"},{"@type":"ListItem","position":2,"name":"Bail rural : quand un exploitant emp\u00eache son bailleur d\u2019acc\u00e9der \u00e0 son bois"}]},{"@type":"WebSite","@id":"https:\/\/www.cabinet-magar.fr\/#website","url":"https:\/\/www.cabinet-magar.fr\/","name":"Cabinet Magar","description":"","potentialAction":[{"@type":"SearchAction","target":{"@type":"EntryPoint","urlTemplate":"https:\/\/www.cabinet-magar.fr\/?s={search_term_string}"},"query-input":{"@type":"PropertyValueSpecification","valueRequired":true,"valueName":"search_term_string"}}],"inLanguage":"de"}]}},"_links":{"self":[{"href":"https:\/\/www.cabinet-magar.fr\/de\/wp-json\/wp\/v2\/posts\/467","targetHints":{"allow":["GET"]}}],"collection":[{"href":"https:\/\/www.cabinet-magar.fr\/de\/wp-json\/wp\/v2\/posts"}],"about":[{"href":"https:\/\/www.cabinet-magar.fr\/de\/wp-json\/wp\/v2\/types\/post"}],"replies":[{"embeddable":true,"href":"https:\/\/www.cabinet-magar.fr\/de\/wp-json\/wp\/v2\/comments?post=467"}],"version-history":[{"count":1,"href":"https:\/\/www.cabinet-magar.fr\/de\/wp-json\/wp\/v2\/posts\/467\/revisions"}],"predecessor-version":[{"id":3525,"href":"https:\/\/www.cabinet-magar.fr\/de\/wp-json\/wp\/v2\/posts\/467\/revisions\/3525"}],"wp:featuredmedia":[{"embeddable":true,"href":"https:\/\/www.cabinet-magar.fr\/de\/wp-json\/wp\/v2\/media\/3388"}],"wp:attachment":[{"href":"https:\/\/www.cabinet-magar.fr\/de\/wp-json\/wp\/v2\/media?parent=467"}],"wp:term":[{"taxonomy":"category","embeddable":true,"href":"https:\/\/www.cabinet-magar.fr\/de\/wp-json\/wp\/v2\/categories?post=467"},{"taxonomy":"post_tag","embeddable":true,"href":"https:\/\/www.cabinet-magar.fr\/de\/wp-json\/wp\/v2\/tags?post=467"}],"curies":[{"name":"wp","href":"https:\/\/api.w.org\/{rel}","templated":true}]}}