{"id":466,"date":"2021-03-02T05:51:00","date_gmt":"2021-03-02T04:51:00","guid":{"rendered":"https:\/\/www.cabinet-magar.fr\/croisiere-quelle-responsabilite-pour-lorganisateur\/"},"modified":"2021-04-01T03:01:55","modified_gmt":"2021-04-01T01:01:55","slug":"croisiere-quelle-responsabilite-pour-lorganisateur","status":"publish","type":"post","link":"https:\/\/www.cabinet-magar.fr\/de\/actualites\/croisiere-quelle-responsabilite-pour-lorganisateur\/","title":{"rendered":"Croisi\u00e8re : quelle responsabilit\u00e9 pour l\u2019organisateur ?"},"content":{"rendered":"<p >Lors d\u2019une croisi\u00e8re, une cliente chute et se blesse. Estimant l\u2019organisateur responsable de cet incident, elle lui demande une indemnisation. Ce que ce dernier conteste, en invoquant un incident impr\u00e9visible et in\u00e9vitable. Qui a raison ?<\/p>\n<div>\n<h2>Quelle responsabilit\u00e9 pour l\u2019organisateur d\u2019un voyage en cas de mauvaise ex\u00e9cution d\u2019une prestation ?<\/h2>\n<p>Lors de sa premi\u00e8re nuit sur un bateau de croisi\u00e8re, une femme tombe et se blesse \u00e0 l\u2019\u0153il en percutant un meuble. A la suite de cette chute, elle d\u00e9cide de demander une indemnisation \u00e0 l\u2019organisateur du voyage.<\/p>\n<p>Mais celui-ci refuse d\u2019assumer la responsabilit\u00e9 de cet incident : il est effectivement responsable en cas de mauvaise ex\u00e9cution des prestations ou des dommages subis par ses clients au cours de l\u2019une d\u2019elles, sauf \u00e9v\u00e8nement impr\u00e9visible ou in\u00e9vitable.<\/p>\n<p>Rappelons en effet, que la r\u00e8glementation pr\u00e9voit qu\u2019un organisateur de voyages est responsable du bon d\u00e9roulement de l\u2019ensemble des prestations pr\u00e9vues dans le contrat sign\u00e9 avec son client, ainsi que des \u00e9ventuels dommages subis par celui-ci, sauf \u00e0 ce que la prestation n\u2019ait pu \u00eatre correctement r\u00e9alis\u00e9e en raison d\u2019un \u00e9v\u00e8nement impr\u00e9visible ou in\u00e9vitable ou caus\u00e9 par une personne tierce.<\/p>\n<p>Et dans cette affaire, le juge rappelle que pour accorder l\u2019indemnisation demand\u00e9e, la voyageuse aurait d\u00fb prouver que la chute \u00e9tait bien un incident pr\u00e9visible et que le croisi\u00e9riste aurait pu l\u2019\u00e9viter, ce qu\u2019elle n\u2019a pas fait. Sa demande est donc rejet\u00e9e.<\/p>\n<\/div>\n<p>Source : Arr\u00eat de la cour de cassation, 1\u00e8re chambre civile, du 17 f\u00e9vrier 2021, n\u00b019-18819 (NP)<\/p>\n<p><a href=\"https:\/\/www.weblex.fr\/weblex-actualite\/croisiere-quelle-responsabilite-pour-lorganisateur\" target=\"_blank\" rel=\"noopener\">Croisi\u00e8re : quand une cliente n\u2019a pas le pied marin !<\/a> \u00a9 Copyright WebLex &#8211; 2021<\/p>\n<p><img src='https:\/\/www.weblex.fr\/images\/flux_actus\/croisiere2.jpg'><\/p>\n","protected":false},"excerpt":{"rendered":"<p>Lors d\u2019une croisi\u00e8re, une cliente chute et se blesse. Estimant l\u2019organisateur responsable de cet incident, elle lui demande une indemnisation. Ce que ce dernier conteste, en invoquant un incident impr\u00e9visible et in\u00e9vitable. Qui a raison ?<\/p>\n","protected":false},"author":0,"featured_media":3524,"comment_status":"open","ping_status":"closed","sticky":false,"template":"","format":"standard","meta":{"_acf_changed":false,"footnotes":""},"categories":[9,7],"tags":[],"class_list":["post-466","post","type-post","status-publish","format-standard","has-post-thumbnail","hentry","category-actu-juridique","category-actualites"],"acf":[],"yoast_head":"<!-- This site is optimized with the Yoast SEO plugin v27.2 - https:\/\/yoast.com\/product\/yoast-seo-wordpress\/ -->\n<title>Croisi\u00e8re : quelle responsabilit\u00e9 pour l\u2019organisateur ? - Cabinet Magar<\/title>\n<meta name=\"robots\" content=\"index, follow, max-snippet:-1, max-image-preview:large, max-video-preview:-1\" \/>\n<link rel=\"canonical\" href=\"https:\/\/www.cabinet-magar.fr\/actualites\/croisiere-quelle-responsabilite-pour-lorganisateur\/\" \/>\n<meta property=\"og:locale\" content=\"de_DE\" \/>\n<meta property=\"og:type\" content=\"article\" \/>\n<meta property=\"og:title\" content=\"Croisi\u00e8re : quelle responsabilit\u00e9 pour l\u2019organisateur ? - Cabinet Magar\" \/>\n<meta property=\"og:description\" content=\"Lors d\u2019une croisi\u00e8re, une cliente chute et se blesse. Estimant l\u2019organisateur responsable de cet incident, elle lui demande une indemnisation. Ce que ce dernier conteste, en invoquant un incident impr\u00e9visible et in\u00e9vitable. Qui a raison ?\" \/>\n<meta property=\"og:url\" content=\"https:\/\/www.cabinet-magar.fr\/actualites\/croisiere-quelle-responsabilite-pour-lorganisateur\/\" \/>\n<meta property=\"og:site_name\" content=\"Cabinet Magar\" \/>\n<meta property=\"article:published_time\" content=\"2021-03-02T04:51:00+00:00\" \/>\n<meta property=\"article:modified_time\" content=\"2021-04-01T01:01:55+00:00\" \/>\n<meta property=\"og:image\" content=\"https:\/\/www.cabinet-magar.fr\/wp-content\/uploads\/2021\/04\/croisiere2.jpg\" \/>\n\t<meta property=\"og:image:width\" content=\"600\" \/>\n\t<meta property=\"og:image:height\" content=\"400\" \/>\n\t<meta property=\"og:image:type\" content=\"image\/jpeg\" \/>\n<meta name=\"twitter:card\" content=\"summary_large_image\" \/>\n<meta name=\"twitter:label1\" content=\"Gesch\u00e4tzte Lesezeit\" \/>\n\t<meta name=\"twitter:data1\" content=\"1\u00a0Minute\" \/>\n<script type=\"application\/ld+json\" class=\"yoast-schema-graph\">{\"@context\":\"https:\/\/schema.org\",\"@graph\":[{\"@type\":\"Article\",\"@id\":\"https:\/\/www.cabinet-magar.fr\/actualites\/croisiere-quelle-responsabilite-pour-lorganisateur\/#article\",\"isPartOf\":{\"@id\":\"https:\/\/www.cabinet-magar.fr\/actualites\/croisiere-quelle-responsabilite-pour-lorganisateur\/\"},\"author\":{\"name\":\"\",\"@id\":\"\"},\"headline\":\"Croisi\u00e8re : quelle responsabilit\u00e9 pour l\u2019organisateur ?\",\"datePublished\":\"2021-03-02T04:51:00+00:00\",\"dateModified\":\"2021-04-01T01:01:55+00:00\",\"mainEntityOfPage\":{\"@id\":\"https:\/\/www.cabinet-magar.fr\/actualites\/croisiere-quelle-responsabilite-pour-lorganisateur\/\"},\"wordCount\":302,\"commentCount\":0,\"image\":{\"@id\":\"https:\/\/www.cabinet-magar.fr\/actualites\/croisiere-quelle-responsabilite-pour-lorganisateur\/#primaryimage\"},\"thumbnailUrl\":\"https:\/\/www.cabinet-magar.fr\/wp-content\/uploads\/2021\/04\/croisiere2.jpg\",\"articleSection\":[\"Actu Juridique\",\"Actualit\u00e9s\"],\"inLanguage\":\"de\",\"potentialAction\":[{\"@type\":\"CommentAction\",\"name\":\"Comment\",\"target\":[\"https:\/\/www.cabinet-magar.fr\/actualites\/croisiere-quelle-responsabilite-pour-lorganisateur\/#respond\"]}]},{\"@type\":\"WebPage\",\"@id\":\"https:\/\/www.cabinet-magar.fr\/actualites\/croisiere-quelle-responsabilite-pour-lorganisateur\/\",\"url\":\"https:\/\/www.cabinet-magar.fr\/actualites\/croisiere-quelle-responsabilite-pour-lorganisateur\/\",\"name\":\"Croisi\u00e8re : quelle responsabilit\u00e9 pour l\u2019organisateur ? - Cabinet Magar\",\"isPartOf\":{\"@id\":\"https:\/\/www.cabinet-magar.fr\/#website\"},\"primaryImageOfPage\":{\"@id\":\"https:\/\/www.cabinet-magar.fr\/actualites\/croisiere-quelle-responsabilite-pour-lorganisateur\/#primaryimage\"},\"image\":{\"@id\":\"https:\/\/www.cabinet-magar.fr\/actualites\/croisiere-quelle-responsabilite-pour-lorganisateur\/#primaryimage\"},\"thumbnailUrl\":\"https:\/\/www.cabinet-magar.fr\/wp-content\/uploads\/2021\/04\/croisiere2.jpg\",\"datePublished\":\"2021-03-02T04:51:00+00:00\",\"dateModified\":\"2021-04-01T01:01:55+00:00\",\"author\":{\"@id\":\"\"},\"breadcrumb\":{\"@id\":\"https:\/\/www.cabinet-magar.fr\/actualites\/croisiere-quelle-responsabilite-pour-lorganisateur\/#breadcrumb\"},\"inLanguage\":\"de\",\"potentialAction\":[{\"@type\":\"ReadAction\",\"target\":[\"https:\/\/www.cabinet-magar.fr\/actualites\/croisiere-quelle-responsabilite-pour-lorganisateur\/\"]}]},{\"@type\":\"ImageObject\",\"inLanguage\":\"de\",\"@id\":\"https:\/\/www.cabinet-magar.fr\/actualites\/croisiere-quelle-responsabilite-pour-lorganisateur\/#primaryimage\",\"url\":\"https:\/\/www.cabinet-magar.fr\/wp-content\/uploads\/2021\/04\/croisiere2.jpg\",\"contentUrl\":\"https:\/\/www.cabinet-magar.fr\/wp-content\/uploads\/2021\/04\/croisiere2.jpg\",\"width\":600,\"height\":400},{\"@type\":\"BreadcrumbList\",\"@id\":\"https:\/\/www.cabinet-magar.fr\/actualites\/croisiere-quelle-responsabilite-pour-lorganisateur\/#breadcrumb\",\"itemListElement\":[{\"@type\":\"ListItem\",\"position\":1,\"name\":\"Accueil\",\"item\":\"https:\/\/www.cabinet-magar.fr\/de\/\"},{\"@type\":\"ListItem\",\"position\":2,\"name\":\"Croisi\u00e8re : quelle responsabilit\u00e9 pour l\u2019organisateur ?\"}]},{\"@type\":\"WebSite\",\"@id\":\"https:\/\/www.cabinet-magar.fr\/#website\",\"url\":\"https:\/\/www.cabinet-magar.fr\/\",\"name\":\"Cabinet Magar\",\"description\":\"\",\"potentialAction\":[{\"@type\":\"SearchAction\",\"target\":{\"@type\":\"EntryPoint\",\"urlTemplate\":\"https:\/\/www.cabinet-magar.fr\/?s={search_term_string}\"},\"query-input\":{\"@type\":\"PropertyValueSpecification\",\"valueRequired\":true,\"valueName\":\"search_term_string\"}}],\"inLanguage\":\"de\"}]}<\/script>\n<!-- \/ Yoast SEO plugin. -->","yoast_head_json":{"title":"Croisi\u00e8re : quelle responsabilit\u00e9 pour l\u2019organisateur ? - Cabinet Magar","robots":{"index":"index","follow":"follow","max-snippet":"max-snippet:-1","max-image-preview":"max-image-preview:large","max-video-preview":"max-video-preview:-1"},"canonical":"https:\/\/www.cabinet-magar.fr\/actualites\/croisiere-quelle-responsabilite-pour-lorganisateur\/","og_locale":"de_DE","og_type":"article","og_title":"Croisi\u00e8re : quelle responsabilit\u00e9 pour l\u2019organisateur ? - Cabinet Magar","og_description":"Lors d\u2019une croisi\u00e8re, une cliente chute et se blesse. Estimant l\u2019organisateur responsable de cet incident, elle lui demande une indemnisation. Ce que ce dernier conteste, en invoquant un incident impr\u00e9visible et in\u00e9vitable. Qui a raison ?","og_url":"https:\/\/www.cabinet-magar.fr\/actualites\/croisiere-quelle-responsabilite-pour-lorganisateur\/","og_site_name":"Cabinet Magar","article_published_time":"2021-03-02T04:51:00+00:00","article_modified_time":"2021-04-01T01:01:55+00:00","og_image":[{"width":600,"height":400,"url":"https:\/\/www.cabinet-magar.fr\/wp-content\/uploads\/2021\/04\/croisiere2.jpg","type":"image\/jpeg"}],"twitter_card":"summary_large_image","twitter_misc":{"Gesch\u00e4tzte Lesezeit":"1\u00a0Minute"},"schema":{"@context":"https:\/\/schema.org","@graph":[{"@type":"Article","@id":"https:\/\/www.cabinet-magar.fr\/actualites\/croisiere-quelle-responsabilite-pour-lorganisateur\/#article","isPartOf":{"@id":"https:\/\/www.cabinet-magar.fr\/actualites\/croisiere-quelle-responsabilite-pour-lorganisateur\/"},"author":{"name":"","@id":""},"headline":"Croisi\u00e8re : quelle responsabilit\u00e9 pour l\u2019organisateur ?","datePublished":"2021-03-02T04:51:00+00:00","dateModified":"2021-04-01T01:01:55+00:00","mainEntityOfPage":{"@id":"https:\/\/www.cabinet-magar.fr\/actualites\/croisiere-quelle-responsabilite-pour-lorganisateur\/"},"wordCount":302,"commentCount":0,"image":{"@id":"https:\/\/www.cabinet-magar.fr\/actualites\/croisiere-quelle-responsabilite-pour-lorganisateur\/#primaryimage"},"thumbnailUrl":"https:\/\/www.cabinet-magar.fr\/wp-content\/uploads\/2021\/04\/croisiere2.jpg","articleSection":["Actu Juridique","Actualit\u00e9s"],"inLanguage":"de","potentialAction":[{"@type":"CommentAction","name":"Comment","target":["https:\/\/www.cabinet-magar.fr\/actualites\/croisiere-quelle-responsabilite-pour-lorganisateur\/#respond"]}]},{"@type":"WebPage","@id":"https:\/\/www.cabinet-magar.fr\/actualites\/croisiere-quelle-responsabilite-pour-lorganisateur\/","url":"https:\/\/www.cabinet-magar.fr\/actualites\/croisiere-quelle-responsabilite-pour-lorganisateur\/","name":"Croisi\u00e8re : quelle responsabilit\u00e9 pour l\u2019organisateur ? - Cabinet Magar","isPartOf":{"@id":"https:\/\/www.cabinet-magar.fr\/#website"},"primaryImageOfPage":{"@id":"https:\/\/www.cabinet-magar.fr\/actualites\/croisiere-quelle-responsabilite-pour-lorganisateur\/#primaryimage"},"image":{"@id":"https:\/\/www.cabinet-magar.fr\/actualites\/croisiere-quelle-responsabilite-pour-lorganisateur\/#primaryimage"},"thumbnailUrl":"https:\/\/www.cabinet-magar.fr\/wp-content\/uploads\/2021\/04\/croisiere2.jpg","datePublished":"2021-03-02T04:51:00+00:00","dateModified":"2021-04-01T01:01:55+00:00","author":{"@id":""},"breadcrumb":{"@id":"https:\/\/www.cabinet-magar.fr\/actualites\/croisiere-quelle-responsabilite-pour-lorganisateur\/#breadcrumb"},"inLanguage":"de","potentialAction":[{"@type":"ReadAction","target":["https:\/\/www.cabinet-magar.fr\/actualites\/croisiere-quelle-responsabilite-pour-lorganisateur\/"]}]},{"@type":"ImageObject","inLanguage":"de","@id":"https:\/\/www.cabinet-magar.fr\/actualites\/croisiere-quelle-responsabilite-pour-lorganisateur\/#primaryimage","url":"https:\/\/www.cabinet-magar.fr\/wp-content\/uploads\/2021\/04\/croisiere2.jpg","contentUrl":"https:\/\/www.cabinet-magar.fr\/wp-content\/uploads\/2021\/04\/croisiere2.jpg","width":600,"height":400},{"@type":"BreadcrumbList","@id":"https:\/\/www.cabinet-magar.fr\/actualites\/croisiere-quelle-responsabilite-pour-lorganisateur\/#breadcrumb","itemListElement":[{"@type":"ListItem","position":1,"name":"Accueil","item":"https:\/\/www.cabinet-magar.fr\/de\/"},{"@type":"ListItem","position":2,"name":"Croisi\u00e8re : quelle responsabilit\u00e9 pour l\u2019organisateur ?"}]},{"@type":"WebSite","@id":"https:\/\/www.cabinet-magar.fr\/#website","url":"https:\/\/www.cabinet-magar.fr\/","name":"Cabinet Magar","description":"","potentialAction":[{"@type":"SearchAction","target":{"@type":"EntryPoint","urlTemplate":"https:\/\/www.cabinet-magar.fr\/?s={search_term_string}"},"query-input":{"@type":"PropertyValueSpecification","valueRequired":true,"valueName":"search_term_string"}}],"inLanguage":"de"}]}},"_links":{"self":[{"href":"https:\/\/www.cabinet-magar.fr\/de\/wp-json\/wp\/v2\/posts\/466","targetHints":{"allow":["GET"]}}],"collection":[{"href":"https:\/\/www.cabinet-magar.fr\/de\/wp-json\/wp\/v2\/posts"}],"about":[{"href":"https:\/\/www.cabinet-magar.fr\/de\/wp-json\/wp\/v2\/types\/post"}],"replies":[{"embeddable":true,"href":"https:\/\/www.cabinet-magar.fr\/de\/wp-json\/wp\/v2\/comments?post=466"}],"version-history":[{"count":1,"href":"https:\/\/www.cabinet-magar.fr\/de\/wp-json\/wp\/v2\/posts\/466\/revisions"}],"predecessor-version":[{"id":3523,"href":"https:\/\/www.cabinet-magar.fr\/de\/wp-json\/wp\/v2\/posts\/466\/revisions\/3523"}],"wp:featuredmedia":[{"embeddable":true,"href":"https:\/\/www.cabinet-magar.fr\/de\/wp-json\/wp\/v2\/media\/3524"}],"wp:attachment":[{"href":"https:\/\/www.cabinet-magar.fr\/de\/wp-json\/wp\/v2\/media?parent=466"}],"wp:term":[{"taxonomy":"category","embeddable":true,"href":"https:\/\/www.cabinet-magar.fr\/de\/wp-json\/wp\/v2\/categories?post=466"},{"taxonomy":"post_tag","embeddable":true,"href":"https:\/\/www.cabinet-magar.fr\/de\/wp-json\/wp\/v2\/tags?post=466"}],"curies":[{"name":"wp","href":"https:\/\/api.w.org\/{rel}","templated":true}]}}