{"id":465,"date":"2021-03-02T05:52:00","date_gmt":"2021-03-02T04:52:00","guid":{"rendered":"https:\/\/www.cabinet-magar.fr\/coronavirus-covid-19-et-demandeurs-demploi-la-prime-exceptionnelle-est-prolongee\/"},"modified":"2021-04-01T03:01:50","modified_gmt":"2021-04-01T01:01:50","slug":"coronavirus-covid-19-et-demandeurs-demploi-la-prime-exceptionnelle-est-prolongee","status":"publish","type":"post","link":"https:\/\/www.cabinet-magar.fr\/de\/actualites\/coronavirus-covid-19-et-demandeurs-demploi-la-prime-exceptionnelle-est-prolongee\/","title":{"rendered":"Coronavirus (COVID-19) et demandeurs d\u2019emploi : la prime exceptionnelle est prolong\u00e9e !"},"content":{"rendered":"<p >Afin de faire face \u00e0 la crise sanitaire, le gouvernement fait un geste pour les plus pr\u00e9caires : les demandeurs d\u2019emploi peuvent, sous conditions, b\u00e9n\u00e9ficier d\u2019une aide exceptionnelle\u2026 qui vient d\u2019\u00eatre prolong\u00e9e. Jusqu\u2019\u00e0 quand ?<\/p>\n<div>\n<h2>Coronavirus (COVID-19) et demandeurs d\u2019emploi : la prime exceptionnelle prolong\u00e9e jusqu\u2019en mai 2021 !<\/h2>\n<p>Pour rappel, le gouvernement a institu\u00e9, \u00e0 partir du 1er janvier 2021, une prime exceptionnelle pour les personnes r\u00e9sidant sur le territoire national et inscrites comme demandeurs d&#8217;emploi au cours d&#8217;un ou de plusieurs mois entre novembre 2020 et f\u00e9vrier 2021, afin de leur garantir un revenu mensuel de 900 \u20ac.<\/p>\n<p>Il vient officiellement prolonger le b\u00e9n\u00e9fice de cette aide de 3 mois : pourront y pr\u00e9tendre, toutes conditions par ailleurs remplies, les personnes inscrites comme demandeurs d\u2019emploi au titre d\u2019un ou plusieurs mois, jusqu\u2019\u00e0 mai 2021.<\/p>\n<p>Notez que pour les mois compris entre mars 2021 et mai 2021, la prime ne sera vers\u00e9e qu\u2019aux personnes inscrites comme demandeurs d\u2019emploi jusqu\u2019au dernier jour du mois consid\u00e9r\u00e9.<\/p>\n<p>Les versements \u00e9tant effectu\u00e9s en fin de mois, le dernier versement, au titre du mois de mai, aura donc lieu en juin 2021.<\/p>\n<\/div>\n<p>Source : D\u00e9cret n\u00b0 2021-222 du 26 f\u00e9vrier 2021 modifiant le d\u00e9cret n\u00b0 2020-1785 du 30 d\u00e9cembre 2020 instituant une prime exceptionnelle \u00e0 destination de certains demandeurs d&#8217;emploi<\/p>\n<p><a href=\"https:\/\/www.weblex.fr\/weblex-actualite\/coronavirus-covid-19-et-demandeurs-demploi-la-prime-exceptionnelle-est-prolongee\" target=\"_blank\" rel=\"noopener\">Coronavirus (COVID-19) et demandeurs d\u2019emploi : la prime exceptionnelle est prolong\u00e9e !<\/a> \u00a9 Copyright WebLex &#8211; 2021<\/p>\n<p><img src='https:\/\/www.weblex.fr\/images\/flux_actus\/demandeuremploi.jpg'><\/p>\n","protected":false},"excerpt":{"rendered":"<p>Afin de faire face \u00e0 la crise sanitaire, le gouvernement fait un geste pour les plus pr\u00e9caires : les demandeurs d\u2019emploi peuvent, sous conditions, b\u00e9n\u00e9ficier d\u2019une aide exceptionnelle\u2026 qui vient d\u2019\u00eatre prolong\u00e9e. Jusqu\u2019\u00e0 quand ?<\/p>\n","protected":false},"author":0,"featured_media":3522,"comment_status":"open","ping_status":"closed","sticky":false,"template":"","format":"standard","meta":{"_acf_changed":false,"footnotes":""},"categories":[7,10],"tags":[],"class_list":["post-465","post","type-post","status-publish","format-standard","has-post-thumbnail","hentry","category-actualites","category-le-coin-du-dirigeant"],"acf":[],"yoast_head":"<!-- This site is optimized with the Yoast SEO plugin v27.2 - https:\/\/yoast.com\/product\/yoast-seo-wordpress\/ -->\n<title>Coronavirus (COVID-19) et demandeurs d\u2019emploi : la prime exceptionnelle est prolong\u00e9e ! - Cabinet Magar<\/title>\n<meta name=\"robots\" content=\"index, follow, max-snippet:-1, max-image-preview:large, max-video-preview:-1\" \/>\n<link rel=\"canonical\" href=\"https:\/\/www.cabinet-magar.fr\/actualites\/coronavirus-covid-19-et-demandeurs-demploi-la-prime-exceptionnelle-est-prolongee\/\" \/>\n<meta property=\"og:locale\" content=\"de_DE\" \/>\n<meta property=\"og:type\" content=\"article\" \/>\n<meta property=\"og:title\" content=\"Coronavirus (COVID-19) et demandeurs d\u2019emploi : la prime exceptionnelle est prolong\u00e9e ! - Cabinet Magar\" \/>\n<meta property=\"og:description\" content=\"Afin de faire face \u00e0 la crise sanitaire, le gouvernement fait un geste pour les plus pr\u00e9caires : les demandeurs d\u2019emploi peuvent, sous conditions, b\u00e9n\u00e9ficier d\u2019une aide exceptionnelle\u2026 qui vient d\u2019\u00eatre prolong\u00e9e. Jusqu\u2019\u00e0 quand ?\" \/>\n<meta property=\"og:url\" content=\"https:\/\/www.cabinet-magar.fr\/actualites\/coronavirus-covid-19-et-demandeurs-demploi-la-prime-exceptionnelle-est-prolongee\/\" \/>\n<meta property=\"og:site_name\" content=\"Cabinet Magar\" \/>\n<meta property=\"article:published_time\" content=\"2021-03-02T04:52:00+00:00\" \/>\n<meta property=\"article:modified_time\" content=\"2021-04-01T01:01:50+00:00\" \/>\n<meta property=\"og:image\" content=\"https:\/\/www.cabinet-magar.fr\/wp-content\/uploads\/2021\/04\/demandeuremploi.jpg\" \/>\n\t<meta property=\"og:image:width\" content=\"600\" \/>\n\t<meta property=\"og:image:height\" content=\"400\" \/>\n\t<meta property=\"og:image:type\" content=\"image\/jpeg\" \/>\n<meta name=\"twitter:card\" content=\"summary_large_image\" \/>\n<meta name=\"twitter:label1\" content=\"Gesch\u00e4tzte Lesezeit\" \/>\n\t<meta name=\"twitter:data1\" content=\"1\u00a0Minute\" \/>\n<script type=\"application\/ld+json\" class=\"yoast-schema-graph\">{\"@context\":\"https:\/\/schema.org\",\"@graph\":[{\"@type\":\"Article\",\"@id\":\"https:\/\/www.cabinet-magar.fr\/actualites\/coronavirus-covid-19-et-demandeurs-demploi-la-prime-exceptionnelle-est-prolongee\/#article\",\"isPartOf\":{\"@id\":\"https:\/\/www.cabinet-magar.fr\/actualites\/coronavirus-covid-19-et-demandeurs-demploi-la-prime-exceptionnelle-est-prolongee\/\"},\"author\":{\"name\":\"\",\"@id\":\"\"},\"headline\":\"Coronavirus (COVID-19) et demandeurs d\u2019emploi : la prime exceptionnelle est prolong\u00e9e !\",\"datePublished\":\"2021-03-02T04:52:00+00:00\",\"dateModified\":\"2021-04-01T01:01:50+00:00\",\"mainEntityOfPage\":{\"@id\":\"https:\/\/www.cabinet-magar.fr\/actualites\/coronavirus-covid-19-et-demandeurs-demploi-la-prime-exceptionnelle-est-prolongee\/\"},\"wordCount\":249,\"commentCount\":0,\"image\":{\"@id\":\"https:\/\/www.cabinet-magar.fr\/actualites\/coronavirus-covid-19-et-demandeurs-demploi-la-prime-exceptionnelle-est-prolongee\/#primaryimage\"},\"thumbnailUrl\":\"https:\/\/www.cabinet-magar.fr\/wp-content\/uploads\/2021\/04\/demandeuremploi.jpg\",\"articleSection\":[\"Actualit\u00e9s\",\"Le coin du dirigeant\"],\"inLanguage\":\"de\",\"potentialAction\":[{\"@type\":\"CommentAction\",\"name\":\"Comment\",\"target\":[\"https:\/\/www.cabinet-magar.fr\/actualites\/coronavirus-covid-19-et-demandeurs-demploi-la-prime-exceptionnelle-est-prolongee\/#respond\"]}]},{\"@type\":\"WebPage\",\"@id\":\"https:\/\/www.cabinet-magar.fr\/actualites\/coronavirus-covid-19-et-demandeurs-demploi-la-prime-exceptionnelle-est-prolongee\/\",\"url\":\"https:\/\/www.cabinet-magar.fr\/actualites\/coronavirus-covid-19-et-demandeurs-demploi-la-prime-exceptionnelle-est-prolongee\/\",\"name\":\"Coronavirus (COVID-19) et demandeurs d\u2019emploi : la prime exceptionnelle est prolong\u00e9e ! - Cabinet Magar\",\"isPartOf\":{\"@id\":\"https:\/\/www.cabinet-magar.fr\/#website\"},\"primaryImageOfPage\":{\"@id\":\"https:\/\/www.cabinet-magar.fr\/actualites\/coronavirus-covid-19-et-demandeurs-demploi-la-prime-exceptionnelle-est-prolongee\/#primaryimage\"},\"image\":{\"@id\":\"https:\/\/www.cabinet-magar.fr\/actualites\/coronavirus-covid-19-et-demandeurs-demploi-la-prime-exceptionnelle-est-prolongee\/#primaryimage\"},\"thumbnailUrl\":\"https:\/\/www.cabinet-magar.fr\/wp-content\/uploads\/2021\/04\/demandeuremploi.jpg\",\"datePublished\":\"2021-03-02T04:52:00+00:00\",\"dateModified\":\"2021-04-01T01:01:50+00:00\",\"author\":{\"@id\":\"\"},\"breadcrumb\":{\"@id\":\"https:\/\/www.cabinet-magar.fr\/actualites\/coronavirus-covid-19-et-demandeurs-demploi-la-prime-exceptionnelle-est-prolongee\/#breadcrumb\"},\"inLanguage\":\"de\",\"potentialAction\":[{\"@type\":\"ReadAction\",\"target\":[\"https:\/\/www.cabinet-magar.fr\/actualites\/coronavirus-covid-19-et-demandeurs-demploi-la-prime-exceptionnelle-est-prolongee\/\"]}]},{\"@type\":\"ImageObject\",\"inLanguage\":\"de\",\"@id\":\"https:\/\/www.cabinet-magar.fr\/actualites\/coronavirus-covid-19-et-demandeurs-demploi-la-prime-exceptionnelle-est-prolongee\/#primaryimage\",\"url\":\"https:\/\/www.cabinet-magar.fr\/wp-content\/uploads\/2021\/04\/demandeuremploi.jpg\",\"contentUrl\":\"https:\/\/www.cabinet-magar.fr\/wp-content\/uploads\/2021\/04\/demandeuremploi.jpg\",\"width\":600,\"height\":400},{\"@type\":\"BreadcrumbList\",\"@id\":\"https:\/\/www.cabinet-magar.fr\/actualites\/coronavirus-covid-19-et-demandeurs-demploi-la-prime-exceptionnelle-est-prolongee\/#breadcrumb\",\"itemListElement\":[{\"@type\":\"ListItem\",\"position\":1,\"name\":\"Accueil\",\"item\":\"https:\/\/www.cabinet-magar.fr\/de\/\"},{\"@type\":\"ListItem\",\"position\":2,\"name\":\"Coronavirus (COVID-19) et demandeurs d\u2019emploi : la prime exceptionnelle est prolong\u00e9e !\"}]},{\"@type\":\"WebSite\",\"@id\":\"https:\/\/www.cabinet-magar.fr\/#website\",\"url\":\"https:\/\/www.cabinet-magar.fr\/\",\"name\":\"Cabinet Magar\",\"description\":\"\",\"potentialAction\":[{\"@type\":\"SearchAction\",\"target\":{\"@type\":\"EntryPoint\",\"urlTemplate\":\"https:\/\/www.cabinet-magar.fr\/?s={search_term_string}\"},\"query-input\":{\"@type\":\"PropertyValueSpecification\",\"valueRequired\":true,\"valueName\":\"search_term_string\"}}],\"inLanguage\":\"de\"}]}<\/script>\n<!-- \/ Yoast SEO plugin. -->","yoast_head_json":{"title":"Coronavirus (COVID-19) et demandeurs d\u2019emploi : la prime exceptionnelle est prolong\u00e9e ! - Cabinet Magar","robots":{"index":"index","follow":"follow","max-snippet":"max-snippet:-1","max-image-preview":"max-image-preview:large","max-video-preview":"max-video-preview:-1"},"canonical":"https:\/\/www.cabinet-magar.fr\/actualites\/coronavirus-covid-19-et-demandeurs-demploi-la-prime-exceptionnelle-est-prolongee\/","og_locale":"de_DE","og_type":"article","og_title":"Coronavirus (COVID-19) et demandeurs d\u2019emploi : la prime exceptionnelle est prolong\u00e9e ! - Cabinet Magar","og_description":"Afin de faire face \u00e0 la crise sanitaire, le gouvernement fait un geste pour les plus pr\u00e9caires : les demandeurs d\u2019emploi peuvent, sous conditions, b\u00e9n\u00e9ficier d\u2019une aide exceptionnelle\u2026 qui vient d\u2019\u00eatre prolong\u00e9e. Jusqu\u2019\u00e0 quand ?","og_url":"https:\/\/www.cabinet-magar.fr\/actualites\/coronavirus-covid-19-et-demandeurs-demploi-la-prime-exceptionnelle-est-prolongee\/","og_site_name":"Cabinet Magar","article_published_time":"2021-03-02T04:52:00+00:00","article_modified_time":"2021-04-01T01:01:50+00:00","og_image":[{"width":600,"height":400,"url":"https:\/\/www.cabinet-magar.fr\/wp-content\/uploads\/2021\/04\/demandeuremploi.jpg","type":"image\/jpeg"}],"twitter_card":"summary_large_image","twitter_misc":{"Gesch\u00e4tzte Lesezeit":"1\u00a0Minute"},"schema":{"@context":"https:\/\/schema.org","@graph":[{"@type":"Article","@id":"https:\/\/www.cabinet-magar.fr\/actualites\/coronavirus-covid-19-et-demandeurs-demploi-la-prime-exceptionnelle-est-prolongee\/#article","isPartOf":{"@id":"https:\/\/www.cabinet-magar.fr\/actualites\/coronavirus-covid-19-et-demandeurs-demploi-la-prime-exceptionnelle-est-prolongee\/"},"author":{"name":"","@id":""},"headline":"Coronavirus (COVID-19) et demandeurs d\u2019emploi : la prime exceptionnelle est prolong\u00e9e !","datePublished":"2021-03-02T04:52:00+00:00","dateModified":"2021-04-01T01:01:50+00:00","mainEntityOfPage":{"@id":"https:\/\/www.cabinet-magar.fr\/actualites\/coronavirus-covid-19-et-demandeurs-demploi-la-prime-exceptionnelle-est-prolongee\/"},"wordCount":249,"commentCount":0,"image":{"@id":"https:\/\/www.cabinet-magar.fr\/actualites\/coronavirus-covid-19-et-demandeurs-demploi-la-prime-exceptionnelle-est-prolongee\/#primaryimage"},"thumbnailUrl":"https:\/\/www.cabinet-magar.fr\/wp-content\/uploads\/2021\/04\/demandeuremploi.jpg","articleSection":["Actualit\u00e9s","Le coin du dirigeant"],"inLanguage":"de","potentialAction":[{"@type":"CommentAction","name":"Comment","target":["https:\/\/www.cabinet-magar.fr\/actualites\/coronavirus-covid-19-et-demandeurs-demploi-la-prime-exceptionnelle-est-prolongee\/#respond"]}]},{"@type":"WebPage","@id":"https:\/\/www.cabinet-magar.fr\/actualites\/coronavirus-covid-19-et-demandeurs-demploi-la-prime-exceptionnelle-est-prolongee\/","url":"https:\/\/www.cabinet-magar.fr\/actualites\/coronavirus-covid-19-et-demandeurs-demploi-la-prime-exceptionnelle-est-prolongee\/","name":"Coronavirus (COVID-19) et demandeurs d\u2019emploi : la prime exceptionnelle est prolong\u00e9e ! - Cabinet Magar","isPartOf":{"@id":"https:\/\/www.cabinet-magar.fr\/#website"},"primaryImageOfPage":{"@id":"https:\/\/www.cabinet-magar.fr\/actualites\/coronavirus-covid-19-et-demandeurs-demploi-la-prime-exceptionnelle-est-prolongee\/#primaryimage"},"image":{"@id":"https:\/\/www.cabinet-magar.fr\/actualites\/coronavirus-covid-19-et-demandeurs-demploi-la-prime-exceptionnelle-est-prolongee\/#primaryimage"},"thumbnailUrl":"https:\/\/www.cabinet-magar.fr\/wp-content\/uploads\/2021\/04\/demandeuremploi.jpg","datePublished":"2021-03-02T04:52:00+00:00","dateModified":"2021-04-01T01:01:50+00:00","author":{"@id":""},"breadcrumb":{"@id":"https:\/\/www.cabinet-magar.fr\/actualites\/coronavirus-covid-19-et-demandeurs-demploi-la-prime-exceptionnelle-est-prolongee\/#breadcrumb"},"inLanguage":"de","potentialAction":[{"@type":"ReadAction","target":["https:\/\/www.cabinet-magar.fr\/actualites\/coronavirus-covid-19-et-demandeurs-demploi-la-prime-exceptionnelle-est-prolongee\/"]}]},{"@type":"ImageObject","inLanguage":"de","@id":"https:\/\/www.cabinet-magar.fr\/actualites\/coronavirus-covid-19-et-demandeurs-demploi-la-prime-exceptionnelle-est-prolongee\/#primaryimage","url":"https:\/\/www.cabinet-magar.fr\/wp-content\/uploads\/2021\/04\/demandeuremploi.jpg","contentUrl":"https:\/\/www.cabinet-magar.fr\/wp-content\/uploads\/2021\/04\/demandeuremploi.jpg","width":600,"height":400},{"@type":"BreadcrumbList","@id":"https:\/\/www.cabinet-magar.fr\/actualites\/coronavirus-covid-19-et-demandeurs-demploi-la-prime-exceptionnelle-est-prolongee\/#breadcrumb","itemListElement":[{"@type":"ListItem","position":1,"name":"Accueil","item":"https:\/\/www.cabinet-magar.fr\/de\/"},{"@type":"ListItem","position":2,"name":"Coronavirus (COVID-19) et demandeurs d\u2019emploi : la prime exceptionnelle est prolong\u00e9e !"}]},{"@type":"WebSite","@id":"https:\/\/www.cabinet-magar.fr\/#website","url":"https:\/\/www.cabinet-magar.fr\/","name":"Cabinet Magar","description":"","potentialAction":[{"@type":"SearchAction","target":{"@type":"EntryPoint","urlTemplate":"https:\/\/www.cabinet-magar.fr\/?s={search_term_string}"},"query-input":{"@type":"PropertyValueSpecification","valueRequired":true,"valueName":"search_term_string"}}],"inLanguage":"de"}]}},"_links":{"self":[{"href":"https:\/\/www.cabinet-magar.fr\/de\/wp-json\/wp\/v2\/posts\/465","targetHints":{"allow":["GET"]}}],"collection":[{"href":"https:\/\/www.cabinet-magar.fr\/de\/wp-json\/wp\/v2\/posts"}],"about":[{"href":"https:\/\/www.cabinet-magar.fr\/de\/wp-json\/wp\/v2\/types\/post"}],"replies":[{"embeddable":true,"href":"https:\/\/www.cabinet-magar.fr\/de\/wp-json\/wp\/v2\/comments?post=465"}],"version-history":[{"count":1,"href":"https:\/\/www.cabinet-magar.fr\/de\/wp-json\/wp\/v2\/posts\/465\/revisions"}],"predecessor-version":[{"id":3521,"href":"https:\/\/www.cabinet-magar.fr\/de\/wp-json\/wp\/v2\/posts\/465\/revisions\/3521"}],"wp:featuredmedia":[{"embeddable":true,"href":"https:\/\/www.cabinet-magar.fr\/de\/wp-json\/wp\/v2\/media\/3522"}],"wp:attachment":[{"href":"https:\/\/www.cabinet-magar.fr\/de\/wp-json\/wp\/v2\/media?parent=465"}],"wp:term":[{"taxonomy":"category","embeddable":true,"href":"https:\/\/www.cabinet-magar.fr\/de\/wp-json\/wp\/v2\/categories?post=465"},{"taxonomy":"post_tag","embeddable":true,"href":"https:\/\/www.cabinet-magar.fr\/de\/wp-json\/wp\/v2\/tags?post=465"}],"curies":[{"name":"wp","href":"https:\/\/api.w.org\/{rel}","templated":true}]}}