{"id":464,"date":"2021-03-02T05:53:00","date_gmt":"2021-03-02T04:53:00","guid":{"rendered":"https:\/\/www.cabinet-magar.fr\/coronavirus-covid-19-le-point-sur-lidentification-des-variants\/"},"modified":"2021-04-01T03:01:46","modified_gmt":"2021-04-01T01:01:46","slug":"coronavirus-covid-19-le-point-sur-lidentification-des-variants","status":"publish","type":"post","link":"https:\/\/www.cabinet-magar.fr\/de\/actualites\/coronavirus-covid-19-le-point-sur-lidentification-des-variants\/","title":{"rendered":"Coronavirus (COVID-19) : le point sur l\u2019identification des variants"},"content":{"rendered":"<p >La propagation de l\u2019\u00e9pid\u00e9mie de coronavirus et de ses variants n\u00e9cessite l\u2019ajustement des tests mis en place pour les d\u00e9tecter. De nouvelles pr\u00e9cisions viennent d\u2019\u00eatre donn\u00e9es \u00e0 ce sujet, dont voici le d\u00e9tail\u2026<\/p>\n<div>\n<h2> Coronavirus (COVID-19) et identification des variants : concernant la r\u00e9alisation d\u2019actes de criblage<\/h2>\n<ul>\n<li><strong> Concernant les pharmaciens lib\u00e9raux <\/strong><\/li>\n<\/ul>\n<p>Il est d\u00e9sormais pr\u00e9vu qu\u2019\u00e0 l&#8217;issue d&#8217;un test antig\u00e9nique positif, les pharmaciens lib\u00e9raux peuvent effectuer en officine un pr\u00e9l\u00e8vement pour la r\u00e9alisation d&#8217;un acte de criblage de variant par une technique de RT-PCR sp\u00e9cifique en laboratoire de biologie m\u00e9dicale, dans les conditions mentionn\u00e9es \u00e0 l\u2019acte 5271 de la nomenclature des actes de biologie m\u00e9dicale.<\/p>\n<p>Les pr\u00e9l\u00e8vements doivent \u00eatre assur\u00e9s sous la responsabilit\u00e9 d&#8217;un laboratoire de biologie m\u00e9dicale dans le cadre d&#8217;une convention pass\u00e9e avec le pharmacien d&#8217;officine.<\/p>\n<p>Dans le cas des pharmaciens lib\u00e9raux, les conditions de facturation sont les suivantes :<\/p>\n<ul>\n<li>9,60 \u20ac pour un pr\u00e9l\u00e8vement nasopharyng\u00e9 ;<\/li>\n<li>5,76 \u20ac pour un pr\u00e9l\u00e8vement salivaire ou oropharyng\u00e9.<\/li>\n<\/ul>\n<ul>\n<li><strong> Concernant les laboratoires de biologie m\u00e9dicale <\/strong><\/li>\n<\/ul>\n<p>Il en est de m\u00eame pour les laboratoires de biologie m\u00e9dicale, qui peuvent, \u00e0 l&#8217;issue d&#8217;un test antig\u00e9nique positif, facturer un acte de criblage de variant par une technique de RT-PCR sp\u00e9cifique sur un nouveau pr\u00e9l\u00e8vement r\u00e9alis\u00e9 \u00e0 cet effet.<\/p>\n<p>Cette facturation s\u2019op\u00e8re l\u00e0 encore selon les conditions pr\u00e9vues \u00e0 la cote 5271 de la nomenclature des actes de biologie m\u00e9dicale.<\/p>\n<p>Si le laboratoire de biologie m\u00e9dicale r\u00e9alise un nouveau pr\u00e9l\u00e8vement, il peut facturer en plus un acte de pr\u00e9l\u00e8vement cot\u00e9 9058 \u00e0 la nomenclature des actes de biologie m\u00e9dicale.<\/p>\n<h2> Coronavirus (COVID-19) et identification des variants : concernant les dispositifs m\u00e9dicaux de diagnostic in vitro<\/h2>\n<ul>\n<li><strong> Encadrement de la fabrication et de l\u2019utilisation des dispositifs<\/strong><\/li>\n<\/ul>\n<p>Par exception, il est pr\u00e9vu que les dispositifs m\u00e9dicaux de diagnostic in vitro utilis\u00e9s pour la r\u00e9alisation d&#8217;un criblage de variant du SARS-CoV-2 par une technique de RT-PCR sp\u00e9cifique qui r\u00e9pondent aux exigences techniques figurant sur le site internet du Minist\u00e8re charg\u00e9 de la sant\u00e9 peuvent \u00eatre fabriqu\u00e9s par les laboratoires de biologie m\u00e9dicale.<\/p>\n<p>Ces dispositifs doivent \u00eatre fabriqu\u00e9s et utilis\u00e9s exclusivement au sein d&#8217;un laboratoire de biologie m\u00e9dicale pour son propre usage.<\/p>\n<p>Dans ce cadre, les laboratoires doivent imp\u00e9rativement respecter le cahier des charges publi\u00e9 sur les sites internet de l&#8217;Agence nationale de s\u00e9curit\u00e9 du m\u00e9dicament et des produits de sant\u00e9 et du Minist\u00e8re charg\u00e9 de la sant\u00e9.<\/p>\n<p>Ils sont \u00e9galement tenus de communiquer \u00e0 l\u2019agence l\u2019ensemble des informations pr\u00e9vues par ce cahier des charges.<\/p>\n<ul>\n<li><strong> Obligations de r\u00e9actovigilance <\/strong><\/li>\n<\/ul>\n<p>Les laboratoires de biologie m\u00e9dicale qui fabriquent et utilisent ces dispositifs m\u00e9dicaux de diagnostic in vitro sont soumis \u00e0 certaines obligations de r\u00e9actovigilance qui pr\u00e9voient, notamment, l\u2019obligation de conserver, pour chaque transaction d&#8217;entr\u00e9e et de sortie, les informations suivantes :<\/p>\n<ul>\n<li>la date de transaction ;<\/li>\n<li>la d\u00e9nomination du dispositif m\u00e9dical de diagnostic in vitro ;<\/li>\n<li>la quantit\u00e9 re\u00e7ue ou fournie, avec les num\u00e9ros de lots ;<\/li>\n<li>le nom et l&#8217;adresse du fournisseur et du destinataire.<\/li>\n<\/ul>\n<h2> Coronavirus (COVID-19) : concernant les patients atteints du diab\u00e8te<\/h2>\n<p>Pour m\u00e9moire, \u00e9taient \u00e9ligibles \u00e0 un projet de t\u00e9l\u00e9surveillance m\u00e9dicale les patients atteints du diab\u00e8te d\u00e8s lors qu\u2019ils remplissaient l&#8217;un des crit\u00e8res ci-dessous :<\/p>\n<ul>\n<li>diab\u00e9tiques de type 1 \u00e2g\u00e9s de plus de 12 ans et de moins de 18 ans pr\u00e9sentant une HbA1C inf\u00e9rieure \u00e0 8,5 % lors de 2 mesures r\u00e9alis\u00e9es dans un intervalle de 6 mois ;<\/li>\n<li>diab\u00e9tiques de type 1 \u00e2g\u00e9s de 18 ans ou plus pr\u00e9sentant une HbA1c inf\u00e9rieure \u00e0 8 % lors de 2 mesures r\u00e9alis\u00e9es dans un intervalle de 6 mois ;<\/li>\n<li>diab\u00e9tiques de type 2 trait\u00e9s par sch\u00e9ma insulinique complexe, diagnostiqu\u00e9s depuis plus de 12 mois et \u00e2g\u00e9s de 18 ans ou plus pr\u00e9sentant une HbA1c inf\u00e9rieure \u00e0 9 % lors de 2 mesures r\u00e9alis\u00e9es dans un intervalle de 6 mois ;<\/li>\n<li>diab\u00e9tiques de type 2 diagnostiqu\u00e9s depuis plus de 12 mois \u00e2g\u00e9s de 18 ans ou plus, lors de l&#8217;initiation d&#8217;insuline, et avec une HbA1c inf\u00e9rieure \u00e0 9 % lors de 2 mesures r\u00e9alis\u00e9es dans un intervalle de 6 mois.<\/li>\n<\/ul>\n<p>Pour ces patients, l&#8217;inclusion \u00e0 la t\u00e9l\u00e9m\u00e9decine \u00e9tait r\u00e9alis\u00e9e sur prescription m\u00e9dicale pour une dur\u00e9e de 3 mois.<\/p>\n<p>Dans le cadre de cette prise en charge trimestrielle, le paiement \u00e0 l&#8217;Assurance maladie \u00e9tait effectu\u00e9 au terme des 3 mois.<\/p>\n<p>Cette disposition est d\u00e9sormais supprim\u00e9e.<\/p>\n<p>Source : Arr\u00eat\u00e9 du 1er mars 2021 modifiant l&#8217;arr\u00eat\u00e9 du 10 juillet 2020 prescrivant les mesures d&#8217;organisation et de fonctionnement du syst\u00e8me de sant\u00e9 n\u00e9cessaires pour faire face \u00e0 l&#8217;\u00e9pid\u00e9mie de covid-19 dans le cadre de l&#8217;\u00e9tat d&#8217;urgence sanitaire<\/p>\n<p><a href=\"https:\/\/www.weblex.fr\/weblex-actualite\/coronavirus-covid-19-le-point-sur-lidentification-des-variants\" target=\"_blank\" rel=\"noopener\">Coronavirus (COVID-19) : le point sur l\u2019identification des variants<\/a> \u00a9 Copyright WebLex &#8211; 2021<\/p>\n<\/div>\n<p><img src='https:\/\/www.weblex.fr\/images\/flux_actus\/variant.jpg'><\/p>\n","protected":false},"excerpt":{"rendered":"<p>La propagation de l\u2019\u00e9pid\u00e9mie de coronavirus et de ses variants n\u00e9cessite l\u2019ajustement des tests mis en place pour les d\u00e9tecter. De nouvelles pr\u00e9cisions viennent d\u2019\u00eatre donn\u00e9es \u00e0 ce sujet, dont voici le d\u00e9tail\u2026<\/p>\n","protected":false},"author":0,"featured_media":3520,"comment_status":"open","ping_status":"closed","sticky":false,"template":"","format":"standard","meta":{"_acf_changed":false,"footnotes":""},"categories":[9,7],"tags":[],"class_list":["post-464","post","type-post","status-publish","format-standard","has-post-thumbnail","hentry","category-actu-juridique","category-actualites"],"acf":[],"yoast_head":"<!-- This site is optimized with the Yoast SEO plugin v27.2 - https:\/\/yoast.com\/product\/yoast-seo-wordpress\/ -->\n<title>Coronavirus (COVID-19) : le point sur l\u2019identification des variants - Cabinet Magar<\/title>\n<meta name=\"robots\" content=\"index, follow, max-snippet:-1, max-image-preview:large, max-video-preview:-1\" \/>\n<link rel=\"canonical\" href=\"https:\/\/www.cabinet-magar.fr\/actualites\/coronavirus-covid-19-le-point-sur-lidentification-des-variants\/\" \/>\n<meta property=\"og:locale\" content=\"de_DE\" \/>\n<meta property=\"og:type\" content=\"article\" \/>\n<meta property=\"og:title\" content=\"Coronavirus (COVID-19) : le point sur l\u2019identification des variants - Cabinet Magar\" \/>\n<meta property=\"og:description\" content=\"La propagation de l\u2019\u00e9pid\u00e9mie de coronavirus et de ses variants n\u00e9cessite l\u2019ajustement des tests mis en place pour les d\u00e9tecter. De nouvelles pr\u00e9cisions viennent d\u2019\u00eatre donn\u00e9es \u00e0 ce sujet, dont voici le d\u00e9tail\u2026\" \/>\n<meta property=\"og:url\" content=\"https:\/\/www.cabinet-magar.fr\/actualites\/coronavirus-covid-19-le-point-sur-lidentification-des-variants\/\" \/>\n<meta property=\"og:site_name\" content=\"Cabinet Magar\" \/>\n<meta property=\"article:published_time\" content=\"2021-03-02T04:53:00+00:00\" \/>\n<meta property=\"article:modified_time\" content=\"2021-04-01T01:01:46+00:00\" \/>\n<meta property=\"og:image\" content=\"https:\/\/www.cabinet-magar.fr\/wp-content\/uploads\/2021\/04\/variant.jpg\" \/>\n\t<meta property=\"og:image:width\" content=\"600\" \/>\n\t<meta property=\"og:image:height\" content=\"400\" \/>\n\t<meta property=\"og:image:type\" content=\"image\/jpeg\" \/>\n<meta name=\"twitter:card\" content=\"summary_large_image\" \/>\n<meta name=\"twitter:label1\" content=\"Gesch\u00e4tzte Lesezeit\" \/>\n\t<meta name=\"twitter:data1\" content=\"4\u00a0Minuten\" \/>\n<script type=\"application\/ld+json\" class=\"yoast-schema-graph\">{\"@context\":\"https:\/\/schema.org\",\"@graph\":[{\"@type\":\"Article\",\"@id\":\"https:\/\/www.cabinet-magar.fr\/actualites\/coronavirus-covid-19-le-point-sur-lidentification-des-variants\/#article\",\"isPartOf\":{\"@id\":\"https:\/\/www.cabinet-magar.fr\/actualites\/coronavirus-covid-19-le-point-sur-lidentification-des-variants\/\"},\"author\":{\"name\":\"\",\"@id\":\"\"},\"headline\":\"Coronavirus (COVID-19) : le point sur l\u2019identification des variants\",\"datePublished\":\"2021-03-02T04:53:00+00:00\",\"dateModified\":\"2021-04-01T01:01:46+00:00\",\"mainEntityOfPage\":{\"@id\":\"https:\/\/www.cabinet-magar.fr\/actualites\/coronavirus-covid-19-le-point-sur-lidentification-des-variants\/\"},\"wordCount\":854,\"commentCount\":0,\"image\":{\"@id\":\"https:\/\/www.cabinet-magar.fr\/actualites\/coronavirus-covid-19-le-point-sur-lidentification-des-variants\/#primaryimage\"},\"thumbnailUrl\":\"https:\/\/www.cabinet-magar.fr\/wp-content\/uploads\/2021\/04\/variant.jpg\",\"articleSection\":[\"Actu Juridique\",\"Actualit\u00e9s\"],\"inLanguage\":\"de\",\"potentialAction\":[{\"@type\":\"CommentAction\",\"name\":\"Comment\",\"target\":[\"https:\/\/www.cabinet-magar.fr\/actualites\/coronavirus-covid-19-le-point-sur-lidentification-des-variants\/#respond\"]}]},{\"@type\":\"WebPage\",\"@id\":\"https:\/\/www.cabinet-magar.fr\/actualites\/coronavirus-covid-19-le-point-sur-lidentification-des-variants\/\",\"url\":\"https:\/\/www.cabinet-magar.fr\/actualites\/coronavirus-covid-19-le-point-sur-lidentification-des-variants\/\",\"name\":\"Coronavirus (COVID-19) : le point sur l\u2019identification des variants - Cabinet Magar\",\"isPartOf\":{\"@id\":\"https:\/\/www.cabinet-magar.fr\/#website\"},\"primaryImageOfPage\":{\"@id\":\"https:\/\/www.cabinet-magar.fr\/actualites\/coronavirus-covid-19-le-point-sur-lidentification-des-variants\/#primaryimage\"},\"image\":{\"@id\":\"https:\/\/www.cabinet-magar.fr\/actualites\/coronavirus-covid-19-le-point-sur-lidentification-des-variants\/#primaryimage\"},\"thumbnailUrl\":\"https:\/\/www.cabinet-magar.fr\/wp-content\/uploads\/2021\/04\/variant.jpg\",\"datePublished\":\"2021-03-02T04:53:00+00:00\",\"dateModified\":\"2021-04-01T01:01:46+00:00\",\"author\":{\"@id\":\"\"},\"breadcrumb\":{\"@id\":\"https:\/\/www.cabinet-magar.fr\/actualites\/coronavirus-covid-19-le-point-sur-lidentification-des-variants\/#breadcrumb\"},\"inLanguage\":\"de\",\"potentialAction\":[{\"@type\":\"ReadAction\",\"target\":[\"https:\/\/www.cabinet-magar.fr\/actualites\/coronavirus-covid-19-le-point-sur-lidentification-des-variants\/\"]}]},{\"@type\":\"ImageObject\",\"inLanguage\":\"de\",\"@id\":\"https:\/\/www.cabinet-magar.fr\/actualites\/coronavirus-covid-19-le-point-sur-lidentification-des-variants\/#primaryimage\",\"url\":\"https:\/\/www.cabinet-magar.fr\/wp-content\/uploads\/2021\/04\/variant.jpg\",\"contentUrl\":\"https:\/\/www.cabinet-magar.fr\/wp-content\/uploads\/2021\/04\/variant.jpg\",\"width\":600,\"height\":400},{\"@type\":\"BreadcrumbList\",\"@id\":\"https:\/\/www.cabinet-magar.fr\/actualites\/coronavirus-covid-19-le-point-sur-lidentification-des-variants\/#breadcrumb\",\"itemListElement\":[{\"@type\":\"ListItem\",\"position\":1,\"name\":\"Accueil\",\"item\":\"https:\/\/www.cabinet-magar.fr\/de\/\"},{\"@type\":\"ListItem\",\"position\":2,\"name\":\"Coronavirus (COVID-19) : le point sur l\u2019identification des variants\"}]},{\"@type\":\"WebSite\",\"@id\":\"https:\/\/www.cabinet-magar.fr\/#website\",\"url\":\"https:\/\/www.cabinet-magar.fr\/\",\"name\":\"Cabinet Magar\",\"description\":\"\",\"potentialAction\":[{\"@type\":\"SearchAction\",\"target\":{\"@type\":\"EntryPoint\",\"urlTemplate\":\"https:\/\/www.cabinet-magar.fr\/?s={search_term_string}\"},\"query-input\":{\"@type\":\"PropertyValueSpecification\",\"valueRequired\":true,\"valueName\":\"search_term_string\"}}],\"inLanguage\":\"de\"}]}<\/script>\n<!-- \/ Yoast SEO plugin. -->","yoast_head_json":{"title":"Coronavirus (COVID-19) : le point sur l\u2019identification des variants - Cabinet Magar","robots":{"index":"index","follow":"follow","max-snippet":"max-snippet:-1","max-image-preview":"max-image-preview:large","max-video-preview":"max-video-preview:-1"},"canonical":"https:\/\/www.cabinet-magar.fr\/actualites\/coronavirus-covid-19-le-point-sur-lidentification-des-variants\/","og_locale":"de_DE","og_type":"article","og_title":"Coronavirus (COVID-19) : le point sur l\u2019identification des variants - Cabinet Magar","og_description":"La propagation de l\u2019\u00e9pid\u00e9mie de coronavirus et de ses variants n\u00e9cessite l\u2019ajustement des tests mis en place pour les d\u00e9tecter. De nouvelles pr\u00e9cisions viennent d\u2019\u00eatre donn\u00e9es \u00e0 ce sujet, dont voici le d\u00e9tail\u2026","og_url":"https:\/\/www.cabinet-magar.fr\/actualites\/coronavirus-covid-19-le-point-sur-lidentification-des-variants\/","og_site_name":"Cabinet Magar","article_published_time":"2021-03-02T04:53:00+00:00","article_modified_time":"2021-04-01T01:01:46+00:00","og_image":[{"width":600,"height":400,"url":"https:\/\/www.cabinet-magar.fr\/wp-content\/uploads\/2021\/04\/variant.jpg","type":"image\/jpeg"}],"twitter_card":"summary_large_image","twitter_misc":{"Gesch\u00e4tzte Lesezeit":"4\u00a0Minuten"},"schema":{"@context":"https:\/\/schema.org","@graph":[{"@type":"Article","@id":"https:\/\/www.cabinet-magar.fr\/actualites\/coronavirus-covid-19-le-point-sur-lidentification-des-variants\/#article","isPartOf":{"@id":"https:\/\/www.cabinet-magar.fr\/actualites\/coronavirus-covid-19-le-point-sur-lidentification-des-variants\/"},"author":{"name":"","@id":""},"headline":"Coronavirus (COVID-19) : le point sur l\u2019identification des variants","datePublished":"2021-03-02T04:53:00+00:00","dateModified":"2021-04-01T01:01:46+00:00","mainEntityOfPage":{"@id":"https:\/\/www.cabinet-magar.fr\/actualites\/coronavirus-covid-19-le-point-sur-lidentification-des-variants\/"},"wordCount":854,"commentCount":0,"image":{"@id":"https:\/\/www.cabinet-magar.fr\/actualites\/coronavirus-covid-19-le-point-sur-lidentification-des-variants\/#primaryimage"},"thumbnailUrl":"https:\/\/www.cabinet-magar.fr\/wp-content\/uploads\/2021\/04\/variant.jpg","articleSection":["Actu Juridique","Actualit\u00e9s"],"inLanguage":"de","potentialAction":[{"@type":"CommentAction","name":"Comment","target":["https:\/\/www.cabinet-magar.fr\/actualites\/coronavirus-covid-19-le-point-sur-lidentification-des-variants\/#respond"]}]},{"@type":"WebPage","@id":"https:\/\/www.cabinet-magar.fr\/actualites\/coronavirus-covid-19-le-point-sur-lidentification-des-variants\/","url":"https:\/\/www.cabinet-magar.fr\/actualites\/coronavirus-covid-19-le-point-sur-lidentification-des-variants\/","name":"Coronavirus (COVID-19) : le point sur l\u2019identification des variants - Cabinet Magar","isPartOf":{"@id":"https:\/\/www.cabinet-magar.fr\/#website"},"primaryImageOfPage":{"@id":"https:\/\/www.cabinet-magar.fr\/actualites\/coronavirus-covid-19-le-point-sur-lidentification-des-variants\/#primaryimage"},"image":{"@id":"https:\/\/www.cabinet-magar.fr\/actualites\/coronavirus-covid-19-le-point-sur-lidentification-des-variants\/#primaryimage"},"thumbnailUrl":"https:\/\/www.cabinet-magar.fr\/wp-content\/uploads\/2021\/04\/variant.jpg","datePublished":"2021-03-02T04:53:00+00:00","dateModified":"2021-04-01T01:01:46+00:00","author":{"@id":""},"breadcrumb":{"@id":"https:\/\/www.cabinet-magar.fr\/actualites\/coronavirus-covid-19-le-point-sur-lidentification-des-variants\/#breadcrumb"},"inLanguage":"de","potentialAction":[{"@type":"ReadAction","target":["https:\/\/www.cabinet-magar.fr\/actualites\/coronavirus-covid-19-le-point-sur-lidentification-des-variants\/"]}]},{"@type":"ImageObject","inLanguage":"de","@id":"https:\/\/www.cabinet-magar.fr\/actualites\/coronavirus-covid-19-le-point-sur-lidentification-des-variants\/#primaryimage","url":"https:\/\/www.cabinet-magar.fr\/wp-content\/uploads\/2021\/04\/variant.jpg","contentUrl":"https:\/\/www.cabinet-magar.fr\/wp-content\/uploads\/2021\/04\/variant.jpg","width":600,"height":400},{"@type":"BreadcrumbList","@id":"https:\/\/www.cabinet-magar.fr\/actualites\/coronavirus-covid-19-le-point-sur-lidentification-des-variants\/#breadcrumb","itemListElement":[{"@type":"ListItem","position":1,"name":"Accueil","item":"https:\/\/www.cabinet-magar.fr\/de\/"},{"@type":"ListItem","position":2,"name":"Coronavirus (COVID-19) : le point sur l\u2019identification des variants"}]},{"@type":"WebSite","@id":"https:\/\/www.cabinet-magar.fr\/#website","url":"https:\/\/www.cabinet-magar.fr\/","name":"Cabinet Magar","description":"","potentialAction":[{"@type":"SearchAction","target":{"@type":"EntryPoint","urlTemplate":"https:\/\/www.cabinet-magar.fr\/?s={search_term_string}"},"query-input":{"@type":"PropertyValueSpecification","valueRequired":true,"valueName":"search_term_string"}}],"inLanguage":"de"}]}},"_links":{"self":[{"href":"https:\/\/www.cabinet-magar.fr\/de\/wp-json\/wp\/v2\/posts\/464","targetHints":{"allow":["GET"]}}],"collection":[{"href":"https:\/\/www.cabinet-magar.fr\/de\/wp-json\/wp\/v2\/posts"}],"about":[{"href":"https:\/\/www.cabinet-magar.fr\/de\/wp-json\/wp\/v2\/types\/post"}],"replies":[{"embeddable":true,"href":"https:\/\/www.cabinet-magar.fr\/de\/wp-json\/wp\/v2\/comments?post=464"}],"version-history":[{"count":1,"href":"https:\/\/www.cabinet-magar.fr\/de\/wp-json\/wp\/v2\/posts\/464\/revisions"}],"predecessor-version":[{"id":3519,"href":"https:\/\/www.cabinet-magar.fr\/de\/wp-json\/wp\/v2\/posts\/464\/revisions\/3519"}],"wp:featuredmedia":[{"embeddable":true,"href":"https:\/\/www.cabinet-magar.fr\/de\/wp-json\/wp\/v2\/media\/3520"}],"wp:attachment":[{"href":"https:\/\/www.cabinet-magar.fr\/de\/wp-json\/wp\/v2\/media?parent=464"}],"wp:term":[{"taxonomy":"category","embeddable":true,"href":"https:\/\/www.cabinet-magar.fr\/de\/wp-json\/wp\/v2\/categories?post=464"},{"taxonomy":"post_tag","embeddable":true,"href":"https:\/\/www.cabinet-magar.fr\/de\/wp-json\/wp\/v2\/tags?post=464"}],"curies":[{"name":"wp","href":"https:\/\/api.w.org\/{rel}","templated":true}]}}