{"id":463,"date":"2021-03-02T05:54:00","date_gmt":"2021-03-02T04:54:00","guid":{"rendered":"https:\/\/www.cabinet-magar.fr\/coronavirus-covid-19-revalorisation-de-laide-unique-aux-employeurs-dapprentis\/"},"modified":"2021-04-01T03:01:41","modified_gmt":"2021-04-01T01:01:41","slug":"coronavirus-covid-19-revalorisation-de-laide-unique-aux-employeurs-dapprentis","status":"publish","type":"post","link":"https:\/\/www.cabinet-magar.fr\/de\/actualites\/coronavirus-covid-19-revalorisation-de-laide-unique-aux-employeurs-dapprentis\/","title":{"rendered":"Coronavirus (COVID-19) : revalorisation de l\u2019aide unique aux employeurs d\u2019apprentis ?"},"content":{"rendered":"<p >Dans le cadre de la crise sanitaire, et pour favoriser la conclusion de nouveaux contrats d\u2019apprentissage, le gouvernement est venu revaloriser l\u2019aide unique aux employeurs d\u2019apprentis. Qu\u2019en est-t-il ?<\/p>\n<div>\n<h2>L\u2019aide unique aux employeurs d\u2019apprentis est revaloris\u00e9e pour les contrats sign\u00e9s en mars 2021 !<\/h2>\n<p>A titre pr\u00e9liminaire, rappelons que le contrat d\u2019apprentissage est un contrat \u00e0 temps plein, pouvant \u00eatre conclu avec des personnes de 16 ans jusqu\u2019\u00e0 29 ans r\u00e9volus au d\u00e9but de l\u2019apprentissage. Ce contrat associe une formation pratique effectu\u00e9e en entreprise \u00e0 des enseignements th\u00e9oriques<\/p>\n<p>Depuis le 1er janvier 2019, les entreprises de moins de 250 salari\u00e9s, employant des apprentis pr\u00e9parant un dipl\u00f4me ou un titre \u00e0 finalit\u00e9 professionnel de niveau inf\u00e9rieur ou \u00e9gal au baccalaur\u00e9at, peuvent b\u00e9n\u00e9ficier d\u2019une aide financi\u00e8re dite \u00ab Aide unique aux employeurs d\u2019apprentis \u00bb.<\/p>\n<p>Par principe, le montant de cette aide financi\u00e8re est fix\u00e9 \u00e0 :<\/p>\n<ul>\n<li>4\u2009125 \u20ac maximum pour la 1re ann\u00e9e d\u2019ex\u00e9cution du contrat d\u2019apprentissage ;<\/li>\n<li>2\u2009000 \u20ac maximum pour la 2e ann\u00e9e ;<\/li>\n<li>1\u2009200 \u20ac maximum pour la 3e ann\u00e9e.<\/li>\n<\/ul>\n<p>Dans le cadre de la crise sanitaire, afin de favoriser la conclusion de nouveaux contrats d\u2019apprentissage, cette aide est revaloris\u00e9e pour les contrats d\u2019apprentissage conclus entre le 1er mars 2021 et le 31 mars 2021.<\/p>\n<p>Son montant, pour la 1re ann\u00e9e d\u2019ex\u00e9cution du contrat, est fix\u00e9 \u00e0 :<\/p>\n<ul>\n<li>5 000 \u20ac maximum pour un apprenti de moins de 18 ans ;<\/li>\n<li>8 000 \u20ac maximum pour un apprenti d\u2019au moins 18 ans.<\/li>\n<\/ul>\n<\/div>\n<p>Source : D\u00e9cret n\u00b0 2021-223 du 26 f\u00e9vrier 2021 portant d\u00e9rogation temporaire au montant de l&#8217;aide unique aux employeurs d&#8217;apprentis<\/p>\n<p><a href=\"https:\/\/www.weblex.fr\/weblex-actualite\/coronavirus-covid-19-revalorisation-de-laide-unique-aux-employeurs-dapprentis\" target=\"_blank\" rel=\"noopener\">Coronavirus (COVID-19) : revalorisation de l\u2019aide unique aux employeurs d\u2019apprentis ?<\/a> \u00a9 Copyright WebLex &#8211; 2021<\/p>\n<p><img src='https:\/\/www.weblex.fr\/images\/flux_actus\/apprenti.jpg'><\/p>\n","protected":false},"excerpt":{"rendered":"<p>Dans le cadre de la crise sanitaire, et pour favoriser la conclusion de nouveaux contrats d\u2019apprentissage, le gouvernement est venu revaloriser l\u2019aide unique aux employeurs d\u2019apprentis. Qu\u2019en\u00a0est-il\u00a0?<\/p>\n","protected":false},"author":0,"featured_media":3518,"comment_status":"open","ping_status":"closed","sticky":false,"template":"","format":"standard","meta":{"_acf_changed":false,"footnotes":""},"categories":[8,7],"tags":[],"class_list":["post-463","post","type-post","status-publish","format-standard","has-post-thumbnail","hentry","category-actu-sociale","category-actualites"],"acf":[],"yoast_head":"<!-- This site is optimized with the Yoast SEO plugin v27.2 - https:\/\/yoast.com\/product\/yoast-seo-wordpress\/ -->\n<title>Coronavirus (COVID-19) : revalorisation de l\u2019aide unique aux employeurs d\u2019apprentis ? - Cabinet Magar<\/title>\n<meta name=\"robots\" content=\"index, follow, max-snippet:-1, max-image-preview:large, max-video-preview:-1\" \/>\n<link rel=\"canonical\" href=\"https:\/\/www.cabinet-magar.fr\/de\/actualites\/coronavirus-covid-19-revalorisation-de-laide-unique-aux-employeurs-dapprentis\/\" \/>\n<meta property=\"og:locale\" content=\"de_DE\" \/>\n<meta property=\"og:type\" content=\"article\" \/>\n<meta property=\"og:title\" content=\"Coronavirus (COVID-19) : revalorisation de l\u2019aide unique aux employeurs d\u2019apprentis ? - Cabinet Magar\" \/>\n<meta property=\"og:description\" content=\"Dans le cadre de la crise sanitaire, et pour favoriser la conclusion de nouveaux contrats d\u2019apprentissage, le gouvernement est venu revaloriser l\u2019aide unique aux employeurs d\u2019apprentis. Qu\u2019en\u00a0est-il\u00a0?\" \/>\n<meta property=\"og:url\" content=\"https:\/\/www.cabinet-magar.fr\/de\/actualites\/coronavirus-covid-19-revalorisation-de-laide-unique-aux-employeurs-dapprentis\/\" \/>\n<meta property=\"og:site_name\" content=\"Cabinet Magar\" \/>\n<meta property=\"article:published_time\" content=\"2021-03-02T04:54:00+00:00\" \/>\n<meta property=\"article:modified_time\" content=\"2021-04-01T01:01:41+00:00\" \/>\n<meta property=\"og:image\" content=\"https:\/\/www.cabinet-magar.fr\/wp-content\/uploads\/2021\/04\/apprenti.jpg\" \/>\n\t<meta property=\"og:image:width\" content=\"600\" \/>\n\t<meta property=\"og:image:height\" content=\"400\" \/>\n\t<meta property=\"og:image:type\" content=\"image\/jpeg\" \/>\n<meta name=\"twitter:card\" content=\"summary_large_image\" \/>\n<meta name=\"twitter:label1\" content=\"Gesch\u00e4tzte Lesezeit\" \/>\n\t<meta name=\"twitter:data1\" content=\"1\u00a0Minute\" \/>\n<script type=\"application\/ld+json\" class=\"yoast-schema-graph\">{\"@context\":\"https:\/\/schema.org\",\"@graph\":[{\"@type\":\"Article\",\"@id\":\"https:\/\/www.cabinet-magar.fr\/de\/actualites\/coronavirus-covid-19-revalorisation-de-laide-unique-aux-employeurs-dapprentis\/#article\",\"isPartOf\":{\"@id\":\"https:\/\/www.cabinet-magar.fr\/de\/actualites\/coronavirus-covid-19-revalorisation-de-laide-unique-aux-employeurs-dapprentis\/\"},\"author\":{\"name\":\"\",\"@id\":\"\"},\"headline\":\"Coronavirus (COVID-19) : revalorisation de l\u2019aide unique aux employeurs d\u2019apprentis ?\",\"datePublished\":\"2021-03-02T04:54:00+00:00\",\"dateModified\":\"2021-04-01T01:01:41+00:00\",\"mainEntityOfPage\":{\"@id\":\"https:\/\/www.cabinet-magar.fr\/de\/actualites\/coronavirus-covid-19-revalorisation-de-laide-unique-aux-employeurs-dapprentis\/\"},\"wordCount\":293,\"commentCount\":0,\"image\":{\"@id\":\"https:\/\/www.cabinet-magar.fr\/de\/actualites\/coronavirus-covid-19-revalorisation-de-laide-unique-aux-employeurs-dapprentis\/#primaryimage\"},\"thumbnailUrl\":\"https:\/\/www.cabinet-magar.fr\/wp-content\/uploads\/2021\/04\/apprenti.jpg\",\"articleSection\":[\"Actu Sociale\",\"Actualit\u00e9s\"],\"inLanguage\":\"de\",\"potentialAction\":[{\"@type\":\"CommentAction\",\"name\":\"Comment\",\"target\":[\"https:\/\/www.cabinet-magar.fr\/de\/actualites\/coronavirus-covid-19-revalorisation-de-laide-unique-aux-employeurs-dapprentis\/#respond\"]}]},{\"@type\":\"WebPage\",\"@id\":\"https:\/\/www.cabinet-magar.fr\/de\/actualites\/coronavirus-covid-19-revalorisation-de-laide-unique-aux-employeurs-dapprentis\/\",\"url\":\"https:\/\/www.cabinet-magar.fr\/de\/actualites\/coronavirus-covid-19-revalorisation-de-laide-unique-aux-employeurs-dapprentis\/\",\"name\":\"Coronavirus (COVID-19) : revalorisation de l\u2019aide unique aux employeurs d\u2019apprentis ? - Cabinet Magar\",\"isPartOf\":{\"@id\":\"https:\/\/www.cabinet-magar.fr\/#website\"},\"primaryImageOfPage\":{\"@id\":\"https:\/\/www.cabinet-magar.fr\/de\/actualites\/coronavirus-covid-19-revalorisation-de-laide-unique-aux-employeurs-dapprentis\/#primaryimage\"},\"image\":{\"@id\":\"https:\/\/www.cabinet-magar.fr\/de\/actualites\/coronavirus-covid-19-revalorisation-de-laide-unique-aux-employeurs-dapprentis\/#primaryimage\"},\"thumbnailUrl\":\"https:\/\/www.cabinet-magar.fr\/wp-content\/uploads\/2021\/04\/apprenti.jpg\",\"datePublished\":\"2021-03-02T04:54:00+00:00\",\"dateModified\":\"2021-04-01T01:01:41+00:00\",\"author\":{\"@id\":\"\"},\"breadcrumb\":{\"@id\":\"https:\/\/www.cabinet-magar.fr\/de\/actualites\/coronavirus-covid-19-revalorisation-de-laide-unique-aux-employeurs-dapprentis\/#breadcrumb\"},\"inLanguage\":\"de\",\"potentialAction\":[{\"@type\":\"ReadAction\",\"target\":[\"https:\/\/www.cabinet-magar.fr\/de\/actualites\/coronavirus-covid-19-revalorisation-de-laide-unique-aux-employeurs-dapprentis\/\"]}]},{\"@type\":\"ImageObject\",\"inLanguage\":\"de\",\"@id\":\"https:\/\/www.cabinet-magar.fr\/de\/actualites\/coronavirus-covid-19-revalorisation-de-laide-unique-aux-employeurs-dapprentis\/#primaryimage\",\"url\":\"https:\/\/www.cabinet-magar.fr\/wp-content\/uploads\/2021\/04\/apprenti.jpg\",\"contentUrl\":\"https:\/\/www.cabinet-magar.fr\/wp-content\/uploads\/2021\/04\/apprenti.jpg\",\"width\":600,\"height\":400},{\"@type\":\"BreadcrumbList\",\"@id\":\"https:\/\/www.cabinet-magar.fr\/de\/actualites\/coronavirus-covid-19-revalorisation-de-laide-unique-aux-employeurs-dapprentis\/#breadcrumb\",\"itemListElement\":[{\"@type\":\"ListItem\",\"position\":1,\"name\":\"Accueil\",\"item\":\"https:\/\/www.cabinet-magar.fr\/de\/\"},{\"@type\":\"ListItem\",\"position\":2,\"name\":\"Coronavirus (COVID-19) : revalorisation de l\u2019aide unique aux employeurs d\u2019apprentis ?\"}]},{\"@type\":\"WebSite\",\"@id\":\"https:\/\/www.cabinet-magar.fr\/#website\",\"url\":\"https:\/\/www.cabinet-magar.fr\/\",\"name\":\"Cabinet Magar\",\"description\":\"\",\"potentialAction\":[{\"@type\":\"SearchAction\",\"target\":{\"@type\":\"EntryPoint\",\"urlTemplate\":\"https:\/\/www.cabinet-magar.fr\/?s={search_term_string}\"},\"query-input\":{\"@type\":\"PropertyValueSpecification\",\"valueRequired\":true,\"valueName\":\"search_term_string\"}}],\"inLanguage\":\"de\"}]}<\/script>\n<!-- \/ Yoast SEO plugin. -->","yoast_head_json":{"title":"Coronavirus (COVID-19) : revalorisation de l\u2019aide unique aux employeurs d\u2019apprentis ? - Cabinet Magar","robots":{"index":"index","follow":"follow","max-snippet":"max-snippet:-1","max-image-preview":"max-image-preview:large","max-video-preview":"max-video-preview:-1"},"canonical":"https:\/\/www.cabinet-magar.fr\/de\/actualites\/coronavirus-covid-19-revalorisation-de-laide-unique-aux-employeurs-dapprentis\/","og_locale":"de_DE","og_type":"article","og_title":"Coronavirus (COVID-19) : revalorisation de l\u2019aide unique aux employeurs d\u2019apprentis ? - Cabinet Magar","og_description":"Dans le cadre de la crise sanitaire, et pour favoriser la conclusion de nouveaux contrats d\u2019apprentissage, le gouvernement est venu revaloriser l\u2019aide unique aux employeurs d\u2019apprentis. Qu\u2019en\u00a0est-il\u00a0?","og_url":"https:\/\/www.cabinet-magar.fr\/de\/actualites\/coronavirus-covid-19-revalorisation-de-laide-unique-aux-employeurs-dapprentis\/","og_site_name":"Cabinet Magar","article_published_time":"2021-03-02T04:54:00+00:00","article_modified_time":"2021-04-01T01:01:41+00:00","og_image":[{"width":600,"height":400,"url":"https:\/\/www.cabinet-magar.fr\/wp-content\/uploads\/2021\/04\/apprenti.jpg","type":"image\/jpeg"}],"twitter_card":"summary_large_image","twitter_misc":{"Gesch\u00e4tzte Lesezeit":"1\u00a0Minute"},"schema":{"@context":"https:\/\/schema.org","@graph":[{"@type":"Article","@id":"https:\/\/www.cabinet-magar.fr\/de\/actualites\/coronavirus-covid-19-revalorisation-de-laide-unique-aux-employeurs-dapprentis\/#article","isPartOf":{"@id":"https:\/\/www.cabinet-magar.fr\/de\/actualites\/coronavirus-covid-19-revalorisation-de-laide-unique-aux-employeurs-dapprentis\/"},"author":{"name":"","@id":""},"headline":"Coronavirus (COVID-19) : revalorisation de l\u2019aide unique aux employeurs d\u2019apprentis ?","datePublished":"2021-03-02T04:54:00+00:00","dateModified":"2021-04-01T01:01:41+00:00","mainEntityOfPage":{"@id":"https:\/\/www.cabinet-magar.fr\/de\/actualites\/coronavirus-covid-19-revalorisation-de-laide-unique-aux-employeurs-dapprentis\/"},"wordCount":293,"commentCount":0,"image":{"@id":"https:\/\/www.cabinet-magar.fr\/de\/actualites\/coronavirus-covid-19-revalorisation-de-laide-unique-aux-employeurs-dapprentis\/#primaryimage"},"thumbnailUrl":"https:\/\/www.cabinet-magar.fr\/wp-content\/uploads\/2021\/04\/apprenti.jpg","articleSection":["Actu Sociale","Actualit\u00e9s"],"inLanguage":"de","potentialAction":[{"@type":"CommentAction","name":"Comment","target":["https:\/\/www.cabinet-magar.fr\/de\/actualites\/coronavirus-covid-19-revalorisation-de-laide-unique-aux-employeurs-dapprentis\/#respond"]}]},{"@type":"WebPage","@id":"https:\/\/www.cabinet-magar.fr\/de\/actualites\/coronavirus-covid-19-revalorisation-de-laide-unique-aux-employeurs-dapprentis\/","url":"https:\/\/www.cabinet-magar.fr\/de\/actualites\/coronavirus-covid-19-revalorisation-de-laide-unique-aux-employeurs-dapprentis\/","name":"Coronavirus (COVID-19) : revalorisation de l\u2019aide unique aux employeurs d\u2019apprentis ? - Cabinet Magar","isPartOf":{"@id":"https:\/\/www.cabinet-magar.fr\/#website"},"primaryImageOfPage":{"@id":"https:\/\/www.cabinet-magar.fr\/de\/actualites\/coronavirus-covid-19-revalorisation-de-laide-unique-aux-employeurs-dapprentis\/#primaryimage"},"image":{"@id":"https:\/\/www.cabinet-magar.fr\/de\/actualites\/coronavirus-covid-19-revalorisation-de-laide-unique-aux-employeurs-dapprentis\/#primaryimage"},"thumbnailUrl":"https:\/\/www.cabinet-magar.fr\/wp-content\/uploads\/2021\/04\/apprenti.jpg","datePublished":"2021-03-02T04:54:00+00:00","dateModified":"2021-04-01T01:01:41+00:00","author":{"@id":""},"breadcrumb":{"@id":"https:\/\/www.cabinet-magar.fr\/de\/actualites\/coronavirus-covid-19-revalorisation-de-laide-unique-aux-employeurs-dapprentis\/#breadcrumb"},"inLanguage":"de","potentialAction":[{"@type":"ReadAction","target":["https:\/\/www.cabinet-magar.fr\/de\/actualites\/coronavirus-covid-19-revalorisation-de-laide-unique-aux-employeurs-dapprentis\/"]}]},{"@type":"ImageObject","inLanguage":"de","@id":"https:\/\/www.cabinet-magar.fr\/de\/actualites\/coronavirus-covid-19-revalorisation-de-laide-unique-aux-employeurs-dapprentis\/#primaryimage","url":"https:\/\/www.cabinet-magar.fr\/wp-content\/uploads\/2021\/04\/apprenti.jpg","contentUrl":"https:\/\/www.cabinet-magar.fr\/wp-content\/uploads\/2021\/04\/apprenti.jpg","width":600,"height":400},{"@type":"BreadcrumbList","@id":"https:\/\/www.cabinet-magar.fr\/de\/actualites\/coronavirus-covid-19-revalorisation-de-laide-unique-aux-employeurs-dapprentis\/#breadcrumb","itemListElement":[{"@type":"ListItem","position":1,"name":"Accueil","item":"https:\/\/www.cabinet-magar.fr\/de\/"},{"@type":"ListItem","position":2,"name":"Coronavirus (COVID-19) : revalorisation de l\u2019aide unique aux employeurs d\u2019apprentis ?"}]},{"@type":"WebSite","@id":"https:\/\/www.cabinet-magar.fr\/#website","url":"https:\/\/www.cabinet-magar.fr\/","name":"Cabinet Magar","description":"","potentialAction":[{"@type":"SearchAction","target":{"@type":"EntryPoint","urlTemplate":"https:\/\/www.cabinet-magar.fr\/?s={search_term_string}"},"query-input":{"@type":"PropertyValueSpecification","valueRequired":true,"valueName":"search_term_string"}}],"inLanguage":"de"}]}},"_links":{"self":[{"href":"https:\/\/www.cabinet-magar.fr\/de\/wp-json\/wp\/v2\/posts\/463","targetHints":{"allow":["GET"]}}],"collection":[{"href":"https:\/\/www.cabinet-magar.fr\/de\/wp-json\/wp\/v2\/posts"}],"about":[{"href":"https:\/\/www.cabinet-magar.fr\/de\/wp-json\/wp\/v2\/types\/post"}],"replies":[{"embeddable":true,"href":"https:\/\/www.cabinet-magar.fr\/de\/wp-json\/wp\/v2\/comments?post=463"}],"version-history":[{"count":1,"href":"https:\/\/www.cabinet-magar.fr\/de\/wp-json\/wp\/v2\/posts\/463\/revisions"}],"predecessor-version":[{"id":3517,"href":"https:\/\/www.cabinet-magar.fr\/de\/wp-json\/wp\/v2\/posts\/463\/revisions\/3517"}],"wp:featuredmedia":[{"embeddable":true,"href":"https:\/\/www.cabinet-magar.fr\/de\/wp-json\/wp\/v2\/media\/3518"}],"wp:attachment":[{"href":"https:\/\/www.cabinet-magar.fr\/de\/wp-json\/wp\/v2\/media?parent=463"}],"wp:term":[{"taxonomy":"category","embeddable":true,"href":"https:\/\/www.cabinet-magar.fr\/de\/wp-json\/wp\/v2\/categories?post=463"},{"taxonomy":"post_tag","embeddable":true,"href":"https:\/\/www.cabinet-magar.fr\/de\/wp-json\/wp\/v2\/tags?post=463"}],"curies":[{"name":"wp","href":"https:\/\/api.w.org\/{rel}","templated":true}]}}