{"id":462,"date":"2021-03-02T05:55:00","date_gmt":"2021-03-02T04:55:00","guid":{"rendered":"https:\/\/www.cabinet-magar.fr\/coronavirus-covid-19-une-nouvelle-aide-exceptionnelle-pour-lembauche-de-jeunes\/"},"modified":"2021-04-01T03:01:38","modified_gmt":"2021-04-01T01:01:38","slug":"coronavirus-covid-19-une-nouvelle-aide-exceptionnelle-pour-lembauche-de-jeunes","status":"publish","type":"post","link":"https:\/\/www.cabinet-magar.fr\/de\/actualites\/coronavirus-covid-19-une-nouvelle-aide-exceptionnelle-pour-lembauche-de-jeunes\/","title":{"rendered":"Coronavirus (COVID-19) : une nouvelle aide exceptionnelle pour l\u2019embauche de jeunes ?"},"content":{"rendered":"<p >Dans le cadre de la crise sanitaire, et pour favoriser l\u2019embauche des jeunes, le gouvernement est venu cr\u00e9er une nouvelle aide exceptionnelle, attribu\u00e9e aux employeurs pour la 1re ann\u00e9e d\u2019ex\u00e9cution des contrats d\u2019apprentissage et de professionnalisation\u2026 Sous quelles conditions ?<\/p>\n<div>\n<h2>Coronavirus (COVID-19) : une aide exceptionnelle pour les contrats conclus entre le 1er et le 31 mars 2021 !<\/h2>\n<p>Les contrats d&#8217;apprentissage conclus entre le 1er et le 31 mars 2021 ouvrent droit \u00e0 une aide exceptionnelle au titre de la 1re ann\u00e9e d&#8217;ex\u00e9cution du contrat, vers\u00e9e \u00e0 l&#8217;employeur par l&#8217;Etat :<\/p>\n<ul>\n<li>pour les entreprises de moins de 250 salari\u00e9s pour la pr\u00e9paration d&#8217;un dipl\u00f4me ou d&#8217;un titre \u00e0 finalit\u00e9 professionnelle \u00e9quivalant au moins \u00e0 un niveau bac + 2 et au plus \u00e0 un niveau Master (Bac +5) ;<\/li>\n<li>pour les entreprises d&#8217;au moins 250 salari\u00e9s, pour la pr\u00e9paration d&#8217;un dipl\u00f4me ou d&#8217;un titre \u00e0 finalit\u00e9 professionnelle \u00e9quivalant au plus \u00e0 un niveau Master.<\/li>\n<\/ul>\n<p>Les contrats de professionnalisation conclus entre le 1er et le 31 mars 2021 pour les salari\u00e9s \u00e2g\u00e9s de moins de 30 ans \u00e0 la date de conclusion du contrat ouvrent \u00e9galement droit \u00e0 cette aide exceptionnelle lorsqu\u2019ils sont conclus :<\/p>\n<ul>\n<li>pour la pr\u00e9paration d&#8217;un dipl\u00f4me ou d&#8217;un titre \u00e0 finalit\u00e9 professionnelle \u00e9quivalant au plus \u00e0 un niveau Master ;<\/li>\n<li>pour la pr\u00e9paration d&#8217;une qualification professionnelle ouvrant droit \u00e0 un certificat de qualification professionnelle de branche ou interbranche ;<\/li>\n<li>\u00e0 titre exp\u00e9rimental, en vue d&#8217;acqu\u00e9rir des comp\u00e9tences d\u00e9finies par l&#8217;employeur et l&#8217;op\u00e9rateur de comp\u00e9tences, en accord avec le salari\u00e9.<\/li>\n<\/ul>\n<p>Le montant de cette aide est fix\u00e9 \u00e0 :<\/p>\n<ul>\n<li>5 000 \u20ac maximum pour un salari\u00e9 de moins de 18 ans ;<\/li>\n<li>8 000 \u20ac maximum pour un salari\u00e9 d&#8217;au moins 18 ans. Ce montant s&#8217;applique \u00e0 compter du 1er jour du mois suivant le jour o\u00f9 le salari\u00e9 atteint 18 ans.<\/li>\n<\/ul>\n<p>Notez que pour la d\u00e9termination du seuil de 250 salari\u00e9s, il convient de prendre en compte l&#8217;effectif salari\u00e9 annuel de l&#8217;employeur, y compris lorsqu&#8217;il s&#8217;agit d&#8217;une personne morale comportant plusieurs \u00e9tablissements. Cet effectif correspond \u00e0 la moyenne du nombre de personnes employ\u00e9es au cours de chacun des mois de l&#8217;ann\u00e9e civile pr\u00e9c\u00e9dente.<\/p>\n<ul>\n<li><strong><span style=\"text-decoration: underline;\">Conditions de versement<\/span><\/strong><\/li>\n<\/ul>\n<p>L\u2019aide exceptionnelle due au titre des contrats d\u2019apprentissage est vers\u00e9e mensuellement avant le paiement de la r\u00e9mun\u00e9ration par l&#8217;employeur, et dans l&#8217;attente des donn\u00e9es mentionn\u00e9es dans la DSN effectu\u00e9e par l&#8217;employeur. A d\u00e9faut de transmission de ces donn\u00e9es, l&#8217;aide est suspendue pour le mois suivant.<\/p>\n<p>L&#8217;aide exceptionnelle due au titre des contrats de professionnalisation doit \u00e9galement \u00eatre vers\u00e9e avant le paiement de la r\u00e9mun\u00e9ration par l&#8217;employeur. Chaque mois d&#8217;ex\u00e9cution du contrat, l&#8217;employeur transmet le bulletin de paie du salari\u00e9 du mois concern\u00e9 \u00e0 l&#8217;Agence de services et de paiement (ASP).<\/p>\n<p>A d\u00e9faut de transmission du bulletin de paie par l&#8217;employeur, le mois suivant, l&#8217;aide est suspendue.<\/p>\n<p>Dans tous les cas, en cas de rupture anticip\u00e9e du contrat, l&#8217;aide n&#8217;est pas due \u00e0 compter du mois suivant la date de fin du contrat.<\/p>\n<p>En cas de suspension du contrat ayant conduit \u00e0 l\u2019absence de versement de r\u00e9mun\u00e9ration, l&#8217;aide n&#8217;est pas due pour le mois consid\u00e9r\u00e9.<\/p>\n<p>Les sommes ind\u00fbment per\u00e7ues sont rembours\u00e9es \u00e0 l\u2019ASP. Pour information, l\u2019ASP traite \u00e9galement les r\u00e9clamations et recours relatifs \u00e0 ces aides.<\/p>\n<p>Notez qu\u2019elle peut demander \u00e0 l\u2019employeur toute information et document compl\u00e9mentaire n\u00e9cessaires au paiement et au contr\u00f4le du respect des conditions d\u2019attributions de ces aides.<\/p>\n<ul>\n<li><strong><span style=\"text-decoration: underline;\">Pour les entreprises d\u2019au moins 250 salari\u00e9s : un engagement de l\u2019employeur <\/span><\/strong><\/li>\n<\/ul>\n<p>Cette aide est due de mani\u00e8re automatique pour les employeurs de moins de 250 salari\u00e9s.<\/p>\n<p>En revanche, pour les entreprises d&#8217;au moins 250 salari\u00e9s, le b\u00e9n\u00e9fice des aides est subordonn\u00e9 \u00e0 l&#8217;engagement de l&#8217;employeur de respecter certaines conditions.<\/p>\n<p>Dans ce cadre, il doit s\u2019engager \u00e0 ce que 5 % de son effectif salari\u00e9 total annuel au 31 d\u00e9cembre 2021 soit compos\u00e9 de :<\/p>\n<ul>\n<li>salari\u00e9s en contrat d&#8217;apprentissage ou en contrat de professionnalisation (ou en CDI dans l\u2019ann\u00e9e suivant la date de fin du contrat de professionnalisation ou d&#8217;apprentissage) ;<\/li>\n<li>volontaires accomplissant un volontariat international en entreprise (VIE), de salari\u00e9s b\u00e9n\u00e9ficiant d&#8217;une convention industrielle de formation par la recherche.<\/li>\n<\/ul>\n<p>Si ce seuil de 5 % n\u2019est pas atteint, l\u2019employeur qui souhaite b\u00e9n\u00e9ficier de l\u2019aide devra remplir les conditions suivantes :<\/p>\n<ul>\n<li>3 % de son effectif salari\u00e9 total annuel, au 31 d\u00e9cembre 2021, est compos\u00e9 de salari\u00e9s en contrat d&#8217;apprentissage ou en contrat de professionnalisation (ou en CDI dans l\u2019ann\u00e9e suivant la date de fin du contrat de professionnalisation ou d&#8217;apprentissage) ;<\/li>\n<li>et justifier, au 31 d\u00e9cembre 2021, d&#8217;une progression d&#8217;au moins 10 % par rapport \u00e0 l&#8217;ann\u00e9e 2020 de l&#8217;effectif salari\u00e9 annuel compos\u00e9 :<\/li>\n<\/ul>\n<ul>\n<li>\u25cb de salari\u00e9s en contrat d&#8217;apprentissage ou en contrat de professionnalisation (ou en CDI dans l\u2019ann\u00e9e suivant la date de fin du contrat de professionnalisation ou d&#8217;apprentissage),<\/li>\n<li>\u25cb de volontaires accomplissant un volontariat international en entreprise (VIE), de salari\u00e9s b\u00e9n\u00e9ficiant d&#8217;une convention industrielle de formation par la recherche ;<\/li>\n<\/ul>\n<ul>\n<li>ou conna\u00eetre une progression, au 31 d\u00e9cembre 2021, de l&#8217;effectif salari\u00e9 annuel compos\u00e9 de salari\u00e9s en contrat d&#8217;apprentissage ou en contrat de professionnalisation (ou en CDI dans l\u2019ann\u00e9e suivant la date de fin du contrat de professionnalisation ou d&#8217;apprentissage) et rel\u00e8ve d&#8217;un accord de branche :<\/li>\n<\/ul>\n<ul>\n<li>\u25cb pr\u00e9voyant au titre de l&#8217;ann\u00e9e 2021 une progression d&#8217;au moins 10 % du nombre de salari\u00e9s en contrat d&#8217;apprentissage ou en contrat de professionnalisation (ou en CDI dans l\u2019ann\u00e9e suivant la date de fin du contrat de professionnalisation ou d&#8217;apprentissage) dans les entreprises d&#8217;au moins 250 salari\u00e9s,<\/li>\n<li>\u25cb et justifiant, par rapport \u00e0 l&#8217;ann\u00e9e 2020, que la progression est atteinte au sein de la branche dans les proportions pr\u00e9vues par l&#8217;accord.<\/li>\n<\/ul>\n<p>Ces r\u00e8gles d\u2019engagement sont \u00e9galement applicables :<\/p>\n<ul>\n<li>pour les entreprises dont l&#8217;effectif est d&#8217;au moins 250 salari\u00e9s \u00e0 la date de conclusion du contrat pour lequel l&#8217;aide est sollicit\u00e9e, mais inf\u00e9rieur \u00e0 250 salari\u00e9s au 31 d\u00e9cembre 2021 ;<\/li>\n<li>pour les entreprises de travail temporaire d&#8217;au moins 250 salari\u00e9s qui ne sont pas redevables de la contribution suppl\u00e9mentaire \u00e0 l&#8217;apprentissage, sous r\u00e9serve de respecter les conditions de quota.<\/li>\n<\/ul>\n<p>Pour information, ces conditions sont r\u00e9put\u00e9es satisfaites pour les entreprises d\u2019au moins 250 salari\u00e9s assujetties \u00e0 la taxe d&#8217;apprentissage et qui sont exon\u00e9r\u00e9es de la contribution suppl\u00e9mentaire \u00e0 l&#8217;apprentissage.<\/p>\n<p>Pour pouvoir b\u00e9n\u00e9ficier de l\u2019aide, l\u2019engagement, portant sur le respect des obligations en mati\u00e8re d\u2019effectif doit \u00eatre transmis \u00e0 l\u2019ASP, dans un d\u00e9lai de 8 mois \u00e0 compter de la date de conclusion du contrat. A d\u00e9faut de transmission dans ce d\u00e9lai, l&#8217;aide n&#8217;est pas due.<\/p>\n<p>Les modalit\u00e9s de cette transmission pourront \u00eatre mises en \u0153uvre par l\u2019ASP par voie d\u00e9mat\u00e9rialis\u00e9e.<\/p>\n<p>Enfin, l\u2019entreprise d&#8217;au moins 250 salari\u00e9s qui a b\u00e9n\u00e9fici\u00e9 de l&#8217;aide, devra adresser \u00e0 l&#8217;ASP, au plus tard le 31 mai 2022, une d\u00e9claration sur l&#8217;honneur attestant du respect de ces engagements. A d\u00e9faut, l\u2019ASP pourra r\u00e9cup\u00e9rer les sommes vers\u00e9es.<\/p>\n<\/div>\n<p>Source : D\u00e9cret n\u00b0 2021-224 du 26 f\u00e9vrier 2021 portant attribution d&#8217;une aide exceptionnelle aux employeurs d&#8217;apprentis et de salari\u00e9s en contrats de professionnalisation<\/p>\n<p><a href=\"https:\/\/www.weblex.fr\/weblex-actualite\/coronavirus-covid-19-une-nouvelle-aide-exceptionnelle-pour-lembauche-de-jeunes\" target=\"_blank\" rel=\"noopener\">Coronavirus (COVID-19) : une nouvelle aide exceptionnelle pour l\u2019embauche de jeunes ?<\/a> \u00a9 Copyright WebLex &#8211; 2021<\/p>\n<p><img src='https:\/\/www.weblex.fr\/images\/flux_actus\/aidefinanciere8.jpg'><\/p>\n","protected":false},"excerpt":{"rendered":"<p>Dans le cadre de la crise sanitaire, et pour favoriser l\u2019embauche des jeunes, le gouvernement est venu cr\u00e9er une nouvelle aide exceptionnelle, attribu\u00e9e aux employeurs pour la 1re ann\u00e9e d\u2019ex\u00e9cution des contrats d\u2019apprentissage et de professionnalisation\u2026 Sous quelles conditions ?<\/p>\n","protected":false},"author":0,"featured_media":3443,"comment_status":"open","ping_status":"closed","sticky":false,"template":"","format":"standard","meta":{"_acf_changed":false,"footnotes":""},"categories":[8,7],"tags":[],"class_list":["post-462","post","type-post","status-publish","format-standard","has-post-thumbnail","hentry","category-actu-sociale","category-actualites"],"acf":[],"yoast_head":"<!-- This site is optimized with the Yoast SEO plugin v27.2 - https:\/\/yoast.com\/product\/yoast-seo-wordpress\/ -->\n<title>Coronavirus (COVID-19) : une nouvelle aide exceptionnelle pour l\u2019embauche de jeunes ? - Cabinet Magar<\/title>\n<meta name=\"robots\" content=\"index, follow, max-snippet:-1, max-image-preview:large, max-video-preview:-1\" \/>\n<link rel=\"canonical\" href=\"https:\/\/www.cabinet-magar.fr\/actualites\/coronavirus-covid-19-une-nouvelle-aide-exceptionnelle-pour-lembauche-de-jeunes\/\" \/>\n<meta property=\"og:locale\" content=\"de_DE\" \/>\n<meta property=\"og:type\" content=\"article\" \/>\n<meta property=\"og:title\" content=\"Coronavirus (COVID-19) : une nouvelle aide exceptionnelle pour l\u2019embauche de jeunes ? - Cabinet Magar\" \/>\n<meta property=\"og:description\" content=\"Dans le cadre de la crise sanitaire, et pour favoriser l\u2019embauche des jeunes, le gouvernement est venu cr\u00e9er une nouvelle aide exceptionnelle, attribu\u00e9e aux employeurs pour la 1re ann\u00e9e d\u2019ex\u00e9cution des contrats d\u2019apprentissage et de professionnalisation\u2026 Sous quelles conditions ?\" \/>\n<meta property=\"og:url\" content=\"https:\/\/www.cabinet-magar.fr\/actualites\/coronavirus-covid-19-une-nouvelle-aide-exceptionnelle-pour-lembauche-de-jeunes\/\" \/>\n<meta property=\"og:site_name\" content=\"Cabinet Magar\" \/>\n<meta property=\"article:published_time\" content=\"2021-03-02T04:55:00+00:00\" \/>\n<meta property=\"article:modified_time\" content=\"2021-04-01T01:01:38+00:00\" \/>\n<meta property=\"og:image\" content=\"https:\/\/www.cabinet-magar.fr\/wp-content\/uploads\/2021\/03\/aidefinanciere8.jpg\" \/>\n\t<meta property=\"og:image:width\" content=\"600\" \/>\n\t<meta property=\"og:image:height\" content=\"400\" \/>\n\t<meta property=\"og:image:type\" content=\"image\/jpeg\" \/>\n<meta name=\"twitter:card\" content=\"summary_large_image\" \/>\n<meta name=\"twitter:label1\" content=\"Gesch\u00e4tzte Lesezeit\" \/>\n\t<meta name=\"twitter:data1\" content=\"6\u00a0Minuten\" \/>\n<script type=\"application\/ld+json\" class=\"yoast-schema-graph\">{\"@context\":\"https:\/\/schema.org\",\"@graph\":[{\"@type\":\"Article\",\"@id\":\"https:\/\/www.cabinet-magar.fr\/actualites\/coronavirus-covid-19-une-nouvelle-aide-exceptionnelle-pour-lembauche-de-jeunes\/#article\",\"isPartOf\":{\"@id\":\"https:\/\/www.cabinet-magar.fr\/actualites\/coronavirus-covid-19-une-nouvelle-aide-exceptionnelle-pour-lembauche-de-jeunes\/\"},\"author\":{\"name\":\"\",\"@id\":\"\"},\"headline\":\"Coronavirus (COVID-19) : une nouvelle aide exceptionnelle pour l\u2019embauche de jeunes ?\",\"datePublished\":\"2021-03-02T04:55:00+00:00\",\"dateModified\":\"2021-04-01T01:01:38+00:00\",\"mainEntityOfPage\":{\"@id\":\"https:\/\/www.cabinet-magar.fr\/actualites\/coronavirus-covid-19-une-nouvelle-aide-exceptionnelle-pour-lembauche-de-jeunes\/\"},\"wordCount\":1298,\"commentCount\":0,\"image\":{\"@id\":\"https:\/\/www.cabinet-magar.fr\/actualites\/coronavirus-covid-19-une-nouvelle-aide-exceptionnelle-pour-lembauche-de-jeunes\/#primaryimage\"},\"thumbnailUrl\":\"https:\/\/www.cabinet-magar.fr\/wp-content\/uploads\/2021\/03\/aidefinanciere8.jpg\",\"articleSection\":[\"Actu Sociale\",\"Actualit\u00e9s\"],\"inLanguage\":\"de\",\"potentialAction\":[{\"@type\":\"CommentAction\",\"name\":\"Comment\",\"target\":[\"https:\/\/www.cabinet-magar.fr\/actualites\/coronavirus-covid-19-une-nouvelle-aide-exceptionnelle-pour-lembauche-de-jeunes\/#respond\"]}]},{\"@type\":\"WebPage\",\"@id\":\"https:\/\/www.cabinet-magar.fr\/actualites\/coronavirus-covid-19-une-nouvelle-aide-exceptionnelle-pour-lembauche-de-jeunes\/\",\"url\":\"https:\/\/www.cabinet-magar.fr\/actualites\/coronavirus-covid-19-une-nouvelle-aide-exceptionnelle-pour-lembauche-de-jeunes\/\",\"name\":\"Coronavirus (COVID-19) : une nouvelle aide exceptionnelle pour l\u2019embauche de jeunes ? - Cabinet Magar\",\"isPartOf\":{\"@id\":\"https:\/\/www.cabinet-magar.fr\/#website\"},\"primaryImageOfPage\":{\"@id\":\"https:\/\/www.cabinet-magar.fr\/actualites\/coronavirus-covid-19-une-nouvelle-aide-exceptionnelle-pour-lembauche-de-jeunes\/#primaryimage\"},\"image\":{\"@id\":\"https:\/\/www.cabinet-magar.fr\/actualites\/coronavirus-covid-19-une-nouvelle-aide-exceptionnelle-pour-lembauche-de-jeunes\/#primaryimage\"},\"thumbnailUrl\":\"https:\/\/www.cabinet-magar.fr\/wp-content\/uploads\/2021\/03\/aidefinanciere8.jpg\",\"datePublished\":\"2021-03-02T04:55:00+00:00\",\"dateModified\":\"2021-04-01T01:01:38+00:00\",\"author\":{\"@id\":\"\"},\"breadcrumb\":{\"@id\":\"https:\/\/www.cabinet-magar.fr\/actualites\/coronavirus-covid-19-une-nouvelle-aide-exceptionnelle-pour-lembauche-de-jeunes\/#breadcrumb\"},\"inLanguage\":\"de\",\"potentialAction\":[{\"@type\":\"ReadAction\",\"target\":[\"https:\/\/www.cabinet-magar.fr\/actualites\/coronavirus-covid-19-une-nouvelle-aide-exceptionnelle-pour-lembauche-de-jeunes\/\"]}]},{\"@type\":\"ImageObject\",\"inLanguage\":\"de\",\"@id\":\"https:\/\/www.cabinet-magar.fr\/actualites\/coronavirus-covid-19-une-nouvelle-aide-exceptionnelle-pour-lembauche-de-jeunes\/#primaryimage\",\"url\":\"https:\/\/www.cabinet-magar.fr\/wp-content\/uploads\/2021\/03\/aidefinanciere8.jpg\",\"contentUrl\":\"https:\/\/www.cabinet-magar.fr\/wp-content\/uploads\/2021\/03\/aidefinanciere8.jpg\",\"width\":600,\"height\":400},{\"@type\":\"BreadcrumbList\",\"@id\":\"https:\/\/www.cabinet-magar.fr\/actualites\/coronavirus-covid-19-une-nouvelle-aide-exceptionnelle-pour-lembauche-de-jeunes\/#breadcrumb\",\"itemListElement\":[{\"@type\":\"ListItem\",\"position\":1,\"name\":\"Accueil\",\"item\":\"https:\/\/www.cabinet-magar.fr\/de\/\"},{\"@type\":\"ListItem\",\"position\":2,\"name\":\"Coronavirus (COVID-19) : une nouvelle aide exceptionnelle pour l\u2019embauche de jeunes ?\"}]},{\"@type\":\"WebSite\",\"@id\":\"https:\/\/www.cabinet-magar.fr\/#website\",\"url\":\"https:\/\/www.cabinet-magar.fr\/\",\"name\":\"Cabinet Magar\",\"description\":\"\",\"potentialAction\":[{\"@type\":\"SearchAction\",\"target\":{\"@type\":\"EntryPoint\",\"urlTemplate\":\"https:\/\/www.cabinet-magar.fr\/?s={search_term_string}\"},\"query-input\":{\"@type\":\"PropertyValueSpecification\",\"valueRequired\":true,\"valueName\":\"search_term_string\"}}],\"inLanguage\":\"de\"}]}<\/script>\n<!-- \/ Yoast SEO plugin. -->","yoast_head_json":{"title":"Coronavirus (COVID-19) : une nouvelle aide exceptionnelle pour l\u2019embauche de jeunes ? - Cabinet Magar","robots":{"index":"index","follow":"follow","max-snippet":"max-snippet:-1","max-image-preview":"max-image-preview:large","max-video-preview":"max-video-preview:-1"},"canonical":"https:\/\/www.cabinet-magar.fr\/actualites\/coronavirus-covid-19-une-nouvelle-aide-exceptionnelle-pour-lembauche-de-jeunes\/","og_locale":"de_DE","og_type":"article","og_title":"Coronavirus (COVID-19) : une nouvelle aide exceptionnelle pour l\u2019embauche de jeunes ? - Cabinet Magar","og_description":"Dans le cadre de la crise sanitaire, et pour favoriser l\u2019embauche des jeunes, le gouvernement est venu cr\u00e9er une nouvelle aide exceptionnelle, attribu\u00e9e aux employeurs pour la 1re ann\u00e9e d\u2019ex\u00e9cution des contrats d\u2019apprentissage et de professionnalisation\u2026 Sous quelles conditions ?","og_url":"https:\/\/www.cabinet-magar.fr\/actualites\/coronavirus-covid-19-une-nouvelle-aide-exceptionnelle-pour-lembauche-de-jeunes\/","og_site_name":"Cabinet Magar","article_published_time":"2021-03-02T04:55:00+00:00","article_modified_time":"2021-04-01T01:01:38+00:00","og_image":[{"width":600,"height":400,"url":"https:\/\/www.cabinet-magar.fr\/wp-content\/uploads\/2021\/03\/aidefinanciere8.jpg","type":"image\/jpeg"}],"twitter_card":"summary_large_image","twitter_misc":{"Gesch\u00e4tzte Lesezeit":"6\u00a0Minuten"},"schema":{"@context":"https:\/\/schema.org","@graph":[{"@type":"Article","@id":"https:\/\/www.cabinet-magar.fr\/actualites\/coronavirus-covid-19-une-nouvelle-aide-exceptionnelle-pour-lembauche-de-jeunes\/#article","isPartOf":{"@id":"https:\/\/www.cabinet-magar.fr\/actualites\/coronavirus-covid-19-une-nouvelle-aide-exceptionnelle-pour-lembauche-de-jeunes\/"},"author":{"name":"","@id":""},"headline":"Coronavirus (COVID-19) : une nouvelle aide exceptionnelle pour l\u2019embauche de jeunes ?","datePublished":"2021-03-02T04:55:00+00:00","dateModified":"2021-04-01T01:01:38+00:00","mainEntityOfPage":{"@id":"https:\/\/www.cabinet-magar.fr\/actualites\/coronavirus-covid-19-une-nouvelle-aide-exceptionnelle-pour-lembauche-de-jeunes\/"},"wordCount":1298,"commentCount":0,"image":{"@id":"https:\/\/www.cabinet-magar.fr\/actualites\/coronavirus-covid-19-une-nouvelle-aide-exceptionnelle-pour-lembauche-de-jeunes\/#primaryimage"},"thumbnailUrl":"https:\/\/www.cabinet-magar.fr\/wp-content\/uploads\/2021\/03\/aidefinanciere8.jpg","articleSection":["Actu Sociale","Actualit\u00e9s"],"inLanguage":"de","potentialAction":[{"@type":"CommentAction","name":"Comment","target":["https:\/\/www.cabinet-magar.fr\/actualites\/coronavirus-covid-19-une-nouvelle-aide-exceptionnelle-pour-lembauche-de-jeunes\/#respond"]}]},{"@type":"WebPage","@id":"https:\/\/www.cabinet-magar.fr\/actualites\/coronavirus-covid-19-une-nouvelle-aide-exceptionnelle-pour-lembauche-de-jeunes\/","url":"https:\/\/www.cabinet-magar.fr\/actualites\/coronavirus-covid-19-une-nouvelle-aide-exceptionnelle-pour-lembauche-de-jeunes\/","name":"Coronavirus (COVID-19) : une nouvelle aide exceptionnelle pour l\u2019embauche de jeunes ? - Cabinet Magar","isPartOf":{"@id":"https:\/\/www.cabinet-magar.fr\/#website"},"primaryImageOfPage":{"@id":"https:\/\/www.cabinet-magar.fr\/actualites\/coronavirus-covid-19-une-nouvelle-aide-exceptionnelle-pour-lembauche-de-jeunes\/#primaryimage"},"image":{"@id":"https:\/\/www.cabinet-magar.fr\/actualites\/coronavirus-covid-19-une-nouvelle-aide-exceptionnelle-pour-lembauche-de-jeunes\/#primaryimage"},"thumbnailUrl":"https:\/\/www.cabinet-magar.fr\/wp-content\/uploads\/2021\/03\/aidefinanciere8.jpg","datePublished":"2021-03-02T04:55:00+00:00","dateModified":"2021-04-01T01:01:38+00:00","author":{"@id":""},"breadcrumb":{"@id":"https:\/\/www.cabinet-magar.fr\/actualites\/coronavirus-covid-19-une-nouvelle-aide-exceptionnelle-pour-lembauche-de-jeunes\/#breadcrumb"},"inLanguage":"de","potentialAction":[{"@type":"ReadAction","target":["https:\/\/www.cabinet-magar.fr\/actualites\/coronavirus-covid-19-une-nouvelle-aide-exceptionnelle-pour-lembauche-de-jeunes\/"]}]},{"@type":"ImageObject","inLanguage":"de","@id":"https:\/\/www.cabinet-magar.fr\/actualites\/coronavirus-covid-19-une-nouvelle-aide-exceptionnelle-pour-lembauche-de-jeunes\/#primaryimage","url":"https:\/\/www.cabinet-magar.fr\/wp-content\/uploads\/2021\/03\/aidefinanciere8.jpg","contentUrl":"https:\/\/www.cabinet-magar.fr\/wp-content\/uploads\/2021\/03\/aidefinanciere8.jpg","width":600,"height":400},{"@type":"BreadcrumbList","@id":"https:\/\/www.cabinet-magar.fr\/actualites\/coronavirus-covid-19-une-nouvelle-aide-exceptionnelle-pour-lembauche-de-jeunes\/#breadcrumb","itemListElement":[{"@type":"ListItem","position":1,"name":"Accueil","item":"https:\/\/www.cabinet-magar.fr\/de\/"},{"@type":"ListItem","position":2,"name":"Coronavirus (COVID-19) : une nouvelle aide exceptionnelle pour l\u2019embauche de jeunes ?"}]},{"@type":"WebSite","@id":"https:\/\/www.cabinet-magar.fr\/#website","url":"https:\/\/www.cabinet-magar.fr\/","name":"Cabinet Magar","description":"","potentialAction":[{"@type":"SearchAction","target":{"@type":"EntryPoint","urlTemplate":"https:\/\/www.cabinet-magar.fr\/?s={search_term_string}"},"query-input":{"@type":"PropertyValueSpecification","valueRequired":true,"valueName":"search_term_string"}}],"inLanguage":"de"}]}},"_links":{"self":[{"href":"https:\/\/www.cabinet-magar.fr\/de\/wp-json\/wp\/v2\/posts\/462","targetHints":{"allow":["GET"]}}],"collection":[{"href":"https:\/\/www.cabinet-magar.fr\/de\/wp-json\/wp\/v2\/posts"}],"about":[{"href":"https:\/\/www.cabinet-magar.fr\/de\/wp-json\/wp\/v2\/types\/post"}],"replies":[{"embeddable":true,"href":"https:\/\/www.cabinet-magar.fr\/de\/wp-json\/wp\/v2\/comments?post=462"}],"version-history":[{"count":1,"href":"https:\/\/www.cabinet-magar.fr\/de\/wp-json\/wp\/v2\/posts\/462\/revisions"}],"predecessor-version":[{"id":3516,"href":"https:\/\/www.cabinet-magar.fr\/de\/wp-json\/wp\/v2\/posts\/462\/revisions\/3516"}],"wp:featuredmedia":[{"embeddable":true,"href":"https:\/\/www.cabinet-magar.fr\/de\/wp-json\/wp\/v2\/media\/3443"}],"wp:attachment":[{"href":"https:\/\/www.cabinet-magar.fr\/de\/wp-json\/wp\/v2\/media?parent=462"}],"wp:term":[{"taxonomy":"category","embeddable":true,"href":"https:\/\/www.cabinet-magar.fr\/de\/wp-json\/wp\/v2\/categories?post=462"},{"taxonomy":"post_tag","embeddable":true,"href":"https:\/\/www.cabinet-magar.fr\/de\/wp-json\/wp\/v2\/tags?post=462"}],"curies":[{"name":"wp","href":"https:\/\/api.w.org\/{rel}","templated":true}]}}