{"id":460,"date":"2021-03-03T05:45:00","date_gmt":"2021-03-03T04:45:00","guid":{"rendered":"https:\/\/www.cabinet-magar.fr\/sylviculture-une-nouvelle-aide-financiere\/"},"modified":"2021-04-01T03:01:27","modified_gmt":"2021-04-01T01:01:27","slug":"sylviculture-une-nouvelle-aide-financiere","status":"publish","type":"post","link":"https:\/\/www.cabinet-magar.fr\/de\/actualites\/sylviculture-une-nouvelle-aide-financiere\/","title":{"rendered":"Sylviculture : une nouvelle aide financi\u00e8re !"},"content":{"rendered":"<p >Pour favoriser l\u2019investissement en mat\u00e9riel pour les travaux sylvicoles et la production de plants forestiers, le Gouvernement a mis en place une nouvelle aide financi\u00e8re. Comment en b\u00e9n\u00e9ficier ?<\/p>\n<div>\n<h2>Une aide financi\u00e8re pour qui ? Pour quoi ? Combien ? Comment ?<\/h2>\n<p>Une aide financi\u00e8re vient d\u2019\u00eatre mise en place pour favoriser l\u2019investissement dans les \u00e9quipements utilis\u00e9s pour les travaux sylvicoles et la production de plants forestiers.<\/p>\n<p>Qui peut la demander ?<\/p>\n<ul>\n<li>les micro-entreprises, les PME et les p\u00e9pini\u00e8res foresti\u00e8res ayant eu un chiffre d\u2019affaires (CA) d\u2019au moins 100 000 \u20ac l\u2019ann\u00e9e pr\u00e9c\u00e9dant la demande d\u2019aide ;<\/li>\n<li>les micro-entreprises et les PME dont au moins 30 % de leur CA vient de leur activit\u00e9 de travaux forestiers d\u2019entretien et de renouvellement des for\u00eats, l\u2019ann\u00e9e pr\u00e9c\u00e9dant la demande d\u2019aide ;<\/li>\n<li>les p\u00e9pini\u00e8res foresti\u00e8res qui produisent et commercialisent des plants forestiers dont au moins 70 % du CA vient de la commercialisation de plants forestiers au cours de l\u2019ann\u00e9e pr\u00e9c\u00e9dant la demande d\u2019aide ;<\/li>\n<li>les p\u00e9pini\u00e8res foresti\u00e8res qui ont produit et commercialis\u00e9 plus de 100 000 plants forestiers par an, au cours des 3 ann\u00e9es pr\u00e9c\u00e9dant la demande d\u2019aide. Ce chiffre peut \u00eatre r\u00e9duit \u00e0 20 000 plants pour certaines essences foresti\u00e8res.<\/li>\n<\/ul>\n<p>Quels sont les investissements concern\u00e9s ?<\/p>\n<ul>\n<li>les achats d\u2019\u00e9quipements mat\u00e9riels et immat\u00e9riels neufs de m\u00e9canisation, de modernisation et d&#8217;adaptation au changement climatique des entreprises de mobilisation des produits forestiers et de travaux sylvicoles ;<\/li>\n<li>les achats d\u2019\u00e9quipements mat\u00e9riels et immat\u00e9riels neufs \u00e0 destination des p\u00e9pini\u00e8res foresti\u00e8res.<\/li>\n<\/ul>\n<p>L\u2019aide financi\u00e8re n\u2019est donc pas accord\u00e9e aux professionnels qui souhaitent investir dans du mat\u00e9riel d\u2019occasion.<\/p>\n<p>Vous pouvez retrouver la liste de mat\u00e9riel et de travaux \u00e9ligibles ici.<\/p>\n<p>Combien ?<\/p>\n<p>Le montant accord\u00e9 ne peut \u00eatre inf\u00e9rieur \u00e0 5 000 \u20ac et sup\u00e9rieur \u00e0 200 000 \u20ac.<\/p>\n<p>Celui-ci est calcul\u00e9 sur la base du co\u00fbt total hors taxe de l\u2019investissement, \u00e0 laquelle il est appliqu\u00e9 l\u2019un des taux suivants :<\/p>\n<ul>\n<li>1,75% pour les entreprises situ\u00e9es dans les d\u00e9partements d\u2019outre-mer ;<\/li>\n<li>2,40% pour les entreprises situ\u00e9es dans les autres r\u00e9gions de France.<\/li>\n<\/ul>\n<p>Comment ?<\/p>\n<p>Pour obtenir cette subvention, il faut d\u00e9poser un dossier de candidature d\u00e9mat\u00e9rialis\u00e9 aupr\u00e8s des services de la pr\u00e9fecture de votre r\u00e9gion, accompagn\u00e9 des pi\u00e8ces suivantes :<\/p>\n<ul>\n<li>une attestation sur l\u2019honneur d\u00e9clarant que les informations transmises sont exactes ;<\/li>\n<li>une pi\u00e8ce d\u2019identit\u00e9 ;<\/li>\n<li>un extrait Kbis ;<\/li>\n<li>un RIB ;<\/li>\n<li>les pi\u00e8ces justifiant le respect des crit\u00e8res d\u2019\u00e9ligibilit\u00e9s ;<\/li>\n<li>la description du projet ;<\/li>\n<li>les devis ou factures des investissements.<\/li>\n<\/ul>\n<p>Enfin, si votre demande de travaux concerne l\u2019am\u00e9lioration de la gestion de l\u2019eau vous devez \u00e9galement fournir la localisation des terres concern\u00e9es, la description de l\u2019installation actuelle et des modifications apport\u00e9es par le projet, et montrer qu\u2019il existe un syst\u00e8me de mesure de la consommation d\u2019eau ou que vous allez en faire installer un, le cas \u00e9ch\u00e9ant.<\/p>\n<ul>\n<li>D\u00e9cret n\u00b0 2021-193 du 22 f\u00e9vrier 2021 instituant un r\u00e9gime d&#8217;aide en faveur des investissements en mat\u00e9riels des entreprises de travaux sylvicoles et des p\u00e9pini\u00e8res foresti\u00e8res dans le cadre du plan de relance de l&#8217;\u00e9conomie<\/li>\n<li>Arr\u00eat\u00e9 du 26 f\u00e9vrier 2021 relatif au r\u00e9gime d&#8217;aide en faveur des investissements en mat\u00e9riels des entreprises de travaux sylvicoles et des p\u00e9pini\u00e8res foresti\u00e8res dans le cadre du plan de relance de l&#8217;\u00e9conomie<\/li>\n<\/ul>\n<p><a href=\"https:\/\/www.weblex.fr\/weblex-actualite\/sylviculture-une-nouvelle-aide-financiere\" target=\"_blank\" rel=\"noopener\">Sylviculture : une nouvelle aide financi\u00e8re !<\/a> \u00a9 Copyright WebLex &#8211; 2021<\/p>\n<\/div>\n<p><img src='https:\/\/www.weblex.fr\/images\/flux_actus\/foret3.jpg'><\/p>\n","protected":false},"excerpt":{"rendered":"<p>Pour favoriser l\u2019investissement en mat\u00e9riel pour les travaux sylvicoles et la production de plants forestiers, le Gouvernement a mis en place une nouvelle aide financi\u00e8re. Comment en b\u00e9n\u00e9ficier ?<\/p>\n","protected":false},"author":0,"featured_media":3513,"comment_status":"open","ping_status":"closed","sticky":false,"template":"","format":"standard","meta":{"_acf_changed":false,"footnotes":""},"categories":[9,7],"tags":[],"class_list":["post-460","post","type-post","status-publish","format-standard","has-post-thumbnail","hentry","category-actu-juridique","category-actualites"],"acf":[],"yoast_head":"<!-- This site is optimized with the Yoast SEO plugin v27.2 - https:\/\/yoast.com\/product\/yoast-seo-wordpress\/ -->\n<title>Sylviculture : une nouvelle aide financi\u00e8re ! - Cabinet Magar<\/title>\n<meta name=\"robots\" content=\"index, follow, max-snippet:-1, max-image-preview:large, max-video-preview:-1\" \/>\n<link rel=\"canonical\" href=\"https:\/\/www.cabinet-magar.fr\/actualites\/sylviculture-une-nouvelle-aide-financiere\/\" \/>\n<meta property=\"og:locale\" content=\"de_DE\" \/>\n<meta property=\"og:type\" content=\"article\" \/>\n<meta property=\"og:title\" content=\"Sylviculture : une nouvelle aide financi\u00e8re ! - Cabinet Magar\" \/>\n<meta property=\"og:description\" content=\"Pour favoriser l\u2019investissement en mat\u00e9riel pour les travaux sylvicoles et la production de plants forestiers, le Gouvernement a mis en place une nouvelle aide financi\u00e8re. Comment en b\u00e9n\u00e9ficier ?\" \/>\n<meta property=\"og:url\" content=\"https:\/\/www.cabinet-magar.fr\/actualites\/sylviculture-une-nouvelle-aide-financiere\/\" \/>\n<meta property=\"og:site_name\" content=\"Cabinet Magar\" \/>\n<meta property=\"article:published_time\" content=\"2021-03-03T04:45:00+00:00\" \/>\n<meta property=\"article:modified_time\" content=\"2021-04-01T01:01:27+00:00\" \/>\n<meta property=\"og:image\" content=\"https:\/\/www.cabinet-magar.fr\/wp-content\/uploads\/2021\/04\/foret3.jpg\" \/>\n\t<meta property=\"og:image:width\" content=\"600\" \/>\n\t<meta property=\"og:image:height\" content=\"400\" \/>\n\t<meta property=\"og:image:type\" content=\"image\/jpeg\" \/>\n<meta name=\"twitter:card\" content=\"summary_large_image\" \/>\n<meta name=\"twitter:label1\" content=\"Gesch\u00e4tzte Lesezeit\" \/>\n\t<meta name=\"twitter:data1\" content=\"3\u00a0Minuten\" \/>\n<script type=\"application\/ld+json\" class=\"yoast-schema-graph\">{\"@context\":\"https:\/\/schema.org\",\"@graph\":[{\"@type\":\"Article\",\"@id\":\"https:\/\/www.cabinet-magar.fr\/actualites\/sylviculture-une-nouvelle-aide-financiere\/#article\",\"isPartOf\":{\"@id\":\"https:\/\/www.cabinet-magar.fr\/actualites\/sylviculture-une-nouvelle-aide-financiere\/\"},\"author\":{\"name\":\"\",\"@id\":\"\"},\"headline\":\"Sylviculture : une nouvelle aide financi\u00e8re !\",\"datePublished\":\"2021-03-03T04:45:00+00:00\",\"dateModified\":\"2021-04-01T01:01:27+00:00\",\"mainEntityOfPage\":{\"@id\":\"https:\/\/www.cabinet-magar.fr\/actualites\/sylviculture-une-nouvelle-aide-financiere\/\"},\"wordCount\":612,\"commentCount\":0,\"image\":{\"@id\":\"https:\/\/www.cabinet-magar.fr\/actualites\/sylviculture-une-nouvelle-aide-financiere\/#primaryimage\"},\"thumbnailUrl\":\"https:\/\/www.cabinet-magar.fr\/wp-content\/uploads\/2021\/04\/foret3.jpg\",\"articleSection\":[\"Actu Juridique\",\"Actualit\u00e9s\"],\"inLanguage\":\"de\",\"potentialAction\":[{\"@type\":\"CommentAction\",\"name\":\"Comment\",\"target\":[\"https:\/\/www.cabinet-magar.fr\/actualites\/sylviculture-une-nouvelle-aide-financiere\/#respond\"]}]},{\"@type\":\"WebPage\",\"@id\":\"https:\/\/www.cabinet-magar.fr\/actualites\/sylviculture-une-nouvelle-aide-financiere\/\",\"url\":\"https:\/\/www.cabinet-magar.fr\/actualites\/sylviculture-une-nouvelle-aide-financiere\/\",\"name\":\"Sylviculture : une nouvelle aide financi\u00e8re ! - Cabinet Magar\",\"isPartOf\":{\"@id\":\"https:\/\/www.cabinet-magar.fr\/#website\"},\"primaryImageOfPage\":{\"@id\":\"https:\/\/www.cabinet-magar.fr\/actualites\/sylviculture-une-nouvelle-aide-financiere\/#primaryimage\"},\"image\":{\"@id\":\"https:\/\/www.cabinet-magar.fr\/actualites\/sylviculture-une-nouvelle-aide-financiere\/#primaryimage\"},\"thumbnailUrl\":\"https:\/\/www.cabinet-magar.fr\/wp-content\/uploads\/2021\/04\/foret3.jpg\",\"datePublished\":\"2021-03-03T04:45:00+00:00\",\"dateModified\":\"2021-04-01T01:01:27+00:00\",\"author\":{\"@id\":\"\"},\"breadcrumb\":{\"@id\":\"https:\/\/www.cabinet-magar.fr\/actualites\/sylviculture-une-nouvelle-aide-financiere\/#breadcrumb\"},\"inLanguage\":\"de\",\"potentialAction\":[{\"@type\":\"ReadAction\",\"target\":[\"https:\/\/www.cabinet-magar.fr\/actualites\/sylviculture-une-nouvelle-aide-financiere\/\"]}]},{\"@type\":\"ImageObject\",\"inLanguage\":\"de\",\"@id\":\"https:\/\/www.cabinet-magar.fr\/actualites\/sylviculture-une-nouvelle-aide-financiere\/#primaryimage\",\"url\":\"https:\/\/www.cabinet-magar.fr\/wp-content\/uploads\/2021\/04\/foret3.jpg\",\"contentUrl\":\"https:\/\/www.cabinet-magar.fr\/wp-content\/uploads\/2021\/04\/foret3.jpg\",\"width\":600,\"height\":400},{\"@type\":\"BreadcrumbList\",\"@id\":\"https:\/\/www.cabinet-magar.fr\/actualites\/sylviculture-une-nouvelle-aide-financiere\/#breadcrumb\",\"itemListElement\":[{\"@type\":\"ListItem\",\"position\":1,\"name\":\"Accueil\",\"item\":\"https:\/\/www.cabinet-magar.fr\/de\/\"},{\"@type\":\"ListItem\",\"position\":2,\"name\":\"Sylviculture : une nouvelle aide financi\u00e8re !\"}]},{\"@type\":\"WebSite\",\"@id\":\"https:\/\/www.cabinet-magar.fr\/#website\",\"url\":\"https:\/\/www.cabinet-magar.fr\/\",\"name\":\"Cabinet Magar\",\"description\":\"\",\"potentialAction\":[{\"@type\":\"SearchAction\",\"target\":{\"@type\":\"EntryPoint\",\"urlTemplate\":\"https:\/\/www.cabinet-magar.fr\/?s={search_term_string}\"},\"query-input\":{\"@type\":\"PropertyValueSpecification\",\"valueRequired\":true,\"valueName\":\"search_term_string\"}}],\"inLanguage\":\"de\"}]}<\/script>\n<!-- \/ Yoast SEO plugin. -->","yoast_head_json":{"title":"Sylviculture : une nouvelle aide financi\u00e8re ! - Cabinet Magar","robots":{"index":"index","follow":"follow","max-snippet":"max-snippet:-1","max-image-preview":"max-image-preview:large","max-video-preview":"max-video-preview:-1"},"canonical":"https:\/\/www.cabinet-magar.fr\/actualites\/sylviculture-une-nouvelle-aide-financiere\/","og_locale":"de_DE","og_type":"article","og_title":"Sylviculture : une nouvelle aide financi\u00e8re ! - Cabinet Magar","og_description":"Pour favoriser l\u2019investissement en mat\u00e9riel pour les travaux sylvicoles et la production de plants forestiers, le Gouvernement a mis en place une nouvelle aide financi\u00e8re. Comment en b\u00e9n\u00e9ficier ?","og_url":"https:\/\/www.cabinet-magar.fr\/actualites\/sylviculture-une-nouvelle-aide-financiere\/","og_site_name":"Cabinet Magar","article_published_time":"2021-03-03T04:45:00+00:00","article_modified_time":"2021-04-01T01:01:27+00:00","og_image":[{"width":600,"height":400,"url":"https:\/\/www.cabinet-magar.fr\/wp-content\/uploads\/2021\/04\/foret3.jpg","type":"image\/jpeg"}],"twitter_card":"summary_large_image","twitter_misc":{"Gesch\u00e4tzte Lesezeit":"3\u00a0Minuten"},"schema":{"@context":"https:\/\/schema.org","@graph":[{"@type":"Article","@id":"https:\/\/www.cabinet-magar.fr\/actualites\/sylviculture-une-nouvelle-aide-financiere\/#article","isPartOf":{"@id":"https:\/\/www.cabinet-magar.fr\/actualites\/sylviculture-une-nouvelle-aide-financiere\/"},"author":{"name":"","@id":""},"headline":"Sylviculture : une nouvelle aide financi\u00e8re !","datePublished":"2021-03-03T04:45:00+00:00","dateModified":"2021-04-01T01:01:27+00:00","mainEntityOfPage":{"@id":"https:\/\/www.cabinet-magar.fr\/actualites\/sylviculture-une-nouvelle-aide-financiere\/"},"wordCount":612,"commentCount":0,"image":{"@id":"https:\/\/www.cabinet-magar.fr\/actualites\/sylviculture-une-nouvelle-aide-financiere\/#primaryimage"},"thumbnailUrl":"https:\/\/www.cabinet-magar.fr\/wp-content\/uploads\/2021\/04\/foret3.jpg","articleSection":["Actu Juridique","Actualit\u00e9s"],"inLanguage":"de","potentialAction":[{"@type":"CommentAction","name":"Comment","target":["https:\/\/www.cabinet-magar.fr\/actualites\/sylviculture-une-nouvelle-aide-financiere\/#respond"]}]},{"@type":"WebPage","@id":"https:\/\/www.cabinet-magar.fr\/actualites\/sylviculture-une-nouvelle-aide-financiere\/","url":"https:\/\/www.cabinet-magar.fr\/actualites\/sylviculture-une-nouvelle-aide-financiere\/","name":"Sylviculture : une nouvelle aide financi\u00e8re ! - Cabinet Magar","isPartOf":{"@id":"https:\/\/www.cabinet-magar.fr\/#website"},"primaryImageOfPage":{"@id":"https:\/\/www.cabinet-magar.fr\/actualites\/sylviculture-une-nouvelle-aide-financiere\/#primaryimage"},"image":{"@id":"https:\/\/www.cabinet-magar.fr\/actualites\/sylviculture-une-nouvelle-aide-financiere\/#primaryimage"},"thumbnailUrl":"https:\/\/www.cabinet-magar.fr\/wp-content\/uploads\/2021\/04\/foret3.jpg","datePublished":"2021-03-03T04:45:00+00:00","dateModified":"2021-04-01T01:01:27+00:00","author":{"@id":""},"breadcrumb":{"@id":"https:\/\/www.cabinet-magar.fr\/actualites\/sylviculture-une-nouvelle-aide-financiere\/#breadcrumb"},"inLanguage":"de","potentialAction":[{"@type":"ReadAction","target":["https:\/\/www.cabinet-magar.fr\/actualites\/sylviculture-une-nouvelle-aide-financiere\/"]}]},{"@type":"ImageObject","inLanguage":"de","@id":"https:\/\/www.cabinet-magar.fr\/actualites\/sylviculture-une-nouvelle-aide-financiere\/#primaryimage","url":"https:\/\/www.cabinet-magar.fr\/wp-content\/uploads\/2021\/04\/foret3.jpg","contentUrl":"https:\/\/www.cabinet-magar.fr\/wp-content\/uploads\/2021\/04\/foret3.jpg","width":600,"height":400},{"@type":"BreadcrumbList","@id":"https:\/\/www.cabinet-magar.fr\/actualites\/sylviculture-une-nouvelle-aide-financiere\/#breadcrumb","itemListElement":[{"@type":"ListItem","position":1,"name":"Accueil","item":"https:\/\/www.cabinet-magar.fr\/de\/"},{"@type":"ListItem","position":2,"name":"Sylviculture : une nouvelle aide financi\u00e8re !"}]},{"@type":"WebSite","@id":"https:\/\/www.cabinet-magar.fr\/#website","url":"https:\/\/www.cabinet-magar.fr\/","name":"Cabinet Magar","description":"","potentialAction":[{"@type":"SearchAction","target":{"@type":"EntryPoint","urlTemplate":"https:\/\/www.cabinet-magar.fr\/?s={search_term_string}"},"query-input":{"@type":"PropertyValueSpecification","valueRequired":true,"valueName":"search_term_string"}}],"inLanguage":"de"}]}},"_links":{"self":[{"href":"https:\/\/www.cabinet-magar.fr\/de\/wp-json\/wp\/v2\/posts\/460","targetHints":{"allow":["GET"]}}],"collection":[{"href":"https:\/\/www.cabinet-magar.fr\/de\/wp-json\/wp\/v2\/posts"}],"about":[{"href":"https:\/\/www.cabinet-magar.fr\/de\/wp-json\/wp\/v2\/types\/post"}],"replies":[{"embeddable":true,"href":"https:\/\/www.cabinet-magar.fr\/de\/wp-json\/wp\/v2\/comments?post=460"}],"version-history":[{"count":1,"href":"https:\/\/www.cabinet-magar.fr\/de\/wp-json\/wp\/v2\/posts\/460\/revisions"}],"predecessor-version":[{"id":3512,"href":"https:\/\/www.cabinet-magar.fr\/de\/wp-json\/wp\/v2\/posts\/460\/revisions\/3512"}],"wp:featuredmedia":[{"embeddable":true,"href":"https:\/\/www.cabinet-magar.fr\/de\/wp-json\/wp\/v2\/media\/3513"}],"wp:attachment":[{"href":"https:\/\/www.cabinet-magar.fr\/de\/wp-json\/wp\/v2\/media?parent=460"}],"wp:term":[{"taxonomy":"category","embeddable":true,"href":"https:\/\/www.cabinet-magar.fr\/de\/wp-json\/wp\/v2\/categories?post=460"},{"taxonomy":"post_tag","embeddable":true,"href":"https:\/\/www.cabinet-magar.fr\/de\/wp-json\/wp\/v2\/tags?post=460"}],"curies":[{"name":"wp","href":"https:\/\/api.w.org\/{rel}","templated":true}]}}