{"id":459,"date":"2021-03-03T05:45:00","date_gmt":"2021-03-03T04:45:00","guid":{"rendered":"https:\/\/www.cabinet-magar.fr\/cdd-multiples-un-rappel-de-salaire-pour-les-periodes-intercontrat\/"},"modified":"2021-04-01T03:01:23","modified_gmt":"2021-04-01T01:01:23","slug":"cdd-multiples-un-rappel-de-salaire-pour-les-periodes-intercontrat","status":"publish","type":"post","link":"https:\/\/www.cabinet-magar.fr\/de\/actualites\/cdd-multiples-un-rappel-de-salaire-pour-les-periodes-intercontrat\/","title":{"rendered":"CDD multiples : un rappel de salaire pour les p\u00e9riodes intercontrat ?"},"content":{"rendered":"<p >Apr\u00e8s avoir conclu 380 CDD avec un m\u00eame employeur, un salari\u00e9 obtient la requalification de ces contrats en CDI \u00e0 temps complet. Il demande alors un rappel de salaire au titre des p\u00e9riodes ayant s\u00e9par\u00e9es chacun des contrats (ce que l\u2019on appelle des \u00ab p\u00e9riodes interstitielles \u00bb). Va-t-il l\u2019obtenir ?<\/p>\n<div>\n<h2> P\u00e9riodes interstitielles : pas de preuve = pas de rappel de salaire !<\/h2>\n<p>Apr\u00e8s avoir conclu 380 CDD avec un m\u00eame employeur, un salari\u00e9 demande et obtient la requalification de ces CDD en CDI \u00e0 temps complet. Il r\u00e9clame alors un rappel de salaire au titre des p\u00e9riodes dites \u00ab interstitielles \u00bb, qui ont s\u00e9par\u00e9 les diff\u00e9rents contrats.<\/p>\n<p>Paiement que l\u2019entreprise refuse d\u2019effectuer : ici, il appartenait au salari\u00e9 d&#8217;\u00e9tablir qu&#8217;il s&#8217;\u00e9tait tenu \u00e0 la disposition de l&#8217;employeur en vue d&#8217;effectuer un travail pendant ces p\u00e9riodes interstitielles, ce qu\u2019il n\u2019a pas fait\u2026<\/p>\n<p>Ce que confirme le juge : en mati\u00e8re de rappel de salaire au titre des p\u00e9riodes interstitielles, il appartient effectivement au salari\u00e9 de prouver qu\u2019il s\u2019est bel et bien tenu \u00e0 la disposition de l\u2019employeur.<\/p>\n<p>En l\u2019absence d\u2019\u00e9l\u00e9ments en ce sens, la demande du salari\u00e9 est rejet\u00e9e.<\/p>\n<p>Source : Arr\u00eat de la Cour de Cassation, chambre sociale, du 17 f\u00e9vrier 2021, n\u00b0 18-23989 (NP)<\/p>\n<p><a href=\"https:\/\/www.weblex.fr\/weblex-actualite\/cdd-multiples-un-rappel-de-salaire-pour-les-periodes-intercontrat\" rel=\"nofollow noopener\" target=\"_blank\">CDD multiples : un rappel de salaire pour les p\u00e9riodes intercontrat ?<\/a> \u00a9 Copyright WebLex &#8211; 2021<\/p>\n<\/div>\n<\/div>\n<p><img src='https:\/\/www.weblex.fr\/images\/flux_actus\/salaires5.jpg'><\/p>\n","protected":false},"excerpt":{"rendered":"<p>Apr\u00e8s avoir conclu 380 CDD avec un m\u00eame employeur, un salari\u00e9 obtient la requalification de ces contrats en CDI \u00e0 temps complet. Il demande alors un rappel de salaire au titre des p\u00e9riodes ayant s\u00e9par\u00e9es chacun des contrats (ce que l\u2019on appelle des \u00ab p\u00e9riodes interstitielles \u00bb). Va-t-il l\u2019obtenir ?<\/p>\n","protected":false},"author":0,"featured_media":3511,"comment_status":"open","ping_status":"closed","sticky":false,"template":"","format":"standard","meta":{"_acf_changed":false,"footnotes":""},"categories":[8,7],"tags":[],"class_list":["post-459","post","type-post","status-publish","format-standard","has-post-thumbnail","hentry","category-actu-sociale","category-actualites"],"acf":[],"yoast_head":"<!-- This site is optimized with the Yoast SEO plugin v27.2 - https:\/\/yoast.com\/product\/yoast-seo-wordpress\/ -->\n<title>CDD multiples : un rappel de salaire pour les p\u00e9riodes intercontrat ? - Cabinet Magar<\/title>\n<meta name=\"robots\" content=\"index, follow, max-snippet:-1, max-image-preview:large, max-video-preview:-1\" \/>\n<link rel=\"canonical\" href=\"https:\/\/www.cabinet-magar.fr\/actualites\/cdd-multiples-un-rappel-de-salaire-pour-les-periodes-intercontrat\/\" \/>\n<meta property=\"og:locale\" content=\"de_DE\" \/>\n<meta property=\"og:type\" content=\"article\" \/>\n<meta property=\"og:title\" content=\"CDD multiples : un rappel de salaire pour les p\u00e9riodes intercontrat ? - Cabinet Magar\" \/>\n<meta property=\"og:description\" content=\"Apr\u00e8s avoir conclu 380 CDD avec un m\u00eame employeur, un salari\u00e9 obtient la requalification de ces contrats en CDI \u00e0 temps complet. Il demande alors un rappel de salaire au titre des p\u00e9riodes ayant s\u00e9par\u00e9es chacun des contrats (ce que l\u2019on appelle des \u00ab p\u00e9riodes interstitielles \u00bb). Va-t-il l\u2019obtenir ?\" \/>\n<meta property=\"og:url\" content=\"https:\/\/www.cabinet-magar.fr\/actualites\/cdd-multiples-un-rappel-de-salaire-pour-les-periodes-intercontrat\/\" \/>\n<meta property=\"og:site_name\" content=\"Cabinet Magar\" \/>\n<meta property=\"article:published_time\" content=\"2021-03-03T04:45:00+00:00\" \/>\n<meta property=\"article:modified_time\" content=\"2021-04-01T01:01:23+00:00\" \/>\n<meta property=\"og:image\" content=\"https:\/\/www.cabinet-magar.fr\/wp-content\/uploads\/2021\/04\/salaires5.jpg\" \/>\n\t<meta property=\"og:image:width\" content=\"600\" \/>\n\t<meta property=\"og:image:height\" content=\"400\" \/>\n\t<meta property=\"og:image:type\" content=\"image\/jpeg\" \/>\n<meta name=\"twitter:card\" content=\"summary_large_image\" \/>\n<meta name=\"twitter:label1\" content=\"Gesch\u00e4tzte Lesezeit\" \/>\n\t<meta name=\"twitter:data1\" content=\"1\u00a0Minute\" \/>\n<script type=\"application\/ld+json\" class=\"yoast-schema-graph\">{\"@context\":\"https:\/\/schema.org\",\"@graph\":[{\"@type\":\"Article\",\"@id\":\"https:\/\/www.cabinet-magar.fr\/actualites\/cdd-multiples-un-rappel-de-salaire-pour-les-periodes-intercontrat\/#article\",\"isPartOf\":{\"@id\":\"https:\/\/www.cabinet-magar.fr\/actualites\/cdd-multiples-un-rappel-de-salaire-pour-les-periodes-intercontrat\/\"},\"author\":{\"name\":\"\",\"@id\":\"\"},\"headline\":\"CDD multiples : un rappel de salaire pour les p\u00e9riodes intercontrat ?\",\"datePublished\":\"2021-03-03T04:45:00+00:00\",\"dateModified\":\"2021-04-01T01:01:23+00:00\",\"mainEntityOfPage\":{\"@id\":\"https:\/\/www.cabinet-magar.fr\/actualites\/cdd-multiples-un-rappel-de-salaire-pour-les-periodes-intercontrat\/\"},\"wordCount\":248,\"commentCount\":0,\"image\":{\"@id\":\"https:\/\/www.cabinet-magar.fr\/actualites\/cdd-multiples-un-rappel-de-salaire-pour-les-periodes-intercontrat\/#primaryimage\"},\"thumbnailUrl\":\"https:\/\/www.cabinet-magar.fr\/wp-content\/uploads\/2021\/04\/salaires5.jpg\",\"articleSection\":[\"Actu Sociale\",\"Actualit\u00e9s\"],\"inLanguage\":\"de\",\"potentialAction\":[{\"@type\":\"CommentAction\",\"name\":\"Comment\",\"target\":[\"https:\/\/www.cabinet-magar.fr\/actualites\/cdd-multiples-un-rappel-de-salaire-pour-les-periodes-intercontrat\/#respond\"]}]},{\"@type\":\"WebPage\",\"@id\":\"https:\/\/www.cabinet-magar.fr\/actualites\/cdd-multiples-un-rappel-de-salaire-pour-les-periodes-intercontrat\/\",\"url\":\"https:\/\/www.cabinet-magar.fr\/actualites\/cdd-multiples-un-rappel-de-salaire-pour-les-periodes-intercontrat\/\",\"name\":\"CDD multiples : un rappel de salaire pour les p\u00e9riodes intercontrat ? - Cabinet Magar\",\"isPartOf\":{\"@id\":\"https:\/\/www.cabinet-magar.fr\/#website\"},\"primaryImageOfPage\":{\"@id\":\"https:\/\/www.cabinet-magar.fr\/actualites\/cdd-multiples-un-rappel-de-salaire-pour-les-periodes-intercontrat\/#primaryimage\"},\"image\":{\"@id\":\"https:\/\/www.cabinet-magar.fr\/actualites\/cdd-multiples-un-rappel-de-salaire-pour-les-periodes-intercontrat\/#primaryimage\"},\"thumbnailUrl\":\"https:\/\/www.cabinet-magar.fr\/wp-content\/uploads\/2021\/04\/salaires5.jpg\",\"datePublished\":\"2021-03-03T04:45:00+00:00\",\"dateModified\":\"2021-04-01T01:01:23+00:00\",\"author\":{\"@id\":\"\"},\"breadcrumb\":{\"@id\":\"https:\/\/www.cabinet-magar.fr\/actualites\/cdd-multiples-un-rappel-de-salaire-pour-les-periodes-intercontrat\/#breadcrumb\"},\"inLanguage\":\"de\",\"potentialAction\":[{\"@type\":\"ReadAction\",\"target\":[\"https:\/\/www.cabinet-magar.fr\/actualites\/cdd-multiples-un-rappel-de-salaire-pour-les-periodes-intercontrat\/\"]}]},{\"@type\":\"ImageObject\",\"inLanguage\":\"de\",\"@id\":\"https:\/\/www.cabinet-magar.fr\/actualites\/cdd-multiples-un-rappel-de-salaire-pour-les-periodes-intercontrat\/#primaryimage\",\"url\":\"https:\/\/www.cabinet-magar.fr\/wp-content\/uploads\/2021\/04\/salaires5.jpg\",\"contentUrl\":\"https:\/\/www.cabinet-magar.fr\/wp-content\/uploads\/2021\/04\/salaires5.jpg\",\"width\":600,\"height\":400},{\"@type\":\"BreadcrumbList\",\"@id\":\"https:\/\/www.cabinet-magar.fr\/actualites\/cdd-multiples-un-rappel-de-salaire-pour-les-periodes-intercontrat\/#breadcrumb\",\"itemListElement\":[{\"@type\":\"ListItem\",\"position\":1,\"name\":\"Accueil\",\"item\":\"https:\/\/www.cabinet-magar.fr\/de\/\"},{\"@type\":\"ListItem\",\"position\":2,\"name\":\"CDD multiples : un rappel de salaire pour les p\u00e9riodes intercontrat ?\"}]},{\"@type\":\"WebSite\",\"@id\":\"https:\/\/www.cabinet-magar.fr\/#website\",\"url\":\"https:\/\/www.cabinet-magar.fr\/\",\"name\":\"Cabinet Magar\",\"description\":\"\",\"potentialAction\":[{\"@type\":\"SearchAction\",\"target\":{\"@type\":\"EntryPoint\",\"urlTemplate\":\"https:\/\/www.cabinet-magar.fr\/?s={search_term_string}\"},\"query-input\":{\"@type\":\"PropertyValueSpecification\",\"valueRequired\":true,\"valueName\":\"search_term_string\"}}],\"inLanguage\":\"de\"}]}<\/script>\n<!-- \/ Yoast SEO plugin. -->","yoast_head_json":{"title":"CDD multiples : un rappel de salaire pour les p\u00e9riodes intercontrat ? - Cabinet Magar","robots":{"index":"index","follow":"follow","max-snippet":"max-snippet:-1","max-image-preview":"max-image-preview:large","max-video-preview":"max-video-preview:-1"},"canonical":"https:\/\/www.cabinet-magar.fr\/actualites\/cdd-multiples-un-rappel-de-salaire-pour-les-periodes-intercontrat\/","og_locale":"de_DE","og_type":"article","og_title":"CDD multiples : un rappel de salaire pour les p\u00e9riodes intercontrat ? - Cabinet Magar","og_description":"Apr\u00e8s avoir conclu 380 CDD avec un m\u00eame employeur, un salari\u00e9 obtient la requalification de ces contrats en CDI \u00e0 temps complet. Il demande alors un rappel de salaire au titre des p\u00e9riodes ayant s\u00e9par\u00e9es chacun des contrats (ce que l\u2019on appelle des \u00ab p\u00e9riodes interstitielles \u00bb). Va-t-il l\u2019obtenir ?","og_url":"https:\/\/www.cabinet-magar.fr\/actualites\/cdd-multiples-un-rappel-de-salaire-pour-les-periodes-intercontrat\/","og_site_name":"Cabinet Magar","article_published_time":"2021-03-03T04:45:00+00:00","article_modified_time":"2021-04-01T01:01:23+00:00","og_image":[{"width":600,"height":400,"url":"https:\/\/www.cabinet-magar.fr\/wp-content\/uploads\/2021\/04\/salaires5.jpg","type":"image\/jpeg"}],"twitter_card":"summary_large_image","twitter_misc":{"Gesch\u00e4tzte Lesezeit":"1\u00a0Minute"},"schema":{"@context":"https:\/\/schema.org","@graph":[{"@type":"Article","@id":"https:\/\/www.cabinet-magar.fr\/actualites\/cdd-multiples-un-rappel-de-salaire-pour-les-periodes-intercontrat\/#article","isPartOf":{"@id":"https:\/\/www.cabinet-magar.fr\/actualites\/cdd-multiples-un-rappel-de-salaire-pour-les-periodes-intercontrat\/"},"author":{"name":"","@id":""},"headline":"CDD multiples : un rappel de salaire pour les p\u00e9riodes intercontrat ?","datePublished":"2021-03-03T04:45:00+00:00","dateModified":"2021-04-01T01:01:23+00:00","mainEntityOfPage":{"@id":"https:\/\/www.cabinet-magar.fr\/actualites\/cdd-multiples-un-rappel-de-salaire-pour-les-periodes-intercontrat\/"},"wordCount":248,"commentCount":0,"image":{"@id":"https:\/\/www.cabinet-magar.fr\/actualites\/cdd-multiples-un-rappel-de-salaire-pour-les-periodes-intercontrat\/#primaryimage"},"thumbnailUrl":"https:\/\/www.cabinet-magar.fr\/wp-content\/uploads\/2021\/04\/salaires5.jpg","articleSection":["Actu Sociale","Actualit\u00e9s"],"inLanguage":"de","potentialAction":[{"@type":"CommentAction","name":"Comment","target":["https:\/\/www.cabinet-magar.fr\/actualites\/cdd-multiples-un-rappel-de-salaire-pour-les-periodes-intercontrat\/#respond"]}]},{"@type":"WebPage","@id":"https:\/\/www.cabinet-magar.fr\/actualites\/cdd-multiples-un-rappel-de-salaire-pour-les-periodes-intercontrat\/","url":"https:\/\/www.cabinet-magar.fr\/actualites\/cdd-multiples-un-rappel-de-salaire-pour-les-periodes-intercontrat\/","name":"CDD multiples : un rappel de salaire pour les p\u00e9riodes intercontrat ? - Cabinet Magar","isPartOf":{"@id":"https:\/\/www.cabinet-magar.fr\/#website"},"primaryImageOfPage":{"@id":"https:\/\/www.cabinet-magar.fr\/actualites\/cdd-multiples-un-rappel-de-salaire-pour-les-periodes-intercontrat\/#primaryimage"},"image":{"@id":"https:\/\/www.cabinet-magar.fr\/actualites\/cdd-multiples-un-rappel-de-salaire-pour-les-periodes-intercontrat\/#primaryimage"},"thumbnailUrl":"https:\/\/www.cabinet-magar.fr\/wp-content\/uploads\/2021\/04\/salaires5.jpg","datePublished":"2021-03-03T04:45:00+00:00","dateModified":"2021-04-01T01:01:23+00:00","author":{"@id":""},"breadcrumb":{"@id":"https:\/\/www.cabinet-magar.fr\/actualites\/cdd-multiples-un-rappel-de-salaire-pour-les-periodes-intercontrat\/#breadcrumb"},"inLanguage":"de","potentialAction":[{"@type":"ReadAction","target":["https:\/\/www.cabinet-magar.fr\/actualites\/cdd-multiples-un-rappel-de-salaire-pour-les-periodes-intercontrat\/"]}]},{"@type":"ImageObject","inLanguage":"de","@id":"https:\/\/www.cabinet-magar.fr\/actualites\/cdd-multiples-un-rappel-de-salaire-pour-les-periodes-intercontrat\/#primaryimage","url":"https:\/\/www.cabinet-magar.fr\/wp-content\/uploads\/2021\/04\/salaires5.jpg","contentUrl":"https:\/\/www.cabinet-magar.fr\/wp-content\/uploads\/2021\/04\/salaires5.jpg","width":600,"height":400},{"@type":"BreadcrumbList","@id":"https:\/\/www.cabinet-magar.fr\/actualites\/cdd-multiples-un-rappel-de-salaire-pour-les-periodes-intercontrat\/#breadcrumb","itemListElement":[{"@type":"ListItem","position":1,"name":"Accueil","item":"https:\/\/www.cabinet-magar.fr\/de\/"},{"@type":"ListItem","position":2,"name":"CDD multiples : un rappel de salaire pour les p\u00e9riodes intercontrat ?"}]},{"@type":"WebSite","@id":"https:\/\/www.cabinet-magar.fr\/#website","url":"https:\/\/www.cabinet-magar.fr\/","name":"Cabinet Magar","description":"","potentialAction":[{"@type":"SearchAction","target":{"@type":"EntryPoint","urlTemplate":"https:\/\/www.cabinet-magar.fr\/?s={search_term_string}"},"query-input":{"@type":"PropertyValueSpecification","valueRequired":true,"valueName":"search_term_string"}}],"inLanguage":"de"}]}},"_links":{"self":[{"href":"https:\/\/www.cabinet-magar.fr\/de\/wp-json\/wp\/v2\/posts\/459","targetHints":{"allow":["GET"]}}],"collection":[{"href":"https:\/\/www.cabinet-magar.fr\/de\/wp-json\/wp\/v2\/posts"}],"about":[{"href":"https:\/\/www.cabinet-magar.fr\/de\/wp-json\/wp\/v2\/types\/post"}],"replies":[{"embeddable":true,"href":"https:\/\/www.cabinet-magar.fr\/de\/wp-json\/wp\/v2\/comments?post=459"}],"version-history":[{"count":1,"href":"https:\/\/www.cabinet-magar.fr\/de\/wp-json\/wp\/v2\/posts\/459\/revisions"}],"predecessor-version":[{"id":3510,"href":"https:\/\/www.cabinet-magar.fr\/de\/wp-json\/wp\/v2\/posts\/459\/revisions\/3510"}],"wp:featuredmedia":[{"embeddable":true,"href":"https:\/\/www.cabinet-magar.fr\/de\/wp-json\/wp\/v2\/media\/3511"}],"wp:attachment":[{"href":"https:\/\/www.cabinet-magar.fr\/de\/wp-json\/wp\/v2\/media?parent=459"}],"wp:term":[{"taxonomy":"category","embeddable":true,"href":"https:\/\/www.cabinet-magar.fr\/de\/wp-json\/wp\/v2\/categories?post=459"},{"taxonomy":"post_tag","embeddable":true,"href":"https:\/\/www.cabinet-magar.fr\/de\/wp-json\/wp\/v2\/tags?post=459"}],"curies":[{"name":"wp","href":"https:\/\/api.w.org\/{rel}","templated":true}]}}