{"id":458,"date":"2021-03-03T05:45:00","date_gmt":"2021-03-03T04:45:00","guid":{"rendered":"https:\/\/www.cabinet-magar.fr\/proposition-de-reclassement-un-refus-reellement-abusif\/"},"modified":"2021-04-01T03:01:19","modified_gmt":"2021-04-01T01:01:19","slug":"proposition-de-reclassement-un-refus-reellement-abusif","status":"publish","type":"post","link":"https:\/\/www.cabinet-magar.fr\/de\/actualites\/proposition-de-reclassement-un-refus-reellement-abusif\/","title":{"rendered":"Proposition de reclassement : un refus r\u00e9ellement abusif ?"},"content":{"rendered":"<p >Une entreprise licencie un salari\u00e9 pour inaptitude et impossibilit\u00e9 de reclassement et ne lui verse aucune indemnit\u00e9, ce dernier ayant refus\u00e9 plusieurs offres de reclassement. Sauf que les offres d\u2019emploi propos\u00e9es par l\u2019entreprise entrainaient une modification de son contrat de travail, et que cela change tout, conteste le salari\u00e9\u2026<\/p>\n<div>\n<h2> Reclassement : le poste propos\u00e9 ne doit pas emporter modification du contrat de travail !<\/h2>\n<p>Une entreprise licencie un salari\u00e9 pour inaptitude et impossibilit\u00e9 de reclassement, et ne lui verse aucune indemnit\u00e9 puisqu\u2019il aurait refus\u00e9 des offres de reclassement\u2026 de mani\u00e8re abusive\u2026<\/p>\n<p>Pour information, lorsqu\u2019il est proc\u00e9d\u00e9 \u00e0 un tel licenciement, le salari\u00e9 doit percevoir une indemnit\u00e9 compensatrice (d\u2019un montant \u00e9gal \u00e0 l\u2019indemnit\u00e9 compensatrice de pr\u00e9avis), ainsi qu\u2019une indemnit\u00e9 sp\u00e9ciale de licenciement, au moins \u00e9gale au double de l\u2019indemnit\u00e9 de licenciement.<\/p>\n<p>Toutefois, ces indemnit\u00e9s ne sont pas dues lorsque l&#8217;employeur \u00e9tablit que le refus par le salari\u00e9 du reclassement qui lui est propos\u00e9 est abusif, ce qui se passe ici.<\/p>\n<p>Une situation que le salari\u00e9 conteste : les postes propos\u00e9s auraient entra\u00een\u00e9 une modification importante des fonctions et t\u00e2ches qu\u2019il assurait auparavant, ainsi qu\u2019une baisse de responsabilit\u00e9s non compatible avec son niveau de qualification\u2026 et donc, une modification de son contrat de travail. Tout cela prouve bien qu\u2019il n\u2019y a rien d\u2019abusif dans ses refus !<\/p>\n<p>Sauf que son travail consistait \u00e0 \u00eatre sur la route tous les jours, rappelle l\u2019employeur. Or, le m\u00e9decin du travail a conclu \u00e0 l\u2019impossibilit\u00e9 pour le salari\u00e9 d\u2019occuper un poste n\u00e9cessitant une posture prolong\u00e9e assise, telle que la conduite d\u2019un v\u00e9hicule.<\/p>\n<p>En cons\u00e9quence de quoi, le nouveau poste ne pouvait qu\u2019entrainer une modification importante des fonctions assur\u00e9es par le salari\u00e9 !<\/p>\n<p>Et c\u2019est justement sur ce point qu\u2019insiste le juge : les postes propos\u00e9s par l\u2019entreprise au salari\u00e9 emportant effectivement modification de son contrat de travail, son refus de reclassement n\u2019est pas abusif, et l\u2019entreprise est condamn\u00e9e \u00e0 l\u2019indemniser.<\/p>\n<p>Source : Arr\u00eat de la Cour de Cassation, chambre sociale, du 17 f\u00e9vrier 2021, n\u00b0 19-18456<\/p>\n<p><a href=\"https:\/\/www.weblex.fr\/weblex-actualite\/proposition-de-reclassement-un-refus-reellement-abusif\" rel=\"nofollow noopener\" target=\"_blank\">Proposition de reclassement : \u00ab c\u2019est abus\u00e9 ? \u00bb<\/a> \u00a9 Copyright WebLex &#8211; 2021<\/p>\n<\/div>\n<\/div>\n<p><img src='https:\/\/www.weblex.fr\/images\/flux_actus\/reclassement.jpg'><\/p>\n","protected":false},"excerpt":{"rendered":"<p>Une entreprise licencie un salari\u00e9 pour inaptitude et impossibilit\u00e9 de reclassement et ne lui verse aucune indemnit\u00e9, ce dernier ayant refus\u00e9 plusieurs offres de reclassement. Sauf que les offres d\u2019emploi propos\u00e9es par l\u2019entreprise entrainaient une modification de son contrat de travail, et que cela change tout, conteste le salari\u00e9\u2026<\/p>\n","protected":false},"author":0,"featured_media":3509,"comment_status":"open","ping_status":"closed","sticky":false,"template":"","format":"standard","meta":{"_acf_changed":false,"footnotes":""},"categories":[8,7],"tags":[],"class_list":["post-458","post","type-post","status-publish","format-standard","has-post-thumbnail","hentry","category-actu-sociale","category-actualites"],"acf":[],"yoast_head":"<!-- This site is optimized with the Yoast SEO plugin v27.2 - https:\/\/yoast.com\/product\/yoast-seo-wordpress\/ -->\n<title>Proposition de reclassement : un refus r\u00e9ellement abusif ? - Cabinet Magar<\/title>\n<meta name=\"robots\" content=\"index, follow, max-snippet:-1, max-image-preview:large, max-video-preview:-1\" \/>\n<link rel=\"canonical\" href=\"https:\/\/www.cabinet-magar.fr\/actualites\/proposition-de-reclassement-un-refus-reellement-abusif\/\" \/>\n<meta property=\"og:locale\" content=\"de_DE\" \/>\n<meta property=\"og:type\" content=\"article\" \/>\n<meta property=\"og:title\" content=\"Proposition de reclassement : un refus r\u00e9ellement abusif ? - Cabinet Magar\" \/>\n<meta property=\"og:description\" content=\"Une entreprise licencie un salari\u00e9 pour inaptitude et impossibilit\u00e9 de reclassement et ne lui verse aucune indemnit\u00e9, ce dernier ayant refus\u00e9 plusieurs offres de reclassement. Sauf que les offres d\u2019emploi propos\u00e9es par l\u2019entreprise entrainaient une modification de son contrat de travail, et que cela change tout, conteste le salari\u00e9\u2026\" \/>\n<meta property=\"og:url\" content=\"https:\/\/www.cabinet-magar.fr\/actualites\/proposition-de-reclassement-un-refus-reellement-abusif\/\" \/>\n<meta property=\"og:site_name\" content=\"Cabinet Magar\" \/>\n<meta property=\"article:published_time\" content=\"2021-03-03T04:45:00+00:00\" \/>\n<meta property=\"article:modified_time\" content=\"2021-04-01T01:01:19+00:00\" \/>\n<meta property=\"og:image\" content=\"https:\/\/www.cabinet-magar.fr\/wp-content\/uploads\/2021\/04\/reclassement.jpg\" \/>\n\t<meta property=\"og:image:width\" content=\"600\" \/>\n\t<meta property=\"og:image:height\" content=\"400\" \/>\n\t<meta property=\"og:image:type\" content=\"image\/jpeg\" \/>\n<meta name=\"twitter:card\" content=\"summary_large_image\" \/>\n<meta name=\"twitter:label1\" content=\"Gesch\u00e4tzte Lesezeit\" \/>\n\t<meta name=\"twitter:data1\" content=\"2\u00a0Minuten\" \/>\n<script type=\"application\/ld+json\" class=\"yoast-schema-graph\">{\"@context\":\"https:\/\/schema.org\",\"@graph\":[{\"@type\":\"Article\",\"@id\":\"https:\/\/www.cabinet-magar.fr\/actualites\/proposition-de-reclassement-un-refus-reellement-abusif\/#article\",\"isPartOf\":{\"@id\":\"https:\/\/www.cabinet-magar.fr\/actualites\/proposition-de-reclassement-un-refus-reellement-abusif\/\"},\"author\":{\"name\":\"\",\"@id\":\"\"},\"headline\":\"Proposition de reclassement : un refus r\u00e9ellement abusif ?\",\"datePublished\":\"2021-03-03T04:45:00+00:00\",\"dateModified\":\"2021-04-01T01:01:19+00:00\",\"mainEntityOfPage\":{\"@id\":\"https:\/\/www.cabinet-magar.fr\/actualites\/proposition-de-reclassement-un-refus-reellement-abusif\/\"},\"wordCount\":378,\"commentCount\":0,\"image\":{\"@id\":\"https:\/\/www.cabinet-magar.fr\/actualites\/proposition-de-reclassement-un-refus-reellement-abusif\/#primaryimage\"},\"thumbnailUrl\":\"https:\/\/www.cabinet-magar.fr\/wp-content\/uploads\/2021\/04\/reclassement.jpg\",\"articleSection\":[\"Actu Sociale\",\"Actualit\u00e9s\"],\"inLanguage\":\"de\",\"potentialAction\":[{\"@type\":\"CommentAction\",\"name\":\"Comment\",\"target\":[\"https:\/\/www.cabinet-magar.fr\/actualites\/proposition-de-reclassement-un-refus-reellement-abusif\/#respond\"]}]},{\"@type\":\"WebPage\",\"@id\":\"https:\/\/www.cabinet-magar.fr\/actualites\/proposition-de-reclassement-un-refus-reellement-abusif\/\",\"url\":\"https:\/\/www.cabinet-magar.fr\/actualites\/proposition-de-reclassement-un-refus-reellement-abusif\/\",\"name\":\"Proposition de reclassement : un refus r\u00e9ellement abusif ? - Cabinet Magar\",\"isPartOf\":{\"@id\":\"https:\/\/www.cabinet-magar.fr\/#website\"},\"primaryImageOfPage\":{\"@id\":\"https:\/\/www.cabinet-magar.fr\/actualites\/proposition-de-reclassement-un-refus-reellement-abusif\/#primaryimage\"},\"image\":{\"@id\":\"https:\/\/www.cabinet-magar.fr\/actualites\/proposition-de-reclassement-un-refus-reellement-abusif\/#primaryimage\"},\"thumbnailUrl\":\"https:\/\/www.cabinet-magar.fr\/wp-content\/uploads\/2021\/04\/reclassement.jpg\",\"datePublished\":\"2021-03-03T04:45:00+00:00\",\"dateModified\":\"2021-04-01T01:01:19+00:00\",\"author\":{\"@id\":\"\"},\"breadcrumb\":{\"@id\":\"https:\/\/www.cabinet-magar.fr\/actualites\/proposition-de-reclassement-un-refus-reellement-abusif\/#breadcrumb\"},\"inLanguage\":\"de\",\"potentialAction\":[{\"@type\":\"ReadAction\",\"target\":[\"https:\/\/www.cabinet-magar.fr\/actualites\/proposition-de-reclassement-un-refus-reellement-abusif\/\"]}]},{\"@type\":\"ImageObject\",\"inLanguage\":\"de\",\"@id\":\"https:\/\/www.cabinet-magar.fr\/actualites\/proposition-de-reclassement-un-refus-reellement-abusif\/#primaryimage\",\"url\":\"https:\/\/www.cabinet-magar.fr\/wp-content\/uploads\/2021\/04\/reclassement.jpg\",\"contentUrl\":\"https:\/\/www.cabinet-magar.fr\/wp-content\/uploads\/2021\/04\/reclassement.jpg\",\"width\":600,\"height\":400},{\"@type\":\"BreadcrumbList\",\"@id\":\"https:\/\/www.cabinet-magar.fr\/actualites\/proposition-de-reclassement-un-refus-reellement-abusif\/#breadcrumb\",\"itemListElement\":[{\"@type\":\"ListItem\",\"position\":1,\"name\":\"Accueil\",\"item\":\"https:\/\/www.cabinet-magar.fr\/de\/\"},{\"@type\":\"ListItem\",\"position\":2,\"name\":\"Proposition de reclassement : un refus r\u00e9ellement abusif ?\"}]},{\"@type\":\"WebSite\",\"@id\":\"https:\/\/www.cabinet-magar.fr\/#website\",\"url\":\"https:\/\/www.cabinet-magar.fr\/\",\"name\":\"Cabinet Magar\",\"description\":\"\",\"potentialAction\":[{\"@type\":\"SearchAction\",\"target\":{\"@type\":\"EntryPoint\",\"urlTemplate\":\"https:\/\/www.cabinet-magar.fr\/?s={search_term_string}\"},\"query-input\":{\"@type\":\"PropertyValueSpecification\",\"valueRequired\":true,\"valueName\":\"search_term_string\"}}],\"inLanguage\":\"de\"}]}<\/script>\n<!-- \/ Yoast SEO plugin. -->","yoast_head_json":{"title":"Proposition de reclassement : un refus r\u00e9ellement abusif ? - Cabinet Magar","robots":{"index":"index","follow":"follow","max-snippet":"max-snippet:-1","max-image-preview":"max-image-preview:large","max-video-preview":"max-video-preview:-1"},"canonical":"https:\/\/www.cabinet-magar.fr\/actualites\/proposition-de-reclassement-un-refus-reellement-abusif\/","og_locale":"de_DE","og_type":"article","og_title":"Proposition de reclassement : un refus r\u00e9ellement abusif ? - Cabinet Magar","og_description":"Une entreprise licencie un salari\u00e9 pour inaptitude et impossibilit\u00e9 de reclassement et ne lui verse aucune indemnit\u00e9, ce dernier ayant refus\u00e9 plusieurs offres de reclassement. Sauf que les offres d\u2019emploi propos\u00e9es par l\u2019entreprise entrainaient une modification de son contrat de travail, et que cela change tout, conteste le salari\u00e9\u2026","og_url":"https:\/\/www.cabinet-magar.fr\/actualites\/proposition-de-reclassement-un-refus-reellement-abusif\/","og_site_name":"Cabinet Magar","article_published_time":"2021-03-03T04:45:00+00:00","article_modified_time":"2021-04-01T01:01:19+00:00","og_image":[{"width":600,"height":400,"url":"https:\/\/www.cabinet-magar.fr\/wp-content\/uploads\/2021\/04\/reclassement.jpg","type":"image\/jpeg"}],"twitter_card":"summary_large_image","twitter_misc":{"Gesch\u00e4tzte Lesezeit":"2\u00a0Minuten"},"schema":{"@context":"https:\/\/schema.org","@graph":[{"@type":"Article","@id":"https:\/\/www.cabinet-magar.fr\/actualites\/proposition-de-reclassement-un-refus-reellement-abusif\/#article","isPartOf":{"@id":"https:\/\/www.cabinet-magar.fr\/actualites\/proposition-de-reclassement-un-refus-reellement-abusif\/"},"author":{"name":"","@id":""},"headline":"Proposition de reclassement : un refus r\u00e9ellement abusif ?","datePublished":"2021-03-03T04:45:00+00:00","dateModified":"2021-04-01T01:01:19+00:00","mainEntityOfPage":{"@id":"https:\/\/www.cabinet-magar.fr\/actualites\/proposition-de-reclassement-un-refus-reellement-abusif\/"},"wordCount":378,"commentCount":0,"image":{"@id":"https:\/\/www.cabinet-magar.fr\/actualites\/proposition-de-reclassement-un-refus-reellement-abusif\/#primaryimage"},"thumbnailUrl":"https:\/\/www.cabinet-magar.fr\/wp-content\/uploads\/2021\/04\/reclassement.jpg","articleSection":["Actu Sociale","Actualit\u00e9s"],"inLanguage":"de","potentialAction":[{"@type":"CommentAction","name":"Comment","target":["https:\/\/www.cabinet-magar.fr\/actualites\/proposition-de-reclassement-un-refus-reellement-abusif\/#respond"]}]},{"@type":"WebPage","@id":"https:\/\/www.cabinet-magar.fr\/actualites\/proposition-de-reclassement-un-refus-reellement-abusif\/","url":"https:\/\/www.cabinet-magar.fr\/actualites\/proposition-de-reclassement-un-refus-reellement-abusif\/","name":"Proposition de reclassement : un refus r\u00e9ellement abusif ? - Cabinet Magar","isPartOf":{"@id":"https:\/\/www.cabinet-magar.fr\/#website"},"primaryImageOfPage":{"@id":"https:\/\/www.cabinet-magar.fr\/actualites\/proposition-de-reclassement-un-refus-reellement-abusif\/#primaryimage"},"image":{"@id":"https:\/\/www.cabinet-magar.fr\/actualites\/proposition-de-reclassement-un-refus-reellement-abusif\/#primaryimage"},"thumbnailUrl":"https:\/\/www.cabinet-magar.fr\/wp-content\/uploads\/2021\/04\/reclassement.jpg","datePublished":"2021-03-03T04:45:00+00:00","dateModified":"2021-04-01T01:01:19+00:00","author":{"@id":""},"breadcrumb":{"@id":"https:\/\/www.cabinet-magar.fr\/actualites\/proposition-de-reclassement-un-refus-reellement-abusif\/#breadcrumb"},"inLanguage":"de","potentialAction":[{"@type":"ReadAction","target":["https:\/\/www.cabinet-magar.fr\/actualites\/proposition-de-reclassement-un-refus-reellement-abusif\/"]}]},{"@type":"ImageObject","inLanguage":"de","@id":"https:\/\/www.cabinet-magar.fr\/actualites\/proposition-de-reclassement-un-refus-reellement-abusif\/#primaryimage","url":"https:\/\/www.cabinet-magar.fr\/wp-content\/uploads\/2021\/04\/reclassement.jpg","contentUrl":"https:\/\/www.cabinet-magar.fr\/wp-content\/uploads\/2021\/04\/reclassement.jpg","width":600,"height":400},{"@type":"BreadcrumbList","@id":"https:\/\/www.cabinet-magar.fr\/actualites\/proposition-de-reclassement-un-refus-reellement-abusif\/#breadcrumb","itemListElement":[{"@type":"ListItem","position":1,"name":"Accueil","item":"https:\/\/www.cabinet-magar.fr\/de\/"},{"@type":"ListItem","position":2,"name":"Proposition de reclassement : un refus r\u00e9ellement abusif ?"}]},{"@type":"WebSite","@id":"https:\/\/www.cabinet-magar.fr\/#website","url":"https:\/\/www.cabinet-magar.fr\/","name":"Cabinet Magar","description":"","potentialAction":[{"@type":"SearchAction","target":{"@type":"EntryPoint","urlTemplate":"https:\/\/www.cabinet-magar.fr\/?s={search_term_string}"},"query-input":{"@type":"PropertyValueSpecification","valueRequired":true,"valueName":"search_term_string"}}],"inLanguage":"de"}]}},"_links":{"self":[{"href":"https:\/\/www.cabinet-magar.fr\/de\/wp-json\/wp\/v2\/posts\/458","targetHints":{"allow":["GET"]}}],"collection":[{"href":"https:\/\/www.cabinet-magar.fr\/de\/wp-json\/wp\/v2\/posts"}],"about":[{"href":"https:\/\/www.cabinet-magar.fr\/de\/wp-json\/wp\/v2\/types\/post"}],"replies":[{"embeddable":true,"href":"https:\/\/www.cabinet-magar.fr\/de\/wp-json\/wp\/v2\/comments?post=458"}],"version-history":[{"count":1,"href":"https:\/\/www.cabinet-magar.fr\/de\/wp-json\/wp\/v2\/posts\/458\/revisions"}],"predecessor-version":[{"id":3508,"href":"https:\/\/www.cabinet-magar.fr\/de\/wp-json\/wp\/v2\/posts\/458\/revisions\/3508"}],"wp:featuredmedia":[{"embeddable":true,"href":"https:\/\/www.cabinet-magar.fr\/de\/wp-json\/wp\/v2\/media\/3509"}],"wp:attachment":[{"href":"https:\/\/www.cabinet-magar.fr\/de\/wp-json\/wp\/v2\/media?parent=458"}],"wp:term":[{"taxonomy":"category","embeddable":true,"href":"https:\/\/www.cabinet-magar.fr\/de\/wp-json\/wp\/v2\/categories?post=458"},{"taxonomy":"post_tag","embeddable":true,"href":"https:\/\/www.cabinet-magar.fr\/de\/wp-json\/wp\/v2\/tags?post=458"}],"curies":[{"name":"wp","href":"https:\/\/api.w.org\/{rel}","templated":true}]}}